{"id":2458,"date":"2026-03-11T14:08:18","date_gmt":"2026-03-11T13:08:18","guid":{"rendered":"https:\/\/www.abf.se\/halland\/?post_type=news-article&#038;p=2458"},"modified":"2026-03-11T14:08:19","modified_gmt":"2026-03-11T13:08:19","slug":"nyhet-jazzkurs-2026","status":"publish","type":"news-article","link":"https:\/\/www.abf.se\/halland\/nyheter\/nyhet-jazzkurs-2026\/","title":{"rendered":"Nyhet Jazzkurs 2026"},"content":{"rendered":"<div\n    class=\"acf-article-text-block article-container my-12\"\n    data-block=\"article-text-block\"\n>\n    <div class=\"wysiwyg\">\n        <h3>Kursen riktar sig till Dig som vill:<\/h3>\n<p>Tillbringa en sk\u00f6n sommarvecka med massor av musik, god mat och ett utm\u00e4rkt boende. H\u00e4r f\u00e5r du m\u00f6jligheter att utveckla dina kunskaper inom jazzimprovisation, fr\u00e4mst i grupp men \u00e4ven individuellt, f\u00e5 nya intryck och inspiration genom att spela tillsammans med n\u00e5gra av landets fr\u00e4msta jazzmusiker, knyta nya kontakter mm. Kursen v\u00e4nder sig till alla niv\u00e5er, erfarenheter och \u00e5ldrar. Enda f\u00f6rkunskapskravet \u00e4r att du ska kunna ditt instrument. Kursen \u00e4r \u00e4ven l\u00e4mplig som fortbildning f\u00f6r musikl\u00e4rare och f\u00f6r dig som t\u00e4nkt s\u00f6ka musikutbildning.<\/p>\n<h3>De flesta dagarna ser ut ungef\u00e4r s\u00e5 h\u00e4r:<\/h3>\n<ul>\n<li>kl. 08-10 Frukost<\/li>\n<li>kl. 10 \u00e4r det Clinic<\/li>\n<li>kl. 11-12 gruppspel som forts\u00e4tter efter lunch till kl. 15.<\/li>\n<li>D\u00e4refter fika och 1,5 tim instrumentalundervisning och sedan middag<\/li>\n<li>Sedan ses alla igen kl. 20 med uppspel och kv\u00e4llsfika<\/li>\n<\/ul>\n<p>&nbsp;<\/p>\n\n    <\/div>\n<\/div>\n<div\n    class=\"acf-article-cta-link-block article-container my-8\"\n    data-block=\"article-cta-link-block\"\n>\n<div>\n    <a class=\"inline-flex flex-row items-center gap-4 text-link underline text-red-dark\"\n        href=\"https:\/\/www.abf.se\/wp-content\/uploads\/sites\/23\/2026\/03\/Jazzkurs-2026-broschyr.pdf\"\n                target=\"_blank\"\n            >\n        <span class=\"\">\n        L\u00e5ter det intressant titta igenom broschyren\n        <\/span>\n        <figure aria-hidden=\"true\" class=\"rounded-full bg-red-dark w-8 h-8 p-1 text-white\">\n            <svg width=\"20\" height=\"20\" viewBox=\"0 0 20 20\" fill=\"none\" class=\"SvgIconElement\">\n<path d=\"M4.16659 10L15.8333 10\" stroke=\"currentColor\"\/>\n<path d=\"M9.99992 4.1665L15.8333 9.99984L9.99992 15.8332\" stroke=\"currentColor\"\/>\n<\/svg>\n        <\/figure>\n    <\/a>\n<\/div>\n<\/div>\n<div\n    class=\"acf-article-text-block article-container my-12\"\n    data-block=\"article-text-block\"\n>\n    <div class=\"wysiwyg\">\n        <h2>Fr\u00e5gor &amp; anm\u00e4lan:<\/h2>\n<h3>Sista anm\u00e4lningsdag 31 maj!<\/h3>\n<p>Du anm\u00e4ler dig enklast genom att fylla i intresseanm\u00e4lan p\u00e5 v\u00e5r<br \/>\nhemsida: jazzkurs.com men du kan f\u00f6rst\u00e5s \u00e4ven skicka dina uppgifter<br \/>\nmed mail eller vanlig post. Se adress sista sidan.<\/p>\n<h3>Anders Carlsson-Lennstr\u00f6m &#8211; kursledare<\/h3>\n<ul>\n<li>Falckens V\u00e4g 6<br \/>\n302 34 Halmstad<\/li>\n<li>tel. 070-563 54 34<\/li>\n<li>epost: anderscarlssonlennstrom@gmail.com<\/li>\n<li>Hemsida: jazzkurs.com<\/li>\n<li><a href=\"http:\/\/jazzkurs.com\/?page_id=25\">Intresseanm\u00e4lan p\u00e5 v\u00e5r hemsida: jazzkurs.com<\/a><\/li>\n<\/ul>\n<p>&nbsp;<\/p>\n<h3>Undrar ni vart det ligger? S\u00e5 anv\u00e4nd l\u00e4nken nedan s\u00e5 hittar ni det p\u00e5 Google-Maps<\/h3>\n\n    <\/div>\n<\/div>\n<div\n    class=\"acf-article-cta-link-block article-container my-8\"\n    data-block=\"article-cta-link-block\"\n>\n<div>\n    <a class=\"inline-flex flex-row items-center gap-4 text-link underline text-red-dark\"\n        href=\"https:\/\/www.google.com\/maps\/place\/DALSG%C3%85RD+114,+311+65+Vessigebro\/@56.972285,12.6430644,16z\/data=!4m6!3m5!1s0x4651cae49489e803:0xa634e0be4e6b7c87!8m2!3d56.9724166!4d12.6407684!16s%2Fg%2F11c5l_0bjv?hl=sv&amp;entry=ttu&amp;g_ep=EgoyMDI2MDMwMS4xIKXMDSoASAFQAw%3D%3D\"\n            >\n        <span class=\"\">\n        Katrineberg, Vessigebro, Falkenberg- Google-Maps\n        <\/span>\n        <figure aria-hidden=\"true\" class=\"rounded-full bg-red-dark w-8 h-8 p-1 text-white\">\n            <svg width=\"20\" height=\"20\" viewBox=\"0 0 20 20\" fill=\"none\" class=\"SvgIconElement\">\n<path d=\"M4.16659 10L15.8333 10\" stroke=\"currentColor\"\/>\n<path d=\"M9.99992 4.1665L15.8333 9.99984L9.99992 15.8332\" stroke=\"currentColor\"\/>\n<\/svg>\n        <\/figure>\n    <\/a>\n<\/div>\n<\/div>\n","protected":false},"featured_media":0,"parent":0,"menu_order":0,"template":"","categories":[],"class_list":["post-2458","news-article","type-news-article","status-publish","hentry"],"acf":[],"yoast_head":"<!-- This site is optimized with the Yoast SEO plugin v27.0 - https:\/\/yoast.com\/product\/yoast-seo-wordpress\/ -->\n<title>Nyhet Jazzkurs 2026 - Halland<\/title>\n<meta name=\"description\" content=\"Nu g\u00e5r det bra att anm\u00e4la sig till jazzkurs 2026. Datum 29 juni \u2013 4 juli. Kursen \u00e4r f\u00f6rlagd till Katrinebergs Folkh\u00f6gskola, Vessigebro.\" \/>\n<meta name=\"robots\" content=\"index, follow, max-snippet:-1, max-image-preview:large, max-video-preview:-1\" \/>\n<link rel=\"canonical\" href=\"https:\/\/www.abf.se\/halland\/nyheter\/nyhet-jazzkurs-2026\/\" \/>\n<meta property=\"og:locale\" content=\"sv_SE\" \/>\n<meta property=\"og:type\" content=\"article\" \/>\n<meta property=\"og:title\" content=\"Nyhet Jazzkurs 2026 - Halland\" \/>\n<meta property=\"og:description\" content=\"Nu g\u00e5r det bra att anm\u00e4la sig till jazzkurs 2026. Datum 29 juni \u2013 4 juli. Kursen \u00e4r f\u00f6rlagd till Katrinebergs Folkh\u00f6gskola, Vessigebro.\" \/>\n<meta property=\"og:url\" content=\"https:\/\/www.abf.se\/halland\/nyheter\/nyhet-jazzkurs-2026\/\" \/>\n<meta property=\"og:site_name\" content=\"Halland\" \/>\n<meta property=\"article:modified_time\" content=\"2026-03-11T13:08:19+00:00\" \/>\n<meta property=\"og:image\" content=\"https:\/\/www.abf.se\/wp-content\/uploads\/sites\/23\/2024\/04\/Nyckeln-liggande-scaled.jpg\" \/>\n\t<meta property=\"og:image:width\" content=\"2560\" \/>\n\t<meta property=\"og:image:height\" content=\"1440\" \/>\n\t<meta property=\"og:image:type\" content=\"image\/jpeg\" \/>\n<meta name=\"twitter:card\" content=\"summary_large_image\" \/>\n<script type=\"application\/ld+json\" class=\"yoast-schema-graph\">{\"@context\":\"https:\/\/schema.org\",\"@graph\":[{\"@type\":\"WebPage\",\"@id\":\"https:\/\/www.abf.se\/halland\/nyheter\/nyhet-jazzkurs-2026\/\",\"url\":\"https:\/\/www.abf.se\/halland\/nyheter\/nyhet-jazzkurs-2026\/\",\"name\":\"Nyhet Jazzkurs 2026 - Halland\",\"isPartOf\":{\"@id\":\"https:\/\/www.abf.se\/halland\/#website\"},\"datePublished\":\"2026-03-11T13:08:18+00:00\",\"dateModified\":\"2026-03-11T13:08:19+00:00\",\"description\":\"Nu g\u00e5r det bra att anm\u00e4la sig till jazzkurs 2026. Datum 29 juni \u2013 4 juli. Kursen \u00e4r f\u00f6rlagd till Katrinebergs Folkh\u00f6gskola, Vessigebro.\",\"breadcrumb\":{\"@id\":\"https:\/\/www.abf.se\/halland\/nyheter\/nyhet-jazzkurs-2026\/#breadcrumb\"},\"inLanguage\":\"sv-SE\",\"potentialAction\":[{\"@type\":\"ReadAction\",\"target\":[\"https:\/\/www.abf.se\/halland\/nyheter\/nyhet-jazzkurs-2026\/\"]}]},{\"@type\":\"BreadcrumbList\",\"@id\":\"https:\/\/www.abf.se\/halland\/nyheter\/nyhet-jazzkurs-2026\/#breadcrumb\",\"itemListElement\":[{\"@type\":\"ListItem\",\"position\":1,\"name\":\"Home\",\"item\":\"https:\/\/www.abf.se\/halland\/\"},{\"@type\":\"ListItem\",\"position\":2,\"name\":\"Nyheter\",\"item\":\"https:\/\/www.abf.se\/halland\/nyheter\/\"},{\"@type\":\"ListItem\",\"position\":3,\"name\":\"Nyhet Jazzkurs 2026\"}]},{\"@type\":\"WebSite\",\"@id\":\"https:\/\/www.abf.se\/halland\/#website\",\"url\":\"https:\/\/www.abf.se\/halland\/\",\"name\":\"Halland\",\"description\":\"\",\"potentialAction\":[{\"@type\":\"SearchAction\",\"target\":{\"@type\":\"EntryPoint\",\"urlTemplate\":\"https:\/\/www.abf.se\/halland\/?s={search_term_string}\"},\"query-input\":{\"@type\":\"PropertyValueSpecification\",\"valueRequired\":true,\"valueName\":\"search_term_string\"}}],\"inLanguage\":\"sv-SE\"}]}<\/script>\n<!-- \/ Yoast SEO plugin. -->","yoast_head_json":{"title":"Nyhet Jazzkurs 2026 - Halland","description":"Nu g\u00e5r det bra att anm\u00e4la sig till jazzkurs 2026. Datum 29 juni \u2013 4 juli. Kursen \u00e4r f\u00f6rlagd till Katrinebergs Folkh\u00f6gskola, Vessigebro.","robots":{"index":"index","follow":"follow","max-snippet":"max-snippet:-1","max-image-preview":"max-image-preview:large","max-video-preview":"max-video-preview:-1"},"canonical":"https:\/\/www.abf.se\/halland\/nyheter\/nyhet-jazzkurs-2026\/","og_locale":"sv_SE","og_type":"article","og_title":"Nyhet Jazzkurs 2026 - Halland","og_description":"Nu g\u00e5r det bra att anm\u00e4la sig till jazzkurs 2026. Datum 29 juni \u2013 4 juli. Kursen \u00e4r f\u00f6rlagd till Katrinebergs Folkh\u00f6gskola, Vessigebro.","og_url":"https:\/\/www.abf.se\/halland\/nyheter\/nyhet-jazzkurs-2026\/","og_site_name":"Halland","article_modified_time":"2026-03-11T13:08:19+00:00","og_image":[{"width":2560,"height":1440,"url":"https:\/\/www.abf.se\/wp-content\/uploads\/sites\/23\/2024\/04\/Nyckeln-liggande-scaled.jpg","type":"image\/jpeg"}],"twitter_card":"summary_large_image","schema":{"@context":"https:\/\/schema.org","@graph":[{"@type":"WebPage","@id":"https:\/\/www.abf.se\/halland\/nyheter\/nyhet-jazzkurs-2026\/","url":"https:\/\/www.abf.se\/halland\/nyheter\/nyhet-jazzkurs-2026\/","name":"Nyhet Jazzkurs 2026 - Halland","isPartOf":{"@id":"https:\/\/www.abf.se\/halland\/#website"},"datePublished":"2026-03-11T13:08:18+00:00","dateModified":"2026-03-11T13:08:19+00:00","description":"Nu g\u00e5r det bra att anm\u00e4la sig till jazzkurs 2026. Datum 29 juni \u2013 4 juli. Kursen \u00e4r f\u00f6rlagd till Katrinebergs Folkh\u00f6gskola, Vessigebro.","breadcrumb":{"@id":"https:\/\/www.abf.se\/halland\/nyheter\/nyhet-jazzkurs-2026\/#breadcrumb"},"inLanguage":"sv-SE","potentialAction":[{"@type":"ReadAction","target":["https:\/\/www.abf.se\/halland\/nyheter\/nyhet-jazzkurs-2026\/"]}]},{"@type":"BreadcrumbList","@id":"https:\/\/www.abf.se\/halland\/nyheter\/nyhet-jazzkurs-2026\/#breadcrumb","itemListElement":[{"@type":"ListItem","position":1,"name":"Home","item":"https:\/\/www.abf.se\/halland\/"},{"@type":"ListItem","position":2,"name":"Nyheter","item":"https:\/\/www.abf.se\/halland\/nyheter\/"},{"@type":"ListItem","position":3,"name":"Nyhet Jazzkurs 2026"}]},{"@type":"WebSite","@id":"https:\/\/www.abf.se\/halland\/#website","url":"https:\/\/www.abf.se\/halland\/","name":"Halland","description":"","potentialAction":[{"@type":"SearchAction","target":{"@type":"EntryPoint","urlTemplate":"https:\/\/www.abf.se\/halland\/?s={search_term_string}"},"query-input":{"@type":"PropertyValueSpecification","valueRequired":true,"valueName":"search_term_string"}}],"inLanguage":"sv-SE"}]}},"_links":{"self":[{"href":"https:\/\/www.abf.se\/halland\/wp-json\/wp\/v2\/news-article\/2458","targetHints":{"allow":["GET"]}}],"collection":[{"href":"https:\/\/www.abf.se\/halland\/wp-json\/wp\/v2\/news-article"}],"about":[{"href":"https:\/\/www.abf.se\/halland\/wp-json\/wp\/v2\/types\/news-article"}],"wp:attachment":[{"href":"https:\/\/www.abf.se\/halland\/wp-json\/wp\/v2\/media?parent=2458"}],"wp:term":[{"taxonomy":"category","embeddable":true,"href":"https:\/\/www.abf.se\/halland\/wp-json\/wp\/v2\/categories?post=2458"}],"curies":[{"name":"wp","href":"https:\/\/api.w.org\/{rel}","templated":true}]}}