{"id":1007,"date":"2025-05-20T11:53:46","date_gmt":"2025-05-20T09:53:46","guid":{"rendered":"https:\/\/www.abf.se\/jamtland-harjedalen\/?post_type=news-article&#038;p=1007"},"modified":"2025-05-20T11:54:30","modified_gmt":"2025-05-20T09:54:30","slug":"varldens-storsta-hasse-tage-museum","status":"publish","type":"news-article","link":"https:\/\/www.abf.se\/jamtland-harjedalen\/nyheter\/varldens-storsta-hasse-tage-museum\/","title":{"rendered":"V\u00e4rldens st\u00f6rsta Hasse o Tage museum"},"content":{"rendered":"<div\n    class=\"acf-article-image-block mb-12 article-container-lg\"\n    data-block=\"article-image-block\"\n>\n<div class=\"\">\n\n        <figure>\n        \n            <picture class=\"round-corners-lg w-full\"><img decoding=\"async\" src=\"https:\/\/www.abf.se\/jamtland-harjedalen\/resized\/?url=https%3A%2F%2Fwww.abf.se%2Fwp-content%2Fuploads%2Fsites%2F30%2F2025%2F05%2F497702116_10161030994080636_5195846412631758533_n.jpg&#038;fit=contain&#038;w=788&#038;s=8131ab9e781bda60e9c7cb1bdba62038\" srcset=\"https:\/\/www.abf.se\/jamtland-harjedalen\/resized\/?url=https%3A%2F%2Fwww.abf.se%2Fwp-content%2Fuploads%2Fsites%2F30%2F2025%2F05%2F497702116_10161030994080636_5195846412631758533_n.jpg&#038;fit=contain&#038;w=375&#038;h=577&#038;s=998e7e38dbf02ba0653fc3719caa1985 375w, https:\/\/www.abf.se\/jamtland-harjedalen\/resized\/?url=https%3A%2F%2Fwww.abf.se%2Fwp-content%2Fuploads%2Fsites%2F30%2F2025%2F05%2F497702116_10161030994080636_5195846412631758533_n.jpg&#038;fit=contain&#038;w=447&#038;h=688&#038;s=ba8bfa02fa3e895c8fdecafa3570362d 447w, https:\/\/www.abf.se\/jamtland-harjedalen\/resized\/?url=https%3A%2F%2Fwww.abf.se%2Fwp-content%2Fuploads%2Fsites%2F30%2F2025%2F05%2F497702116_10161030994080636_5195846412631758533_n.jpg&#038;fit=contain&#038;w=519&#038;h=799&#038;s=acbf2bb0ad19e1551c33dcd81ca606ba 519w, https:\/\/www.abf.se\/jamtland-harjedalen\/resized\/?url=https%3A%2F%2Fwww.abf.se%2Fwp-content%2Fuploads%2Fsites%2F30%2F2025%2F05%2F497702116_10161030994080636_5195846412631758533_n.jpg&#038;fit=contain&#038;w=591&#038;h=910&#038;s=366123a73840a2299eed40f15c1c5fb6 591w, https:\/\/www.abf.se\/jamtland-harjedalen\/resized\/?url=https%3A%2F%2Fwww.abf.se%2Fwp-content%2Fuploads%2Fsites%2F30%2F2025%2F05%2F497702116_10161030994080636_5195846412631758533_n.jpg&#038;fit=contain&#038;w=663&#038;h=1021&#038;s=57b1408a8c8a424da94f7d350358fb12 663w, https:\/\/www.abf.se\/jamtland-harjedalen\/resized\/?url=https%3A%2F%2Fwww.abf.se%2Fwp-content%2Fuploads%2Fsites%2F30%2F2025%2F05%2F497702116_10161030994080636_5195846412631758533_n.jpg&#038;fit=contain&#038;w=735&#038;h=1132&#038;s=8277c04d5f05f1c671b6371f074ecdad 735w, https:\/\/www.abf.se\/jamtland-harjedalen\/resized\/?url=https%3A%2F%2Fwww.abf.se%2Fwp-content%2Fuploads%2Fsites%2F30%2F2025%2F05%2F497702116_10161030994080636_5195846412631758533_n.jpg&#038;fit=contain&#038;w=750&#038;h=1155&#038;s=acdbffd403c95e1e1c30c40df2cf28af 750w, https:\/\/www.abf.se\/jamtland-harjedalen\/resized\/?url=https%3A%2F%2Fwww.abf.se%2Fwp-content%2Fuploads%2Fsites%2F30%2F2025%2F05%2F497702116_10161030994080636_5195846412631758533_n.jpg&#038;fit=contain&#038;w=788&#038;s=8131ab9e781bda60e9c7cb1bdba62038 788w, https:\/\/www.abf.se\/jamtland-harjedalen\/resized\/?url=https%3A%2F%2Fwww.abf.se%2Fwp-content%2Fuploads%2Fsites%2F30%2F2025%2F05%2F497702116_10161030994080636_5195846412631758533_n.jpg&#038;fit=contain&#038;w=894&#038;h=1377&#038;s=1b20a8c8e2a9a4e07b68f89f92c95893 894w, https:\/\/www.abf.se\/jamtland-harjedalen\/resized\/?url=https%3A%2F%2Fwww.abf.se%2Fwp-content%2Fuploads%2Fsites%2F30%2F2025%2F05%2F497702116_10161030994080636_5195846412631758533_n.jpg&#038;fit=contain&#038;w=1038&#038;h=1599&#038;s=6f01e81577f37fc47a9bc696dc6ddb72 1038w, https:\/\/www.abf.se\/jamtland-harjedalen\/resized\/?url=https%3A%2F%2Fwww.abf.se%2Fwp-content%2Fuploads%2Fsites%2F30%2F2025%2F05%2F497702116_10161030994080636_5195846412631758533_n.jpg&#038;fit=contain&#038;w=1182&#038;h=1820&#038;s=3d4a1176a2f074ff8fe5f237c825081e 1182w, https:\/\/www.abf.se\/jamtland-harjedalen\/resized\/?url=https%3A%2F%2Fwww.abf.se%2Fwp-content%2Fuploads%2Fsites%2F30%2F2025%2F05%2F497702116_10161030994080636_5195846412631758533_n.jpg&#038;fit=contain&#038;w=1326&#038;h=2042&#038;s=7ca1fb6269389b42599f3991ed66171a 1326w, https:\/\/www.abf.se\/jamtland-harjedalen\/resized\/?url=https%3A%2F%2Fwww.abf.se%2Fwp-content%2Fuploads%2Fsites%2F30%2F2025%2F05%2F497702116_10161030994080636_5195846412631758533_n.jpg&#038;fit=contain&#038;w=1470&#038;h=2264&#038;s=8d17fdaf604fe4b0f5c21c2421a0fb4e 1470w\" alt=\"\" height=\"1214\" width=\"788\" sizes=\"auto, (max-width: 768px) calc(100vw - 40px), 788px\" loading=\"lazy\" fetchpriority=\"low\" class=\"round-corners-lg w-full\" \/><\/picture>\n                        <\/figure>\n        <\/div>\n\n<\/div>\n","protected":false},"featured_media":0,"parent":0,"menu_order":0,"template":"","categories":[],"class_list":["post-1007","news-article","type-news-article","status-publish","hentry"],"acf":[],"yoast_head":"<!-- This site is optimized with the Yoast SEO plugin v27.0 - https:\/\/yoast.com\/product\/yoast-seo-wordpress\/ -->\n<title>V\u00e4rldens st\u00f6rsta Hasse o Tage museum - J\u00e4mtland H\u00e4rjedalen<\/title>\n<meta name=\"description\" content=\"Folkets Hus och Parker har i samarbete med Hasse &amp; Tage museet i Tommelilla presenterar &quot;Hasse och Tagemuseum p\u00e5 turn\u00e9!\" \/>\n<meta name=\"robots\" content=\"index, follow, max-snippet:-1, max-image-preview:large, max-video-preview:-1\" \/>\n<link rel=\"canonical\" href=\"https:\/\/www.abf.se\/jamtland-harjedalen\/nyheter\/varldens-storsta-hasse-tage-museum\/\" \/>\n<meta property=\"og:locale\" content=\"sv_SE\" \/>\n<meta property=\"og:type\" content=\"article\" \/>\n<meta property=\"og:title\" content=\"V\u00e4rldens st\u00f6rsta Hasse o Tage museum - J\u00e4mtland H\u00e4rjedalen\" \/>\n<meta property=\"og:description\" content=\"Folkets Hus och Parker har i samarbete med Hasse &amp; Tage museet i Tommelilla presenterar &quot;Hasse och Tagemuseum p\u00e5 turn\u00e9!\" \/>\n<meta property=\"og:url\" content=\"https:\/\/www.abf.se\/jamtland-harjedalen\/nyheter\/varldens-storsta-hasse-tage-museum\/\" \/>\n<meta property=\"og:site_name\" content=\"J\u00e4mtland H\u00e4rjedalen\" \/>\n<meta property=\"article:modified_time\" content=\"2025-05-20T09:54:30+00:00\" \/>\n<meta property=\"og:image\" content=\"https:\/\/www.abf.se\/wp-content\/uploads\/sites\/30\/2024\/04\/Nyckeln-liggande-scaled.jpg\" \/>\n\t<meta property=\"og:image:width\" content=\"2560\" \/>\n\t<meta property=\"og:image:height\" content=\"1440\" \/>\n\t<meta property=\"og:image:type\" content=\"image\/jpeg\" \/>\n<meta name=\"twitter:card\" content=\"summary_large_image\" \/>\n<script type=\"application\/ld+json\" class=\"yoast-schema-graph\">{\"@context\":\"https:\/\/schema.org\",\"@graph\":[{\"@type\":\"WebPage\",\"@id\":\"https:\/\/www.abf.se\/jamtland-harjedalen\/nyheter\/varldens-storsta-hasse-tage-museum\/\",\"url\":\"https:\/\/www.abf.se\/jamtland-harjedalen\/nyheter\/varldens-storsta-hasse-tage-museum\/\",\"name\":\"V\u00e4rldens st\u00f6rsta Hasse o Tage museum - J\u00e4mtland H\u00e4rjedalen\",\"isPartOf\":{\"@id\":\"https:\/\/www.abf.se\/jamtland-harjedalen\/#website\"},\"datePublished\":\"2025-05-20T09:53:46+00:00\",\"dateModified\":\"2025-05-20T09:54:30+00:00\",\"description\":\"Folkets Hus och Parker har i samarbete med Hasse & Tage museet i Tommelilla presenterar \\\"Hasse och Tagemuseum p\u00e5 turn\u00e9!\",\"breadcrumb\":{\"@id\":\"https:\/\/www.abf.se\/jamtland-harjedalen\/nyheter\/varldens-storsta-hasse-tage-museum\/#breadcrumb\"},\"inLanguage\":\"sv-SE\",\"potentialAction\":[{\"@type\":\"ReadAction\",\"target\":[\"https:\/\/www.abf.se\/jamtland-harjedalen\/nyheter\/varldens-storsta-hasse-tage-museum\/\"]}]},{\"@type\":\"BreadcrumbList\",\"@id\":\"https:\/\/www.abf.se\/jamtland-harjedalen\/nyheter\/varldens-storsta-hasse-tage-museum\/#breadcrumb\",\"itemListElement\":[{\"@type\":\"ListItem\",\"position\":1,\"name\":\"Home\",\"item\":\"https:\/\/www.abf.se\/jamtland-harjedalen\/\"},{\"@type\":\"ListItem\",\"position\":2,\"name\":\"Nyheter\",\"item\":\"https:\/\/www.abf.se\/jamtland-harjedalen\/nyheter\/\"},{\"@type\":\"ListItem\",\"position\":3,\"name\":\"V\u00e4rldens st\u00f6rsta Hasse o Tage museum\"}]},{\"@type\":\"WebSite\",\"@id\":\"https:\/\/www.abf.se\/jamtland-harjedalen\/#website\",\"url\":\"https:\/\/www.abf.se\/jamtland-harjedalen\/\",\"name\":\"J\u00e4mtland H\u00e4rjedalen\",\"description\":\"\",\"potentialAction\":[{\"@type\":\"SearchAction\",\"target\":{\"@type\":\"EntryPoint\",\"urlTemplate\":\"https:\/\/www.abf.se\/jamtland-harjedalen\/?s={search_term_string}\"},\"query-input\":{\"@type\":\"PropertyValueSpecification\",\"valueRequired\":true,\"valueName\":\"search_term_string\"}}],\"inLanguage\":\"sv-SE\"}]}<\/script>\n<!-- \/ Yoast SEO plugin. -->","yoast_head_json":{"title":"V\u00e4rldens st\u00f6rsta Hasse o Tage museum - J\u00e4mtland H\u00e4rjedalen","description":"Folkets Hus och Parker har i samarbete med Hasse & Tage museet i Tommelilla presenterar \"Hasse och Tagemuseum p\u00e5 turn\u00e9!","robots":{"index":"index","follow":"follow","max-snippet":"max-snippet:-1","max-image-preview":"max-image-preview:large","max-video-preview":"max-video-preview:-1"},"canonical":"https:\/\/www.abf.se\/jamtland-harjedalen\/nyheter\/varldens-storsta-hasse-tage-museum\/","og_locale":"sv_SE","og_type":"article","og_title":"V\u00e4rldens st\u00f6rsta Hasse o Tage museum - J\u00e4mtland H\u00e4rjedalen","og_description":"Folkets Hus och Parker har i samarbete med Hasse & Tage museet i Tommelilla presenterar \"Hasse och Tagemuseum p\u00e5 turn\u00e9!","og_url":"https:\/\/www.abf.se\/jamtland-harjedalen\/nyheter\/varldens-storsta-hasse-tage-museum\/","og_site_name":"J\u00e4mtland H\u00e4rjedalen","article_modified_time":"2025-05-20T09:54:30+00:00","og_image":[{"width":2560,"height":1440,"url":"https:\/\/www.abf.se\/wp-content\/uploads\/sites\/30\/2024\/04\/Nyckeln-liggande-scaled.jpg","type":"image\/jpeg"}],"twitter_card":"summary_large_image","schema":{"@context":"https:\/\/schema.org","@graph":[{"@type":"WebPage","@id":"https:\/\/www.abf.se\/jamtland-harjedalen\/nyheter\/varldens-storsta-hasse-tage-museum\/","url":"https:\/\/www.abf.se\/jamtland-harjedalen\/nyheter\/varldens-storsta-hasse-tage-museum\/","name":"V\u00e4rldens st\u00f6rsta Hasse o Tage museum - J\u00e4mtland H\u00e4rjedalen","isPartOf":{"@id":"https:\/\/www.abf.se\/jamtland-harjedalen\/#website"},"datePublished":"2025-05-20T09:53:46+00:00","dateModified":"2025-05-20T09:54:30+00:00","description":"Folkets Hus och Parker har i samarbete med Hasse & Tage museet i Tommelilla presenterar \"Hasse och Tagemuseum p\u00e5 turn\u00e9!","breadcrumb":{"@id":"https:\/\/www.abf.se\/jamtland-harjedalen\/nyheter\/varldens-storsta-hasse-tage-museum\/#breadcrumb"},"inLanguage":"sv-SE","potentialAction":[{"@type":"ReadAction","target":["https:\/\/www.abf.se\/jamtland-harjedalen\/nyheter\/varldens-storsta-hasse-tage-museum\/"]}]},{"@type":"BreadcrumbList","@id":"https:\/\/www.abf.se\/jamtland-harjedalen\/nyheter\/varldens-storsta-hasse-tage-museum\/#breadcrumb","itemListElement":[{"@type":"ListItem","position":1,"name":"Home","item":"https:\/\/www.abf.se\/jamtland-harjedalen\/"},{"@type":"ListItem","position":2,"name":"Nyheter","item":"https:\/\/www.abf.se\/jamtland-harjedalen\/nyheter\/"},{"@type":"ListItem","position":3,"name":"V\u00e4rldens st\u00f6rsta Hasse o Tage museum"}]},{"@type":"WebSite","@id":"https:\/\/www.abf.se\/jamtland-harjedalen\/#website","url":"https:\/\/www.abf.se\/jamtland-harjedalen\/","name":"J\u00e4mtland H\u00e4rjedalen","description":"","potentialAction":[{"@type":"SearchAction","target":{"@type":"EntryPoint","urlTemplate":"https:\/\/www.abf.se\/jamtland-harjedalen\/?s={search_term_string}"},"query-input":{"@type":"PropertyValueSpecification","valueRequired":true,"valueName":"search_term_string"}}],"inLanguage":"sv-SE"}]}},"_links":{"self":[{"href":"https:\/\/www.abf.se\/jamtland-harjedalen\/wp-json\/wp\/v2\/news-article\/1007","targetHints":{"allow":["GET"]}}],"collection":[{"href":"https:\/\/www.abf.se\/jamtland-harjedalen\/wp-json\/wp\/v2\/news-article"}],"about":[{"href":"https:\/\/www.abf.se\/jamtland-harjedalen\/wp-json\/wp\/v2\/types\/news-article"}],"wp:attachment":[{"href":"https:\/\/www.abf.se\/jamtland-harjedalen\/wp-json\/wp\/v2\/media?parent=1007"}],"wp:term":[{"taxonomy":"category","embeddable":true,"href":"https:\/\/www.abf.se\/jamtland-harjedalen\/wp-json\/wp\/v2\/categories?post=1007"}],"curies":[{"name":"wp","href":"https:\/\/api.w.org\/{rel}","templated":true}]}}