{"id":1059,"date":"2025-06-12T15:08:27","date_gmt":"2025-06-12T13:08:27","guid":{"rendered":"https:\/\/www.abf.se\/jamtland-harjedalen\/?post_type=news-article&#038;p=1059"},"modified":"2025-06-12T15:10:37","modified_gmt":"2025-06-12T13:10:37","slug":"dansa-for-fred","status":"publish","type":"news-article","link":"https:\/\/www.abf.se\/jamtland-harjedalen\/nyheter\/dansa-for-fred\/","title":{"rendered":"Dansa f\u00f6r fred!"},"content":{"rendered":"<div\n    class=\"acf-article-cta-link-block article-container my-8\"\n    data-block=\"article-cta-link-block\"\n>\n<div>\n    <a class=\"inline-flex flex-row items-center gap-4 text-link underline text-red-dark\"\n        href=\"https:\/\/www.abf.se\/jamtland-harjedalen\/kurs\/dansa-for-fred-insamling-till-lakare-utan-granser-for-palestina-3859973\/\"\n            >\n        <span class=\"\">\n        Anm\u00e4l dig h\u00e4r!\n        <\/span>\n        <figure aria-hidden=\"true\" class=\"rounded-full bg-red-dark w-8 h-8 p-1 text-white\">\n            <svg width=\"20\" height=\"20\" viewBox=\"0 0 20 20\" fill=\"none\" class=\"SvgIconElement\">\n<path d=\"M4.16659 10L15.8333 10\" stroke=\"currentColor\"\/>\n<path d=\"M9.99992 4.1665L15.8333 9.99984L9.99992 15.8332\" stroke=\"currentColor\"\/>\n<\/svg>\n        <\/figure>\n    <\/a>\n<\/div>\n<\/div>\n<div\n    class=\"acf-article-facts-block article-container  my-8 \"\n    data-block=\"article-facts-block\"\n>\n<div class=\"bg-teal-light border border-teal p-8 rounded-corners-sm\">\n<header>\n        <h2 class=\"heading-md text-teal-dark mb-3\">\n            \n        <\/h2>\n    <\/header>\n    <div class=\"wysiwyg\">\n        <p>Med dans vill vi skapa gl\u00e4dje, och anv\u00e4nda det som ett verktyg f\u00f6r att g\u00f6ra v\u00e4rlden lite b\u00e4ttre. Hj\u00e4lp oss att st\u00f6dja L\u00e4kare Utan Gr\u00e4nser som g\u00f6r ett enormt jobb v\u00e4rlden \u00f6ver. De arbetar i mer \u00e4n 70 l\u00e4nder och de bist\u00e5r m\u00e4nniskor som drabbats av kriser, krig och naturkatastrofer oavsett politisk \u00e5sikt, religion eller etnisk tillh\u00f6righet.\u00a0<a href=\"https:\/\/lakareutangranser.se\/...\/vara...\/vapnade-konflikter\" target=\"_blank\" rel=\"noopener noreferrer\">https:\/\/lakareutangranser.se\/&#8230;\/vara&#8230;\/vapnade-konflikter<\/a><\/p>\n<p><em>Ex p\u00e5 vad summor kan g\u00f6ra:<\/em><\/p>\n<p><em>&#8211; 350 kr kan r\u00e4cka till livr\u00e4ddande kurer med malariamedicin f\u00f6r 56 barn.<\/em><\/p>\n<p><em>&#8211; 515 kr kan r\u00e4cka till dropp med v\u00e4tska f\u00f6r 55 personer som \u00e4r allvarligt uttorkade.<\/em><\/p>\n<p><em>&#8211; 1630 kr kan r\u00e4cka till tuberkulosbehandling i sex m\u00e5nader f\u00f6r fyra personer.<\/em><\/p>\n<p><em><a href=\"https:\/\/lakareutangranser.se\/vad...\/har-arbetar-vi\/palestina\" target=\"_blank\" rel=\"noopener noreferrer\">https:\/\/lakareutangranser.se\/vad&#8230;\/har-arbetar-vi\/palestina<\/a><\/em><\/p>\n<p>&nbsp;<\/p>\n<p><strong>VAD VILL VI G\u00d6RA?<\/strong><\/p>\n<p>Dansworkshop i salsa med dansarna Nayla Espinosa Garcia som \u00e4r bosatt i \u00d6stersund och Falciony Patino som \u00e4r p\u00e5 bes\u00f6k fr\u00e5n Toronto.<\/p>\n<p>Plan med fikaf\u00f6rs\u00e4ljning om allt g\u00e5r som det ska &#8212;&gt;ALLA PENGAR TILL L\u00c4KARE UTAN GR\u00c4NSER \u00f6ronm\u00e4rkta till Palestina.<\/p>\n<p>VI VILL S\u00c5KLART SAMLA IN S\u00c5 MYCKET PENGAR VI KAN TILL L\u00c4KARE UTAN GR\u00c4NSER, s\u00e5 vi har \u00e4ven en insamling ut\u00f6ver dansworkshop.<\/p>\n<p>&nbsp;<\/p>\n<p><strong>PRELIMIN\u00c4RT SCHEMA<\/strong><\/p>\n<p>V\u00e4lkomna, kort info 14:00-14:15<\/p>\n<p>Uppv\u00e4rmning till latinorytmer 14:15-14:45<\/p>\n<p>Colombiansk salsa 15:00-16:00<\/p>\n<p>Fri dans till latinorytmer kl 16:00-17:00, ev fikaf\u00f6rs\u00e4ljning 14:45-17:00<\/p>\n<p>&nbsp;<\/p>\n<p><strong>TID OCH PLATS:<\/strong><\/p>\n<p>Tingssalen i G:a Tingshuset, ing\u00e5ng fr\u00e5n R\u00e5dhusgatan 40. Centrala \u00d6stersund kl 14-17 28\/6.<\/p>\n<p>&nbsp;<\/p>\n<p><strong>EVENTINFO:<\/strong><\/p>\n<p>Maxantal \u00e4r satt till 60 pers, f\u00f6rst till kvarn!. Sista anm\u00e4lningsdag \u00e4r 25\/6 s\u00e5 vi f\u00e5r koll p\u00e5 antal deltagare, kommer s\u00e4kert g\u00e5 med drop in.<\/p>\n<p>&nbsp;<\/p>\n<p><strong>BETALNING:<\/strong><\/p>\n<p>Deltagaravgift: 250kr f\u00f6r arbetande, 150 kr f\u00f6r student\/pension\u00e4r\/arbetsl\u00f6s.\u00a0<strong>Betalning f\u00f6r de som kommer p\u00e5 eventet SKER ENBART P\u00c5 PLATS MED SWISH.<\/strong><\/p>\n<p>Det finns m\u00f6jlighet att swisha valfri summa (ingen summa \u00e4r f\u00f6r liten) f\u00f6r att st\u00f6tta v\u00e5r insamling f\u00f6r dem som ej kommer p\u00e5 eventet el f\u00f6r de som kommer och vill\/har m\u00f6jlighet att sk\u00e4nka mer. QR koder finns i eventet p\u00e5 facebook samt kommer finnas tillg\u00e4ngliga vid entr\u00e9n.<\/p>\n<p>Swishbetalning till v\u00e5r insamling Dansa f\u00f6r fred via QR kod \u00e4r konto till l\u00e4kare utan gr\u00e4nser som \u00e4r \u00f6ronm\u00e4rkta till krigsoffrena i Palestina.<\/p>\n<p>&nbsp;<\/p>\n<p>Vid fr\u00e5gor kan ni kontakta Pascale Sauma Stenberg 073-957 70 78.<\/p>\n\n    <\/div>\n<\/div>\n\n<\/div>\n<div\n    class=\"acf-article-image-block mb-12 article-container-lg\"\n    data-block=\"article-image-block\"\n>\n<div class=\"\">\n\n        <figure>\n        \n            <picture class=\"round-corners-lg w-full\"><img decoding=\"async\" src=\"https:\/\/www.abf.se\/jamtland-harjedalen\/resized\/?url=https%3A%2F%2Fwww.abf.se%2Fwp-content%2Fuploads%2Fsites%2F30%2F2025%2F06%2Fswish-QR-large-LUG-Palestina-2025-scaled.jpg&#038;fit=contain&#038;w=788&#038;s=061bba30189082b0657c3d3370148f22\" srcset=\"https:\/\/www.abf.se\/jamtland-harjedalen\/resized\/?url=https%3A%2F%2Fwww.abf.se%2Fwp-content%2Fuploads%2Fsites%2F30%2F2025%2F06%2Fswish-QR-large-LUG-Palestina-2025-scaled.jpg&#038;fit=contain&#038;w=375&#038;h=529&#038;s=9e250fbd0f9243ccbfb3404ca69c64d4 375w, https:\/\/www.abf.se\/jamtland-harjedalen\/resized\/?url=https%3A%2F%2Fwww.abf.se%2Fwp-content%2Fuploads%2Fsites%2F30%2F2025%2F06%2Fswish-QR-large-LUG-Palestina-2025-scaled.jpg&#038;fit=contain&#038;w=447&#038;h=630&#038;s=63f6a543b2dbde27753ef0ebdc5e591d 447w, https:\/\/www.abf.se\/jamtland-harjedalen\/resized\/?url=https%3A%2F%2Fwww.abf.se%2Fwp-content%2Fuploads%2Fsites%2F30%2F2025%2F06%2Fswish-QR-large-LUG-Palestina-2025-scaled.jpg&#038;fit=contain&#038;w=519&#038;h=732&#038;s=11bb106d2478cad5e1849cf0e429173e 519w, https:\/\/www.abf.se\/jamtland-harjedalen\/resized\/?url=https%3A%2F%2Fwww.abf.se%2Fwp-content%2Fuploads%2Fsites%2F30%2F2025%2F06%2Fswish-QR-large-LUG-Palestina-2025-scaled.jpg&#038;fit=contain&#038;w=591&#038;h=834&#038;s=97db4f9c45a0cbbb151b74b8a1dfc444 591w, https:\/\/www.abf.se\/jamtland-harjedalen\/resized\/?url=https%3A%2F%2Fwww.abf.se%2Fwp-content%2Fuploads%2Fsites%2F30%2F2025%2F06%2Fswish-QR-large-LUG-Palestina-2025-scaled.jpg&#038;fit=contain&#038;w=663&#038;h=935&#038;s=b53edf71f5b27e410c0e47a71c2920e0 663w, https:\/\/www.abf.se\/jamtland-harjedalen\/resized\/?url=https%3A%2F%2Fwww.abf.se%2Fwp-content%2Fuploads%2Fsites%2F30%2F2025%2F06%2Fswish-QR-large-LUG-Palestina-2025-scaled.jpg&#038;fit=contain&#038;w=735&#038;h=1037&#038;s=46216885ad97ba6a015f5cac9274b1a9 735w, https:\/\/www.abf.se\/jamtland-harjedalen\/resized\/?url=https%3A%2F%2Fwww.abf.se%2Fwp-content%2Fuploads%2Fsites%2F30%2F2025%2F06%2Fswish-QR-large-LUG-Palestina-2025-scaled.jpg&#038;fit=contain&#038;w=750&#038;h=1058&#038;s=c63f6d632623704e13e9ea4c8ef9aa98 750w, https:\/\/www.abf.se\/jamtland-harjedalen\/resized\/?url=https%3A%2F%2Fwww.abf.se%2Fwp-content%2Fuploads%2Fsites%2F30%2F2025%2F06%2Fswish-QR-large-LUG-Palestina-2025-scaled.jpg&#038;fit=contain&#038;w=788&#038;s=061bba30189082b0657c3d3370148f22 788w, https:\/\/www.abf.se\/jamtland-harjedalen\/resized\/?url=https%3A%2F%2Fwww.abf.se%2Fwp-content%2Fuploads%2Fsites%2F30%2F2025%2F06%2Fswish-QR-large-LUG-Palestina-2025-scaled.jpg&#038;fit=contain&#038;w=894&#038;h=1261&#038;s=a752e283a9d7266c4b75254ef516c4b2 894w, https:\/\/www.abf.se\/jamtland-harjedalen\/resized\/?url=https%3A%2F%2Fwww.abf.se%2Fwp-content%2Fuploads%2Fsites%2F30%2F2025%2F06%2Fswish-QR-large-LUG-Palestina-2025-scaled.jpg&#038;fit=contain&#038;w=1038&#038;h=1464&#038;s=3dd2f3dd007a225ec47a4dc704acfff1 1038w, https:\/\/www.abf.se\/jamtland-harjedalen\/resized\/?url=https%3A%2F%2Fwww.abf.se%2Fwp-content%2Fuploads%2Fsites%2F30%2F2025%2F06%2Fswish-QR-large-LUG-Palestina-2025-scaled.jpg&#038;fit=contain&#038;w=1182&#038;h=1668&#038;s=1a4357922dfb6bc1ccad35ff0ae1ba91 1182w, https:\/\/www.abf.se\/jamtland-harjedalen\/resized\/?url=https%3A%2F%2Fwww.abf.se%2Fwp-content%2Fuploads%2Fsites%2F30%2F2025%2F06%2Fswish-QR-large-LUG-Palestina-2025-scaled.jpg&#038;fit=contain&#038;w=1326&#038;h=1871&#038;s=f980c35ceffd8588354287d668e94326 1326w, https:\/\/www.abf.se\/jamtland-harjedalen\/resized\/?url=https%3A%2F%2Fwww.abf.se%2Fwp-content%2Fuploads%2Fsites%2F30%2F2025%2F06%2Fswish-QR-large-LUG-Palestina-2025-scaled.jpg&#038;fit=contain&#038;w=1470&#038;h=2074&#038;s=4b1bb34c783fe0541872b115626f9b15 1470w\" alt=\"Swish till L&auml;kare Utan Gr&auml;nser\" height=\"1112\" width=\"788\" sizes=\"auto, (max-width: 768px) calc(100vw - 40px), 788px\" loading=\"lazy\" fetchpriority=\"low\" class=\"round-corners-lg w-full\" \/><\/picture>\n                            <figcaption class=\"my-2 body-md text-gray-text\">\n                    Swisha ditt st\u00f6d till L\u00e4kare Utan Gr\u00e4nser\n                <\/figcaption>\n                        <\/figure>\n        <\/div>\n\n<\/div>\n","protected":false},"featured_media":0,"parent":0,"menu_order":0,"template":"","categories":[],"class_list":["post-1059","news-article","type-news-article","status-publish","hentry"],"acf":[],"yoast_head":"<!-- This site is optimized with the Yoast SEO plugin v27.0 - https:\/\/yoast.com\/product\/yoast-seo-wordpress\/ -->\n<title>Dansa f\u00f6r fred! - J\u00e4mtland H\u00e4rjedalen<\/title>\n<meta name=\"description\" content=\"Med dans vill vi skapa gl\u00e4dje, och anv\u00e4nda det som ett verktyg f\u00f6r att g\u00f6ra v\u00e4rlden lite b\u00e4ttre. Hj\u00e4lp oss att st\u00f6dja L\u00e4kare Utan Gr\u00e4nser!\" \/>\n<meta name=\"robots\" content=\"index, follow, max-snippet:-1, max-image-preview:large, max-video-preview:-1\" \/>\n<link rel=\"canonical\" href=\"https:\/\/www.abf.se\/jamtland-harjedalen\/nyheter\/dansa-for-fred\/\" \/>\n<meta property=\"og:locale\" content=\"sv_SE\" \/>\n<meta property=\"og:type\" content=\"article\" \/>\n<meta property=\"og:title\" content=\"Dansa f\u00f6r fred! - J\u00e4mtland H\u00e4rjedalen\" \/>\n<meta property=\"og:description\" content=\"Med dans vill vi skapa gl\u00e4dje, och anv\u00e4nda det som ett verktyg f\u00f6r att g\u00f6ra v\u00e4rlden lite b\u00e4ttre. Hj\u00e4lp oss att st\u00f6dja L\u00e4kare Utan Gr\u00e4nser!\" \/>\n<meta property=\"og:url\" content=\"https:\/\/www.abf.se\/jamtland-harjedalen\/nyheter\/dansa-for-fred\/\" \/>\n<meta property=\"og:site_name\" content=\"J\u00e4mtland H\u00e4rjedalen\" \/>\n<meta property=\"article:modified_time\" content=\"2025-06-12T13:10:37+00:00\" \/>\n<meta property=\"og:image\" content=\"https:\/\/www.abf.se\/wp-content\/uploads\/sites\/30\/2024\/04\/Nyckeln-liggande-scaled.jpg\" \/>\n\t<meta property=\"og:image:width\" content=\"2560\" \/>\n\t<meta property=\"og:image:height\" content=\"1440\" \/>\n\t<meta property=\"og:image:type\" content=\"image\/jpeg\" \/>\n<meta name=\"twitter:card\" content=\"summary_large_image\" \/>\n<script type=\"application\/ld+json\" class=\"yoast-schema-graph\">{\"@context\":\"https:\/\/schema.org\",\"@graph\":[{\"@type\":\"WebPage\",\"@id\":\"https:\/\/www.abf.se\/jamtland-harjedalen\/nyheter\/dansa-for-fred\/\",\"url\":\"https:\/\/www.abf.se\/jamtland-harjedalen\/nyheter\/dansa-for-fred\/\",\"name\":\"Dansa f\u00f6r fred! - J\u00e4mtland H\u00e4rjedalen\",\"isPartOf\":{\"@id\":\"https:\/\/www.abf.se\/jamtland-harjedalen\/#website\"},\"datePublished\":\"2025-06-12T13:08:27+00:00\",\"dateModified\":\"2025-06-12T13:10:37+00:00\",\"description\":\"Med dans vill vi skapa gl\u00e4dje, och anv\u00e4nda det som ett verktyg f\u00f6r att g\u00f6ra v\u00e4rlden lite b\u00e4ttre. Hj\u00e4lp oss att st\u00f6dja L\u00e4kare Utan Gr\u00e4nser!\",\"breadcrumb\":{\"@id\":\"https:\/\/www.abf.se\/jamtland-harjedalen\/nyheter\/dansa-for-fred\/#breadcrumb\"},\"inLanguage\":\"sv-SE\",\"potentialAction\":[{\"@type\":\"ReadAction\",\"target\":[\"https:\/\/www.abf.se\/jamtland-harjedalen\/nyheter\/dansa-for-fred\/\"]}]},{\"@type\":\"BreadcrumbList\",\"@id\":\"https:\/\/www.abf.se\/jamtland-harjedalen\/nyheter\/dansa-for-fred\/#breadcrumb\",\"itemListElement\":[{\"@type\":\"ListItem\",\"position\":1,\"name\":\"Home\",\"item\":\"https:\/\/www.abf.se\/jamtland-harjedalen\/\"},{\"@type\":\"ListItem\",\"position\":2,\"name\":\"Nyheter\",\"item\":\"https:\/\/www.abf.se\/jamtland-harjedalen\/nyheter\/\"},{\"@type\":\"ListItem\",\"position\":3,\"name\":\"Dansa f\u00f6r fred!\"}]},{\"@type\":\"WebSite\",\"@id\":\"https:\/\/www.abf.se\/jamtland-harjedalen\/#website\",\"url\":\"https:\/\/www.abf.se\/jamtland-harjedalen\/\",\"name\":\"J\u00e4mtland H\u00e4rjedalen\",\"description\":\"\",\"potentialAction\":[{\"@type\":\"SearchAction\",\"target\":{\"@type\":\"EntryPoint\",\"urlTemplate\":\"https:\/\/www.abf.se\/jamtland-harjedalen\/?s={search_term_string}\"},\"query-input\":{\"@type\":\"PropertyValueSpecification\",\"valueRequired\":true,\"valueName\":\"search_term_string\"}}],\"inLanguage\":\"sv-SE\"}]}<\/script>\n<!-- \/ Yoast SEO plugin. -->","yoast_head_json":{"title":"Dansa f\u00f6r fred! - J\u00e4mtland H\u00e4rjedalen","description":"Med dans vill vi skapa gl\u00e4dje, och anv\u00e4nda det som ett verktyg f\u00f6r att g\u00f6ra v\u00e4rlden lite b\u00e4ttre. Hj\u00e4lp oss att st\u00f6dja L\u00e4kare Utan Gr\u00e4nser!","robots":{"index":"index","follow":"follow","max-snippet":"max-snippet:-1","max-image-preview":"max-image-preview:large","max-video-preview":"max-video-preview:-1"},"canonical":"https:\/\/www.abf.se\/jamtland-harjedalen\/nyheter\/dansa-for-fred\/","og_locale":"sv_SE","og_type":"article","og_title":"Dansa f\u00f6r fred! - J\u00e4mtland H\u00e4rjedalen","og_description":"Med dans vill vi skapa gl\u00e4dje, och anv\u00e4nda det som ett verktyg f\u00f6r att g\u00f6ra v\u00e4rlden lite b\u00e4ttre. Hj\u00e4lp oss att st\u00f6dja L\u00e4kare Utan Gr\u00e4nser!","og_url":"https:\/\/www.abf.se\/jamtland-harjedalen\/nyheter\/dansa-for-fred\/","og_site_name":"J\u00e4mtland H\u00e4rjedalen","article_modified_time":"2025-06-12T13:10:37+00:00","og_image":[{"width":2560,"height":1440,"url":"https:\/\/www.abf.se\/wp-content\/uploads\/sites\/30\/2024\/04\/Nyckeln-liggande-scaled.jpg","type":"image\/jpeg"}],"twitter_card":"summary_large_image","schema":{"@context":"https:\/\/schema.org","@graph":[{"@type":"WebPage","@id":"https:\/\/www.abf.se\/jamtland-harjedalen\/nyheter\/dansa-for-fred\/","url":"https:\/\/www.abf.se\/jamtland-harjedalen\/nyheter\/dansa-for-fred\/","name":"Dansa f\u00f6r fred! - J\u00e4mtland H\u00e4rjedalen","isPartOf":{"@id":"https:\/\/www.abf.se\/jamtland-harjedalen\/#website"},"datePublished":"2025-06-12T13:08:27+00:00","dateModified":"2025-06-12T13:10:37+00:00","description":"Med dans vill vi skapa gl\u00e4dje, och anv\u00e4nda det som ett verktyg f\u00f6r att g\u00f6ra v\u00e4rlden lite b\u00e4ttre. Hj\u00e4lp oss att st\u00f6dja L\u00e4kare Utan Gr\u00e4nser!","breadcrumb":{"@id":"https:\/\/www.abf.se\/jamtland-harjedalen\/nyheter\/dansa-for-fred\/#breadcrumb"},"inLanguage":"sv-SE","potentialAction":[{"@type":"ReadAction","target":["https:\/\/www.abf.se\/jamtland-harjedalen\/nyheter\/dansa-for-fred\/"]}]},{"@type":"BreadcrumbList","@id":"https:\/\/www.abf.se\/jamtland-harjedalen\/nyheter\/dansa-for-fred\/#breadcrumb","itemListElement":[{"@type":"ListItem","position":1,"name":"Home","item":"https:\/\/www.abf.se\/jamtland-harjedalen\/"},{"@type":"ListItem","position":2,"name":"Nyheter","item":"https:\/\/www.abf.se\/jamtland-harjedalen\/nyheter\/"},{"@type":"ListItem","position":3,"name":"Dansa f\u00f6r fred!"}]},{"@type":"WebSite","@id":"https:\/\/www.abf.se\/jamtland-harjedalen\/#website","url":"https:\/\/www.abf.se\/jamtland-harjedalen\/","name":"J\u00e4mtland H\u00e4rjedalen","description":"","potentialAction":[{"@type":"SearchAction","target":{"@type":"EntryPoint","urlTemplate":"https:\/\/www.abf.se\/jamtland-harjedalen\/?s={search_term_string}"},"query-input":{"@type":"PropertyValueSpecification","valueRequired":true,"valueName":"search_term_string"}}],"inLanguage":"sv-SE"}]}},"_links":{"self":[{"href":"https:\/\/www.abf.se\/jamtland-harjedalen\/wp-json\/wp\/v2\/news-article\/1059","targetHints":{"allow":["GET"]}}],"collection":[{"href":"https:\/\/www.abf.se\/jamtland-harjedalen\/wp-json\/wp\/v2\/news-article"}],"about":[{"href":"https:\/\/www.abf.se\/jamtland-harjedalen\/wp-json\/wp\/v2\/types\/news-article"}],"wp:attachment":[{"href":"https:\/\/www.abf.se\/jamtland-harjedalen\/wp-json\/wp\/v2\/media?parent=1059"}],"wp:term":[{"taxonomy":"category","embeddable":true,"href":"https:\/\/www.abf.se\/jamtland-harjedalen\/wp-json\/wp\/v2\/categories?post=1059"}],"curies":[{"name":"wp","href":"https:\/\/api.w.org\/{rel}","templated":true}]}}