{"id":1067,"date":"2025-07-02T15:03:21","date_gmt":"2025-07-02T13:03:21","guid":{"rendered":"https:\/\/www.abf.se\/jamtland-harjedalen\/?post_type=news-article&#038;p=1067"},"modified":"2025-07-02T15:05:35","modified_gmt":"2025-07-02T13:05:35","slug":"automatiskt-utkastdet-blir-en-oforglomlig-kvall-fylld-av-musik-sang-dans-och-berattelser-som-beror-pa-djupet","status":"publish","type":"news-article","link":"https:\/\/www.abf.se\/jamtland-harjedalen\/nyheter\/automatiskt-utkastdet-blir-en-oforglomlig-kvall-fylld-av-musik-sang-dans-och-berattelser-som-beror-pa-djupet\/","title":{"rendered":"KRAFT En show f\u00f6r livet!"},"content":{"rendered":"<div\n    class=\"acf-article-text-block article-container my-12\"\n    data-block=\"article-text-block\"\n>\n    <div class=\"wysiwyg\">\n        <h3>Norrsken Kulturf\u00f6rening \u00e4r en nybildad f\u00f6rening som st\u00e5r f\u00f6r kultur f\u00f6r h\u00e4lsa.<\/h3>\n<p>F\u00f6r f\u00f6rsta g\u00e5ngen kommer f\u00f6reningen ge en show p\u00e5 Storsj\u00f6teatern den 11 oktober vid namn KRAFT d\u00e4r vi l\u00e5ter livet ta plats.<\/p>\n<p>Det blir en of\u00f6rgl\u00f6mlig kv\u00e4ll fylld av musik, s\u00e5ng , dans och ber\u00e4ttelser som ber\u00f6r p\u00e5 djupet.<\/p>\n<p>Tillsammans lyfter vi konsten och varandra med en hyllning till mod, kreativitet och psykisk h\u00e4lsa.<\/p>\n<p>Varje steg, varje ton, varje r\u00f6st g\u00f6r skillnad. Vi vill hylla livet! I \u00e5r har vi i f\u00f6reningen valt att sk\u00e4nka en del av int\u00e4kterna till Zuicide zero f\u00f6r att st\u00f6tta deras viktiga arbete. L\u00e5t oss tillsammans bidra och g\u00f6ra skillnad.<\/p>\n<p>Ni kommer f\u00e5 m\u00f6ta lokala k\u00e4nda och ok\u00e4nda f\u00f6rm\u00e5gor p\u00e5 samma scen. Det kommer vara utst\u00e4llning i foaj\u00e9n p\u00e5 Storsj\u00f6teatern som ni kan ta del av f\u00f6re, efter och i pausen av showen.<\/p>\n<p>Varmt v\u00e4lkomna 11 oktober, kl. 18:00 b\u00f6rjar showen men d\u00f6rrarna \u00f6ppnas redan kl. 16:30 till foaj\u00e9n p\u00e5 Storsj\u00f6teatern.<\/p>\n<p>Biljetter s\u00e4ljs via: Kulturbiljetter.se<\/p>\n\n    <\/div>\n<\/div>\n","protected":false},"featured_media":0,"parent":0,"menu_order":0,"template":"","categories":[],"class_list":["post-1067","news-article","type-news-article","status-publish","hentry"],"acf":[],"yoast_head":"<!-- This site is optimized with the Yoast SEO plugin v27.0 - https:\/\/yoast.com\/product\/yoast-seo-wordpress\/ -->\n<title>KRAFT En show f\u00f6r livet! - J\u00e4mtland H\u00e4rjedalen<\/title>\n<meta name=\"description\" content=\"En of\u00f6rgl\u00f6mlig kv\u00e4ll presenteras av Norrsken kulturf\u00f6rening. Du f\u00e5r njuta av musik, s\u00e5ng, dans och ber\u00e4ttelser som ber\u00f6r djupet.\" \/>\n<meta name=\"robots\" content=\"index, follow, max-snippet:-1, max-image-preview:large, max-video-preview:-1\" \/>\n<link rel=\"canonical\" href=\"https:\/\/www.abf.se\/jamtland-harjedalen\/nyheter\/automatiskt-utkastdet-blir-en-oforglomlig-kvall-fylld-av-musik-sang-dans-och-berattelser-som-beror-pa-djupet\/\" \/>\n<meta property=\"og:locale\" content=\"sv_SE\" \/>\n<meta property=\"og:type\" content=\"article\" \/>\n<meta property=\"og:title\" content=\"KRAFT En show f\u00f6r livet! - J\u00e4mtland H\u00e4rjedalen\" \/>\n<meta property=\"og:description\" content=\"En of\u00f6rgl\u00f6mlig kv\u00e4ll presenteras av Norrsken kulturf\u00f6rening. Du f\u00e5r njuta av musik, s\u00e5ng, dans och ber\u00e4ttelser som ber\u00f6r djupet.\" \/>\n<meta property=\"og:url\" content=\"https:\/\/www.abf.se\/jamtland-harjedalen\/nyheter\/automatiskt-utkastdet-blir-en-oforglomlig-kvall-fylld-av-musik-sang-dans-och-berattelser-som-beror-pa-djupet\/\" \/>\n<meta property=\"og:site_name\" content=\"J\u00e4mtland H\u00e4rjedalen\" \/>\n<meta property=\"article:modified_time\" content=\"2025-07-02T13:05:35+00:00\" \/>\n<meta property=\"og:image\" content=\"https:\/\/www.abf.se\/wp-content\/uploads\/sites\/30\/2024\/04\/Nyckeln-liggande-scaled.jpg\" \/>\n\t<meta property=\"og:image:width\" content=\"2560\" \/>\n\t<meta property=\"og:image:height\" content=\"1440\" \/>\n\t<meta property=\"og:image:type\" content=\"image\/jpeg\" \/>\n<meta name=\"twitter:card\" content=\"summary_large_image\" \/>\n<script type=\"application\/ld+json\" class=\"yoast-schema-graph\">{\"@context\":\"https:\/\/schema.org\",\"@graph\":[{\"@type\":\"WebPage\",\"@id\":\"https:\/\/www.abf.se\/jamtland-harjedalen\/nyheter\/automatiskt-utkastdet-blir-en-oforglomlig-kvall-fylld-av-musik-sang-dans-och-berattelser-som-beror-pa-djupet\/\",\"url\":\"https:\/\/www.abf.se\/jamtland-harjedalen\/nyheter\/automatiskt-utkastdet-blir-en-oforglomlig-kvall-fylld-av-musik-sang-dans-och-berattelser-som-beror-pa-djupet\/\",\"name\":\"KRAFT En show f\u00f6r livet! - J\u00e4mtland H\u00e4rjedalen\",\"isPartOf\":{\"@id\":\"https:\/\/www.abf.se\/jamtland-harjedalen\/#website\"},\"datePublished\":\"2025-07-02T13:03:21+00:00\",\"dateModified\":\"2025-07-02T13:05:35+00:00\",\"description\":\"En of\u00f6rgl\u00f6mlig kv\u00e4ll presenteras av Norrsken kulturf\u00f6rening. Du f\u00e5r njuta av musik, s\u00e5ng, dans och ber\u00e4ttelser som ber\u00f6r djupet.\",\"breadcrumb\":{\"@id\":\"https:\/\/www.abf.se\/jamtland-harjedalen\/nyheter\/automatiskt-utkastdet-blir-en-oforglomlig-kvall-fylld-av-musik-sang-dans-och-berattelser-som-beror-pa-djupet\/#breadcrumb\"},\"inLanguage\":\"sv-SE\",\"potentialAction\":[{\"@type\":\"ReadAction\",\"target\":[\"https:\/\/www.abf.se\/jamtland-harjedalen\/nyheter\/automatiskt-utkastdet-blir-en-oforglomlig-kvall-fylld-av-musik-sang-dans-och-berattelser-som-beror-pa-djupet\/\"]}]},{\"@type\":\"BreadcrumbList\",\"@id\":\"https:\/\/www.abf.se\/jamtland-harjedalen\/nyheter\/automatiskt-utkastdet-blir-en-oforglomlig-kvall-fylld-av-musik-sang-dans-och-berattelser-som-beror-pa-djupet\/#breadcrumb\",\"itemListElement\":[{\"@type\":\"ListItem\",\"position\":1,\"name\":\"Home\",\"item\":\"https:\/\/www.abf.se\/jamtland-harjedalen\/\"},{\"@type\":\"ListItem\",\"position\":2,\"name\":\"Nyheter\",\"item\":\"https:\/\/www.abf.se\/jamtland-harjedalen\/nyheter\/\"},{\"@type\":\"ListItem\",\"position\":3,\"name\":\"KRAFT En show f\u00f6r livet!\"}]},{\"@type\":\"WebSite\",\"@id\":\"https:\/\/www.abf.se\/jamtland-harjedalen\/#website\",\"url\":\"https:\/\/www.abf.se\/jamtland-harjedalen\/\",\"name\":\"J\u00e4mtland H\u00e4rjedalen\",\"description\":\"\",\"potentialAction\":[{\"@type\":\"SearchAction\",\"target\":{\"@type\":\"EntryPoint\",\"urlTemplate\":\"https:\/\/www.abf.se\/jamtland-harjedalen\/?s={search_term_string}\"},\"query-input\":{\"@type\":\"PropertyValueSpecification\",\"valueRequired\":true,\"valueName\":\"search_term_string\"}}],\"inLanguage\":\"sv-SE\"}]}<\/script>\n<!-- \/ Yoast SEO plugin. -->","yoast_head_json":{"title":"KRAFT En show f\u00f6r livet! - J\u00e4mtland H\u00e4rjedalen","description":"En of\u00f6rgl\u00f6mlig kv\u00e4ll presenteras av Norrsken kulturf\u00f6rening. Du f\u00e5r njuta av musik, s\u00e5ng, dans och ber\u00e4ttelser som ber\u00f6r djupet.","robots":{"index":"index","follow":"follow","max-snippet":"max-snippet:-1","max-image-preview":"max-image-preview:large","max-video-preview":"max-video-preview:-1"},"canonical":"https:\/\/www.abf.se\/jamtland-harjedalen\/nyheter\/automatiskt-utkastdet-blir-en-oforglomlig-kvall-fylld-av-musik-sang-dans-och-berattelser-som-beror-pa-djupet\/","og_locale":"sv_SE","og_type":"article","og_title":"KRAFT En show f\u00f6r livet! - J\u00e4mtland H\u00e4rjedalen","og_description":"En of\u00f6rgl\u00f6mlig kv\u00e4ll presenteras av Norrsken kulturf\u00f6rening. Du f\u00e5r njuta av musik, s\u00e5ng, dans och ber\u00e4ttelser som ber\u00f6r djupet.","og_url":"https:\/\/www.abf.se\/jamtland-harjedalen\/nyheter\/automatiskt-utkastdet-blir-en-oforglomlig-kvall-fylld-av-musik-sang-dans-och-berattelser-som-beror-pa-djupet\/","og_site_name":"J\u00e4mtland H\u00e4rjedalen","article_modified_time":"2025-07-02T13:05:35+00:00","og_image":[{"width":2560,"height":1440,"url":"https:\/\/www.abf.se\/wp-content\/uploads\/sites\/30\/2024\/04\/Nyckeln-liggande-scaled.jpg","type":"image\/jpeg"}],"twitter_card":"summary_large_image","schema":{"@context":"https:\/\/schema.org","@graph":[{"@type":"WebPage","@id":"https:\/\/www.abf.se\/jamtland-harjedalen\/nyheter\/automatiskt-utkastdet-blir-en-oforglomlig-kvall-fylld-av-musik-sang-dans-och-berattelser-som-beror-pa-djupet\/","url":"https:\/\/www.abf.se\/jamtland-harjedalen\/nyheter\/automatiskt-utkastdet-blir-en-oforglomlig-kvall-fylld-av-musik-sang-dans-och-berattelser-som-beror-pa-djupet\/","name":"KRAFT En show f\u00f6r livet! - J\u00e4mtland H\u00e4rjedalen","isPartOf":{"@id":"https:\/\/www.abf.se\/jamtland-harjedalen\/#website"},"datePublished":"2025-07-02T13:03:21+00:00","dateModified":"2025-07-02T13:05:35+00:00","description":"En of\u00f6rgl\u00f6mlig kv\u00e4ll presenteras av Norrsken kulturf\u00f6rening. Du f\u00e5r njuta av musik, s\u00e5ng, dans och ber\u00e4ttelser som ber\u00f6r djupet.","breadcrumb":{"@id":"https:\/\/www.abf.se\/jamtland-harjedalen\/nyheter\/automatiskt-utkastdet-blir-en-oforglomlig-kvall-fylld-av-musik-sang-dans-och-berattelser-som-beror-pa-djupet\/#breadcrumb"},"inLanguage":"sv-SE","potentialAction":[{"@type":"ReadAction","target":["https:\/\/www.abf.se\/jamtland-harjedalen\/nyheter\/automatiskt-utkastdet-blir-en-oforglomlig-kvall-fylld-av-musik-sang-dans-och-berattelser-som-beror-pa-djupet\/"]}]},{"@type":"BreadcrumbList","@id":"https:\/\/www.abf.se\/jamtland-harjedalen\/nyheter\/automatiskt-utkastdet-blir-en-oforglomlig-kvall-fylld-av-musik-sang-dans-och-berattelser-som-beror-pa-djupet\/#breadcrumb","itemListElement":[{"@type":"ListItem","position":1,"name":"Home","item":"https:\/\/www.abf.se\/jamtland-harjedalen\/"},{"@type":"ListItem","position":2,"name":"Nyheter","item":"https:\/\/www.abf.se\/jamtland-harjedalen\/nyheter\/"},{"@type":"ListItem","position":3,"name":"KRAFT En show f\u00f6r livet!"}]},{"@type":"WebSite","@id":"https:\/\/www.abf.se\/jamtland-harjedalen\/#website","url":"https:\/\/www.abf.se\/jamtland-harjedalen\/","name":"J\u00e4mtland H\u00e4rjedalen","description":"","potentialAction":[{"@type":"SearchAction","target":{"@type":"EntryPoint","urlTemplate":"https:\/\/www.abf.se\/jamtland-harjedalen\/?s={search_term_string}"},"query-input":{"@type":"PropertyValueSpecification","valueRequired":true,"valueName":"search_term_string"}}],"inLanguage":"sv-SE"}]}},"_links":{"self":[{"href":"https:\/\/www.abf.se\/jamtland-harjedalen\/wp-json\/wp\/v2\/news-article\/1067","targetHints":{"allow":["GET"]}}],"collection":[{"href":"https:\/\/www.abf.se\/jamtland-harjedalen\/wp-json\/wp\/v2\/news-article"}],"about":[{"href":"https:\/\/www.abf.se\/jamtland-harjedalen\/wp-json\/wp\/v2\/types\/news-article"}],"wp:attachment":[{"href":"https:\/\/www.abf.se\/jamtland-harjedalen\/wp-json\/wp\/v2\/media?parent=1067"}],"wp:term":[{"taxonomy":"category","embeddable":true,"href":"https:\/\/www.abf.se\/jamtland-harjedalen\/wp-json\/wp\/v2\/categories?post=1067"}],"curies":[{"name":"wp","href":"https:\/\/api.w.org\/{rel}","templated":true}]}}