{"id":1161,"date":"2025-09-10T10:09:26","date_gmt":"2025-09-10T08:09:26","guid":{"rendered":"https:\/\/www.abf.se\/jamtland-harjedalen\/?post_type=news-article&#038;p=1161"},"modified":"2025-09-10T10:09:26","modified_gmt":"2025-09-10T08:09:26","slug":"starta-en-bokcirkel-i-er-forening-eller-arbetarkommun","status":"publish","type":"news-article","link":"https:\/\/www.abf.se\/jamtland-harjedalen\/nyheter\/starta-en-bokcirkel-i-er-forening-eller-arbetarkommun\/","title":{"rendered":"Starta en bokcirkel i er f\u00f6rening eller arbetarkommun"},"content":{"rendered":"<div\n    class=\"acf-article-text-block article-container my-12\"\n    data-block=\"article-text-block\"\n>\n    <div class=\"wysiwyg\">\n        <p><a href=\"https:\/\/socialdemokraterna.abf.se\/wp-content\/uploads\/2025\/03\/ABF-Studiehandledning-Las-om-klass-2025.pdf\">Studiehandledning L\u00e4s om klass<\/a><\/p>\n\n    <\/div>\n<\/div>\n","protected":false},"featured_media":0,"parent":0,"menu_order":0,"template":"","categories":[],"class_list":["post-1161","news-article","type-news-article","status-publish","hentry"],"acf":[],"yoast_head":"<!-- This site is optimized with the Yoast SEO plugin v27.0 - https:\/\/yoast.com\/product\/yoast-seo-wordpress\/ -->\n<title>Starta en bokcirkel i er f\u00f6rening eller arbetarkommun - J\u00e4mtland H\u00e4rjedalen<\/title>\n<meta name=\"description\" content=\"Starta en bokcirkel i er f\u00f6rening eller arbetarkommun\" \/>\n<meta name=\"robots\" content=\"index, follow, max-snippet:-1, max-image-preview:large, max-video-preview:-1\" \/>\n<link rel=\"canonical\" href=\"https:\/\/www.abf.se\/jamtland-harjedalen\/nyheter\/starta-en-bokcirkel-i-er-forening-eller-arbetarkommun\/\" \/>\n<meta property=\"og:locale\" content=\"sv_SE\" \/>\n<meta property=\"og:type\" content=\"article\" \/>\n<meta property=\"og:title\" content=\"Starta en bokcirkel i er f\u00f6rening eller arbetarkommun - J\u00e4mtland H\u00e4rjedalen\" \/>\n<meta property=\"og:description\" content=\"Starta en bokcirkel i er f\u00f6rening eller arbetarkommun\" \/>\n<meta property=\"og:url\" content=\"https:\/\/www.abf.se\/jamtland-harjedalen\/nyheter\/starta-en-bokcirkel-i-er-forening-eller-arbetarkommun\/\" \/>\n<meta property=\"og:site_name\" content=\"J\u00e4mtland H\u00e4rjedalen\" \/>\n<meta property=\"og:image\" content=\"https:\/\/www.abf.se\/wp-content\/uploads\/sites\/30\/2024\/04\/Nyckeln-liggande-scaled.jpg\" \/>\n\t<meta property=\"og:image:width\" content=\"2560\" \/>\n\t<meta property=\"og:image:height\" content=\"1440\" \/>\n\t<meta property=\"og:image:type\" content=\"image\/jpeg\" \/>\n<meta name=\"twitter:card\" content=\"summary_large_image\" \/>\n<script type=\"application\/ld+json\" class=\"yoast-schema-graph\">{\"@context\":\"https:\/\/schema.org\",\"@graph\":[{\"@type\":\"WebPage\",\"@id\":\"https:\/\/www.abf.se\/jamtland-harjedalen\/nyheter\/starta-en-bokcirkel-i-er-forening-eller-arbetarkommun\/\",\"url\":\"https:\/\/www.abf.se\/jamtland-harjedalen\/nyheter\/starta-en-bokcirkel-i-er-forening-eller-arbetarkommun\/\",\"name\":\"Starta en bokcirkel i er f\u00f6rening eller arbetarkommun - J\u00e4mtland H\u00e4rjedalen\",\"isPartOf\":{\"@id\":\"https:\/\/www.abf.se\/jamtland-harjedalen\/#website\"},\"datePublished\":\"2025-09-10T08:09:26+00:00\",\"description\":\"Starta en bokcirkel i er f\u00f6rening eller arbetarkommun\",\"breadcrumb\":{\"@id\":\"https:\/\/www.abf.se\/jamtland-harjedalen\/nyheter\/starta-en-bokcirkel-i-er-forening-eller-arbetarkommun\/#breadcrumb\"},\"inLanguage\":\"sv-SE\",\"potentialAction\":[{\"@type\":\"ReadAction\",\"target\":[\"https:\/\/www.abf.se\/jamtland-harjedalen\/nyheter\/starta-en-bokcirkel-i-er-forening-eller-arbetarkommun\/\"]}]},{\"@type\":\"BreadcrumbList\",\"@id\":\"https:\/\/www.abf.se\/jamtland-harjedalen\/nyheter\/starta-en-bokcirkel-i-er-forening-eller-arbetarkommun\/#breadcrumb\",\"itemListElement\":[{\"@type\":\"ListItem\",\"position\":1,\"name\":\"Home\",\"item\":\"https:\/\/www.abf.se\/jamtland-harjedalen\/\"},{\"@type\":\"ListItem\",\"position\":2,\"name\":\"Nyheter\",\"item\":\"https:\/\/www.abf.se\/jamtland-harjedalen\/nyheter\/\"},{\"@type\":\"ListItem\",\"position\":3,\"name\":\"Starta en bokcirkel i er f\u00f6rening eller arbetarkommun\"}]},{\"@type\":\"WebSite\",\"@id\":\"https:\/\/www.abf.se\/jamtland-harjedalen\/#website\",\"url\":\"https:\/\/www.abf.se\/jamtland-harjedalen\/\",\"name\":\"J\u00e4mtland H\u00e4rjedalen\",\"description\":\"\",\"potentialAction\":[{\"@type\":\"SearchAction\",\"target\":{\"@type\":\"EntryPoint\",\"urlTemplate\":\"https:\/\/www.abf.se\/jamtland-harjedalen\/?s={search_term_string}\"},\"query-input\":{\"@type\":\"PropertyValueSpecification\",\"valueRequired\":true,\"valueName\":\"search_term_string\"}}],\"inLanguage\":\"sv-SE\"}]}<\/script>\n<!-- \/ Yoast SEO plugin. -->","yoast_head_json":{"title":"Starta en bokcirkel i er f\u00f6rening eller arbetarkommun - J\u00e4mtland H\u00e4rjedalen","description":"Starta en bokcirkel i er f\u00f6rening eller arbetarkommun","robots":{"index":"index","follow":"follow","max-snippet":"max-snippet:-1","max-image-preview":"max-image-preview:large","max-video-preview":"max-video-preview:-1"},"canonical":"https:\/\/www.abf.se\/jamtland-harjedalen\/nyheter\/starta-en-bokcirkel-i-er-forening-eller-arbetarkommun\/","og_locale":"sv_SE","og_type":"article","og_title":"Starta en bokcirkel i er f\u00f6rening eller arbetarkommun - J\u00e4mtland H\u00e4rjedalen","og_description":"Starta en bokcirkel i er f\u00f6rening eller arbetarkommun","og_url":"https:\/\/www.abf.se\/jamtland-harjedalen\/nyheter\/starta-en-bokcirkel-i-er-forening-eller-arbetarkommun\/","og_site_name":"J\u00e4mtland H\u00e4rjedalen","og_image":[{"width":2560,"height":1440,"url":"https:\/\/www.abf.se\/wp-content\/uploads\/sites\/30\/2024\/04\/Nyckeln-liggande-scaled.jpg","type":"image\/jpeg"}],"twitter_card":"summary_large_image","schema":{"@context":"https:\/\/schema.org","@graph":[{"@type":"WebPage","@id":"https:\/\/www.abf.se\/jamtland-harjedalen\/nyheter\/starta-en-bokcirkel-i-er-forening-eller-arbetarkommun\/","url":"https:\/\/www.abf.se\/jamtland-harjedalen\/nyheter\/starta-en-bokcirkel-i-er-forening-eller-arbetarkommun\/","name":"Starta en bokcirkel i er f\u00f6rening eller arbetarkommun - J\u00e4mtland H\u00e4rjedalen","isPartOf":{"@id":"https:\/\/www.abf.se\/jamtland-harjedalen\/#website"},"datePublished":"2025-09-10T08:09:26+00:00","description":"Starta en bokcirkel i er f\u00f6rening eller arbetarkommun","breadcrumb":{"@id":"https:\/\/www.abf.se\/jamtland-harjedalen\/nyheter\/starta-en-bokcirkel-i-er-forening-eller-arbetarkommun\/#breadcrumb"},"inLanguage":"sv-SE","potentialAction":[{"@type":"ReadAction","target":["https:\/\/www.abf.se\/jamtland-harjedalen\/nyheter\/starta-en-bokcirkel-i-er-forening-eller-arbetarkommun\/"]}]},{"@type":"BreadcrumbList","@id":"https:\/\/www.abf.se\/jamtland-harjedalen\/nyheter\/starta-en-bokcirkel-i-er-forening-eller-arbetarkommun\/#breadcrumb","itemListElement":[{"@type":"ListItem","position":1,"name":"Home","item":"https:\/\/www.abf.se\/jamtland-harjedalen\/"},{"@type":"ListItem","position":2,"name":"Nyheter","item":"https:\/\/www.abf.se\/jamtland-harjedalen\/nyheter\/"},{"@type":"ListItem","position":3,"name":"Starta en bokcirkel i er f\u00f6rening eller arbetarkommun"}]},{"@type":"WebSite","@id":"https:\/\/www.abf.se\/jamtland-harjedalen\/#website","url":"https:\/\/www.abf.se\/jamtland-harjedalen\/","name":"J\u00e4mtland H\u00e4rjedalen","description":"","potentialAction":[{"@type":"SearchAction","target":{"@type":"EntryPoint","urlTemplate":"https:\/\/www.abf.se\/jamtland-harjedalen\/?s={search_term_string}"},"query-input":{"@type":"PropertyValueSpecification","valueRequired":true,"valueName":"search_term_string"}}],"inLanguage":"sv-SE"}]}},"_links":{"self":[{"href":"https:\/\/www.abf.se\/jamtland-harjedalen\/wp-json\/wp\/v2\/news-article\/1161","targetHints":{"allow":["GET"]}}],"collection":[{"href":"https:\/\/www.abf.se\/jamtland-harjedalen\/wp-json\/wp\/v2\/news-article"}],"about":[{"href":"https:\/\/www.abf.se\/jamtland-harjedalen\/wp-json\/wp\/v2\/types\/news-article"}],"wp:attachment":[{"href":"https:\/\/www.abf.se\/jamtland-harjedalen\/wp-json\/wp\/v2\/media?parent=1161"}],"wp:term":[{"taxonomy":"category","embeddable":true,"href":"https:\/\/www.abf.se\/jamtland-harjedalen\/wp-json\/wp\/v2\/categories?post=1161"}],"curies":[{"name":"wp","href":"https:\/\/api.w.org\/{rel}","templated":true}]}}