{"id":1210,"date":"2025-10-21T10:16:24","date_gmt":"2025-10-21T08:16:24","guid":{"rendered":"https:\/\/www.abf.se\/jamtland-harjedalen\/?post_type=news-article&#038;p=1210"},"modified":"2025-10-21T10:16:24","modified_gmt":"2025-10-21T08:16:24","slug":"emil-jensen-far-abfs-litteratur-och-kulturstipendium-2025","status":"publish","type":"news-article","link":"https:\/\/www.abf.se\/jamtland-harjedalen\/nyheter\/emil-jensen-far-abfs-litteratur-och-kulturstipendium-2025\/","title":{"rendered":"Emil Jensen f\u00e5r ABFs litteratur- och kulturstipendium 2025"},"content":{"rendered":"<div\n    class=\"acf-article-text-block article-container my-12\"\n    data-block=\"article-text-block\"\n>\n    <div class=\"wysiwyg\">\n        <p>\u2013 Genom sina f\u00f6rest\u00e4llningar och inspelningar f\u00f6rmedlar Emil Jensen en bild av v\u00e5r samtid som \u00e4r b\u00e5de kritisk och hoppfull, alltid med folkbildning som b\u00e4rande kraft. Hans kreativa f\u00f6rm\u00e5ga att f\u00f6rnya det svenska spr\u00e5ket \u00e4r inspirerande och vi \u00e4r glada att kunna uppmuntra ett s\u00e5dant konstn\u00e4rskap, s\u00e4ger ABFs ordf\u00f6rande Tomas Eneroth.<\/p>\n<p>Emil Jensen sj\u00e4lv \u00e4r hj\u00e4rtinnerligt glad \u00f6ver stipendiet.<\/p>\n<p>\u2013 Folkbildning, solidaritet och milj\u00f6 ligger mig allra varmast om hj\u00e4rtat och jag blir s\u00e5 ber\u00f6rd av att l\u00e4sa denna motivering. Det styrker mig i min \u00f6vertygelse att alltid f\u00f6rs\u00f6ka skriva, prata och sjunga om det som k\u00e4nns angel\u00e4get \u2013 och dessa fr\u00e5gor har aldrig k\u00e4nts s\u00e5 angel\u00e4gna som nu, s\u00e4ger han och ber\u00e4ttar vidare:<\/p>\n<p>\u2013 Just nu sitter jag och skriver en ny f\u00f6rest\u00e4llning som jag ska turnera med till v\u00e5ren, p\u00e5 temat v\u00e4nskap, denna underv\u00e4rderade relation, som \u00e4r grunden f\u00f6r just solidaritet. Och detta fina pris, denna fantastiska motivering, m\u00e5ste jag nu ta mig samman och leva upp till! Jag b\u00f6rjar genast med ett brandtal\u2026<\/p>\n<p>ABFs litteratur- och kulturstipendium har delats ut sedan 1949 och hedrar personer som inspirerar, kritiserar och engagerar genom sina verk, och som p\u00e5minner oss om vikten av solidaritet. Bland tidigare pristagare m\u00e4rks P.O. Enqvist, Katarina Taikon, Gabriella Pichler och Liv Str\u00f6mquist.<\/p>\n<p>Stipendieutdelningen kommer att \u00e4ga rum i Malm\u00f6 den 6 november, som en del av arrangemanget \u201dOrd p\u00e5 scen\u201d som \u00e4r en scenpoesi-kv\u00e4ll p\u00e5 Vibliotek arrangerad av Ord p\u00e5 scen i samarbete med ABF.<\/p>\n<p>Mer information om arrangemanget finns h\u00e4r:\u00a0<a href=\"https:\/\/www.abf.se\/malmo\/kurs\/ord-pa-scen-presenterar-3874367\/\">https:\/\/www.abf.se\/malmo\/kurs\/ord-pa-scen-presenterar-3874367\/<\/a><\/p>\n<p>F\u00f6r kontakt ang\u00e5ende intervju eller info om Emil Jensen, kontakta Liza Berthelsen 070-224 40 63,\u00a0<a href=\"mailto:liza@lizab.se\">liza@lizab.se<\/a><\/p>\n\n    <\/div>\n<\/div>\n<div\n    class=\"acf-article-facts-block article-container  my-8 \"\n    data-block=\"article-facts-block\"\n>\n<div class=\"bg-teal-light border border-teal p-8 rounded-corners-sm\">\n<header>\n        <h2 class=\"heading-md text-teal-dark mb-3\">\n            Hela motiveringen fr\u00e5n ABFs f\u00f6rbundsstyrelse:\n        <\/h2>\n    <\/header>\n    <div class=\"wysiwyg\">\n        <p>Emil Jensen \u00e4r en m\u00e5ngsidig kulturskapare \u2013 poet, musiker, sk\u00e5despelare och folkbildare i ordets djupaste mening. Genom sin unika kombination av musik, lyrik, ber\u00e4ttelser och samh\u00e4llsengagemang skapar han konst som b\u00e5de ber\u00f6r och f\u00f6r\u00e4ndrar.<\/p>\n<p>Med lika delar lekfullhet och allvar p\u00e5minner han oss om solidaritetens betydelse i en tid som ofta pr\u00e4glas av individualism och h\u00e5rda mots\u00e4ttningar.<\/p>\n<p>Emil Jensen har en s\u00e4rskild f\u00f6rm\u00e5ga att synligg\u00f6ra det osynliga \u2013 att lyfta fram de sm\u00e5 \u00f6gonblicken, de bortgl\u00f6mda perspektiven och de r\u00f6ster som annars riskerar att inte bli h\u00f6rda.<\/p>\n<p>Genom att v\u00e4va in milj\u00f6- och klimatfr\u00e5gor i sin konst g\u00f6r han de stora globala utmaningarna begripliga och angel\u00e4gna. Han visar att kulturens roll \u00e4r central f\u00f6r att skapa f\u00f6r\u00e4ndring, ocks\u00e5 f\u00f6r v\u00e5r gemensamma framtid.<\/p>\n<p>Med sitt s\u00e4rartade uttryck f\u00f6rkroppsligar Emil Jensen det som ABFs kulturstipendium vill lyfta fram: konsten som skildrar, inspirerar och f\u00f6r\u00e4ndrar.<\/p>\n\n    <\/div>\n<\/div>\n\n<\/div>\n<div\n    class=\"acf-article-cta-link-block article-container my-8\"\n    data-block=\"article-cta-link-block\"\n>\n<div>\n    <a class=\"inline-flex flex-row items-center gap-4 text-link underline text-red-dark\"\n        href=\"https:\/\/www.abf.se\/om-abf\/priser-och-stipendier\/\"\n                target=\"_blank\"\n            >\n        <span class=\"\">\n        H\u00e4r kan du l\u00e4sa mer om ABFs priser\n        <\/span>\n        <figure aria-hidden=\"true\" class=\"rounded-full bg-red-dark w-8 h-8 p-1 text-white\">\n            <svg width=\"20\" height=\"20\" viewBox=\"0 0 20 20\" fill=\"none\" class=\"SvgIconElement\">\n<path d=\"M4.16659 10L15.8333 10\" stroke=\"currentColor\"\/>\n<path d=\"M9.99992 4.1665L15.8333 9.99984L9.99992 15.8332\" stroke=\"currentColor\"\/>\n<\/svg>\n        <\/figure>\n    <\/a>\n<\/div>\n<\/div>\n<div\n    class=\"acf-article-cta-link-block article-container my-8\"\n    data-block=\"article-cta-link-block\"\n>\n<div>\n    <a class=\"inline-flex flex-row items-center gap-4 text-link underline text-red-dark\"\n        href=\"https:\/\/www.abf.se\/nyheter\/pressmeddelande-aino-trosell-tilldelas-abfs-litteratur-och-kulturstipendium-2024\/\"\n                target=\"_blank\"\n            >\n        <span class=\"\">\n        H\u00e4r kan du l\u00e4sa om 2024 \u00e5rs vinnare\n        <\/span>\n        <figure aria-hidden=\"true\" class=\"rounded-full bg-red-dark w-8 h-8 p-1 text-white\">\n            <svg width=\"20\" height=\"20\" viewBox=\"0 0 20 20\" fill=\"none\" class=\"SvgIconElement\">\n<path d=\"M4.16659 10L15.8333 10\" stroke=\"currentColor\"\/>\n<path d=\"M9.99992 4.1665L15.8333 9.99984L9.99992 15.8332\" stroke=\"currentColor\"\/>\n<\/svg>\n        <\/figure>\n    <\/a>\n<\/div>\n<\/div>\n","protected":false},"featured_media":0,"parent":0,"menu_order":0,"template":"","categories":[],"class_list":["post-1210","news-article","type-news-article","status-publish","hentry"],"acf":[],"yoast_head":"<!-- This site is optimized with the Yoast SEO plugin v27.0 - https:\/\/yoast.com\/product\/yoast-seo-wordpress\/ -->\n<title>Emil Jensen f\u00e5r ABFs litteratur- och kulturstipendium 2025 - J\u00e4mtland H\u00e4rjedalen<\/title>\n<meta name=\"description\" content=\"Det \u00e4r med stor gl\u00e4dje och stolthet som vi kan ber\u00e4tta att Emil Jensen \u00e4r 2025 \u00e5rs mottagare av ABFs litteratur- och kulturstipendium p\u00e5 100 000 kronor.\" \/>\n<meta name=\"robots\" content=\"index, follow, max-snippet:-1, max-image-preview:large, max-video-preview:-1\" \/>\n<link rel=\"canonical\" href=\"https:\/\/www.abf.se\/jamtland-harjedalen\/nyheter\/emil-jensen-far-abfs-litteratur-och-kulturstipendium-2025\/\" \/>\n<meta property=\"og:locale\" content=\"sv_SE\" \/>\n<meta property=\"og:type\" content=\"article\" \/>\n<meta property=\"og:title\" content=\"Emil Jensen f\u00e5r ABFs litteratur- och kulturstipendium 2025 - J\u00e4mtland H\u00e4rjedalen\" \/>\n<meta property=\"og:description\" content=\"Det \u00e4r med stor gl\u00e4dje och stolthet som vi kan ber\u00e4tta att Emil Jensen \u00e4r 2025 \u00e5rs mottagare av ABFs litteratur- och kulturstipendium p\u00e5 100 000 kronor.\" \/>\n<meta property=\"og:url\" content=\"https:\/\/www.abf.se\/jamtland-harjedalen\/nyheter\/emil-jensen-far-abfs-litteratur-och-kulturstipendium-2025\/\" \/>\n<meta property=\"og:site_name\" content=\"J\u00e4mtland H\u00e4rjedalen\" \/>\n<meta property=\"og:image\" content=\"https:\/\/www.abf.se\/wp-content\/uploads\/sites\/30\/2024\/04\/Nyckeln-liggande-scaled.jpg\" \/>\n\t<meta property=\"og:image:width\" content=\"2560\" \/>\n\t<meta property=\"og:image:height\" content=\"1440\" \/>\n\t<meta property=\"og:image:type\" content=\"image\/jpeg\" \/>\n<meta name=\"twitter:card\" content=\"summary_large_image\" \/>\n<script type=\"application\/ld+json\" class=\"yoast-schema-graph\">{\"@context\":\"https:\/\/schema.org\",\"@graph\":[{\"@type\":\"WebPage\",\"@id\":\"https:\/\/www.abf.se\/jamtland-harjedalen\/nyheter\/emil-jensen-far-abfs-litteratur-och-kulturstipendium-2025\/\",\"url\":\"https:\/\/www.abf.se\/jamtland-harjedalen\/nyheter\/emil-jensen-far-abfs-litteratur-och-kulturstipendium-2025\/\",\"name\":\"Emil Jensen f\u00e5r ABFs litteratur- och kulturstipendium 2025 - J\u00e4mtland H\u00e4rjedalen\",\"isPartOf\":{\"@id\":\"https:\/\/www.abf.se\/jamtland-harjedalen\/#website\"},\"datePublished\":\"2025-10-21T08:16:24+00:00\",\"description\":\"Det \u00e4r med stor gl\u00e4dje och stolthet som vi kan ber\u00e4tta att Emil Jensen \u00e4r 2025 \u00e5rs mottagare av ABFs litteratur- och kulturstipendium p\u00e5 100 000 kronor.\",\"breadcrumb\":{\"@id\":\"https:\/\/www.abf.se\/jamtland-harjedalen\/nyheter\/emil-jensen-far-abfs-litteratur-och-kulturstipendium-2025\/#breadcrumb\"},\"inLanguage\":\"sv-SE\",\"potentialAction\":[{\"@type\":\"ReadAction\",\"target\":[\"https:\/\/www.abf.se\/jamtland-harjedalen\/nyheter\/emil-jensen-far-abfs-litteratur-och-kulturstipendium-2025\/\"]}]},{\"@type\":\"BreadcrumbList\",\"@id\":\"https:\/\/www.abf.se\/jamtland-harjedalen\/nyheter\/emil-jensen-far-abfs-litteratur-och-kulturstipendium-2025\/#breadcrumb\",\"itemListElement\":[{\"@type\":\"ListItem\",\"position\":1,\"name\":\"Home\",\"item\":\"https:\/\/www.abf.se\/jamtland-harjedalen\/\"},{\"@type\":\"ListItem\",\"position\":2,\"name\":\"Nyheter\",\"item\":\"https:\/\/www.abf.se\/jamtland-harjedalen\/nyheter\/\"},{\"@type\":\"ListItem\",\"position\":3,\"name\":\"Emil Jensen f\u00e5r ABFs litteratur- och kulturstipendium 2025\"}]},{\"@type\":\"WebSite\",\"@id\":\"https:\/\/www.abf.se\/jamtland-harjedalen\/#website\",\"url\":\"https:\/\/www.abf.se\/jamtland-harjedalen\/\",\"name\":\"J\u00e4mtland H\u00e4rjedalen\",\"description\":\"\",\"potentialAction\":[{\"@type\":\"SearchAction\",\"target\":{\"@type\":\"EntryPoint\",\"urlTemplate\":\"https:\/\/www.abf.se\/jamtland-harjedalen\/?s={search_term_string}\"},\"query-input\":{\"@type\":\"PropertyValueSpecification\",\"valueRequired\":true,\"valueName\":\"search_term_string\"}}],\"inLanguage\":\"sv-SE\"}]}<\/script>\n<!-- \/ Yoast SEO plugin. -->","yoast_head_json":{"title":"Emil Jensen f\u00e5r ABFs litteratur- och kulturstipendium 2025 - J\u00e4mtland H\u00e4rjedalen","description":"Det \u00e4r med stor gl\u00e4dje och stolthet som vi kan ber\u00e4tta att Emil Jensen \u00e4r 2025 \u00e5rs mottagare av ABFs litteratur- och kulturstipendium p\u00e5 100 000 kronor.","robots":{"index":"index","follow":"follow","max-snippet":"max-snippet:-1","max-image-preview":"max-image-preview:large","max-video-preview":"max-video-preview:-1"},"canonical":"https:\/\/www.abf.se\/jamtland-harjedalen\/nyheter\/emil-jensen-far-abfs-litteratur-och-kulturstipendium-2025\/","og_locale":"sv_SE","og_type":"article","og_title":"Emil Jensen f\u00e5r ABFs litteratur- och kulturstipendium 2025 - J\u00e4mtland H\u00e4rjedalen","og_description":"Det \u00e4r med stor gl\u00e4dje och stolthet som vi kan ber\u00e4tta att Emil Jensen \u00e4r 2025 \u00e5rs mottagare av ABFs litteratur- och kulturstipendium p\u00e5 100 000 kronor.","og_url":"https:\/\/www.abf.se\/jamtland-harjedalen\/nyheter\/emil-jensen-far-abfs-litteratur-och-kulturstipendium-2025\/","og_site_name":"J\u00e4mtland H\u00e4rjedalen","og_image":[{"width":2560,"height":1440,"url":"https:\/\/www.abf.se\/wp-content\/uploads\/sites\/30\/2024\/04\/Nyckeln-liggande-scaled.jpg","type":"image\/jpeg"}],"twitter_card":"summary_large_image","schema":{"@context":"https:\/\/schema.org","@graph":[{"@type":"WebPage","@id":"https:\/\/www.abf.se\/jamtland-harjedalen\/nyheter\/emil-jensen-far-abfs-litteratur-och-kulturstipendium-2025\/","url":"https:\/\/www.abf.se\/jamtland-harjedalen\/nyheter\/emil-jensen-far-abfs-litteratur-och-kulturstipendium-2025\/","name":"Emil Jensen f\u00e5r ABFs litteratur- och kulturstipendium 2025 - J\u00e4mtland H\u00e4rjedalen","isPartOf":{"@id":"https:\/\/www.abf.se\/jamtland-harjedalen\/#website"},"datePublished":"2025-10-21T08:16:24+00:00","description":"Det \u00e4r med stor gl\u00e4dje och stolthet som vi kan ber\u00e4tta att Emil Jensen \u00e4r 2025 \u00e5rs mottagare av ABFs litteratur- och kulturstipendium p\u00e5 100 000 kronor.","breadcrumb":{"@id":"https:\/\/www.abf.se\/jamtland-harjedalen\/nyheter\/emil-jensen-far-abfs-litteratur-och-kulturstipendium-2025\/#breadcrumb"},"inLanguage":"sv-SE","potentialAction":[{"@type":"ReadAction","target":["https:\/\/www.abf.se\/jamtland-harjedalen\/nyheter\/emil-jensen-far-abfs-litteratur-och-kulturstipendium-2025\/"]}]},{"@type":"BreadcrumbList","@id":"https:\/\/www.abf.se\/jamtland-harjedalen\/nyheter\/emil-jensen-far-abfs-litteratur-och-kulturstipendium-2025\/#breadcrumb","itemListElement":[{"@type":"ListItem","position":1,"name":"Home","item":"https:\/\/www.abf.se\/jamtland-harjedalen\/"},{"@type":"ListItem","position":2,"name":"Nyheter","item":"https:\/\/www.abf.se\/jamtland-harjedalen\/nyheter\/"},{"@type":"ListItem","position":3,"name":"Emil Jensen f\u00e5r ABFs litteratur- och kulturstipendium 2025"}]},{"@type":"WebSite","@id":"https:\/\/www.abf.se\/jamtland-harjedalen\/#website","url":"https:\/\/www.abf.se\/jamtland-harjedalen\/","name":"J\u00e4mtland H\u00e4rjedalen","description":"","potentialAction":[{"@type":"SearchAction","target":{"@type":"EntryPoint","urlTemplate":"https:\/\/www.abf.se\/jamtland-harjedalen\/?s={search_term_string}"},"query-input":{"@type":"PropertyValueSpecification","valueRequired":true,"valueName":"search_term_string"}}],"inLanguage":"sv-SE"}]}},"_links":{"self":[{"href":"https:\/\/www.abf.se\/jamtland-harjedalen\/wp-json\/wp\/v2\/news-article\/1210","targetHints":{"allow":["GET"]}}],"collection":[{"href":"https:\/\/www.abf.se\/jamtland-harjedalen\/wp-json\/wp\/v2\/news-article"}],"about":[{"href":"https:\/\/www.abf.se\/jamtland-harjedalen\/wp-json\/wp\/v2\/types\/news-article"}],"wp:attachment":[{"href":"https:\/\/www.abf.se\/jamtland-harjedalen\/wp-json\/wp\/v2\/media?parent=1210"}],"wp:term":[{"taxonomy":"category","embeddable":true,"href":"https:\/\/www.abf.se\/jamtland-harjedalen\/wp-json\/wp\/v2\/categories?post=1210"}],"curies":[{"name":"wp","href":"https:\/\/api.w.org\/{rel}","templated":true}]}}