{"id":1235,"date":"2025-11-20T10:39:33","date_gmt":"2025-11-20T09:39:33","guid":{"rendered":"https:\/\/www.abf.se\/jamtland-harjedalen\/?post_type=news-article&#038;p=1235"},"modified":"2025-11-20T10:39:33","modified_gmt":"2025-11-20T09:39:33","slug":"debatt-regeringens-nedskarningar-riskerar-att-slita-isar-sverige","status":"publish","type":"news-article","link":"https:\/\/www.abf.se\/jamtland-harjedalen\/nyheter\/debatt-regeringens-nedskarningar-riskerar-att-slita-isar-sverige\/","title":{"rendered":"Debatt: \u201dRegeringens nedsk\u00e4rningar riskerar att slita is\u00e4r Sverige.\u201d"},"content":{"rendered":"<div\n    class=\"acf-article-text-block article-container my-12\"\n    data-block=\"article-text-block\"\n>\n    <div class=\"wysiwyg\">\n        <p><strong>N\u00e4sta \u00e5r genomf\u00f6r Tid\u00f6regeringen<\/strong>\u00a0sin tredje stora nedsk\u00e4rning p\u00e5 studief\u00f6rbundens anslag. D\u00e5 har var tredje krona \u2013 totalt en halv miljard \u2013 skurits bort sedan Ulf Kristersson (M) blev statsminister. D\u00e4rmed bryts en l\u00e5ngvarig konsensus i svensk politik, en block\u00f6verskridande enighet om folkbildningens och studief\u00f6rbundens stora betydelse f\u00f6r samh\u00e4llet.<\/p>\n<p>Konsekvenserna av denna politik m\u00e4rks nu allt tydligare. N\u00e4r mandatperioden inleddes fanns tio statsbidragsber\u00e4ttigade studief\u00f6rbund i Sverige. I dag finns bara \u00e5tta kvar.<\/p>\n<p>Nyligen sl\u00e4ppte\u00a0<a href=\"https:\/\/studieforbunden.se\/\" target=\"_blank\" rel=\"noopener\">Studief\u00f6rbunden<\/a>,\u00a0<a class=\"\" href=\"https:\/\/www.expressen.se\/tagg\/organization\/folkbildningsradet\/\" target=\"_blank\" rel=\"noopener\">Folkbildningsr\u00e5det<\/a>\u00a0och\u00a0<a href=\"https:\/\/biblioteksforeningen.se\/\" target=\"_blank\" rel=\"noopener\">Svensk biblioteksf\u00f6rening<\/a>\u00a0rapporten \u201dVid v\u00e4gs \u00e4nde?\u201d. D\u00e4r konstateras bland annat att studief\u00f6rbunden redan tvingats st\u00e4nga lokaler i fyra av tio kommuner, att var tredje lokal som fanns f\u00f6r tv\u00e5 \u00e5r sedan nu helt eller delvis f\u00e5tt st\u00e4nga igen och att nedsk\u00e4rningarna sl\u00e5r dubbelt s\u00e5 h\u00e5rt mot landsbygden.<\/p>\n\n    <\/div>\n<\/div>\n<div\n    class=\"acf-article-image-block mb-12 article-container-lg\"\n    data-block=\"article-image-block\"\n>\n<div class=\"\">\n\n        <figure>\n        \n            <picture class=\"round-corners-lg w-full\"><img decoding=\"async\" src=\"https:\/\/www.abf.se\/jamtland-harjedalen\/resized\/?url=https%3A%2F%2Fwww.abf.se%2Fwp-content%2Fuploads%2F2025%2F06%2FABF_bildbank-352.jpg&#038;fit=contain&#038;w=788&#038;s=08f8c96929ce8f356db0a709c766b138\" srcset=\"https:\/\/www.abf.se\/jamtland-harjedalen\/resized\/?url=https%3A%2F%2Fwww.abf.se%2Fwp-content%2Fuploads%2F2025%2F06%2FABF_bildbank-352.jpg&#038;fit=contain&#038;w=375&#038;h=249&#038;s=d6b98583518b53e111706cbacfd933b5 375w, https:\/\/www.abf.se\/jamtland-harjedalen\/resized\/?url=https%3A%2F%2Fwww.abf.se%2Fwp-content%2Fuploads%2F2025%2F06%2FABF_bildbank-352.jpg&#038;fit=contain&#038;w=447&#038;h=297&#038;s=d4736a264b51ff32edb86f3a4080d55a 447w, https:\/\/www.abf.se\/jamtland-harjedalen\/resized\/?url=https%3A%2F%2Fwww.abf.se%2Fwp-content%2Fuploads%2F2025%2F06%2FABF_bildbank-352.jpg&#038;fit=contain&#038;w=519&#038;h=345&#038;s=cb7bf9ee9ff17cd843a7d3a3db9a6c2f 519w, https:\/\/www.abf.se\/jamtland-harjedalen\/resized\/?url=https%3A%2F%2Fwww.abf.se%2Fwp-content%2Fuploads%2F2025%2F06%2FABF_bildbank-352.jpg&#038;fit=contain&#038;w=591&#038;h=393&#038;s=5e17ed4000b4e4433fce2a12d8d303ca 591w, https:\/\/www.abf.se\/jamtland-harjedalen\/resized\/?url=https%3A%2F%2Fwww.abf.se%2Fwp-content%2Fuploads%2F2025%2F06%2FABF_bildbank-352.jpg&#038;fit=contain&#038;w=663&#038;h=441&#038;s=6f30a5867869d2b5c76b574bf6671e8a 663w, https:\/\/www.abf.se\/jamtland-harjedalen\/resized\/?url=https%3A%2F%2Fwww.abf.se%2Fwp-content%2Fuploads%2F2025%2F06%2FABF_bildbank-352.jpg&#038;fit=contain&#038;w=735&#038;h=489&#038;s=0a17cde4fb2f28543c09d0ee6b499001 735w, https:\/\/www.abf.se\/jamtland-harjedalen\/resized\/?url=https%3A%2F%2Fwww.abf.se%2Fwp-content%2Fuploads%2F2025%2F06%2FABF_bildbank-352.jpg&#038;fit=contain&#038;w=750&#038;h=499&#038;s=0c48d03b125a355320afe715d5fedcca 750w, https:\/\/www.abf.se\/jamtland-harjedalen\/resized\/?url=https%3A%2F%2Fwww.abf.se%2Fwp-content%2Fuploads%2F2025%2F06%2FABF_bildbank-352.jpg&#038;fit=contain&#038;w=788&#038;s=08f8c96929ce8f356db0a709c766b138 788w, https:\/\/www.abf.se\/jamtland-harjedalen\/resized\/?url=https%3A%2F%2Fwww.abf.se%2Fwp-content%2Fuploads%2F2025%2F06%2FABF_bildbank-352.jpg&#038;fit=contain&#038;w=894&#038;h=595&#038;s=f1ee31a21273a82f2a8f766e2946dd5d 894w, https:\/\/www.abf.se\/jamtland-harjedalen\/resized\/?url=https%3A%2F%2Fwww.abf.se%2Fwp-content%2Fuploads%2F2025%2F06%2FABF_bildbank-352.jpg&#038;fit=contain&#038;w=1038&#038;h=691&#038;s=97d58b9bf67294a513d48415946e3400 1038w, https:\/\/www.abf.se\/jamtland-harjedalen\/resized\/?url=https%3A%2F%2Fwww.abf.se%2Fwp-content%2Fuploads%2F2025%2F06%2FABF_bildbank-352.jpg&#038;fit=contain&#038;w=1182&#038;h=787&#038;s=d2f9a9604f12be4d466aa453614e3448 1182w, https:\/\/www.abf.se\/jamtland-harjedalen\/resized\/?url=https%3A%2F%2Fwww.abf.se%2Fwp-content%2Fuploads%2F2025%2F06%2FABF_bildbank-352.jpg&#038;fit=contain&#038;w=1326&#038;h=883&#038;s=8682fd137e0e08994f30a119d10d4e85 1326w, https:\/\/www.abf.se\/jamtland-harjedalen\/resized\/?url=https%3A%2F%2Fwww.abf.se%2Fwp-content%2Fuploads%2F2025%2F06%2FABF_bildbank-352.jpg&#038;fit=contain&#038;w=1470&#038;h=979&#038;s=7143f2db381d7d8c5052e9948678cdc4 1470w\" alt=\"En kvinna och en man vid ett bord d&auml;r b&ouml;cker och tidskrifter ligger utspridda. De tycks samtala med fler personer utanf&ouml;r bilden\" height=\"525\" width=\"788\" sizes=\"auto, (max-width: 768px) calc(100vw - 40px), 788px\" loading=\"lazy\" fetchpriority=\"low\" class=\"round-corners-lg w-full\" \/><\/picture>\n                            <figcaption class=\"my-2 body-md text-gray-text\">\n                    Studief\u00f6rbunden erbjuder m\u00f6tesplatser och meningsfulla aktiviteter f\u00f6r \u00e4ldre i hela landet.\n                <\/figcaption>\n                        <\/figure>\n        <\/div>\n\n<\/div>\n<div\n    class=\"acf-article-text-block article-container my-12\"\n    data-block=\"article-text-block\"\n>\n    <div class=\"wysiwyg\">\n        <p><strong>Studief\u00f6rbunden \u00e4r i dag<\/strong>, tillsammans med biblioteken, de enda akt\u00f6rerna f\u00f6r kultur och folkbildning som finns i hela landet \u2013 \u00e4ven p\u00e5 platser dit storst\u00e4dernas rika och kommersiella utbud s\u00e4llan n\u00e5r. De \u00e4r viktiga m\u00f6tesplatser och arenor som spelar en stor roll i arbetet med att l\u00f6sa m\u00e5nga av de samh\u00e4llsutmaningar som Sverige st\u00e5r inf\u00f6r.<\/p>\n<p>N\u00e4r regeringen nu genomf\u00f6r sina omfattande nedsk\u00e4rningar riskerar dessa problem i st\u00e4llet att f\u00f6rv\u00e4rras och Sverige att dras is\u00e4r. Det finns gott om exempel p\u00e5 hur det sl\u00e5r h\u00e5rt mot stora grupper i samh\u00e4llet.<\/p>\n<p>Studief\u00f6rbunden erbjuder m\u00f6tesplatser och meningsfulla aktiviteter f\u00f6r \u00e4ldre i hela landet. Det motverkar ofrivillig ensamhet \u2013 en av v\u00e5r tids stora samh\u00e4llsutmaningar. Att i det l\u00e4get tvinga studief\u00f6rbunden till stora nedsk\u00e4rningar \u00e4r att f\u00f6rv\u00e4rra problemet utan att ta ansvar f\u00f6r konsekvenserna. Det \u00e4r ett svek mot Sveriges \u00e4ldre, mot dem som byggt landet och lagt grunden till v\u00e5rt v\u00e4lf\u00e4rdssamh\u00e4lle.<\/p>\n\n    <\/div>\n<\/div>\n<blockquote\n    class=\"acf-article-quote-block quote-container article-container\"\n    data-block=\"article-quote-block\"\n>\n\n    <div\n        class=\"quote-content\"\n    >\n    \n    <div class=\"quote-text-container\">\n        <div class=\"quote-text-subgrid\">\n        <p class=\"quote-text\">\n            &#8221;N\u00e4r mandatperioden inleddes fanns tio statsbidragsber\u00e4ttigade studief\u00f6rbund i Sverige. I dag finns bara \u00e5tta kvar&#8221;\n        <\/p>\n                <footer>\n                        <p class=\"quote-name\">\n                Tomas Eneroth\n            <\/p>\n                                    <p class=\"quote-title\">\n                F\u00f6rbundsordf\u00f6rande ABF\n            <\/p>\n                    <\/footer>\n\n                <\/div>\n    <\/div>\n\n    <\/div>\n\n<\/blockquote>\n\n<div\n    class=\"acf-article-text-block article-container my-12\"\n    data-block=\"article-text-block\"\n>\n    <div class=\"wysiwyg\">\n        <p><strong>I ett l\u00e4ge d\u00e4r allt fler<\/strong>\u00a0oroas \u00f6ver att den grova kriminaliteten kryper allt l\u00e4ngre ned i \u00e5ldrarna och att unga dras in i kriminella n\u00e4tverk beh\u00f6vs givetvis fler positiva alternativ och sammanhang \u2013 fler satsningar p\u00e5 meningsfulla fritidsaktiviteter f\u00f6r unga, inte f\u00e4rre.<\/p>\n<p>Studief\u00f6rbunden tillhandah\u00e5ller en betydande del av landets replokaler och lokala musikscener. Det har lagt grunden f\u00f6r det svenska musikundret, men framf\u00f6r allt skapat platser d\u00e4r unga kan tr\u00e4ffas, skapa och utvecklas tillsammans.<\/p>\n<p>Regeringens attack p\u00e5 studief\u00f6rbunden har dragit i g\u00e5ng en landsomfattande replokalskris. Redan nu riskerar 20\u00a0000 unga att f\u00f6rlora sina rum f\u00f6r kreativt skapande. Det \u00e4r ett h\u00e5n mot Sveriges unga \u2013 och en politik helt utan taktk\u00e4nsla och konsekvenst\u00e4nk.<\/p>\n\n    <\/div>\n<\/div>\n<div\n    class=\"acf-article-image-block mb-12 article-container-lg\"\n    data-block=\"article-image-block\"\n>\n<div class=\"\">\n\n        <figure>\n        \n            <picture class=\"round-corners-lg w-full\"><img decoding=\"async\" src=\"https:\/\/www.abf.se\/jamtland-harjedalen\/resized\/?url=https%3A%2F%2Fwww.abf.se%2Fwp-content%2Fuploads%2F2025%2F11%2FParlor-och-pistoler-FOTO-Ingela-Hoatson-scaled.jpeg&#038;fit=contain&#038;w=788&#038;s=e4e3bcfac9c1ea86575d56e1c015bb30\" srcset=\"https:\/\/www.abf.se\/jamtland-harjedalen\/resized\/?url=https%3A%2F%2Fwww.abf.se%2Fwp-content%2Fuploads%2F2025%2F11%2FParlor-och-pistoler-FOTO-Ingela-Hoatson-scaled.jpeg&#038;fit=contain&#038;w=375&#038;h=248&#038;s=98549f602a0746da5a544720bbb7d0d2 375w, https:\/\/www.abf.se\/jamtland-harjedalen\/resized\/?url=https%3A%2F%2Fwww.abf.se%2Fwp-content%2Fuploads%2F2025%2F11%2FParlor-och-pistoler-FOTO-Ingela-Hoatson-scaled.jpeg&#038;fit=contain&#038;w=447&#038;h=296&#038;s=9f57679715c7ddc24c966f55981a4b23 447w, https:\/\/www.abf.se\/jamtland-harjedalen\/resized\/?url=https%3A%2F%2Fwww.abf.se%2Fwp-content%2Fuploads%2F2025%2F11%2FParlor-och-pistoler-FOTO-Ingela-Hoatson-scaled.jpeg&#038;fit=contain&#038;w=519&#038;h=344&#038;s=8719007faca7f6be9684d99c6fc4c628 519w, https:\/\/www.abf.se\/jamtland-harjedalen\/resized\/?url=https%3A%2F%2Fwww.abf.se%2Fwp-content%2Fuploads%2F2025%2F11%2FParlor-och-pistoler-FOTO-Ingela-Hoatson-scaled.jpeg&#038;fit=contain&#038;w=591&#038;h=392&#038;s=584ddec2f172e09e50f438fc07ab7061 591w, https:\/\/www.abf.se\/jamtland-harjedalen\/resized\/?url=https%3A%2F%2Fwww.abf.se%2Fwp-content%2Fuploads%2F2025%2F11%2FParlor-och-pistoler-FOTO-Ingela-Hoatson-scaled.jpeg&#038;fit=contain&#038;w=663&#038;h=440&#038;s=6918a5b5a7f258212509cafd341e0212 663w, https:\/\/www.abf.se\/jamtland-harjedalen\/resized\/?url=https%3A%2F%2Fwww.abf.se%2Fwp-content%2Fuploads%2F2025%2F11%2FParlor-och-pistoler-FOTO-Ingela-Hoatson-scaled.jpeg&#038;fit=contain&#038;w=735&#038;h=487&#038;s=0820f3babceb766d88d14e26b07eda8b 735w, https:\/\/www.abf.se\/jamtland-harjedalen\/resized\/?url=https%3A%2F%2Fwww.abf.se%2Fwp-content%2Fuploads%2F2025%2F11%2FParlor-och-pistoler-FOTO-Ingela-Hoatson-scaled.jpeg&#038;fit=contain&#038;w=750&#038;h=497&#038;s=8cff30777ca29bff955de86211fac4c0 750w, https:\/\/www.abf.se\/jamtland-harjedalen\/resized\/?url=https%3A%2F%2Fwww.abf.se%2Fwp-content%2Fuploads%2F2025%2F11%2FParlor-och-pistoler-FOTO-Ingela-Hoatson-scaled.jpeg&#038;fit=contain&#038;w=788&#038;s=e4e3bcfac9c1ea86575d56e1c015bb30 788w, https:\/\/www.abf.se\/jamtland-harjedalen\/resized\/?url=https%3A%2F%2Fwww.abf.se%2Fwp-content%2Fuploads%2F2025%2F11%2FParlor-och-pistoler-FOTO-Ingela-Hoatson-scaled.jpeg&#038;fit=contain&#038;w=894&#038;h=593&#038;s=f186087bdf0e24ea821ec91e62759ee5 894w, https:\/\/www.abf.se\/jamtland-harjedalen\/resized\/?url=https%3A%2F%2Fwww.abf.se%2Fwp-content%2Fuploads%2F2025%2F11%2FParlor-och-pistoler-FOTO-Ingela-Hoatson-scaled.jpeg&#038;fit=contain&#038;w=1038&#038;h=688&#038;s=024b2f2d2a0210c7928784dda52ed3e3 1038w, https:\/\/www.abf.se\/jamtland-harjedalen\/resized\/?url=https%3A%2F%2Fwww.abf.se%2Fwp-content%2Fuploads%2F2025%2F11%2FParlor-och-pistoler-FOTO-Ingela-Hoatson-scaled.jpeg&#038;fit=contain&#038;w=1182&#038;h=784&#038;s=6300ad5358fe4ec51c65d1d099b75b72 1182w, https:\/\/www.abf.se\/jamtland-harjedalen\/resized\/?url=https%3A%2F%2Fwww.abf.se%2Fwp-content%2Fuploads%2F2025%2F11%2FParlor-och-pistoler-FOTO-Ingela-Hoatson-scaled.jpeg&#038;fit=contain&#038;w=1326&#038;h=880&#038;s=83014424cc03b923133a1503e0d67679 1326w, https:\/\/www.abf.se\/jamtland-harjedalen\/resized\/?url=https%3A%2F%2Fwww.abf.se%2Fwp-content%2Fuploads%2F2025%2F11%2FParlor-och-pistoler-FOTO-Ingela-Hoatson-scaled.jpeg&#038;fit=contain&#038;w=1470&#038;h=975&#038;s=259b4ca0c587e78b620f91f60c475ae9 1470w\" alt=\"Ett band spelar p&aring; en scen upplyst av bl&aring; belysning\" height=\"523\" width=\"788\" sizes=\"auto, (max-width: 768px) calc(100vw - 40px), 788px\" loading=\"lazy\" fetchpriority=\"low\" class=\"round-corners-lg w-full\" \/><\/picture>\n                            <figcaption class=\"my-2 body-md text-gray-text\">\n                    Indiepopbandet P\u00e4rlor och pistoler p\u00e5 Live at Heart, \u00d6rebro, 2025\n                <\/figcaption>\n                        <\/figure>\n        <\/div>\n\n<\/div>\n<div\n    class=\"acf-article-text-block article-container my-12\"\n    data-block=\"article-text-block\"\n>\n    <div class=\"wysiwyg\">\n        <p><strong>I \u00f6ver hundra \u00e5r<\/strong>\u00a0har studief\u00f6rbunden bidragit till att bygga Sverige starkt. Genom folkbildningen har f\u00f6reningar, f\u00f6rsamlingar och folkr\u00f6relser kunnat utbilda sina medlemmar, utveckla ledare och bidra till ett starkt civilsamh\u00e4lle.<\/p>\n<p>Att ta bort var tredje krona i statens satsningar p\u00e5 studief\u00f6rbunden \u00e4r en kulturfientlig och bildningsfientlig politik. Det \u00e4r en politik som leder till att f\u00e4rre r\u00f6ster f\u00e5r h\u00f6ras, till l\u00e4gre deltagande i demokratin och ett f\u00f6rsvagat f\u00f6reningsliv. Det \u00e4r en politik som har gett upp id\u00e9n om att hela Sverige ska leva.<\/p>\n<p>Det \u00e4r ocks\u00e5 en obegriplig politik f\u00f6r alla som f\u00f6rst\u00e5r sambandet mellan ett starkt samh\u00e4lle, en levande demokrati och en bildad befolkning med m\u00f6jligheter till livsl\u00e5ngt l\u00e4rande. Sverige beh\u00f6ver en regering som ser v\u00e4rdet av breda satsningar p\u00e5 folkbildning och kultur \u2013 och av starka studief\u00f6rbund.<\/p>\n<p><strong>F\u00f6r utan folkbildning tystnar Sverige.<\/strong><\/p>\n<p>Av Tomas Eneroth<strong><br \/>\n<\/strong>F\u00f6rbundsordf\u00f6rande ABF<\/p>\n\n    <\/div>\n<\/div>\n<div\n    class=\"acf-article-cta-link-block article-container my-8\"\n    data-block=\"article-cta-link-block\"\n>\n<div>\n    <a class=\"inline-flex flex-row items-center gap-4 text-link underline text-red-dark\"\n        href=\"https:\/\/www.expressen.se\/debatt\/debatt-vill-regeringen-tysta-sverige\/\"\n                target=\"_blank\"\n            >\n        <span class=\"\">\n        Expressen: Vill regeringen tysta Sverige?\n        <\/span>\n        <figure aria-hidden=\"true\" class=\"rounded-full bg-red-dark w-8 h-8 p-1 text-white\">\n            <svg width=\"20\" height=\"20\" viewBox=\"0 0 20 20\" fill=\"none\" class=\"SvgIconElement\">\n<path d=\"M4.16659 10L15.8333 10\" stroke=\"currentColor\"\/>\n<path d=\"M9.99992 4.1665L15.8333 9.99984L9.99992 15.8332\" stroke=\"currentColor\"\/>\n<\/svg>\n        <\/figure>\n    <\/a>\n<\/div>\n<\/div>\n","protected":false},"featured_media":0,"parent":0,"menu_order":0,"template":"","categories":[],"class_list":["post-1235","news-article","type-news-article","status-publish","hentry"],"acf":[],"yoast_head":"<!-- This site is optimized with the Yoast SEO plugin v27.0 - https:\/\/yoast.com\/product\/yoast-seo-wordpress\/ -->\n<title>Debatt: \u201dRegeringens nedsk\u00e4rningar riskerar att slita is\u00e4r Sverige.\u201d - J\u00e4mtland H\u00e4rjedalen<\/title>\n<meta name=\"description\" content=\"I en debattartikel i Expressen varnar ABF:s f\u00f6rbundsordf\u00f6rande Tomas Eneroth f\u00f6r f\u00f6ljderna av regeringens tredje stora nedsk\u00e4rning p\u00e5 studief\u00f6rbunden. Med en halv miljard borta ur anslagen p\u00e5 bara n\u00e5gra \u00e5r ser han hur folkbildningens lokaler st\u00e4ngs, m\u00f6tesplatser f\u00f6rsvinner och sammanh\u00e5llningen i Sverige hotas.\" \/>\n<meta name=\"robots\" content=\"index, follow, max-snippet:-1, max-image-preview:large, max-video-preview:-1\" \/>\n<link rel=\"canonical\" href=\"https:\/\/www.abf.se\/jamtland-harjedalen\/nyheter\/debatt-regeringens-nedskarningar-riskerar-att-slita-isar-sverige\/\" \/>\n<meta property=\"og:locale\" content=\"sv_SE\" \/>\n<meta property=\"og:type\" content=\"article\" \/>\n<meta property=\"og:title\" content=\"Debatt: \u201dRegeringens nedsk\u00e4rningar riskerar att slita is\u00e4r Sverige.\u201d - J\u00e4mtland H\u00e4rjedalen\" \/>\n<meta property=\"og:description\" content=\"I en debattartikel i Expressen varnar ABF:s f\u00f6rbundsordf\u00f6rande Tomas Eneroth f\u00f6r f\u00f6ljderna av regeringens tredje stora nedsk\u00e4rning p\u00e5 studief\u00f6rbunden. Med en halv miljard borta ur anslagen p\u00e5 bara n\u00e5gra \u00e5r ser han hur folkbildningens lokaler st\u00e4ngs, m\u00f6tesplatser f\u00f6rsvinner och sammanh\u00e5llningen i Sverige hotas.\" \/>\n<meta property=\"og:url\" content=\"https:\/\/www.abf.se\/jamtland-harjedalen\/nyheter\/debatt-regeringens-nedskarningar-riskerar-att-slita-isar-sverige\/\" \/>\n<meta property=\"og:site_name\" content=\"J\u00e4mtland H\u00e4rjedalen\" \/>\n<meta property=\"og:image\" content=\"https:\/\/www.abf.se\/wp-content\/uploads\/sites\/30\/2024\/04\/Nyckeln-liggande-scaled.jpg\" \/>\n\t<meta property=\"og:image:width\" content=\"2560\" \/>\n\t<meta property=\"og:image:height\" content=\"1440\" \/>\n\t<meta property=\"og:image:type\" content=\"image\/jpeg\" \/>\n<meta name=\"twitter:card\" content=\"summary_large_image\" \/>\n<script type=\"application\/ld+json\" class=\"yoast-schema-graph\">{\"@context\":\"https:\/\/schema.org\",\"@graph\":[{\"@type\":\"WebPage\",\"@id\":\"https:\/\/www.abf.se\/jamtland-harjedalen\/nyheter\/debatt-regeringens-nedskarningar-riskerar-att-slita-isar-sverige\/\",\"url\":\"https:\/\/www.abf.se\/jamtland-harjedalen\/nyheter\/debatt-regeringens-nedskarningar-riskerar-att-slita-isar-sverige\/\",\"name\":\"Debatt: \u201dRegeringens nedsk\u00e4rningar riskerar att slita is\u00e4r Sverige.\u201d - J\u00e4mtland H\u00e4rjedalen\",\"isPartOf\":{\"@id\":\"https:\/\/www.abf.se\/jamtland-harjedalen\/#website\"},\"datePublished\":\"2025-11-20T09:39:33+00:00\",\"description\":\"I en debattartikel i Expressen varnar ABF:s f\u00f6rbundsordf\u00f6rande Tomas Eneroth f\u00f6r f\u00f6ljderna av regeringens tredje stora nedsk\u00e4rning p\u00e5 studief\u00f6rbunden. Med en halv miljard borta ur anslagen p\u00e5 bara n\u00e5gra \u00e5r ser han hur folkbildningens lokaler st\u00e4ngs, m\u00f6tesplatser f\u00f6rsvinner och sammanh\u00e5llningen i Sverige hotas.\",\"breadcrumb\":{\"@id\":\"https:\/\/www.abf.se\/jamtland-harjedalen\/nyheter\/debatt-regeringens-nedskarningar-riskerar-att-slita-isar-sverige\/#breadcrumb\"},\"inLanguage\":\"sv-SE\",\"potentialAction\":[{\"@type\":\"ReadAction\",\"target\":[\"https:\/\/www.abf.se\/jamtland-harjedalen\/nyheter\/debatt-regeringens-nedskarningar-riskerar-att-slita-isar-sverige\/\"]}]},{\"@type\":\"BreadcrumbList\",\"@id\":\"https:\/\/www.abf.se\/jamtland-harjedalen\/nyheter\/debatt-regeringens-nedskarningar-riskerar-att-slita-isar-sverige\/#breadcrumb\",\"itemListElement\":[{\"@type\":\"ListItem\",\"position\":1,\"name\":\"Home\",\"item\":\"https:\/\/www.abf.se\/jamtland-harjedalen\/\"},{\"@type\":\"ListItem\",\"position\":2,\"name\":\"Nyheter\",\"item\":\"https:\/\/www.abf.se\/jamtland-harjedalen\/nyheter\/\"},{\"@type\":\"ListItem\",\"position\":3,\"name\":\"Debatt: \u201dRegeringens nedsk\u00e4rningar riskerar att slita is\u00e4r Sverige.\u201d\"}]},{\"@type\":\"WebSite\",\"@id\":\"https:\/\/www.abf.se\/jamtland-harjedalen\/#website\",\"url\":\"https:\/\/www.abf.se\/jamtland-harjedalen\/\",\"name\":\"J\u00e4mtland H\u00e4rjedalen\",\"description\":\"\",\"potentialAction\":[{\"@type\":\"SearchAction\",\"target\":{\"@type\":\"EntryPoint\",\"urlTemplate\":\"https:\/\/www.abf.se\/jamtland-harjedalen\/?s={search_term_string}\"},\"query-input\":{\"@type\":\"PropertyValueSpecification\",\"valueRequired\":true,\"valueName\":\"search_term_string\"}}],\"inLanguage\":\"sv-SE\"}]}<\/script>\n<!-- \/ Yoast SEO plugin. -->","yoast_head_json":{"title":"Debatt: \u201dRegeringens nedsk\u00e4rningar riskerar att slita is\u00e4r Sverige.\u201d - J\u00e4mtland H\u00e4rjedalen","description":"I en debattartikel i Expressen varnar ABF:s f\u00f6rbundsordf\u00f6rande Tomas Eneroth f\u00f6r f\u00f6ljderna av regeringens tredje stora nedsk\u00e4rning p\u00e5 studief\u00f6rbunden. Med en halv miljard borta ur anslagen p\u00e5 bara n\u00e5gra \u00e5r ser han hur folkbildningens lokaler st\u00e4ngs, m\u00f6tesplatser f\u00f6rsvinner och sammanh\u00e5llningen i Sverige hotas.","robots":{"index":"index","follow":"follow","max-snippet":"max-snippet:-1","max-image-preview":"max-image-preview:large","max-video-preview":"max-video-preview:-1"},"canonical":"https:\/\/www.abf.se\/jamtland-harjedalen\/nyheter\/debatt-regeringens-nedskarningar-riskerar-att-slita-isar-sverige\/","og_locale":"sv_SE","og_type":"article","og_title":"Debatt: \u201dRegeringens nedsk\u00e4rningar riskerar att slita is\u00e4r Sverige.\u201d - J\u00e4mtland H\u00e4rjedalen","og_description":"I en debattartikel i Expressen varnar ABF:s f\u00f6rbundsordf\u00f6rande Tomas Eneroth f\u00f6r f\u00f6ljderna av regeringens tredje stora nedsk\u00e4rning p\u00e5 studief\u00f6rbunden. Med en halv miljard borta ur anslagen p\u00e5 bara n\u00e5gra \u00e5r ser han hur folkbildningens lokaler st\u00e4ngs, m\u00f6tesplatser f\u00f6rsvinner och sammanh\u00e5llningen i Sverige hotas.","og_url":"https:\/\/www.abf.se\/jamtland-harjedalen\/nyheter\/debatt-regeringens-nedskarningar-riskerar-att-slita-isar-sverige\/","og_site_name":"J\u00e4mtland H\u00e4rjedalen","og_image":[{"width":2560,"height":1440,"url":"https:\/\/www.abf.se\/wp-content\/uploads\/sites\/30\/2024\/04\/Nyckeln-liggande-scaled.jpg","type":"image\/jpeg"}],"twitter_card":"summary_large_image","schema":{"@context":"https:\/\/schema.org","@graph":[{"@type":"WebPage","@id":"https:\/\/www.abf.se\/jamtland-harjedalen\/nyheter\/debatt-regeringens-nedskarningar-riskerar-att-slita-isar-sverige\/","url":"https:\/\/www.abf.se\/jamtland-harjedalen\/nyheter\/debatt-regeringens-nedskarningar-riskerar-att-slita-isar-sverige\/","name":"Debatt: \u201dRegeringens nedsk\u00e4rningar riskerar att slita is\u00e4r Sverige.\u201d - J\u00e4mtland H\u00e4rjedalen","isPartOf":{"@id":"https:\/\/www.abf.se\/jamtland-harjedalen\/#website"},"datePublished":"2025-11-20T09:39:33+00:00","description":"I en debattartikel i Expressen varnar ABF:s f\u00f6rbundsordf\u00f6rande Tomas Eneroth f\u00f6r f\u00f6ljderna av regeringens tredje stora nedsk\u00e4rning p\u00e5 studief\u00f6rbunden. Med en halv miljard borta ur anslagen p\u00e5 bara n\u00e5gra \u00e5r ser han hur folkbildningens lokaler st\u00e4ngs, m\u00f6tesplatser f\u00f6rsvinner och sammanh\u00e5llningen i Sverige hotas.","breadcrumb":{"@id":"https:\/\/www.abf.se\/jamtland-harjedalen\/nyheter\/debatt-regeringens-nedskarningar-riskerar-att-slita-isar-sverige\/#breadcrumb"},"inLanguage":"sv-SE","potentialAction":[{"@type":"ReadAction","target":["https:\/\/www.abf.se\/jamtland-harjedalen\/nyheter\/debatt-regeringens-nedskarningar-riskerar-att-slita-isar-sverige\/"]}]},{"@type":"BreadcrumbList","@id":"https:\/\/www.abf.se\/jamtland-harjedalen\/nyheter\/debatt-regeringens-nedskarningar-riskerar-att-slita-isar-sverige\/#breadcrumb","itemListElement":[{"@type":"ListItem","position":1,"name":"Home","item":"https:\/\/www.abf.se\/jamtland-harjedalen\/"},{"@type":"ListItem","position":2,"name":"Nyheter","item":"https:\/\/www.abf.se\/jamtland-harjedalen\/nyheter\/"},{"@type":"ListItem","position":3,"name":"Debatt: \u201dRegeringens nedsk\u00e4rningar riskerar att slita is\u00e4r Sverige.\u201d"}]},{"@type":"WebSite","@id":"https:\/\/www.abf.se\/jamtland-harjedalen\/#website","url":"https:\/\/www.abf.se\/jamtland-harjedalen\/","name":"J\u00e4mtland H\u00e4rjedalen","description":"","potentialAction":[{"@type":"SearchAction","target":{"@type":"EntryPoint","urlTemplate":"https:\/\/www.abf.se\/jamtland-harjedalen\/?s={search_term_string}"},"query-input":{"@type":"PropertyValueSpecification","valueRequired":true,"valueName":"search_term_string"}}],"inLanguage":"sv-SE"}]}},"_links":{"self":[{"href":"https:\/\/www.abf.se\/jamtland-harjedalen\/wp-json\/wp\/v2\/news-article\/1235","targetHints":{"allow":["GET"]}}],"collection":[{"href":"https:\/\/www.abf.se\/jamtland-harjedalen\/wp-json\/wp\/v2\/news-article"}],"about":[{"href":"https:\/\/www.abf.se\/jamtland-harjedalen\/wp-json\/wp\/v2\/types\/news-article"}],"wp:attachment":[{"href":"https:\/\/www.abf.se\/jamtland-harjedalen\/wp-json\/wp\/v2\/media?parent=1235"}],"wp:term":[{"taxonomy":"category","embeddable":true,"href":"https:\/\/www.abf.se\/jamtland-harjedalen\/wp-json\/wp\/v2\/categories?post=1235"}],"curies":[{"name":"wp","href":"https:\/\/api.w.org\/{rel}","templated":true}]}}