{"id":1256,"date":"2026-01-07T11:39:51","date_gmt":"2026-01-07T10:39:51","guid":{"rendered":"https:\/\/www.abf.se\/jamtland-harjedalen\/?post_type=news-article&#038;p=1256"},"modified":"2026-01-14T11:22:27","modified_gmt":"2026-01-14T10:22:27","slug":"forelasning-for-din-sakerhet-ostersund","status":"publish","type":"news-article","link":"https:\/\/www.abf.se\/jamtland-harjedalen\/nyheter\/forelasning-for-din-sakerhet-ostersund\/","title":{"rendered":"Kursen F\u00f6r din s\u00e4kerhet  \u00d6stersund"},"content":{"rendered":"<div\n    class=\"acf-article-text-block article-container my-12\"\n    data-block=\"article-text-block\"\n>\n    <div class=\"wysiwyg\">\n        <p>Vi st\u00e4rker din f\u00f6rm\u00e5ga att ta hand om dig sj\u00e4lv och dina n\u00e4ra vid kriser i samh\u00e4llet.<br \/>\nP\u00e5 F\u00f6r din s\u00e4kerhet! f\u00e5r du grundl\u00e4ggande kunskaper om var du hittar information vid kriser och hur du st\u00e4rker din f\u00f6rm\u00e5ga att ta hand om dig sj\u00e4lv och dina n\u00e4ra vid kriser i samh\u00e4llet.<br \/>\nVi riktar oss till dig som \u00e4r 16 \u00e5r eller \u00e4ldre.<\/p>\n<p>Anm\u00e4lan<br \/>\nSenast 12 februari 2026 p\u00e5 den h\u00e4r <a href=\"https:\/\/www.abf.se\/jamtland-harjedalen\/kurs\/kurs-for-din-sakerhet-ostersund-3904130\/\">l\u00e4nken<\/a><\/p>\n<p>Lokal:<br \/>\nABF JH<br \/>\nMidg\u00e5rdsgatan 8<br \/>\n831 45 \u00d6stersund<\/p>\n<p>Eventuella fr\u00e5gor besvaras av:<br \/>\n<a href=\"mailto:leif.hagberg@forsvarsutbildarna.se\">leif.hagberg@forsvarsutbildarna.se<\/a><\/p>\n<p>F\u00f6rel\u00e4sningen F\u00f6r din s\u00e4kerhet! \u00e4r kostnadsfri och alla som deltar f\u00e5r en checklista.<\/p>\n<p>Kom g\u00e4rna i god tid.<br \/>\nV\u00e4lkommen!<\/p>\n<p>F\u00f6rsvarsutbildarna i J\u00e4mtlands l\u00e4n i samarbete med ABF JH<\/p>\n\n    <\/div>\n<\/div>\n","protected":false},"featured_media":0,"parent":0,"menu_order":0,"template":"","categories":[],"class_list":["post-1256","news-article","type-news-article","status-publish","hentry"],"acf":[],"yoast_head":"<!-- This site is optimized with the Yoast SEO plugin v27.0 - https:\/\/yoast.com\/product\/yoast-seo-wordpress\/ -->\n<title>Kursen F\u00f6r din s\u00e4kerhet \u00d6stersund - J\u00e4mtland H\u00e4rjedalen<\/title>\n<meta name=\"description\" content=\"Vad g\u00f6r du om mobilen \u00e4r d\u00f6d, internet har slutat att fungera och ljuset inte t\u00e4nds n\u00e4r du sl\u00e5r p\u00e5 str\u00f6mbrytaren? Kan du hantera en situation n\u00e4r det inte finns el eller vatten under flera timmar, ja kanske flera dagar eller veckor?\" \/>\n<meta name=\"robots\" content=\"index, follow, max-snippet:-1, max-image-preview:large, max-video-preview:-1\" \/>\n<link rel=\"canonical\" href=\"https:\/\/www.abf.se\/jamtland-harjedalen\/nyheter\/forelasning-for-din-sakerhet-ostersund\/\" \/>\n<meta property=\"og:locale\" content=\"sv_SE\" \/>\n<meta property=\"og:type\" content=\"article\" \/>\n<meta property=\"og:title\" content=\"Kursen F\u00f6r din s\u00e4kerhet \u00d6stersund - J\u00e4mtland H\u00e4rjedalen\" \/>\n<meta property=\"og:description\" content=\"Vad g\u00f6r du om mobilen \u00e4r d\u00f6d, internet har slutat att fungera och ljuset inte t\u00e4nds n\u00e4r du sl\u00e5r p\u00e5 str\u00f6mbrytaren? Kan du hantera en situation n\u00e4r det inte finns el eller vatten under flera timmar, ja kanske flera dagar eller veckor?\" \/>\n<meta property=\"og:url\" content=\"https:\/\/www.abf.se\/jamtland-harjedalen\/nyheter\/forelasning-for-din-sakerhet-ostersund\/\" \/>\n<meta property=\"og:site_name\" content=\"J\u00e4mtland H\u00e4rjedalen\" \/>\n<meta property=\"article:modified_time\" content=\"2026-01-14T10:22:27+00:00\" \/>\n<meta property=\"og:image\" content=\"https:\/\/www.abf.se\/wp-content\/uploads\/sites\/30\/2024\/04\/Nyckeln-liggande-scaled.jpg\" \/>\n\t<meta property=\"og:image:width\" content=\"2560\" \/>\n\t<meta property=\"og:image:height\" content=\"1440\" \/>\n\t<meta property=\"og:image:type\" content=\"image\/jpeg\" \/>\n<meta name=\"twitter:card\" content=\"summary_large_image\" \/>\n<script type=\"application\/ld+json\" class=\"yoast-schema-graph\">{\"@context\":\"https:\/\/schema.org\",\"@graph\":[{\"@type\":\"WebPage\",\"@id\":\"https:\/\/www.abf.se\/jamtland-harjedalen\/nyheter\/forelasning-for-din-sakerhet-ostersund\/\",\"url\":\"https:\/\/www.abf.se\/jamtland-harjedalen\/nyheter\/forelasning-for-din-sakerhet-ostersund\/\",\"name\":\"Kursen F\u00f6r din s\u00e4kerhet \u00d6stersund - J\u00e4mtland H\u00e4rjedalen\",\"isPartOf\":{\"@id\":\"https:\/\/www.abf.se\/jamtland-harjedalen\/#website\"},\"datePublished\":\"2026-01-07T10:39:51+00:00\",\"dateModified\":\"2026-01-14T10:22:27+00:00\",\"description\":\"Vad g\u00f6r du om mobilen \u00e4r d\u00f6d, internet har slutat att fungera och ljuset inte t\u00e4nds n\u00e4r du sl\u00e5r p\u00e5 str\u00f6mbrytaren? Kan du hantera en situation n\u00e4r det inte finns el eller vatten under flera timmar, ja kanske flera dagar eller veckor?\",\"breadcrumb\":{\"@id\":\"https:\/\/www.abf.se\/jamtland-harjedalen\/nyheter\/forelasning-for-din-sakerhet-ostersund\/#breadcrumb\"},\"inLanguage\":\"sv-SE\",\"potentialAction\":[{\"@type\":\"ReadAction\",\"target\":[\"https:\/\/www.abf.se\/jamtland-harjedalen\/nyheter\/forelasning-for-din-sakerhet-ostersund\/\"]}]},{\"@type\":\"BreadcrumbList\",\"@id\":\"https:\/\/www.abf.se\/jamtland-harjedalen\/nyheter\/forelasning-for-din-sakerhet-ostersund\/#breadcrumb\",\"itemListElement\":[{\"@type\":\"ListItem\",\"position\":1,\"name\":\"Home\",\"item\":\"https:\/\/www.abf.se\/jamtland-harjedalen\/\"},{\"@type\":\"ListItem\",\"position\":2,\"name\":\"Nyheter\",\"item\":\"https:\/\/www.abf.se\/jamtland-harjedalen\/nyheter\/\"},{\"@type\":\"ListItem\",\"position\":3,\"name\":\"Kursen F\u00f6r din s\u00e4kerhet \u00d6stersund\"}]},{\"@type\":\"WebSite\",\"@id\":\"https:\/\/www.abf.se\/jamtland-harjedalen\/#website\",\"url\":\"https:\/\/www.abf.se\/jamtland-harjedalen\/\",\"name\":\"J\u00e4mtland H\u00e4rjedalen\",\"description\":\"\",\"potentialAction\":[{\"@type\":\"SearchAction\",\"target\":{\"@type\":\"EntryPoint\",\"urlTemplate\":\"https:\/\/www.abf.se\/jamtland-harjedalen\/?s={search_term_string}\"},\"query-input\":{\"@type\":\"PropertyValueSpecification\",\"valueRequired\":true,\"valueName\":\"search_term_string\"}}],\"inLanguage\":\"sv-SE\"}]}<\/script>\n<!-- \/ Yoast SEO plugin. -->","yoast_head_json":{"title":"Kursen F\u00f6r din s\u00e4kerhet \u00d6stersund - J\u00e4mtland H\u00e4rjedalen","description":"Vad g\u00f6r du om mobilen \u00e4r d\u00f6d, internet har slutat att fungera och ljuset inte t\u00e4nds n\u00e4r du sl\u00e5r p\u00e5 str\u00f6mbrytaren? Kan du hantera en situation n\u00e4r det inte finns el eller vatten under flera timmar, ja kanske flera dagar eller veckor?","robots":{"index":"index","follow":"follow","max-snippet":"max-snippet:-1","max-image-preview":"max-image-preview:large","max-video-preview":"max-video-preview:-1"},"canonical":"https:\/\/www.abf.se\/jamtland-harjedalen\/nyheter\/forelasning-for-din-sakerhet-ostersund\/","og_locale":"sv_SE","og_type":"article","og_title":"Kursen F\u00f6r din s\u00e4kerhet \u00d6stersund - J\u00e4mtland H\u00e4rjedalen","og_description":"Vad g\u00f6r du om mobilen \u00e4r d\u00f6d, internet har slutat att fungera och ljuset inte t\u00e4nds n\u00e4r du sl\u00e5r p\u00e5 str\u00f6mbrytaren? Kan du hantera en situation n\u00e4r det inte finns el eller vatten under flera timmar, ja kanske flera dagar eller veckor?","og_url":"https:\/\/www.abf.se\/jamtland-harjedalen\/nyheter\/forelasning-for-din-sakerhet-ostersund\/","og_site_name":"J\u00e4mtland H\u00e4rjedalen","article_modified_time":"2026-01-14T10:22:27+00:00","og_image":[{"width":2560,"height":1440,"url":"https:\/\/www.abf.se\/wp-content\/uploads\/sites\/30\/2024\/04\/Nyckeln-liggande-scaled.jpg","type":"image\/jpeg"}],"twitter_card":"summary_large_image","schema":{"@context":"https:\/\/schema.org","@graph":[{"@type":"WebPage","@id":"https:\/\/www.abf.se\/jamtland-harjedalen\/nyheter\/forelasning-for-din-sakerhet-ostersund\/","url":"https:\/\/www.abf.se\/jamtland-harjedalen\/nyheter\/forelasning-for-din-sakerhet-ostersund\/","name":"Kursen F\u00f6r din s\u00e4kerhet \u00d6stersund - J\u00e4mtland H\u00e4rjedalen","isPartOf":{"@id":"https:\/\/www.abf.se\/jamtland-harjedalen\/#website"},"datePublished":"2026-01-07T10:39:51+00:00","dateModified":"2026-01-14T10:22:27+00:00","description":"Vad g\u00f6r du om mobilen \u00e4r d\u00f6d, internet har slutat att fungera och ljuset inte t\u00e4nds n\u00e4r du sl\u00e5r p\u00e5 str\u00f6mbrytaren? Kan du hantera en situation n\u00e4r det inte finns el eller vatten under flera timmar, ja kanske flera dagar eller veckor?","breadcrumb":{"@id":"https:\/\/www.abf.se\/jamtland-harjedalen\/nyheter\/forelasning-for-din-sakerhet-ostersund\/#breadcrumb"},"inLanguage":"sv-SE","potentialAction":[{"@type":"ReadAction","target":["https:\/\/www.abf.se\/jamtland-harjedalen\/nyheter\/forelasning-for-din-sakerhet-ostersund\/"]}]},{"@type":"BreadcrumbList","@id":"https:\/\/www.abf.se\/jamtland-harjedalen\/nyheter\/forelasning-for-din-sakerhet-ostersund\/#breadcrumb","itemListElement":[{"@type":"ListItem","position":1,"name":"Home","item":"https:\/\/www.abf.se\/jamtland-harjedalen\/"},{"@type":"ListItem","position":2,"name":"Nyheter","item":"https:\/\/www.abf.se\/jamtland-harjedalen\/nyheter\/"},{"@type":"ListItem","position":3,"name":"Kursen F\u00f6r din s\u00e4kerhet \u00d6stersund"}]},{"@type":"WebSite","@id":"https:\/\/www.abf.se\/jamtland-harjedalen\/#website","url":"https:\/\/www.abf.se\/jamtland-harjedalen\/","name":"J\u00e4mtland H\u00e4rjedalen","description":"","potentialAction":[{"@type":"SearchAction","target":{"@type":"EntryPoint","urlTemplate":"https:\/\/www.abf.se\/jamtland-harjedalen\/?s={search_term_string}"},"query-input":{"@type":"PropertyValueSpecification","valueRequired":true,"valueName":"search_term_string"}}],"inLanguage":"sv-SE"}]}},"_links":{"self":[{"href":"https:\/\/www.abf.se\/jamtland-harjedalen\/wp-json\/wp\/v2\/news-article\/1256","targetHints":{"allow":["GET"]}}],"collection":[{"href":"https:\/\/www.abf.se\/jamtland-harjedalen\/wp-json\/wp\/v2\/news-article"}],"about":[{"href":"https:\/\/www.abf.se\/jamtland-harjedalen\/wp-json\/wp\/v2\/types\/news-article"}],"wp:attachment":[{"href":"https:\/\/www.abf.se\/jamtland-harjedalen\/wp-json\/wp\/v2\/media?parent=1256"}],"wp:term":[{"taxonomy":"category","embeddable":true,"href":"https:\/\/www.abf.se\/jamtland-harjedalen\/wp-json\/wp\/v2\/categories?post=1256"}],"curies":[{"name":"wp","href":"https:\/\/api.w.org\/{rel}","templated":true}]}}