{"id":303,"date":"2024-05-16T15:51:58","date_gmt":"2024-05-16T13:51:58","guid":{"rendered":"https:\/\/www.abf.se\/jamtland-harjedalen\/?post_type=news-article&#038;p=303"},"modified":"2024-06-12T10:26:53","modified_gmt":"2024-06-12T08:26:53","slug":"arets-folkbildare-2023","status":"publish","type":"news-article","link":"https:\/\/www.abf.se\/jamtland-harjedalen\/nyheter\/arets-folkbildare-2023\/","title":{"rendered":"\u00c5rets folkbildare 2023"},"content":{"rendered":"<div\n    class=\"acf-article-image-block mb-12 article-container-lg\"\n    data-block=\"article-image-block\"\n>\n<div class=\"\">\n\n        <figure>\n        \n            <picture class=\"round-corners-lg w-full\"><img decoding=\"async\" src=\"https:\/\/www.abf.se\/jamtland-harjedalen\/resized\/?url=https%3A%2F%2Fwww.abf.se%2Fwp-content%2Fuploads%2Fsites%2F30%2F2024%2F05%2Ffolkbildare-2023.jpg&#038;fit=contain&#038;w=788&#038;s=77975d3619847ac1106f03c5dc9815c6\" srcset=\"https:\/\/www.abf.se\/jamtland-harjedalen\/resized\/?url=https%3A%2F%2Fwww.abf.se%2Fwp-content%2Fuploads%2Fsites%2F30%2F2024%2F05%2Ffolkbildare-2023.jpg&#038;fit=contain&#038;w=375&#038;h=375&#038;s=5d00ea79c93b2c1d4cd1933a4a706446 375w, https:\/\/www.abf.se\/jamtland-harjedalen\/resized\/?url=https%3A%2F%2Fwww.abf.se%2Fwp-content%2Fuploads%2Fsites%2F30%2F2024%2F05%2Ffolkbildare-2023.jpg&#038;fit=contain&#038;w=447&#038;h=447&#038;s=80b271cf1aa6f22b5829da3a8998e44d 447w, https:\/\/www.abf.se\/jamtland-harjedalen\/resized\/?url=https%3A%2F%2Fwww.abf.se%2Fwp-content%2Fuploads%2Fsites%2F30%2F2024%2F05%2Ffolkbildare-2023.jpg&#038;fit=contain&#038;w=519&#038;h=519&#038;s=39f92ed46f3b5ca8e7b311098d1d5228 519w, https:\/\/www.abf.se\/jamtland-harjedalen\/resized\/?url=https%3A%2F%2Fwww.abf.se%2Fwp-content%2Fuploads%2Fsites%2F30%2F2024%2F05%2Ffolkbildare-2023.jpg&#038;fit=contain&#038;w=591&#038;h=591&#038;s=fbe67a5036d97df07975af90cdcda83e 591w, https:\/\/www.abf.se\/jamtland-harjedalen\/resized\/?url=https%3A%2F%2Fwww.abf.se%2Fwp-content%2Fuploads%2Fsites%2F30%2F2024%2F05%2Ffolkbildare-2023.jpg&#038;fit=contain&#038;w=663&#038;h=663&#038;s=8ebed94e6958d1443a0f02a95d36c4d4 663w, https:\/\/www.abf.se\/jamtland-harjedalen\/resized\/?url=https%3A%2F%2Fwww.abf.se%2Fwp-content%2Fuploads%2Fsites%2F30%2F2024%2F05%2Ffolkbildare-2023.jpg&#038;fit=contain&#038;w=735&#038;h=735&#038;s=feeb27286f9df60c8ff871f1a1074bdf 735w, https:\/\/www.abf.se\/jamtland-harjedalen\/resized\/?url=https%3A%2F%2Fwww.abf.se%2Fwp-content%2Fuploads%2Fsites%2F30%2F2024%2F05%2Ffolkbildare-2023.jpg&#038;fit=contain&#038;w=750&#038;h=750&#038;s=df6d1dcb64615068adde6d2ed9156788 750w, https:\/\/www.abf.se\/jamtland-harjedalen\/resized\/?url=https%3A%2F%2Fwww.abf.se%2Fwp-content%2Fuploads%2Fsites%2F30%2F2024%2F05%2Ffolkbildare-2023.jpg&#038;fit=contain&#038;w=788&#038;s=77975d3619847ac1106f03c5dc9815c6 788w, https:\/\/www.abf.se\/jamtland-harjedalen\/resized\/?url=https%3A%2F%2Fwww.abf.se%2Fwp-content%2Fuploads%2Fsites%2F30%2F2024%2F05%2Ffolkbildare-2023.jpg&#038;fit=contain&#038;w=894&#038;h=894&#038;s=21a7f0b8fdd819dc29b72c58c5cac300 894w, https:\/\/www.abf.se\/jamtland-harjedalen\/resized\/?url=https%3A%2F%2Fwww.abf.se%2Fwp-content%2Fuploads%2Fsites%2F30%2F2024%2F05%2Ffolkbildare-2023.jpg&#038;fit=contain&#038;w=1038&#038;h=1038&#038;s=3748c79d305fb6a8d7a4b43e87f80efc 1038w, https:\/\/www.abf.se\/jamtland-harjedalen\/resized\/?url=https%3A%2F%2Fwww.abf.se%2Fwp-content%2Fuploads%2Fsites%2F30%2F2024%2F05%2Ffolkbildare-2023.jpg&#038;fit=contain&#038;w=1182&#038;h=1182&#038;s=633dfee7cef5da241c5f36774ccd9c50 1182w, https:\/\/www.abf.se\/jamtland-harjedalen\/resized\/?url=https%3A%2F%2Fwww.abf.se%2Fwp-content%2Fuploads%2Fsites%2F30%2F2024%2F05%2Ffolkbildare-2023.jpg&#038;fit=contain&#038;w=1326&#038;h=1326&#038;s=4eab3263e47aacf942a4dabcf87cfe07 1326w, https:\/\/www.abf.se\/jamtland-harjedalen\/resized\/?url=https%3A%2F%2Fwww.abf.se%2Fwp-content%2Fuploads%2Fsites%2F30%2F2024%2F05%2Ffolkbildare-2023.jpg&#038;fit=contain&#038;w=1470&#038;h=1470&#038;s=a279c529ef582a8ceb6f3d3fea685772 1470w\" alt=\"&Aring;rets folkbildare 2023\" height=\"788\" width=\"788\" sizes=\"auto, (max-width: 768px) calc(100vw - 40px), 788px\" loading=\"lazy\" fetchpriority=\"low\" class=\"round-corners-lg w-full\" \/><\/picture>\n                            <figcaption class=\"my-2 body-md text-gray-text\">\n                    Vid ABF JH&#8217;s \u00e5rsm\u00f6te 24 april delades priset som \u00e5rets folkbildare ut till Folkets Bio Regina.\n                <\/figcaption>\n                        <\/figure>\n        <\/div>\n\n<\/div>\n","protected":false},"featured_media":0,"parent":0,"menu_order":0,"template":"","categories":[],"class_list":["post-303","news-article","type-news-article","status-publish","hentry"],"acf":[],"yoast_head":"<!-- This site is optimized with the Yoast SEO plugin v27.0 - https:\/\/yoast.com\/product\/yoast-seo-wordpress\/ -->\n<title>\u00c5rets folkbildare 2023 - J\u00e4mtland H\u00e4rjedalen<\/title>\n<meta name=\"description\" content=\"\u00c5rets Folkbildare Folkets Bio Regina uts\u00e5gs vid ABF JH&#039;s \u00e5rsm\u00f6te i april 2024,\" \/>\n<meta name=\"robots\" content=\"index, follow, max-snippet:-1, max-image-preview:large, max-video-preview:-1\" \/>\n<link rel=\"canonical\" href=\"https:\/\/www.abf.se\/jamtland-harjedalen\/nyheter\/arets-folkbildare-2023\/\" \/>\n<meta property=\"og:locale\" content=\"sv_SE\" \/>\n<meta property=\"og:type\" content=\"article\" \/>\n<meta property=\"og:title\" content=\"\u00c5rets folkbildare 2023 - J\u00e4mtland H\u00e4rjedalen\" \/>\n<meta property=\"og:description\" content=\"\u00c5rets Folkbildare Folkets Bio Regina uts\u00e5gs vid ABF JH&#039;s \u00e5rsm\u00f6te i april 2024,\" \/>\n<meta property=\"og:url\" content=\"https:\/\/www.abf.se\/jamtland-harjedalen\/nyheter\/arets-folkbildare-2023\/\" \/>\n<meta property=\"og:site_name\" content=\"J\u00e4mtland H\u00e4rjedalen\" \/>\n<meta property=\"article:modified_time\" content=\"2024-06-12T08:26:53+00:00\" \/>\n<meta property=\"og:image\" content=\"https:\/\/www.abf.se\/wp-content\/uploads\/sites\/30\/2024\/04\/Nyckeln-liggande-scaled.jpg\" \/>\n\t<meta property=\"og:image:width\" content=\"2560\" \/>\n\t<meta property=\"og:image:height\" content=\"1440\" \/>\n\t<meta property=\"og:image:type\" content=\"image\/jpeg\" \/>\n<meta name=\"twitter:card\" content=\"summary_large_image\" \/>\n<script type=\"application\/ld+json\" class=\"yoast-schema-graph\">{\"@context\":\"https:\/\/schema.org\",\"@graph\":[{\"@type\":\"WebPage\",\"@id\":\"https:\/\/www.abf.se\/jamtland-harjedalen\/nyheter\/arets-folkbildare-2023\/\",\"url\":\"https:\/\/www.abf.se\/jamtland-harjedalen\/nyheter\/arets-folkbildare-2023\/\",\"name\":\"\u00c5rets folkbildare 2023 - J\u00e4mtland H\u00e4rjedalen\",\"isPartOf\":{\"@id\":\"https:\/\/www.abf.se\/jamtland-harjedalen\/#website\"},\"datePublished\":\"2024-05-16T13:51:58+00:00\",\"dateModified\":\"2024-06-12T08:26:53+00:00\",\"description\":\"\u00c5rets Folkbildare Folkets Bio Regina uts\u00e5gs vid ABF JH's \u00e5rsm\u00f6te i april 2024,\",\"breadcrumb\":{\"@id\":\"https:\/\/www.abf.se\/jamtland-harjedalen\/nyheter\/arets-folkbildare-2023\/#breadcrumb\"},\"inLanguage\":\"sv-SE\",\"potentialAction\":[{\"@type\":\"ReadAction\",\"target\":[\"https:\/\/www.abf.se\/jamtland-harjedalen\/nyheter\/arets-folkbildare-2023\/\"]}]},{\"@type\":\"BreadcrumbList\",\"@id\":\"https:\/\/www.abf.se\/jamtland-harjedalen\/nyheter\/arets-folkbildare-2023\/#breadcrumb\",\"itemListElement\":[{\"@type\":\"ListItem\",\"position\":1,\"name\":\"Home\",\"item\":\"https:\/\/www.abf.se\/jamtland-harjedalen\/\"},{\"@type\":\"ListItem\",\"position\":2,\"name\":\"Nyheter\",\"item\":\"https:\/\/www.abf.se\/jamtland-harjedalen\/nyheter\/\"},{\"@type\":\"ListItem\",\"position\":3,\"name\":\"\u00c5rets folkbildare 2023\"}]},{\"@type\":\"WebSite\",\"@id\":\"https:\/\/www.abf.se\/jamtland-harjedalen\/#website\",\"url\":\"https:\/\/www.abf.se\/jamtland-harjedalen\/\",\"name\":\"J\u00e4mtland H\u00e4rjedalen\",\"description\":\"\",\"potentialAction\":[{\"@type\":\"SearchAction\",\"target\":{\"@type\":\"EntryPoint\",\"urlTemplate\":\"https:\/\/www.abf.se\/jamtland-harjedalen\/?s={search_term_string}\"},\"query-input\":{\"@type\":\"PropertyValueSpecification\",\"valueRequired\":true,\"valueName\":\"search_term_string\"}}],\"inLanguage\":\"sv-SE\"}]}<\/script>\n<!-- \/ Yoast SEO plugin. -->","yoast_head_json":{"title":"\u00c5rets folkbildare 2023 - J\u00e4mtland H\u00e4rjedalen","description":"\u00c5rets Folkbildare Folkets Bio Regina uts\u00e5gs vid ABF JH's \u00e5rsm\u00f6te i april 2024,","robots":{"index":"index","follow":"follow","max-snippet":"max-snippet:-1","max-image-preview":"max-image-preview:large","max-video-preview":"max-video-preview:-1"},"canonical":"https:\/\/www.abf.se\/jamtland-harjedalen\/nyheter\/arets-folkbildare-2023\/","og_locale":"sv_SE","og_type":"article","og_title":"\u00c5rets folkbildare 2023 - J\u00e4mtland H\u00e4rjedalen","og_description":"\u00c5rets Folkbildare Folkets Bio Regina uts\u00e5gs vid ABF JH's \u00e5rsm\u00f6te i april 2024,","og_url":"https:\/\/www.abf.se\/jamtland-harjedalen\/nyheter\/arets-folkbildare-2023\/","og_site_name":"J\u00e4mtland H\u00e4rjedalen","article_modified_time":"2024-06-12T08:26:53+00:00","og_image":[{"width":2560,"height":1440,"url":"https:\/\/www.abf.se\/wp-content\/uploads\/sites\/30\/2024\/04\/Nyckeln-liggande-scaled.jpg","type":"image\/jpeg"}],"twitter_card":"summary_large_image","schema":{"@context":"https:\/\/schema.org","@graph":[{"@type":"WebPage","@id":"https:\/\/www.abf.se\/jamtland-harjedalen\/nyheter\/arets-folkbildare-2023\/","url":"https:\/\/www.abf.se\/jamtland-harjedalen\/nyheter\/arets-folkbildare-2023\/","name":"\u00c5rets folkbildare 2023 - J\u00e4mtland H\u00e4rjedalen","isPartOf":{"@id":"https:\/\/www.abf.se\/jamtland-harjedalen\/#website"},"datePublished":"2024-05-16T13:51:58+00:00","dateModified":"2024-06-12T08:26:53+00:00","description":"\u00c5rets Folkbildare Folkets Bio Regina uts\u00e5gs vid ABF JH's \u00e5rsm\u00f6te i april 2024,","breadcrumb":{"@id":"https:\/\/www.abf.se\/jamtland-harjedalen\/nyheter\/arets-folkbildare-2023\/#breadcrumb"},"inLanguage":"sv-SE","potentialAction":[{"@type":"ReadAction","target":["https:\/\/www.abf.se\/jamtland-harjedalen\/nyheter\/arets-folkbildare-2023\/"]}]},{"@type":"BreadcrumbList","@id":"https:\/\/www.abf.se\/jamtland-harjedalen\/nyheter\/arets-folkbildare-2023\/#breadcrumb","itemListElement":[{"@type":"ListItem","position":1,"name":"Home","item":"https:\/\/www.abf.se\/jamtland-harjedalen\/"},{"@type":"ListItem","position":2,"name":"Nyheter","item":"https:\/\/www.abf.se\/jamtland-harjedalen\/nyheter\/"},{"@type":"ListItem","position":3,"name":"\u00c5rets folkbildare 2023"}]},{"@type":"WebSite","@id":"https:\/\/www.abf.se\/jamtland-harjedalen\/#website","url":"https:\/\/www.abf.se\/jamtland-harjedalen\/","name":"J\u00e4mtland H\u00e4rjedalen","description":"","potentialAction":[{"@type":"SearchAction","target":{"@type":"EntryPoint","urlTemplate":"https:\/\/www.abf.se\/jamtland-harjedalen\/?s={search_term_string}"},"query-input":{"@type":"PropertyValueSpecification","valueRequired":true,"valueName":"search_term_string"}}],"inLanguage":"sv-SE"}]}},"_links":{"self":[{"href":"https:\/\/www.abf.se\/jamtland-harjedalen\/wp-json\/wp\/v2\/news-article\/303","targetHints":{"allow":["GET"]}}],"collection":[{"href":"https:\/\/www.abf.se\/jamtland-harjedalen\/wp-json\/wp\/v2\/news-article"}],"about":[{"href":"https:\/\/www.abf.se\/jamtland-harjedalen\/wp-json\/wp\/v2\/types\/news-article"}],"wp:attachment":[{"href":"https:\/\/www.abf.se\/jamtland-harjedalen\/wp-json\/wp\/v2\/media?parent=303"}],"wp:term":[{"taxonomy":"category","embeddable":true,"href":"https:\/\/www.abf.se\/jamtland-harjedalen\/wp-json\/wp\/v2\/categories?post=303"}],"curies":[{"name":"wp","href":"https:\/\/api.w.org\/{rel}","templated":true}]}}