{"id":399,"date":"2024-08-16T10:26:43","date_gmt":"2024-08-16T08:26:43","guid":{"rendered":"https:\/\/www.abf.se\/jamtland-harjedalen\/?post_type=news-article&#038;p=399"},"modified":"2024-08-16T10:26:44","modified_gmt":"2024-08-16T08:26:44","slug":"verksamhetstraffar-hosten-2024","status":"publish","type":"news-article","link":"https:\/\/www.abf.se\/jamtland-harjedalen\/nyheter\/verksamhetstraffar-hosten-2024\/","title":{"rendered":"Verksamhetstr\u00e4ffar h\u00f6sten 2024"},"content":{"rendered":"<div\n    class=\"acf-article-text-block article-container my-12\"\n    data-block=\"article-text-block\"\n>\n    <div class=\"wysiwyg\">\n        <p>Varje \u00e5r h\u00e5ller ABF JH verksamhetstr\u00e4ffar f\u00f6r sina medlemsorganisationer och samverkansparter i alla v\u00e5ra kommuner.<\/p>\n<p>Det h\u00e4nder r\u00e4tt mycket i folkbildningsv\u00e4rlden med nya regler osv. Vi pratade om dessa i v\u00e5ras n\u00e4r vi var ute p\u00e5 tr\u00e4ffar men alla kanske inte var n\u00e4rvarande s\u00e5 en kort repetition blir det, ni kanske har n\u00e5gra fr\u00e5gor utifr\u00e5n den tr\u00e4ffen som ni kanske vill diskutera. Vidare \u00e4r vi j\u00e4ttenyfikna p\u00e5 vad som h\u00e4nder i era f\u00f6reningar runt om i v\u00e5rt vackra l\u00e4n s\u00e5 kom och ber\u00e4tta vad ni g\u00f6r och l\u00e5t andra f\u00f6reningar ta del av det.<\/p>\n<p>En del av er kanske \u00e4r nya inom folkbildningen och studief\u00f6rbund? Er vill vi s\u00e5klart ocks\u00e5 tr\u00e4ffa s\u00e5 att vi kan visa och ber\u00e4tta f\u00f6r er allt vi som studief\u00f6rbund kan hj\u00e4lpa till med!<\/p>\n<p><strong>Vad ska vi prata om mer d\u00e5?<\/strong><\/p>\n<p>Kan f\u00f6reningarna i din kommun samverka inom vissa \u00e4mnen?<\/p>\n<p>Hur skapar vi f\u00f6ruts\u00e4ttningar f\u00f6r att f\u00e5 fler att engagera sig via f\u00f6reningar?<\/p>\n<p>Vad vill vi med ABF?<\/p>\n<p><strong>Datum och kommun<\/strong><br \/>\n<strong>Ragunda:\u00a0\u00a0\u00a0<\/strong>\u00a0\u00a0\u00a0\u00a0 <strong>m\u00e5ndag 9 september<\/strong>, kl. 18.00-21.00, ABF lokalen, Centralg. 37, Hammarstrand<\/p>\n<p><strong>Krokom: \u00a0\u00a0\u00a0\u00a0\u00a0\u00a0\u00a0 tisdag 10 september<\/strong>, kl. 18.00 \u2013 21.00, \u00a0Magneten i Krokom<br \/>\n<strong>\u00c5re:\u00a0 \u00a0 \u00a0 \u00a0 \u00a0 \u00a0 \u00a0 \u00a0 \u00a0onsdag 11 september<\/strong>, kl. 18.0 Fj\u00e4lls\u00e4tra i Unders\u00e5ker<br \/>\n<strong>\u00d6stersund:\u00a0\u00a0\u00a0\u00a0 torsdag 12 september<\/strong>, kl. 18.00-21.00, ABF Huset Midg\u00e5rdsgatan 8, \u00d6stersund<br \/>\n<strong>Str\u00f6msund:\u00a0\u00a0\u00a0 tisdag 17 september,<\/strong> kl. 18.00-21.00, Folkets Hus i Str\u00f6msund<\/p>\n<p><strong>Berg:\u00a0\u00a0\u00a0\u00a0\u00a0\u00a0\u00a0\u00a0\u00a0\u00a0\u00a0\u00a0\u00a0\u00a0\u00a0\u00a0 onsdag 18 september<\/strong>, kl. 18.00-21.00, Stensmovillan i Svenstavik<br \/>\n<strong>H\u00e4rjedalen:\u00a0\u00a0\u00a0 torsdag 19 september<\/strong>, kl. 12.00-15.00, PRO lokalen i Fun\u00e4sdalen<br \/>\n<strong>H\u00e4rjedalen:\u00a0\u00a0\u00a0 torsdag 19 september<\/strong>, kl. 18.00-21.00, Senioren i Sveg<\/p>\n<p>Vi kommer att bjuda p\u00e5 lite fika &#8211; det \u00e4r bland annat d\u00e4rf\u00f6r vi vill att ni ska anm\u00e4la in att ni kommer.<\/p>\n<p><u>Anm\u00e4lan<\/u><br \/>\nNi anm\u00e4ler er genom att skicka namn p\u00e5 de som kommer fr\u00e5n er f\u00f6rening samt er f\u00f6renings namn, ev. allergier och\/eller matpreferenser samt vilken verksamhetstr\u00e4ff ni vill vara med p\u00e5.<\/p>\n<p>Detta g\u00f6r ni via mail till: <a href=\"mailto:info.jh@abf.se\">info.jh@abf.se<\/a> eller telefon: 063-57 00 00!<\/p>\n<p>Varmt v\u00e4lkomna \u00f6nskar personalen vid ABF JH<\/p>\n\n    <\/div>\n<\/div>\n","protected":false},"featured_media":0,"parent":0,"menu_order":0,"template":"","categories":[],"class_list":["post-399","news-article","type-news-article","status-publish","hentry"],"acf":[],"yoast_head":"<!-- This site is optimized with the Yoast SEO plugin v27.0 - https:\/\/yoast.com\/product\/yoast-seo-wordpress\/ -->\n<title>Verksamhetstr\u00e4ffar h\u00f6sten 2024 - J\u00e4mtland H\u00e4rjedalen<\/title>\n<meta name=\"robots\" content=\"index, follow, max-snippet:-1, max-image-preview:large, max-video-preview:-1\" \/>\n<link rel=\"canonical\" href=\"https:\/\/www.abf.se\/jamtland-harjedalen\/nyheter\/verksamhetstraffar-hosten-2024\/\" \/>\n<meta property=\"og:locale\" content=\"sv_SE\" \/>\n<meta property=\"og:type\" content=\"article\" \/>\n<meta property=\"og:title\" content=\"Verksamhetstr\u00e4ffar h\u00f6sten 2024 - J\u00e4mtland H\u00e4rjedalen\" \/>\n<meta property=\"og:url\" content=\"https:\/\/www.abf.se\/jamtland-harjedalen\/nyheter\/verksamhetstraffar-hosten-2024\/\" \/>\n<meta property=\"og:site_name\" content=\"J\u00e4mtland H\u00e4rjedalen\" \/>\n<meta property=\"article:modified_time\" content=\"2024-08-16T08:26:44+00:00\" \/>\n<meta property=\"og:image\" content=\"https:\/\/www.abf.se\/wp-content\/uploads\/sites\/30\/2024\/04\/Nyckeln-liggande-scaled.jpg\" \/>\n\t<meta property=\"og:image:width\" content=\"2560\" \/>\n\t<meta property=\"og:image:height\" content=\"1440\" \/>\n\t<meta property=\"og:image:type\" content=\"image\/jpeg\" \/>\n<meta name=\"twitter:card\" content=\"summary_large_image\" \/>\n<script type=\"application\/ld+json\" class=\"yoast-schema-graph\">{\"@context\":\"https:\/\/schema.org\",\"@graph\":[{\"@type\":\"WebPage\",\"@id\":\"https:\/\/www.abf.se\/jamtland-harjedalen\/nyheter\/verksamhetstraffar-hosten-2024\/\",\"url\":\"https:\/\/www.abf.se\/jamtland-harjedalen\/nyheter\/verksamhetstraffar-hosten-2024\/\",\"name\":\"Verksamhetstr\u00e4ffar h\u00f6sten 2024 - J\u00e4mtland H\u00e4rjedalen\",\"isPartOf\":{\"@id\":\"https:\/\/www.abf.se\/jamtland-harjedalen\/#website\"},\"datePublished\":\"2024-08-16T08:26:43+00:00\",\"dateModified\":\"2024-08-16T08:26:44+00:00\",\"breadcrumb\":{\"@id\":\"https:\/\/www.abf.se\/jamtland-harjedalen\/nyheter\/verksamhetstraffar-hosten-2024\/#breadcrumb\"},\"inLanguage\":\"sv-SE\",\"potentialAction\":[{\"@type\":\"ReadAction\",\"target\":[\"https:\/\/www.abf.se\/jamtland-harjedalen\/nyheter\/verksamhetstraffar-hosten-2024\/\"]}]},{\"@type\":\"BreadcrumbList\",\"@id\":\"https:\/\/www.abf.se\/jamtland-harjedalen\/nyheter\/verksamhetstraffar-hosten-2024\/#breadcrumb\",\"itemListElement\":[{\"@type\":\"ListItem\",\"position\":1,\"name\":\"Home\",\"item\":\"https:\/\/www.abf.se\/jamtland-harjedalen\/\"},{\"@type\":\"ListItem\",\"position\":2,\"name\":\"Nyheter\",\"item\":\"https:\/\/www.abf.se\/jamtland-harjedalen\/nyheter\/\"},{\"@type\":\"ListItem\",\"position\":3,\"name\":\"Verksamhetstr\u00e4ffar h\u00f6sten 2024\"}]},{\"@type\":\"WebSite\",\"@id\":\"https:\/\/www.abf.se\/jamtland-harjedalen\/#website\",\"url\":\"https:\/\/www.abf.se\/jamtland-harjedalen\/\",\"name\":\"J\u00e4mtland H\u00e4rjedalen\",\"description\":\"\",\"potentialAction\":[{\"@type\":\"SearchAction\",\"target\":{\"@type\":\"EntryPoint\",\"urlTemplate\":\"https:\/\/www.abf.se\/jamtland-harjedalen\/?s={search_term_string}\"},\"query-input\":{\"@type\":\"PropertyValueSpecification\",\"valueRequired\":true,\"valueName\":\"search_term_string\"}}],\"inLanguage\":\"sv-SE\"}]}<\/script>\n<!-- \/ Yoast SEO plugin. -->","yoast_head_json":{"title":"Verksamhetstr\u00e4ffar h\u00f6sten 2024 - J\u00e4mtland H\u00e4rjedalen","robots":{"index":"index","follow":"follow","max-snippet":"max-snippet:-1","max-image-preview":"max-image-preview:large","max-video-preview":"max-video-preview:-1"},"canonical":"https:\/\/www.abf.se\/jamtland-harjedalen\/nyheter\/verksamhetstraffar-hosten-2024\/","og_locale":"sv_SE","og_type":"article","og_title":"Verksamhetstr\u00e4ffar h\u00f6sten 2024 - J\u00e4mtland H\u00e4rjedalen","og_url":"https:\/\/www.abf.se\/jamtland-harjedalen\/nyheter\/verksamhetstraffar-hosten-2024\/","og_site_name":"J\u00e4mtland H\u00e4rjedalen","article_modified_time":"2024-08-16T08:26:44+00:00","og_image":[{"width":2560,"height":1440,"url":"https:\/\/www.abf.se\/wp-content\/uploads\/sites\/30\/2024\/04\/Nyckeln-liggande-scaled.jpg","type":"image\/jpeg"}],"twitter_card":"summary_large_image","schema":{"@context":"https:\/\/schema.org","@graph":[{"@type":"WebPage","@id":"https:\/\/www.abf.se\/jamtland-harjedalen\/nyheter\/verksamhetstraffar-hosten-2024\/","url":"https:\/\/www.abf.se\/jamtland-harjedalen\/nyheter\/verksamhetstraffar-hosten-2024\/","name":"Verksamhetstr\u00e4ffar h\u00f6sten 2024 - J\u00e4mtland H\u00e4rjedalen","isPartOf":{"@id":"https:\/\/www.abf.se\/jamtland-harjedalen\/#website"},"datePublished":"2024-08-16T08:26:43+00:00","dateModified":"2024-08-16T08:26:44+00:00","breadcrumb":{"@id":"https:\/\/www.abf.se\/jamtland-harjedalen\/nyheter\/verksamhetstraffar-hosten-2024\/#breadcrumb"},"inLanguage":"sv-SE","potentialAction":[{"@type":"ReadAction","target":["https:\/\/www.abf.se\/jamtland-harjedalen\/nyheter\/verksamhetstraffar-hosten-2024\/"]}]},{"@type":"BreadcrumbList","@id":"https:\/\/www.abf.se\/jamtland-harjedalen\/nyheter\/verksamhetstraffar-hosten-2024\/#breadcrumb","itemListElement":[{"@type":"ListItem","position":1,"name":"Home","item":"https:\/\/www.abf.se\/jamtland-harjedalen\/"},{"@type":"ListItem","position":2,"name":"Nyheter","item":"https:\/\/www.abf.se\/jamtland-harjedalen\/nyheter\/"},{"@type":"ListItem","position":3,"name":"Verksamhetstr\u00e4ffar h\u00f6sten 2024"}]},{"@type":"WebSite","@id":"https:\/\/www.abf.se\/jamtland-harjedalen\/#website","url":"https:\/\/www.abf.se\/jamtland-harjedalen\/","name":"J\u00e4mtland H\u00e4rjedalen","description":"","potentialAction":[{"@type":"SearchAction","target":{"@type":"EntryPoint","urlTemplate":"https:\/\/www.abf.se\/jamtland-harjedalen\/?s={search_term_string}"},"query-input":{"@type":"PropertyValueSpecification","valueRequired":true,"valueName":"search_term_string"}}],"inLanguage":"sv-SE"}]}},"_links":{"self":[{"href":"https:\/\/www.abf.se\/jamtland-harjedalen\/wp-json\/wp\/v2\/news-article\/399","targetHints":{"allow":["GET"]}}],"collection":[{"href":"https:\/\/www.abf.se\/jamtland-harjedalen\/wp-json\/wp\/v2\/news-article"}],"about":[{"href":"https:\/\/www.abf.se\/jamtland-harjedalen\/wp-json\/wp\/v2\/types\/news-article"}],"wp:attachment":[{"href":"https:\/\/www.abf.se\/jamtland-harjedalen\/wp-json\/wp\/v2\/media?parent=399"}],"wp:term":[{"taxonomy":"category","embeddable":true,"href":"https:\/\/www.abf.se\/jamtland-harjedalen\/wp-json\/wp\/v2\/categories?post=399"}],"curies":[{"name":"wp","href":"https:\/\/api.w.org\/{rel}","templated":true}]}}