{"id":438,"date":"2024-10-31T12:34:02","date_gmt":"2024-10-31T11:34:02","guid":{"rendered":"https:\/\/www.abf.se\/jamtland-harjedalen\/?post_type=news-article&#038;p=438"},"modified":"2024-10-31T12:34:58","modified_gmt":"2024-10-31T11:34:58","slug":"mot-tore-hansson-abf-jamtland-harjedalens-engagerade-ordforande","status":"publish","type":"news-article","link":"https:\/\/www.abf.se\/jamtland-harjedalen\/nyheter\/mot-tore-hansson-abf-jamtland-harjedalens-engagerade-ordforande\/","title":{"rendered":"M\u00f6t Tore Hansson, ABF J\u00e4mtland H\u00e4rjedalens engagerade ordf\u00f6rande!"},"content":{"rendered":"<div\n    class=\"acf-article-text-block article-container my-12\"\n    data-block=\"article-text-block\"\n>\n    <div class=\"wysiwyg\">\n        <p>RSMH st\u00e5r f\u00f6r Riksf\u00f6rbundet f\u00f6r Social och Mental H\u00e4lsa och f\u00f6reningen st\u00f6djer och organiserar p\u00e5 olika s\u00e4tt m\u00e4nniskor med psykisk oh\u00e4lsa. Det finns ca 130 lokalf\u00f6reningar \u00f6ver hela landet och f\u00f6reningarna \u00e4r religi\u00f6st och partipolitiskt obundna samt \u00f6ppna f\u00f6r alla.<\/p>\n<p>Verksamheten i Backe \u00e4r den st\u00f6rsta verksamheten som RSMH bedriver i landet och f\u00f6rutom att bedriva v\u00e4ldigt fin folkbildningsverksamhet s\u00e5 \u00e4r man \u00e4ven arbetsgivare och arbetar bland annat med att f\u00f6rse skolor och \u00e4ldreboenden i Str\u00f6msunds kommun med god, v\u00e4llagad mat.<\/p>\n<p>I och med Tores m\u00e5ng\u00e5riga erfarenhet och goda renomm\u00e9 b\u00e5de som f\u00f6reningsledare och som arbetsgivare blev han \u00e4ven vald till RSMHs f\u00f6rbundsordf\u00f6rande.<\/p>\n<p>F\u00f6r personalen vid ABF J\u00e4mtland H\u00e4rjedalen \u00e4r Tore en enorm tillg\u00e5ng med all den kompetens han besitter n\u00e4r det g\u00e4ller att arbeta med m\u00e4nniskor och att vara ordf\u00f6rande f\u00f6r en organisation. Han \u00e4r klok, lugn och bem\u00f6ter alla han tr\u00e4ffar med st\u00f6rsta respekt och v\u00e4nlighet samt v\u00e4rnar verkligen om ABF J\u00e4mtland H\u00e4rjedalen som helhet, alla v\u00e5ra medlems- och samarbetsorganisationer, v\u00e5r \u00f6ppna verksamhet och s\u00e5klart \u00e4ven personalen.<\/p>\n<p>Tore \u00e4r v\u00e4ldigt van att samarbeta och driver arbetet fram\u00e5t tillsammans med styrelse och personal p\u00e5 ett beslutsamt och \u00e4nd\u00e5 v\u00e4ldigt medm\u00e4nskligt s\u00e4tt.<\/p>\n<p>Om du n\u00e5gon g\u00e5ng tr\u00e4ffar p\u00e5 Tore s\u00e5 kommer du att k\u00e4nna att han verkligen lever ABF-andan som finns h\u00e4r!Han tar sig alltid tiden och har alltid ett v\u00e4nligt ord till \u00f6vers vilket g\u00f6r att han blir uppskattad i alla sammanhang.<br \/>\nVi hoppas att ni som samverkar med oss och som samverkar med oss ska k\u00e4nna att ni \u00e4r lika viktiga som Tore, styrelsen och personalen tycker att ni \u00e4r!<\/p>\n<p>Tore h\u00e4lsar ett glatt hej och ser fram emot att vi, alla tillsammans, ska ta oss igenom de sv\u00e5righeter som studief\u00f6rbunden nu har st\u00e4llts inf\u00f6r efter de stora neddragningar som har skett g\u00e4llande statsbidraget och andra stora f\u00f6r\u00e4ndringar som kommer att ske fram\u00f6ver.<br \/>\nHan h\u00e4lsar att han \u00e4r \u00f6vertygad om att allt kommer att bli j\u00e4ttebra eftersom vi g\u00f6r det tillsammans!<\/p>\n\n    <\/div>\n<\/div>\n","protected":false},"featured_media":0,"parent":0,"menu_order":0,"template":"","categories":[],"class_list":["post-438","news-article","type-news-article","status-publish","hentry"],"acf":[],"yoast_head":"<!-- This site is optimized with the Yoast SEO plugin v27.0 - https:\/\/yoast.com\/product\/yoast-seo-wordpress\/ -->\n<title>M\u00f6t Tore Hansson, ABF J\u00e4mtland H\u00e4rjedalens engagerade ordf\u00f6rande! - J\u00e4mtland H\u00e4rjedalen<\/title>\n<meta name=\"robots\" content=\"index, follow, max-snippet:-1, max-image-preview:large, max-video-preview:-1\" \/>\n<link rel=\"canonical\" href=\"https:\/\/www.abf.se\/jamtland-harjedalen\/nyheter\/mot-tore-hansson-abf-jamtland-harjedalens-engagerade-ordforande\/\" \/>\n<meta property=\"og:locale\" content=\"sv_SE\" \/>\n<meta property=\"og:type\" content=\"article\" \/>\n<meta property=\"og:title\" content=\"M\u00f6t Tore Hansson, ABF J\u00e4mtland H\u00e4rjedalens engagerade ordf\u00f6rande! - J\u00e4mtland H\u00e4rjedalen\" \/>\n<meta property=\"og:url\" content=\"https:\/\/www.abf.se\/jamtland-harjedalen\/nyheter\/mot-tore-hansson-abf-jamtland-harjedalens-engagerade-ordforande\/\" \/>\n<meta property=\"og:site_name\" content=\"J\u00e4mtland H\u00e4rjedalen\" \/>\n<meta property=\"article:modified_time\" content=\"2024-10-31T11:34:58+00:00\" \/>\n<meta property=\"og:image\" content=\"https:\/\/www.abf.se\/wp-content\/uploads\/sites\/30\/2024\/10\/Tore-Hansson-1-360x396-1.jpg\" \/>\n\t<meta property=\"og:image:width\" content=\"360\" \/>\n\t<meta property=\"og:image:height\" content=\"396\" \/>\n\t<meta property=\"og:image:type\" content=\"image\/jpeg\" \/>\n<meta name=\"twitter:card\" content=\"summary_large_image\" \/>\n<script type=\"application\/ld+json\" class=\"yoast-schema-graph\">{\"@context\":\"https:\/\/schema.org\",\"@graph\":[{\"@type\":\"WebPage\",\"@id\":\"https:\/\/www.abf.se\/jamtland-harjedalen\/nyheter\/mot-tore-hansson-abf-jamtland-harjedalens-engagerade-ordforande\/\",\"url\":\"https:\/\/www.abf.se\/jamtland-harjedalen\/nyheter\/mot-tore-hansson-abf-jamtland-harjedalens-engagerade-ordforande\/\",\"name\":\"M\u00f6t Tore Hansson, ABF J\u00e4mtland H\u00e4rjedalens engagerade ordf\u00f6rande! - J\u00e4mtland H\u00e4rjedalen\",\"isPartOf\":{\"@id\":\"https:\/\/www.abf.se\/jamtland-harjedalen\/#website\"},\"datePublished\":\"2024-10-31T11:34:02+00:00\",\"dateModified\":\"2024-10-31T11:34:58+00:00\",\"breadcrumb\":{\"@id\":\"https:\/\/www.abf.se\/jamtland-harjedalen\/nyheter\/mot-tore-hansson-abf-jamtland-harjedalens-engagerade-ordforande\/#breadcrumb\"},\"inLanguage\":\"sv-SE\",\"potentialAction\":[{\"@type\":\"ReadAction\",\"target\":[\"https:\/\/www.abf.se\/jamtland-harjedalen\/nyheter\/mot-tore-hansson-abf-jamtland-harjedalens-engagerade-ordforande\/\"]}]},{\"@type\":\"BreadcrumbList\",\"@id\":\"https:\/\/www.abf.se\/jamtland-harjedalen\/nyheter\/mot-tore-hansson-abf-jamtland-harjedalens-engagerade-ordforande\/#breadcrumb\",\"itemListElement\":[{\"@type\":\"ListItem\",\"position\":1,\"name\":\"Home\",\"item\":\"https:\/\/www.abf.se\/jamtland-harjedalen\/\"},{\"@type\":\"ListItem\",\"position\":2,\"name\":\"Nyheter\",\"item\":\"https:\/\/www.abf.se\/jamtland-harjedalen\/nyheter\/\"},{\"@type\":\"ListItem\",\"position\":3,\"name\":\"M\u00f6t Tore Hansson, ABF J\u00e4mtland H\u00e4rjedalens engagerade ordf\u00f6rande!\"}]},{\"@type\":\"WebSite\",\"@id\":\"https:\/\/www.abf.se\/jamtland-harjedalen\/#website\",\"url\":\"https:\/\/www.abf.se\/jamtland-harjedalen\/\",\"name\":\"J\u00e4mtland H\u00e4rjedalen\",\"description\":\"\",\"potentialAction\":[{\"@type\":\"SearchAction\",\"target\":{\"@type\":\"EntryPoint\",\"urlTemplate\":\"https:\/\/www.abf.se\/jamtland-harjedalen\/?s={search_term_string}\"},\"query-input\":{\"@type\":\"PropertyValueSpecification\",\"valueRequired\":true,\"valueName\":\"search_term_string\"}}],\"inLanguage\":\"sv-SE\"}]}<\/script>\n<!-- \/ Yoast SEO plugin. -->","yoast_head_json":{"title":"M\u00f6t Tore Hansson, ABF J\u00e4mtland H\u00e4rjedalens engagerade ordf\u00f6rande! - J\u00e4mtland H\u00e4rjedalen","robots":{"index":"index","follow":"follow","max-snippet":"max-snippet:-1","max-image-preview":"max-image-preview:large","max-video-preview":"max-video-preview:-1"},"canonical":"https:\/\/www.abf.se\/jamtland-harjedalen\/nyheter\/mot-tore-hansson-abf-jamtland-harjedalens-engagerade-ordforande\/","og_locale":"sv_SE","og_type":"article","og_title":"M\u00f6t Tore Hansson, ABF J\u00e4mtland H\u00e4rjedalens engagerade ordf\u00f6rande! - J\u00e4mtland H\u00e4rjedalen","og_url":"https:\/\/www.abf.se\/jamtland-harjedalen\/nyheter\/mot-tore-hansson-abf-jamtland-harjedalens-engagerade-ordforande\/","og_site_name":"J\u00e4mtland H\u00e4rjedalen","article_modified_time":"2024-10-31T11:34:58+00:00","og_image":[{"width":360,"height":396,"url":"https:\/\/www.abf.se\/wp-content\/uploads\/sites\/30\/2024\/10\/Tore-Hansson-1-360x396-1.jpg","type":"image\/jpeg"}],"twitter_card":"summary_large_image","schema":{"@context":"https:\/\/schema.org","@graph":[{"@type":"WebPage","@id":"https:\/\/www.abf.se\/jamtland-harjedalen\/nyheter\/mot-tore-hansson-abf-jamtland-harjedalens-engagerade-ordforande\/","url":"https:\/\/www.abf.se\/jamtland-harjedalen\/nyheter\/mot-tore-hansson-abf-jamtland-harjedalens-engagerade-ordforande\/","name":"M\u00f6t Tore Hansson, ABF J\u00e4mtland H\u00e4rjedalens engagerade ordf\u00f6rande! - J\u00e4mtland H\u00e4rjedalen","isPartOf":{"@id":"https:\/\/www.abf.se\/jamtland-harjedalen\/#website"},"datePublished":"2024-10-31T11:34:02+00:00","dateModified":"2024-10-31T11:34:58+00:00","breadcrumb":{"@id":"https:\/\/www.abf.se\/jamtland-harjedalen\/nyheter\/mot-tore-hansson-abf-jamtland-harjedalens-engagerade-ordforande\/#breadcrumb"},"inLanguage":"sv-SE","potentialAction":[{"@type":"ReadAction","target":["https:\/\/www.abf.se\/jamtland-harjedalen\/nyheter\/mot-tore-hansson-abf-jamtland-harjedalens-engagerade-ordforande\/"]}]},{"@type":"BreadcrumbList","@id":"https:\/\/www.abf.se\/jamtland-harjedalen\/nyheter\/mot-tore-hansson-abf-jamtland-harjedalens-engagerade-ordforande\/#breadcrumb","itemListElement":[{"@type":"ListItem","position":1,"name":"Home","item":"https:\/\/www.abf.se\/jamtland-harjedalen\/"},{"@type":"ListItem","position":2,"name":"Nyheter","item":"https:\/\/www.abf.se\/jamtland-harjedalen\/nyheter\/"},{"@type":"ListItem","position":3,"name":"M\u00f6t Tore Hansson, ABF J\u00e4mtland H\u00e4rjedalens engagerade ordf\u00f6rande!"}]},{"@type":"WebSite","@id":"https:\/\/www.abf.se\/jamtland-harjedalen\/#website","url":"https:\/\/www.abf.se\/jamtland-harjedalen\/","name":"J\u00e4mtland H\u00e4rjedalen","description":"","potentialAction":[{"@type":"SearchAction","target":{"@type":"EntryPoint","urlTemplate":"https:\/\/www.abf.se\/jamtland-harjedalen\/?s={search_term_string}"},"query-input":{"@type":"PropertyValueSpecification","valueRequired":true,"valueName":"search_term_string"}}],"inLanguage":"sv-SE"}]}},"_links":{"self":[{"href":"https:\/\/www.abf.se\/jamtland-harjedalen\/wp-json\/wp\/v2\/news-article\/438","targetHints":{"allow":["GET"]}}],"collection":[{"href":"https:\/\/www.abf.se\/jamtland-harjedalen\/wp-json\/wp\/v2\/news-article"}],"about":[{"href":"https:\/\/www.abf.se\/jamtland-harjedalen\/wp-json\/wp\/v2\/types\/news-article"}],"wp:attachment":[{"href":"https:\/\/www.abf.se\/jamtland-harjedalen\/wp-json\/wp\/v2\/media?parent=438"}],"wp:term":[{"taxonomy":"category","embeddable":true,"href":"https:\/\/www.abf.se\/jamtland-harjedalen\/wp-json\/wp\/v2\/categories?post=438"}],"curies":[{"name":"wp","href":"https:\/\/api.w.org\/{rel}","templated":true}]}}