{"id":686,"date":"2025-01-31T13:45:10","date_gmt":"2025-01-31T12:45:10","guid":{"rendered":"https:\/\/www.abf.se\/jamtland-harjedalen\/?post_type=news-article&#038;p=686"},"modified":"2025-01-31T15:18:56","modified_gmt":"2025-01-31T14:18:56","slug":"hotet-fran-ytterhogern-verktyg-och-kunskap-for-en-battre-framtid","status":"publish","type":"news-article","link":"https:\/\/www.abf.se\/jamtland-harjedalen\/nyheter\/hotet-fran-ytterhogern-verktyg-och-kunskap-for-en-battre-framtid\/","title":{"rendered":"Hotet fr\u00e5n ytterh\u00f6gern, verktyg och kunskap f\u00f6r en b\u00e4ttre framtid"},"content":{"rendered":"<div\n    class=\"acf-article-text-block article-container my-12\"\n    data-block=\"article-text-block\"\n>\n    <div class=\"wysiwyg\">\n        <h2>Kunskap och verktyg f\u00f6r att m\u00f6ta hoten mot demokratin<\/h2>\n<p>Vi st\u00e5r inf\u00f6r stora utmaningar. Ytterh\u00f6gerns framfart f\u00e5r stora konsekvenser f\u00f6r kulturen, civilsamh\u00e4llet och demokratin \u2013 och utmanar v\u00e5ra v\u00e4rderingar i grunden.<\/p>\n<p>Rapporten\u00a0<a href=\"https:\/\/www.abf.se\/wp-content\/uploads\/2025\/01\/Hotet-fran-ytterhogern.pdf\" target=\"_blank\" rel=\"noopener\">\u201dHotet fr\u00e5n ytterh\u00f6gern\u201d<\/a>\u00a0som\u00a0<a href=\"https:\/\/expo.se\/\" target=\"_blank\" rel=\"noopener\">Stiftelsen Expo<\/a>\u00a0tagit fram \u00e5t ABF ger dig b\u00e5de kunskap om nul\u00e4get, v\u00e4rdefulla insikter och konkreta tips och verktyg f\u00f6r att bem\u00f6ta rasistiska id\u00e9er och st\u00e4rka demokratin och sammanh\u00e5llningen i samh\u00e4llet.<\/p>\n<p>Rapporten analyserar hur dessa krafter agerar f\u00f6r att underminera demokratin och beskriver de hot som arbetarr\u00f6relsen och civilsamh\u00e4llet m\u00f6ter idag. H\u00e4r lyfts\u00a0konkreta exempel p\u00e5 ytterh\u00f6gerns strategier \u2013 fr\u00e5n hur de skriver om historien till hur de vinner mark bland nya generationer \u2013 och inneh\u00e5ller rekommendationer f\u00f6r hur vi kan m\u00f6ta dessa hot.<\/p>\n<p>&nbsp;<\/p>\n<p>Det \u00e4r viktigt och intressant l\u00e4sning f\u00f6r alla som vill f\u00f6rst\u00e5 och agera mot den v\u00e4xande extremismen.<\/p>\n<h2><strong>F\u00f6rslag p\u00e5 strategiska fr\u00e5gor<\/strong><\/h2>\n<p>1. Hur ska arbetarr\u00f6relsen st\u00e4rka och f\u00f6rsvara sin egen\u00a0historieskrivning och f\u00e5 fler att l\u00e4ra sig mer om arbetarr\u00f6relsens\u00a0historia?<\/p>\n<p>2. Hur ska arbetarr\u00f6relsens politiska partier f\u00e5 st\u00f6rre genomslag\u00a0f\u00f6r sitt eget narrativ och f\u00e5 fler r\u00f6ster bland arbetare\u00a0och LO-medlemmar?<\/p>\n<p>3. Hur f\u00e5r arbetarr\u00f6relsen fler att f\u00f6rst\u00e5 v\u00e4rdet av och bli\u00a0medlemmar i facket?<\/p>\n<p>4. Hur st\u00e4rker arbetarr\u00f6relsen sina medlemmar och f\u00f6rtroendevalda\u00a0s\u00e5 att de klarar av att ta debatten mot ytterh\u00f6gerns\u00a0argument och id\u00e9er \u2013 i politiken och i vardagen?<\/p>\n<p>5. Hur kan arbetarr\u00f6relsen bygga kapacitet och f\u00f6rm\u00e5ga att\u00a0hantera hot och hat som riktas mot medlemmar, anst\u00e4llda\u00a0och sympatis\u00f6rer?<\/p>\n<p>6. Hur ska arbetarr\u00f6relsen f\u00f6rsvara och st\u00e5 emot nedmonteringen\u00a0och attacken mot det svenska civilsamh\u00e4llet?<\/p>\n<p>7. Hur ska arbetarr\u00f6relsen locka en ny generation\u00a0ungdomar?<\/p>\n<p>8. Hur skyddar arbetarr\u00f6relsen sina egna organisationer\u00a0och institutioner fr\u00e5n infiltration och \u00f6vertagande fr\u00e5n\u00a0ytterh\u00f6gern?<\/p>\n<p>9. P\u00e5 vilket s\u00e4tt kan arbetarr\u00f6relsen st\u00e4rka sin n\u00e4rvaro och\u00a0utmana ytterh\u00f6gerns dominans i sociala medier och\u00a0digitala forum?<\/p>\n<p>10. Hur ska arbetarr\u00f6relsen bygga och vidmakth\u00e5lla en god\u00a0intern kunskap om ytterh\u00f6gerns id\u00e9er och strategier?<\/p>\n<p>&nbsp;<\/p>\n\n    <\/div>\n<\/div>\n<div\n    class=\"acf-article-cta-link-block article-container my-8\"\n    data-block=\"article-cta-link-block\"\n>\n<div>\n    <a class=\"inline-flex flex-row items-center gap-4 text-link underline text-red-dark\"\n        href=\"https:\/\/www.aftonbladet.se\/kultur\/a\/8qz7kG\/demokratins-sjalvforsvar-mot-nedmonteringen-av-civilsamhallet\"\n                target=\"_blank\"\n            >\n        <span class=\"\">\n        ABF: &quot;Vi bryter ytterh\u00f6gerns framfart med bildning&quot;\n        <\/span>\n        <figure aria-hidden=\"true\" class=\"rounded-full bg-red-dark w-8 h-8 p-1 text-white\">\n            <svg width=\"20\" height=\"20\" viewBox=\"0 0 20 20\" fill=\"none\" class=\"SvgIconElement\">\n<path d=\"M4.16659 10L15.8333 10\" stroke=\"currentColor\"\/>\n<path d=\"M9.99992 4.1665L15.8333 9.99984L9.99992 15.8332\" stroke=\"currentColor\"\/>\n<\/svg>\n        <\/figure>\n    <\/a>\n<\/div>\n<\/div>\n<div\n    class=\"acf-article-cta-link-block article-container my-8\"\n    data-block=\"article-cta-link-block\"\n>\n<div>\n    <a class=\"inline-flex flex-row items-center gap-4 text-link underline text-red-dark\"\n        href=\"https:\/\/www.abf.se\/wp-content\/uploads\/2025\/01\/Hotet-fran-ytterhogern.pdf\"\n                target=\"_blank\"\n            >\n        <span class=\"\">\n        Ladda ner rapporten &quot;Hotet fr\u00e5n ytterh\u00f6gern&quot;\n        <\/span>\n        <figure aria-hidden=\"true\" class=\"rounded-full bg-red-dark w-8 h-8 p-1 text-white\">\n            <svg width=\"20\" height=\"20\" viewBox=\"0 0 20 20\" fill=\"none\" class=\"SvgIconElement\">\n<path d=\"M4.16659 10L15.8333 10\" stroke=\"currentColor\"\/>\n<path d=\"M9.99992 4.1665L15.8333 9.99984L9.99992 15.8332\" stroke=\"currentColor\"\/>\n<\/svg>\n        <\/figure>\n    <\/a>\n<\/div>\n<\/div>\n","protected":false},"featured_media":0,"parent":0,"menu_order":0,"template":"","categories":[],"class_list":["post-686","news-article","type-news-article","status-publish","hentry"],"acf":[],"yoast_head":"<!-- This site is optimized with the Yoast SEO plugin v27.0 - https:\/\/yoast.com\/product\/yoast-seo-wordpress\/ -->\n<title>Hotet fr\u00e5n ytterh\u00f6gern, verktyg och kunskap f\u00f6r en b\u00e4ttre framtid - J\u00e4mtland H\u00e4rjedalen<\/title>\n<meta name=\"robots\" content=\"index, follow, max-snippet:-1, max-image-preview:large, max-video-preview:-1\" \/>\n<link rel=\"canonical\" href=\"https:\/\/www.abf.se\/jamtland-harjedalen\/nyheter\/hotet-fran-ytterhogern-verktyg-och-kunskap-for-en-battre-framtid\/\" \/>\n<meta property=\"og:locale\" content=\"sv_SE\" \/>\n<meta property=\"og:type\" content=\"article\" \/>\n<meta property=\"og:title\" content=\"Hotet fr\u00e5n ytterh\u00f6gern, verktyg och kunskap f\u00f6r en b\u00e4ttre framtid - J\u00e4mtland H\u00e4rjedalen\" \/>\n<meta property=\"og:url\" content=\"https:\/\/www.abf.se\/jamtland-harjedalen\/nyheter\/hotet-fran-ytterhogern-verktyg-och-kunskap-for-en-battre-framtid\/\" \/>\n<meta property=\"og:site_name\" content=\"J\u00e4mtland H\u00e4rjedalen\" \/>\n<meta property=\"article:modified_time\" content=\"2025-01-31T14:18:56+00:00\" \/>\n<meta property=\"og:image\" content=\"https:\/\/www.abf.se\/wp-content\/uploads\/sites\/30\/2024\/04\/Nyckeln-liggande-scaled.jpg\" \/>\n\t<meta property=\"og:image:width\" content=\"2560\" \/>\n\t<meta property=\"og:image:height\" content=\"1440\" \/>\n\t<meta property=\"og:image:type\" content=\"image\/jpeg\" \/>\n<meta name=\"twitter:card\" content=\"summary_large_image\" \/>\n<script type=\"application\/ld+json\" class=\"yoast-schema-graph\">{\"@context\":\"https:\/\/schema.org\",\"@graph\":[{\"@type\":\"WebPage\",\"@id\":\"https:\/\/www.abf.se\/jamtland-harjedalen\/nyheter\/hotet-fran-ytterhogern-verktyg-och-kunskap-for-en-battre-framtid\/\",\"url\":\"https:\/\/www.abf.se\/jamtland-harjedalen\/nyheter\/hotet-fran-ytterhogern-verktyg-och-kunskap-for-en-battre-framtid\/\",\"name\":\"Hotet fr\u00e5n ytterh\u00f6gern, verktyg och kunskap f\u00f6r en b\u00e4ttre framtid - J\u00e4mtland H\u00e4rjedalen\",\"isPartOf\":{\"@id\":\"https:\/\/www.abf.se\/jamtland-harjedalen\/#website\"},\"datePublished\":\"2025-01-31T12:45:10+00:00\",\"dateModified\":\"2025-01-31T14:18:56+00:00\",\"breadcrumb\":{\"@id\":\"https:\/\/www.abf.se\/jamtland-harjedalen\/nyheter\/hotet-fran-ytterhogern-verktyg-och-kunskap-for-en-battre-framtid\/#breadcrumb\"},\"inLanguage\":\"sv-SE\",\"potentialAction\":[{\"@type\":\"ReadAction\",\"target\":[\"https:\/\/www.abf.se\/jamtland-harjedalen\/nyheter\/hotet-fran-ytterhogern-verktyg-och-kunskap-for-en-battre-framtid\/\"]}]},{\"@type\":\"BreadcrumbList\",\"@id\":\"https:\/\/www.abf.se\/jamtland-harjedalen\/nyheter\/hotet-fran-ytterhogern-verktyg-och-kunskap-for-en-battre-framtid\/#breadcrumb\",\"itemListElement\":[{\"@type\":\"ListItem\",\"position\":1,\"name\":\"Home\",\"item\":\"https:\/\/www.abf.se\/jamtland-harjedalen\/\"},{\"@type\":\"ListItem\",\"position\":2,\"name\":\"Nyheter\",\"item\":\"https:\/\/www.abf.se\/jamtland-harjedalen\/nyheter\/\"},{\"@type\":\"ListItem\",\"position\":3,\"name\":\"Hotet fr\u00e5n ytterh\u00f6gern, verktyg och kunskap f\u00f6r en b\u00e4ttre framtid\"}]},{\"@type\":\"WebSite\",\"@id\":\"https:\/\/www.abf.se\/jamtland-harjedalen\/#website\",\"url\":\"https:\/\/www.abf.se\/jamtland-harjedalen\/\",\"name\":\"J\u00e4mtland H\u00e4rjedalen\",\"description\":\"\",\"potentialAction\":[{\"@type\":\"SearchAction\",\"target\":{\"@type\":\"EntryPoint\",\"urlTemplate\":\"https:\/\/www.abf.se\/jamtland-harjedalen\/?s={search_term_string}\"},\"query-input\":{\"@type\":\"PropertyValueSpecification\",\"valueRequired\":true,\"valueName\":\"search_term_string\"}}],\"inLanguage\":\"sv-SE\"}]}<\/script>\n<!-- \/ Yoast SEO plugin. -->","yoast_head_json":{"title":"Hotet fr\u00e5n ytterh\u00f6gern, verktyg och kunskap f\u00f6r en b\u00e4ttre framtid - J\u00e4mtland H\u00e4rjedalen","robots":{"index":"index","follow":"follow","max-snippet":"max-snippet:-1","max-image-preview":"max-image-preview:large","max-video-preview":"max-video-preview:-1"},"canonical":"https:\/\/www.abf.se\/jamtland-harjedalen\/nyheter\/hotet-fran-ytterhogern-verktyg-och-kunskap-for-en-battre-framtid\/","og_locale":"sv_SE","og_type":"article","og_title":"Hotet fr\u00e5n ytterh\u00f6gern, verktyg och kunskap f\u00f6r en b\u00e4ttre framtid - J\u00e4mtland H\u00e4rjedalen","og_url":"https:\/\/www.abf.se\/jamtland-harjedalen\/nyheter\/hotet-fran-ytterhogern-verktyg-och-kunskap-for-en-battre-framtid\/","og_site_name":"J\u00e4mtland H\u00e4rjedalen","article_modified_time":"2025-01-31T14:18:56+00:00","og_image":[{"width":2560,"height":1440,"url":"https:\/\/www.abf.se\/wp-content\/uploads\/sites\/30\/2024\/04\/Nyckeln-liggande-scaled.jpg","type":"image\/jpeg"}],"twitter_card":"summary_large_image","schema":{"@context":"https:\/\/schema.org","@graph":[{"@type":"WebPage","@id":"https:\/\/www.abf.se\/jamtland-harjedalen\/nyheter\/hotet-fran-ytterhogern-verktyg-och-kunskap-for-en-battre-framtid\/","url":"https:\/\/www.abf.se\/jamtland-harjedalen\/nyheter\/hotet-fran-ytterhogern-verktyg-och-kunskap-for-en-battre-framtid\/","name":"Hotet fr\u00e5n ytterh\u00f6gern, verktyg och kunskap f\u00f6r en b\u00e4ttre framtid - J\u00e4mtland H\u00e4rjedalen","isPartOf":{"@id":"https:\/\/www.abf.se\/jamtland-harjedalen\/#website"},"datePublished":"2025-01-31T12:45:10+00:00","dateModified":"2025-01-31T14:18:56+00:00","breadcrumb":{"@id":"https:\/\/www.abf.se\/jamtland-harjedalen\/nyheter\/hotet-fran-ytterhogern-verktyg-och-kunskap-for-en-battre-framtid\/#breadcrumb"},"inLanguage":"sv-SE","potentialAction":[{"@type":"ReadAction","target":["https:\/\/www.abf.se\/jamtland-harjedalen\/nyheter\/hotet-fran-ytterhogern-verktyg-och-kunskap-for-en-battre-framtid\/"]}]},{"@type":"BreadcrumbList","@id":"https:\/\/www.abf.se\/jamtland-harjedalen\/nyheter\/hotet-fran-ytterhogern-verktyg-och-kunskap-for-en-battre-framtid\/#breadcrumb","itemListElement":[{"@type":"ListItem","position":1,"name":"Home","item":"https:\/\/www.abf.se\/jamtland-harjedalen\/"},{"@type":"ListItem","position":2,"name":"Nyheter","item":"https:\/\/www.abf.se\/jamtland-harjedalen\/nyheter\/"},{"@type":"ListItem","position":3,"name":"Hotet fr\u00e5n ytterh\u00f6gern, verktyg och kunskap f\u00f6r en b\u00e4ttre framtid"}]},{"@type":"WebSite","@id":"https:\/\/www.abf.se\/jamtland-harjedalen\/#website","url":"https:\/\/www.abf.se\/jamtland-harjedalen\/","name":"J\u00e4mtland H\u00e4rjedalen","description":"","potentialAction":[{"@type":"SearchAction","target":{"@type":"EntryPoint","urlTemplate":"https:\/\/www.abf.se\/jamtland-harjedalen\/?s={search_term_string}"},"query-input":{"@type":"PropertyValueSpecification","valueRequired":true,"valueName":"search_term_string"}}],"inLanguage":"sv-SE"}]}},"_links":{"self":[{"href":"https:\/\/www.abf.se\/jamtland-harjedalen\/wp-json\/wp\/v2\/news-article\/686","targetHints":{"allow":["GET"]}}],"collection":[{"href":"https:\/\/www.abf.se\/jamtland-harjedalen\/wp-json\/wp\/v2\/news-article"}],"about":[{"href":"https:\/\/www.abf.se\/jamtland-harjedalen\/wp-json\/wp\/v2\/types\/news-article"}],"wp:attachment":[{"href":"https:\/\/www.abf.se\/jamtland-harjedalen\/wp-json\/wp\/v2\/media?parent=686"}],"wp:term":[{"taxonomy":"category","embeddable":true,"href":"https:\/\/www.abf.se\/jamtland-harjedalen\/wp-json\/wp\/v2\/categories?post=686"}],"curies":[{"name":"wp","href":"https:\/\/api.w.org\/{rel}","templated":true}]}}