{"id":833,"date":"2025-02-20T14:22:13","date_gmt":"2025-02-20T13:22:13","guid":{"rendered":"https:\/\/www.abf.se\/jamtland-harjedalen\/?post_type=news-article&#038;p=833"},"modified":"2025-02-20T14:28:34","modified_gmt":"2025-02-20T13:28:34","slug":"vevgrammofon-platgitarr","status":"publish","type":"news-article","link":"https:\/\/www.abf.se\/jamtland-harjedalen\/nyheter\/vevgrammofon-platgitarr\/","title":{"rendered":"Vevgrammofon och pl\u00e5tgitarr"},"content":{"rendered":"<div\n    class=\"acf-article-text-block article-container my-12\"\n    data-block=\"article-text-block\"\n>\n    <div class=\"wysiwyg\">\n        <p>F\u00f6rest\u00e4llningen best\u00e5r av blues uppspelad fr\u00e5n 78-varvs skivor, popul\u00e4rt kallade &#8221;stenkakor&#8221; och delvis levande musik av \u00e4ldre snitt d\u00e4r Hohan sjunger och spelar rootsmusik p\u00e5 sina \u00e5lderdomliga gitarrer tillverkade av metall.<\/p>\n<p>Dessutom v\u00e4vs det in ber\u00e4ttelser om musiken, mekaniken och histoiken bakom dessa uppfinningar som gav \u00e5h\u00f6rare musikupplevelser i deras hem eller fr\u00e5n en scen!<\/p>\n<p>Johan Eliasson bokar du p\u00e5 <a href=\"mailto:info@bottleneckjohn.com\">info@bottleneckjohn.com<\/a><\/p>\n<p>&nbsp;<\/p>\n\n    <\/div>\n<\/div>\n<div\n    class=\"acf-article-image-block mb-12 article-container-lg\"\n    data-block=\"article-image-block\"\n>\n<div class=\"\">\n\n        <figure>\n        \n            <picture class=\"round-corners-lg w-full\"><img decoding=\"async\" src=\"https:\/\/www.abf.se\/jamtland-harjedalen\/resized\/?url=https%3A%2F%2Fwww.abf.se%2Fwp-content%2Fuploads%2Fsites%2F30%2F2025%2F02%2FBJBW.jpg&#038;fit=contain&#038;w=788&#038;s=4e916830b9bda72bb8a5bd4e57e79f98\" srcset=\"https:\/\/www.abf.se\/jamtland-harjedalen\/resized\/?url=https%3A%2F%2Fwww.abf.se%2Fwp-content%2Fuploads%2Fsites%2F30%2F2025%2F02%2FBJBW.jpg&#038;fit=contain&#038;w=375&#038;h=461&#038;s=00748e9e2e74ffa605e9dd46111f8595 375w, https:\/\/www.abf.se\/jamtland-harjedalen\/resized\/?url=https%3A%2F%2Fwww.abf.se%2Fwp-content%2Fuploads%2Fsites%2F30%2F2025%2F02%2FBJBW.jpg&#038;fit=contain&#038;w=447&#038;h=550&#038;s=79388785e9fbb524b082a67dd044df5a 447w, https:\/\/www.abf.se\/jamtland-harjedalen\/resized\/?url=https%3A%2F%2Fwww.abf.se%2Fwp-content%2Fuploads%2Fsites%2F30%2F2025%2F02%2FBJBW.jpg&#038;fit=contain&#038;w=519&#038;h=638&#038;s=2beb0acf85428fa29e5f2e734bc5de8b 519w, https:\/\/www.abf.se\/jamtland-harjedalen\/resized\/?url=https%3A%2F%2Fwww.abf.se%2Fwp-content%2Fuploads%2Fsites%2F30%2F2025%2F02%2FBJBW.jpg&#038;fit=contain&#038;w=591&#038;h=727&#038;s=ebe787d055aed45d3645bbdc0ccd3510 591w, https:\/\/www.abf.se\/jamtland-harjedalen\/resized\/?url=https%3A%2F%2Fwww.abf.se%2Fwp-content%2Fuploads%2Fsites%2F30%2F2025%2F02%2FBJBW.jpg&#038;fit=contain&#038;w=663&#038;h=816&#038;s=b56c360e063c9f154ab4720a2232bba7 663w, https:\/\/www.abf.se\/jamtland-harjedalen\/resized\/?url=https%3A%2F%2Fwww.abf.se%2Fwp-content%2Fuploads%2Fsites%2F30%2F2025%2F02%2FBJBW.jpg&#038;fit=contain&#038;w=735&#038;h=904&#038;s=11f770eb52b5e8c1547fd07029d4dbf7 735w, https:\/\/www.abf.se\/jamtland-harjedalen\/resized\/?url=https%3A%2F%2Fwww.abf.se%2Fwp-content%2Fuploads%2Fsites%2F30%2F2025%2F02%2FBJBW.jpg&#038;fit=contain&#038;w=750&#038;h=923&#038;s=5111ed1942177e87fee60e126f1d3d63 750w, https:\/\/www.abf.se\/jamtland-harjedalen\/resized\/?url=https%3A%2F%2Fwww.abf.se%2Fwp-content%2Fuploads%2Fsites%2F30%2F2025%2F02%2FBJBW.jpg&#038;fit=contain&#038;w=788&#038;s=4e916830b9bda72bb8a5bd4e57e79f98 788w, https:\/\/www.abf.se\/jamtland-harjedalen\/resized\/?url=https%3A%2F%2Fwww.abf.se%2Fwp-content%2Fuploads%2Fsites%2F30%2F2025%2F02%2FBJBW.jpg&#038;fit=contain&#038;w=894&#038;h=1100&#038;s=8de452ab8824b5fa5b790525dd0c04fe 894w, https:\/\/www.abf.se\/jamtland-harjedalen\/resized\/?url=https%3A%2F%2Fwww.abf.se%2Fwp-content%2Fuploads%2Fsites%2F30%2F2025%2F02%2FBJBW.jpg&#038;fit=contain&#038;w=1038&#038;h=1277&#038;s=229c75a7cc6f7707e70f7f7bc38dd3d5 1038w, https:\/\/www.abf.se\/jamtland-harjedalen\/resized\/?url=https%3A%2F%2Fwww.abf.se%2Fwp-content%2Fuploads%2Fsites%2F30%2F2025%2F02%2FBJBW.jpg&#038;fit=contain&#038;w=1182&#038;h=1455&#038;s=1b00d5ae543434d7c49c509297dd01c9 1182w, https:\/\/www.abf.se\/jamtland-harjedalen\/resized\/?url=https%3A%2F%2Fwww.abf.se%2Fwp-content%2Fuploads%2Fsites%2F30%2F2025%2F02%2FBJBW.jpg&#038;fit=contain&#038;w=1326&#038;h=1632&#038;s=2c6c726407611871f37ebd7c38a27aec 1326w, https:\/\/www.abf.se\/jamtland-harjedalen\/resized\/?url=https%3A%2F%2Fwww.abf.se%2Fwp-content%2Fuploads%2Fsites%2F30%2F2025%2F02%2FBJBW.jpg&#038;fit=contain&#038;w=1470&#038;h=1809&#038;s=9bf11c53fa824e9047ff39d5c8322433 1470w\" alt=\"Bottleneck John\" height=\"970\" width=\"788\" sizes=\"auto, (max-width: 768px) calc(100vw - 40px), 788px\" loading=\"lazy\" fetchpriority=\"low\" class=\"round-corners-lg w-full\" \/><\/picture>\n                        <\/figure>\n        <\/div>\n\n<\/div>\n","protected":false},"featured_media":0,"parent":0,"menu_order":0,"template":"","categories":[],"class_list":["post-833","news-article","type-news-article","status-publish","hentry"],"acf":[],"yoast_head":"<!-- This site is optimized with the Yoast SEO plugin v27.0 - https:\/\/yoast.com\/product\/yoast-seo-wordpress\/ -->\n<title>Vevgrammofon och pl\u00e5tgitarr - J\u00e4mtland H\u00e4rjedalen<\/title>\n<meta name=\"robots\" content=\"index, follow, max-snippet:-1, max-image-preview:large, max-video-preview:-1\" \/>\n<link rel=\"canonical\" href=\"https:\/\/www.abf.se\/jamtland-harjedalen\/nyheter\/vevgrammofon-platgitarr\/\" \/>\n<meta property=\"og:locale\" content=\"sv_SE\" \/>\n<meta property=\"og:type\" content=\"article\" \/>\n<meta property=\"og:title\" content=\"Vevgrammofon och pl\u00e5tgitarr - J\u00e4mtland H\u00e4rjedalen\" \/>\n<meta property=\"og:url\" content=\"https:\/\/www.abf.se\/jamtland-harjedalen\/nyheter\/vevgrammofon-platgitarr\/\" \/>\n<meta property=\"og:site_name\" content=\"J\u00e4mtland H\u00e4rjedalen\" \/>\n<meta property=\"article:modified_time\" content=\"2025-02-20T13:28:34+00:00\" \/>\n<meta property=\"og:image\" content=\"https:\/\/www.abf.se\/wp-content\/uploads\/sites\/30\/2024\/04\/Nyckeln-liggande-scaled.jpg\" \/>\n\t<meta property=\"og:image:width\" content=\"2560\" \/>\n\t<meta property=\"og:image:height\" content=\"1440\" \/>\n\t<meta property=\"og:image:type\" content=\"image\/jpeg\" \/>\n<meta name=\"twitter:card\" content=\"summary_large_image\" \/>\n<script type=\"application\/ld+json\" class=\"yoast-schema-graph\">{\"@context\":\"https:\/\/schema.org\",\"@graph\":[{\"@type\":\"WebPage\",\"@id\":\"https:\/\/www.abf.se\/jamtland-harjedalen\/nyheter\/vevgrammofon-platgitarr\/\",\"url\":\"https:\/\/www.abf.se\/jamtland-harjedalen\/nyheter\/vevgrammofon-platgitarr\/\",\"name\":\"Vevgrammofon och pl\u00e5tgitarr - J\u00e4mtland H\u00e4rjedalen\",\"isPartOf\":{\"@id\":\"https:\/\/www.abf.se\/jamtland-harjedalen\/#website\"},\"datePublished\":\"2025-02-20T13:22:13+00:00\",\"dateModified\":\"2025-02-20T13:28:34+00:00\",\"breadcrumb\":{\"@id\":\"https:\/\/www.abf.se\/jamtland-harjedalen\/nyheter\/vevgrammofon-platgitarr\/#breadcrumb\"},\"inLanguage\":\"sv-SE\",\"potentialAction\":[{\"@type\":\"ReadAction\",\"target\":[\"https:\/\/www.abf.se\/jamtland-harjedalen\/nyheter\/vevgrammofon-platgitarr\/\"]}]},{\"@type\":\"BreadcrumbList\",\"@id\":\"https:\/\/www.abf.se\/jamtland-harjedalen\/nyheter\/vevgrammofon-platgitarr\/#breadcrumb\",\"itemListElement\":[{\"@type\":\"ListItem\",\"position\":1,\"name\":\"Home\",\"item\":\"https:\/\/www.abf.se\/jamtland-harjedalen\/\"},{\"@type\":\"ListItem\",\"position\":2,\"name\":\"Nyheter\",\"item\":\"https:\/\/www.abf.se\/jamtland-harjedalen\/nyheter\/\"},{\"@type\":\"ListItem\",\"position\":3,\"name\":\"Vevgrammofon och pl\u00e5tgitarr\"}]},{\"@type\":\"WebSite\",\"@id\":\"https:\/\/www.abf.se\/jamtland-harjedalen\/#website\",\"url\":\"https:\/\/www.abf.se\/jamtland-harjedalen\/\",\"name\":\"J\u00e4mtland H\u00e4rjedalen\",\"description\":\"\",\"potentialAction\":[{\"@type\":\"SearchAction\",\"target\":{\"@type\":\"EntryPoint\",\"urlTemplate\":\"https:\/\/www.abf.se\/jamtland-harjedalen\/?s={search_term_string}\"},\"query-input\":{\"@type\":\"PropertyValueSpecification\",\"valueRequired\":true,\"valueName\":\"search_term_string\"}}],\"inLanguage\":\"sv-SE\"}]}<\/script>\n<!-- \/ Yoast SEO plugin. -->","yoast_head_json":{"title":"Vevgrammofon och pl\u00e5tgitarr - J\u00e4mtland H\u00e4rjedalen","robots":{"index":"index","follow":"follow","max-snippet":"max-snippet:-1","max-image-preview":"max-image-preview:large","max-video-preview":"max-video-preview:-1"},"canonical":"https:\/\/www.abf.se\/jamtland-harjedalen\/nyheter\/vevgrammofon-platgitarr\/","og_locale":"sv_SE","og_type":"article","og_title":"Vevgrammofon och pl\u00e5tgitarr - J\u00e4mtland H\u00e4rjedalen","og_url":"https:\/\/www.abf.se\/jamtland-harjedalen\/nyheter\/vevgrammofon-platgitarr\/","og_site_name":"J\u00e4mtland H\u00e4rjedalen","article_modified_time":"2025-02-20T13:28:34+00:00","og_image":[{"width":2560,"height":1440,"url":"https:\/\/www.abf.se\/wp-content\/uploads\/sites\/30\/2024\/04\/Nyckeln-liggande-scaled.jpg","type":"image\/jpeg"}],"twitter_card":"summary_large_image","schema":{"@context":"https:\/\/schema.org","@graph":[{"@type":"WebPage","@id":"https:\/\/www.abf.se\/jamtland-harjedalen\/nyheter\/vevgrammofon-platgitarr\/","url":"https:\/\/www.abf.se\/jamtland-harjedalen\/nyheter\/vevgrammofon-platgitarr\/","name":"Vevgrammofon och pl\u00e5tgitarr - J\u00e4mtland H\u00e4rjedalen","isPartOf":{"@id":"https:\/\/www.abf.se\/jamtland-harjedalen\/#website"},"datePublished":"2025-02-20T13:22:13+00:00","dateModified":"2025-02-20T13:28:34+00:00","breadcrumb":{"@id":"https:\/\/www.abf.se\/jamtland-harjedalen\/nyheter\/vevgrammofon-platgitarr\/#breadcrumb"},"inLanguage":"sv-SE","potentialAction":[{"@type":"ReadAction","target":["https:\/\/www.abf.se\/jamtland-harjedalen\/nyheter\/vevgrammofon-platgitarr\/"]}]},{"@type":"BreadcrumbList","@id":"https:\/\/www.abf.se\/jamtland-harjedalen\/nyheter\/vevgrammofon-platgitarr\/#breadcrumb","itemListElement":[{"@type":"ListItem","position":1,"name":"Home","item":"https:\/\/www.abf.se\/jamtland-harjedalen\/"},{"@type":"ListItem","position":2,"name":"Nyheter","item":"https:\/\/www.abf.se\/jamtland-harjedalen\/nyheter\/"},{"@type":"ListItem","position":3,"name":"Vevgrammofon och pl\u00e5tgitarr"}]},{"@type":"WebSite","@id":"https:\/\/www.abf.se\/jamtland-harjedalen\/#website","url":"https:\/\/www.abf.se\/jamtland-harjedalen\/","name":"J\u00e4mtland H\u00e4rjedalen","description":"","potentialAction":[{"@type":"SearchAction","target":{"@type":"EntryPoint","urlTemplate":"https:\/\/www.abf.se\/jamtland-harjedalen\/?s={search_term_string}"},"query-input":{"@type":"PropertyValueSpecification","valueRequired":true,"valueName":"search_term_string"}}],"inLanguage":"sv-SE"}]}},"_links":{"self":[{"href":"https:\/\/www.abf.se\/jamtland-harjedalen\/wp-json\/wp\/v2\/news-article\/833","targetHints":{"allow":["GET"]}}],"collection":[{"href":"https:\/\/www.abf.se\/jamtland-harjedalen\/wp-json\/wp\/v2\/news-article"}],"about":[{"href":"https:\/\/www.abf.se\/jamtland-harjedalen\/wp-json\/wp\/v2\/types\/news-article"}],"wp:attachment":[{"href":"https:\/\/www.abf.se\/jamtland-harjedalen\/wp-json\/wp\/v2\/media?parent=833"}],"wp:term":[{"taxonomy":"category","embeddable":true,"href":"https:\/\/www.abf.se\/jamtland-harjedalen\/wp-json\/wp\/v2\/categories?post=833"}],"curies":[{"name":"wp","href":"https:\/\/api.w.org\/{rel}","templated":true}]}}