{"id":914,"date":"2025-03-10T10:30:03","date_gmt":"2025-03-10T09:30:03","guid":{"rendered":"https:\/\/www.abf.se\/jamtland-harjedalen\/?post_type=news-article&#038;p=914"},"modified":"2025-03-10T10:38:16","modified_gmt":"2025-03-10T09:38:16","slug":"nytt-studiematerial-tre-samtal-om-sverige-abf-och-pro-i-samverkan-for-ett-starkare-civilsamhalle","status":"publish","type":"news-article","link":"https:\/\/www.abf.se\/jamtland-harjedalen\/nyheter\/nytt-studiematerial-tre-samtal-om-sverige-abf-och-pro-i-samverkan-for-ett-starkare-civilsamhalle\/","title":{"rendered":"Nytt studiematerial: Tre samtal om Sverige \u2013 ABF och PRO i samverkan f\u00f6r ett starkare civilsamh\u00e4lle"},"content":{"rendered":"<div\n    class=\"acf-article-text-block article-container my-12\"\n    data-block=\"article-text-block\"\n>\n    <div class=\"wysiwyg\">\n        <p><span data-contrast=\"auto\">Vi p\u00e5 ABF \u00e4r stolta \u00f6ver att presentera\u00a0<\/span><b><span data-contrast=\"auto\">Tre samtal om Sverige<\/span><\/b><span data-contrast=\"auto\">, ett nytt studiematerial framtaget tillsammans med\u00a0<\/span><b><span data-contrast=\"auto\"><a href=\"https:\/\/pro.se\/\">PRO<\/a>\u00a0<\/span><\/b>och<b><span data-contrast=\"auto\">\u00a0<a href=\"https:\/\/tankesmedjantiden.se\/\">Tankesmedjan Tiden<\/a><\/span><\/b><span data-contrast=\"auto\">. Genom tre tematiska tr\u00e4ffar ger materialet en m\u00f6jlighet att reflektera \u00f6ver samh\u00e4llet, demokratin och framtiden \u2013 tillsammans.<\/span><span data-ccp-props=\"{&quot;134233117&quot;:false,&quot;134233118&quot;:false,&quot;335559738&quot;:240,&quot;335559739&quot;:240}\">\u00a0<\/span><\/p>\n<p><span data-contrast=\"auto\">Studiecirkeln \u00e4r uppbyggd kring tre fr\u00e5gor:<\/span><span data-ccp-props=\"{&quot;134233117&quot;:false,&quot;134233118&quot;:false,&quot;335559738&quot;:240,&quot;335559739&quot;:240}\">\u00a0<\/span><\/p>\n<ul>\n<li><span data-contrast=\"auto\">Var framtiden b\u00e4ttre f\u00f6rr?<\/span><\/li>\n<li><span data-contrast=\"auto\">V\u00e5r sk\u00f6ra, sega demokrati<\/span><\/li>\n<li><span data-contrast=\"auto\">Jag-jag-jag-samh\u00e4llet<\/span><span data-ccp-props=\"{&quot;134233117&quot;:false,&quot;134233118&quot;:false,&quot;335559738&quot;:240,&quot;335559739&quot;:240}\">\u00a0<\/span><\/li>\n<\/ul>\n<p>\u2013 Det h\u00e4r handlar om hur samh\u00e4llet egentligen \u00e4r och hur vi vill ha det i framtiden. Kan vi p\u00e5verka? \u00c4r demokratin p\u00e5 v\u00e4g ut? Finns det saker att g\u00f6ra? Och jag tror att det finns massor. Vi kan hitta p\u00e5 m\u00e5nga saker tillsammans, om vi pratar med varandra, s\u00e4ger \u00c5se Lindestam, ordf\u00f6rande PRO.<\/p>\n<p>\u2013 Folkbildningen handlar om att ge m\u00e4nniskor verktyg att f\u00f6rst\u00e5 och p\u00e5verka sin omv\u00e4rld. I en tid av polarisering och samh\u00e4llsf\u00f6r\u00e4ndringar \u00e4r samtalet viktigare \u00e4n n\u00e5gonsin, och den h\u00e4r studiecirkeln skapar en plats f\u00f6r just det<span data-contrast=\"auto\">, s\u00e4ger Fredrik Pettersson p\u00e5 verksamhets- och kommunikationschef ABF.<\/span><span data-ccp-props=\"{&quot;134233117&quot;:false,&quot;134233118&quot;:false,&quot;335559738&quot;:240,&quot;335559739&quot;:240}\">\u00a0<\/span><\/p>\n<p><span data-contrast=\"auto\">PRO och ABF har en l\u00e5ng tradition av samarbete, och detta material \u00e4r ett led i att st\u00e4rka v\u00e5r gemensamma roll f\u00f6r att skapa engagemang och framtidstro.<\/span><\/p>\n\n    <\/div>\n<\/div>\n<div\n    class=\"acf-article-cta-link-block article-container my-8\"\n    data-block=\"article-cta-link-block\"\n>\n<div>\n    <a class=\"inline-flex flex-row items-center gap-4 text-link underline text-red-dark\"\n        href=\"https:\/\/www.abf.se\/jamtland-harjedalen\/anmal-din-aktivitet\/\"\n            >\n        <span class=\"\">\n        Anm\u00e4l din aktivitet\n        <\/span>\n        <figure aria-hidden=\"true\" class=\"rounded-full bg-red-dark w-8 h-8 p-1 text-white\">\n            <svg width=\"20\" height=\"20\" viewBox=\"0 0 20 20\" fill=\"none\" class=\"SvgIconElement\">\n<path d=\"M4.16659 10L15.8333 10\" stroke=\"currentColor\"\/>\n<path d=\"M9.99992 4.1665L15.8333 9.99984L9.99992 15.8332\" stroke=\"currentColor\"\/>\n<\/svg>\n        <\/figure>\n    <\/a>\n<\/div>\n<\/div>\n","protected":false},"featured_media":0,"parent":0,"menu_order":0,"template":"","categories":[],"class_list":["post-914","news-article","type-news-article","status-publish","hentry"],"acf":[],"yoast_head":"<!-- This site is optimized with the Yoast SEO plugin v27.0 - https:\/\/yoast.com\/product\/yoast-seo-wordpress\/ -->\n<title>Nytt studiematerial: Tre samtal om Sverige \u2013 ABF och PRO i samverkan f\u00f6r ett starkare civilsamh\u00e4lle - J\u00e4mtland H\u00e4rjedalen<\/title>\n<meta name=\"robots\" content=\"index, follow, max-snippet:-1, max-image-preview:large, max-video-preview:-1\" \/>\n<link rel=\"canonical\" href=\"https:\/\/www.abf.se\/jamtland-harjedalen\/nyheter\/nytt-studiematerial-tre-samtal-om-sverige-abf-och-pro-i-samverkan-for-ett-starkare-civilsamhalle\/\" \/>\n<meta property=\"og:locale\" content=\"sv_SE\" \/>\n<meta property=\"og:type\" content=\"article\" \/>\n<meta property=\"og:title\" content=\"Nytt studiematerial: Tre samtal om Sverige \u2013 ABF och PRO i samverkan f\u00f6r ett starkare civilsamh\u00e4lle - J\u00e4mtland H\u00e4rjedalen\" \/>\n<meta property=\"og:url\" content=\"https:\/\/www.abf.se\/jamtland-harjedalen\/nyheter\/nytt-studiematerial-tre-samtal-om-sverige-abf-och-pro-i-samverkan-for-ett-starkare-civilsamhalle\/\" \/>\n<meta property=\"og:site_name\" content=\"J\u00e4mtland H\u00e4rjedalen\" \/>\n<meta property=\"article:modified_time\" content=\"2025-03-10T09:38:16+00:00\" \/>\n<meta property=\"og:image\" content=\"https:\/\/www.abf.se\/wp-content\/uploads\/sites\/30\/2024\/04\/Nyckeln-liggande-scaled.jpg\" \/>\n\t<meta property=\"og:image:width\" content=\"2560\" \/>\n\t<meta property=\"og:image:height\" content=\"1440\" \/>\n\t<meta property=\"og:image:type\" content=\"image\/jpeg\" \/>\n<meta name=\"twitter:card\" content=\"summary_large_image\" \/>\n<script type=\"application\/ld+json\" class=\"yoast-schema-graph\">{\"@context\":\"https:\/\/schema.org\",\"@graph\":[{\"@type\":\"WebPage\",\"@id\":\"https:\/\/www.abf.se\/jamtland-harjedalen\/nyheter\/nytt-studiematerial-tre-samtal-om-sverige-abf-och-pro-i-samverkan-for-ett-starkare-civilsamhalle\/\",\"url\":\"https:\/\/www.abf.se\/jamtland-harjedalen\/nyheter\/nytt-studiematerial-tre-samtal-om-sverige-abf-och-pro-i-samverkan-for-ett-starkare-civilsamhalle\/\",\"name\":\"Nytt studiematerial: Tre samtal om Sverige \u2013 ABF och PRO i samverkan f\u00f6r ett starkare civilsamh\u00e4lle - J\u00e4mtland H\u00e4rjedalen\",\"isPartOf\":{\"@id\":\"https:\/\/www.abf.se\/jamtland-harjedalen\/#website\"},\"datePublished\":\"2025-03-10T09:30:03+00:00\",\"dateModified\":\"2025-03-10T09:38:16+00:00\",\"breadcrumb\":{\"@id\":\"https:\/\/www.abf.se\/jamtland-harjedalen\/nyheter\/nytt-studiematerial-tre-samtal-om-sverige-abf-och-pro-i-samverkan-for-ett-starkare-civilsamhalle\/#breadcrumb\"},\"inLanguage\":\"sv-SE\",\"potentialAction\":[{\"@type\":\"ReadAction\",\"target\":[\"https:\/\/www.abf.se\/jamtland-harjedalen\/nyheter\/nytt-studiematerial-tre-samtal-om-sverige-abf-och-pro-i-samverkan-for-ett-starkare-civilsamhalle\/\"]}]},{\"@type\":\"BreadcrumbList\",\"@id\":\"https:\/\/www.abf.se\/jamtland-harjedalen\/nyheter\/nytt-studiematerial-tre-samtal-om-sverige-abf-och-pro-i-samverkan-for-ett-starkare-civilsamhalle\/#breadcrumb\",\"itemListElement\":[{\"@type\":\"ListItem\",\"position\":1,\"name\":\"Home\",\"item\":\"https:\/\/www.abf.se\/jamtland-harjedalen\/\"},{\"@type\":\"ListItem\",\"position\":2,\"name\":\"Nyheter\",\"item\":\"https:\/\/www.abf.se\/jamtland-harjedalen\/nyheter\/\"},{\"@type\":\"ListItem\",\"position\":3,\"name\":\"Nytt studiematerial: Tre samtal om Sverige \u2013 ABF och PRO i samverkan f\u00f6r ett starkare civilsamh\u00e4lle\"}]},{\"@type\":\"WebSite\",\"@id\":\"https:\/\/www.abf.se\/jamtland-harjedalen\/#website\",\"url\":\"https:\/\/www.abf.se\/jamtland-harjedalen\/\",\"name\":\"J\u00e4mtland H\u00e4rjedalen\",\"description\":\"\",\"potentialAction\":[{\"@type\":\"SearchAction\",\"target\":{\"@type\":\"EntryPoint\",\"urlTemplate\":\"https:\/\/www.abf.se\/jamtland-harjedalen\/?s={search_term_string}\"},\"query-input\":{\"@type\":\"PropertyValueSpecification\",\"valueRequired\":true,\"valueName\":\"search_term_string\"}}],\"inLanguage\":\"sv-SE\"}]}<\/script>\n<!-- \/ Yoast SEO plugin. -->","yoast_head_json":{"title":"Nytt studiematerial: Tre samtal om Sverige \u2013 ABF och PRO i samverkan f\u00f6r ett starkare civilsamh\u00e4lle - J\u00e4mtland H\u00e4rjedalen","robots":{"index":"index","follow":"follow","max-snippet":"max-snippet:-1","max-image-preview":"max-image-preview:large","max-video-preview":"max-video-preview:-1"},"canonical":"https:\/\/www.abf.se\/jamtland-harjedalen\/nyheter\/nytt-studiematerial-tre-samtal-om-sverige-abf-och-pro-i-samverkan-for-ett-starkare-civilsamhalle\/","og_locale":"sv_SE","og_type":"article","og_title":"Nytt studiematerial: Tre samtal om Sverige \u2013 ABF och PRO i samverkan f\u00f6r ett starkare civilsamh\u00e4lle - J\u00e4mtland H\u00e4rjedalen","og_url":"https:\/\/www.abf.se\/jamtland-harjedalen\/nyheter\/nytt-studiematerial-tre-samtal-om-sverige-abf-och-pro-i-samverkan-for-ett-starkare-civilsamhalle\/","og_site_name":"J\u00e4mtland H\u00e4rjedalen","article_modified_time":"2025-03-10T09:38:16+00:00","og_image":[{"width":2560,"height":1440,"url":"https:\/\/www.abf.se\/wp-content\/uploads\/sites\/30\/2024\/04\/Nyckeln-liggande-scaled.jpg","type":"image\/jpeg"}],"twitter_card":"summary_large_image","schema":{"@context":"https:\/\/schema.org","@graph":[{"@type":"WebPage","@id":"https:\/\/www.abf.se\/jamtland-harjedalen\/nyheter\/nytt-studiematerial-tre-samtal-om-sverige-abf-och-pro-i-samverkan-for-ett-starkare-civilsamhalle\/","url":"https:\/\/www.abf.se\/jamtland-harjedalen\/nyheter\/nytt-studiematerial-tre-samtal-om-sverige-abf-och-pro-i-samverkan-for-ett-starkare-civilsamhalle\/","name":"Nytt studiematerial: Tre samtal om Sverige \u2013 ABF och PRO i samverkan f\u00f6r ett starkare civilsamh\u00e4lle - J\u00e4mtland H\u00e4rjedalen","isPartOf":{"@id":"https:\/\/www.abf.se\/jamtland-harjedalen\/#website"},"datePublished":"2025-03-10T09:30:03+00:00","dateModified":"2025-03-10T09:38:16+00:00","breadcrumb":{"@id":"https:\/\/www.abf.se\/jamtland-harjedalen\/nyheter\/nytt-studiematerial-tre-samtal-om-sverige-abf-och-pro-i-samverkan-for-ett-starkare-civilsamhalle\/#breadcrumb"},"inLanguage":"sv-SE","potentialAction":[{"@type":"ReadAction","target":["https:\/\/www.abf.se\/jamtland-harjedalen\/nyheter\/nytt-studiematerial-tre-samtal-om-sverige-abf-och-pro-i-samverkan-for-ett-starkare-civilsamhalle\/"]}]},{"@type":"BreadcrumbList","@id":"https:\/\/www.abf.se\/jamtland-harjedalen\/nyheter\/nytt-studiematerial-tre-samtal-om-sverige-abf-och-pro-i-samverkan-for-ett-starkare-civilsamhalle\/#breadcrumb","itemListElement":[{"@type":"ListItem","position":1,"name":"Home","item":"https:\/\/www.abf.se\/jamtland-harjedalen\/"},{"@type":"ListItem","position":2,"name":"Nyheter","item":"https:\/\/www.abf.se\/jamtland-harjedalen\/nyheter\/"},{"@type":"ListItem","position":3,"name":"Nytt studiematerial: Tre samtal om Sverige \u2013 ABF och PRO i samverkan f\u00f6r ett starkare civilsamh\u00e4lle"}]},{"@type":"WebSite","@id":"https:\/\/www.abf.se\/jamtland-harjedalen\/#website","url":"https:\/\/www.abf.se\/jamtland-harjedalen\/","name":"J\u00e4mtland H\u00e4rjedalen","description":"","potentialAction":[{"@type":"SearchAction","target":{"@type":"EntryPoint","urlTemplate":"https:\/\/www.abf.se\/jamtland-harjedalen\/?s={search_term_string}"},"query-input":{"@type":"PropertyValueSpecification","valueRequired":true,"valueName":"search_term_string"}}],"inLanguage":"sv-SE"}]}},"_links":{"self":[{"href":"https:\/\/www.abf.se\/jamtland-harjedalen\/wp-json\/wp\/v2\/news-article\/914","targetHints":{"allow":["GET"]}}],"collection":[{"href":"https:\/\/www.abf.se\/jamtland-harjedalen\/wp-json\/wp\/v2\/news-article"}],"about":[{"href":"https:\/\/www.abf.se\/jamtland-harjedalen\/wp-json\/wp\/v2\/types\/news-article"}],"wp:attachment":[{"href":"https:\/\/www.abf.se\/jamtland-harjedalen\/wp-json\/wp\/v2\/media?parent=914"}],"wp:term":[{"taxonomy":"category","embeddable":true,"href":"https:\/\/www.abf.se\/jamtland-harjedalen\/wp-json\/wp\/v2\/categories?post=914"}],"curies":[{"name":"wp","href":"https:\/\/api.w.org\/{rel}","templated":true}]}}