{"id":989,"date":"2025-05-07T08:36:24","date_gmt":"2025-05-07T06:36:24","guid":{"rendered":"https:\/\/www.abf.se\/jamtland-harjedalen\/?post_type=news-article&#038;p=989"},"modified":"2025-05-07T08:36:24","modified_gmt":"2025-05-07T06:36:24","slug":"inbjudan-kallelse-till-konstituerande-mote-for-de-sammanslagna-avdelningarna-abf-jh-och-abf-bracke","status":"publish","type":"news-article","link":"https:\/\/www.abf.se\/jamtland-harjedalen\/nyheter\/inbjudan-kallelse-till-konstituerande-mote-for-de-sammanslagna-avdelningarna-abf-jh-och-abf-bracke\/","title":{"rendered":"Inbjudan\/Kallelse till konstituerande m\u00f6te f\u00f6r de sammanslagna avdelningarna ABF JH och ABF Br\u00e4cke"},"content":{"rendered":"<div\n    class=\"acf-article-text-block article-container my-12\"\n    data-block=\"article-text-block\"\n>\n    <div class=\"wysiwyg\">\n        <p>Som tidigare informerats har ABF f\u00f6rbundets st\u00e4mma beslutat om en process knuten till f\u00f6r\u00e4ndring av ABF:s konstitution. F\u00f6r\u00e4ndringen leder till behov av konsekvensjusteringar i distrikts- och avdelningsstrukturen i ABF Sverige. M\u00e5len \u00e4r flera men bl.a. beh\u00f6vs en s\u00e5 l\u00e5ngt m\u00f6jligt anpassning till hur strukturen i m\u00e5nga av ABFs medlemsorganisationer f\u00f6r\u00e4ndrats \u00f6ver tid, att ABF ska vidmakth\u00e5lla och utveckla de olika kultur, bildnings och utbildningsbehov som finns bland medlemsorganisationer dess medlemmar och enskilda m\u00e4nniskor i \u00f6vrigt, ocks\u00e5 att optimera resurshantering p\u00e5 olika s\u00e4tt f\u00f6r att sl\u00e5 vakt om och m\u00f6ta olika n\u00e4mnda behov lika, s\u00e5 bra och r\u00e4ttvist det bara g\u00e5r i landets alla kommuner.<br \/>\nEn arbetsgrupp\/interimsstyrelse har under 2025 efter beslut och uppdrag fr\u00e5n ABF avdelningarna ABF JH och ABF Br\u00e4cke arbetat med f\u00f6rslag till formatering av en gemensam ABF avdelning i J\u00e4mtland\/H\u00e4rjedalens l\u00e4n som d\u00e4rmed f\u00f6resl\u00e5s omfatta geografiskt l\u00e4nets samtliga kommuner. Olika avst\u00e4mningar har skett under processens g\u00e5ng inom ramen f\u00f6r interimsstyrelsens arbete.<br \/>\nABF JH och Br\u00e4cke inbjuder mot den bakgrunden genom interimsstyrelsen till konstituering av gemensam avdelning f\u00f6r v\u00e5rt folkbildningsarbete i Str\u00f6msund, \u00c5re, Krokom, Berg, H\u00e4rjedalen, \u00d6stersund, Br\u00e4cke och Ragunda kommuner<br \/>\nInbjudan v\u00e4nder sig till nuvarande medlemsorganisationer i ABF som av f\u00f6rbundsst\u00e4mmans fastst\u00e4llda normalstadgar ryms begreppsm\u00e4ssigt under definitionen lokalt verksam organisation i J\u00e4mtland\/H\u00e4rjedalen.<\/p>\n<p>M\u00f6tesdatum: 11 juni kl. 18.00. Totohallen, \u00d6stersundstravet.<br \/>\nMer information och anm\u00e4lan:<\/p>\n<blockquote class=\"wp-embedded-content\" data-secret=\"AXJ2i01dgC\"><p><a href=\"https:\/\/www.abf.se\/jamtland-harjedalen\/arsmote-halvarsmote\/\">\u00c5rsm\u00f6te\/Halv\u00e5rsm\u00f6te<\/a><\/p><\/blockquote>\n<p><iframe loading=\"lazy\" class=\"wp-embedded-content\" sandbox=\"allow-scripts\" security=\"restricted\" style=\"position: absolute; clip: rect(1px, 1px, 1px, 1px);\" title=\"&#8221;\u00c5rsm\u00f6te\/Halv\u00e5rsm\u00f6te&#8221; &#8212; J\u00e4mtland H\u00e4rjedalen\" src=\"https:\/\/www.abf.se\/jamtland-harjedalen\/arsmote-halvarsmote\/embed\/#?secret=2qgAG3qGBY#?secret=AXJ2i01dgC\" data-secret=\"AXJ2i01dgC\" width=\"500\" height=\"282\" frameborder=\"0\" marginwidth=\"0\" marginheight=\"0\" scrolling=\"no\"><\/iframe><\/p>\n\n    <\/div>\n<\/div>\n","protected":false},"featured_media":0,"parent":0,"menu_order":0,"template":"","categories":[],"class_list":["post-989","news-article","type-news-article","status-publish","hentry"],"acf":[],"yoast_head":"<!-- This site is optimized with the Yoast SEO plugin v27.0 - https:\/\/yoast.com\/product\/yoast-seo-wordpress\/ -->\n<title>Inbjudan\/Kallelse till konstituerande m\u00f6te f\u00f6r de sammanslagna avdelningarna ABF JH och ABF Br\u00e4cke - J\u00e4mtland H\u00e4rjedalen<\/title>\n<meta name=\"description\" content=\"Inbjudan\/Kallelse till konstituerande m\u00f6te f\u00f6r de sammanslagna avdelningarna ABF JH och ABF Br\u00e4cke den 11 juni, Totohallen, \u00d6stersundstravet\" \/>\n<meta name=\"robots\" content=\"index, follow, max-snippet:-1, max-image-preview:large, max-video-preview:-1\" \/>\n<link rel=\"canonical\" href=\"https:\/\/www.abf.se\/jamtland-harjedalen\/nyheter\/inbjudan-kallelse-till-konstituerande-mote-for-de-sammanslagna-avdelningarna-abf-jh-och-abf-bracke\/\" \/>\n<meta property=\"og:locale\" content=\"sv_SE\" \/>\n<meta property=\"og:type\" content=\"article\" \/>\n<meta property=\"og:title\" content=\"Inbjudan\/Kallelse till konstituerande m\u00f6te f\u00f6r de sammanslagna avdelningarna ABF JH och ABF Br\u00e4cke - J\u00e4mtland H\u00e4rjedalen\" \/>\n<meta property=\"og:description\" content=\"Inbjudan\/Kallelse till konstituerande m\u00f6te f\u00f6r de sammanslagna avdelningarna ABF JH och ABF Br\u00e4cke den 11 juni, Totohallen, \u00d6stersundstravet\" \/>\n<meta property=\"og:url\" content=\"https:\/\/www.abf.se\/jamtland-harjedalen\/nyheter\/inbjudan-kallelse-till-konstituerande-mote-for-de-sammanslagna-avdelningarna-abf-jh-och-abf-bracke\/\" \/>\n<meta property=\"og:site_name\" content=\"J\u00e4mtland H\u00e4rjedalen\" \/>\n<meta property=\"og:image\" content=\"https:\/\/www.abf.se\/wp-content\/uploads\/sites\/30\/2024\/04\/Nyckeln-liggande-scaled.jpg\" \/>\n\t<meta property=\"og:image:width\" content=\"2560\" \/>\n\t<meta property=\"og:image:height\" content=\"1440\" \/>\n\t<meta property=\"og:image:type\" content=\"image\/jpeg\" \/>\n<meta name=\"twitter:card\" content=\"summary_large_image\" \/>\n<script type=\"application\/ld+json\" class=\"yoast-schema-graph\">{\"@context\":\"https:\/\/schema.org\",\"@graph\":[{\"@type\":\"WebPage\",\"@id\":\"https:\/\/www.abf.se\/jamtland-harjedalen\/nyheter\/inbjudan-kallelse-till-konstituerande-mote-for-de-sammanslagna-avdelningarna-abf-jh-och-abf-bracke\/\",\"url\":\"https:\/\/www.abf.se\/jamtland-harjedalen\/nyheter\/inbjudan-kallelse-till-konstituerande-mote-for-de-sammanslagna-avdelningarna-abf-jh-och-abf-bracke\/\",\"name\":\"Inbjudan\/Kallelse till konstituerande m\u00f6te f\u00f6r de sammanslagna avdelningarna ABF JH och ABF Br\u00e4cke - J\u00e4mtland H\u00e4rjedalen\",\"isPartOf\":{\"@id\":\"https:\/\/www.abf.se\/jamtland-harjedalen\/#website\"},\"datePublished\":\"2025-05-07T06:36:24+00:00\",\"description\":\"Inbjudan\/Kallelse till konstituerande m\u00f6te f\u00f6r de sammanslagna avdelningarna ABF JH och ABF Br\u00e4cke den 11 juni, Totohallen, \u00d6stersundstravet\",\"breadcrumb\":{\"@id\":\"https:\/\/www.abf.se\/jamtland-harjedalen\/nyheter\/inbjudan-kallelse-till-konstituerande-mote-for-de-sammanslagna-avdelningarna-abf-jh-och-abf-bracke\/#breadcrumb\"},\"inLanguage\":\"sv-SE\",\"potentialAction\":[{\"@type\":\"ReadAction\",\"target\":[\"https:\/\/www.abf.se\/jamtland-harjedalen\/nyheter\/inbjudan-kallelse-till-konstituerande-mote-for-de-sammanslagna-avdelningarna-abf-jh-och-abf-bracke\/\"]}]},{\"@type\":\"BreadcrumbList\",\"@id\":\"https:\/\/www.abf.se\/jamtland-harjedalen\/nyheter\/inbjudan-kallelse-till-konstituerande-mote-for-de-sammanslagna-avdelningarna-abf-jh-och-abf-bracke\/#breadcrumb\",\"itemListElement\":[{\"@type\":\"ListItem\",\"position\":1,\"name\":\"Home\",\"item\":\"https:\/\/www.abf.se\/jamtland-harjedalen\/\"},{\"@type\":\"ListItem\",\"position\":2,\"name\":\"Nyheter\",\"item\":\"https:\/\/www.abf.se\/jamtland-harjedalen\/nyheter\/\"},{\"@type\":\"ListItem\",\"position\":3,\"name\":\"Inbjudan\/Kallelse till konstituerande m\u00f6te f\u00f6r de sammanslagna avdelningarna ABF JH och ABF Br\u00e4cke\"}]},{\"@type\":\"WebSite\",\"@id\":\"https:\/\/www.abf.se\/jamtland-harjedalen\/#website\",\"url\":\"https:\/\/www.abf.se\/jamtland-harjedalen\/\",\"name\":\"J\u00e4mtland H\u00e4rjedalen\",\"description\":\"\",\"potentialAction\":[{\"@type\":\"SearchAction\",\"target\":{\"@type\":\"EntryPoint\",\"urlTemplate\":\"https:\/\/www.abf.se\/jamtland-harjedalen\/?s={search_term_string}\"},\"query-input\":{\"@type\":\"PropertyValueSpecification\",\"valueRequired\":true,\"valueName\":\"search_term_string\"}}],\"inLanguage\":\"sv-SE\"}]}<\/script>\n<!-- \/ Yoast SEO plugin. -->","yoast_head_json":{"title":"Inbjudan\/Kallelse till konstituerande m\u00f6te f\u00f6r de sammanslagna avdelningarna ABF JH och ABF Br\u00e4cke - J\u00e4mtland H\u00e4rjedalen","description":"Inbjudan\/Kallelse till konstituerande m\u00f6te f\u00f6r de sammanslagna avdelningarna ABF JH och ABF Br\u00e4cke den 11 juni, Totohallen, \u00d6stersundstravet","robots":{"index":"index","follow":"follow","max-snippet":"max-snippet:-1","max-image-preview":"max-image-preview:large","max-video-preview":"max-video-preview:-1"},"canonical":"https:\/\/www.abf.se\/jamtland-harjedalen\/nyheter\/inbjudan-kallelse-till-konstituerande-mote-for-de-sammanslagna-avdelningarna-abf-jh-och-abf-bracke\/","og_locale":"sv_SE","og_type":"article","og_title":"Inbjudan\/Kallelse till konstituerande m\u00f6te f\u00f6r de sammanslagna avdelningarna ABF JH och ABF Br\u00e4cke - J\u00e4mtland H\u00e4rjedalen","og_description":"Inbjudan\/Kallelse till konstituerande m\u00f6te f\u00f6r de sammanslagna avdelningarna ABF JH och ABF Br\u00e4cke den 11 juni, Totohallen, \u00d6stersundstravet","og_url":"https:\/\/www.abf.se\/jamtland-harjedalen\/nyheter\/inbjudan-kallelse-till-konstituerande-mote-for-de-sammanslagna-avdelningarna-abf-jh-och-abf-bracke\/","og_site_name":"J\u00e4mtland H\u00e4rjedalen","og_image":[{"width":2560,"height":1440,"url":"https:\/\/www.abf.se\/wp-content\/uploads\/sites\/30\/2024\/04\/Nyckeln-liggande-scaled.jpg","type":"image\/jpeg"}],"twitter_card":"summary_large_image","schema":{"@context":"https:\/\/schema.org","@graph":[{"@type":"WebPage","@id":"https:\/\/www.abf.se\/jamtland-harjedalen\/nyheter\/inbjudan-kallelse-till-konstituerande-mote-for-de-sammanslagna-avdelningarna-abf-jh-och-abf-bracke\/","url":"https:\/\/www.abf.se\/jamtland-harjedalen\/nyheter\/inbjudan-kallelse-till-konstituerande-mote-for-de-sammanslagna-avdelningarna-abf-jh-och-abf-bracke\/","name":"Inbjudan\/Kallelse till konstituerande m\u00f6te f\u00f6r de sammanslagna avdelningarna ABF JH och ABF Br\u00e4cke - J\u00e4mtland H\u00e4rjedalen","isPartOf":{"@id":"https:\/\/www.abf.se\/jamtland-harjedalen\/#website"},"datePublished":"2025-05-07T06:36:24+00:00","description":"Inbjudan\/Kallelse till konstituerande m\u00f6te f\u00f6r de sammanslagna avdelningarna ABF JH och ABF Br\u00e4cke den 11 juni, Totohallen, \u00d6stersundstravet","breadcrumb":{"@id":"https:\/\/www.abf.se\/jamtland-harjedalen\/nyheter\/inbjudan-kallelse-till-konstituerande-mote-for-de-sammanslagna-avdelningarna-abf-jh-och-abf-bracke\/#breadcrumb"},"inLanguage":"sv-SE","potentialAction":[{"@type":"ReadAction","target":["https:\/\/www.abf.se\/jamtland-harjedalen\/nyheter\/inbjudan-kallelse-till-konstituerande-mote-for-de-sammanslagna-avdelningarna-abf-jh-och-abf-bracke\/"]}]},{"@type":"BreadcrumbList","@id":"https:\/\/www.abf.se\/jamtland-harjedalen\/nyheter\/inbjudan-kallelse-till-konstituerande-mote-for-de-sammanslagna-avdelningarna-abf-jh-och-abf-bracke\/#breadcrumb","itemListElement":[{"@type":"ListItem","position":1,"name":"Home","item":"https:\/\/www.abf.se\/jamtland-harjedalen\/"},{"@type":"ListItem","position":2,"name":"Nyheter","item":"https:\/\/www.abf.se\/jamtland-harjedalen\/nyheter\/"},{"@type":"ListItem","position":3,"name":"Inbjudan\/Kallelse till konstituerande m\u00f6te f\u00f6r de sammanslagna avdelningarna ABF JH och ABF Br\u00e4cke"}]},{"@type":"WebSite","@id":"https:\/\/www.abf.se\/jamtland-harjedalen\/#website","url":"https:\/\/www.abf.se\/jamtland-harjedalen\/","name":"J\u00e4mtland H\u00e4rjedalen","description":"","potentialAction":[{"@type":"SearchAction","target":{"@type":"EntryPoint","urlTemplate":"https:\/\/www.abf.se\/jamtland-harjedalen\/?s={search_term_string}"},"query-input":{"@type":"PropertyValueSpecification","valueRequired":true,"valueName":"search_term_string"}}],"inLanguage":"sv-SE"}]}},"_links":{"self":[{"href":"https:\/\/www.abf.se\/jamtland-harjedalen\/wp-json\/wp\/v2\/news-article\/989","targetHints":{"allow":["GET"]}}],"collection":[{"href":"https:\/\/www.abf.se\/jamtland-harjedalen\/wp-json\/wp\/v2\/news-article"}],"about":[{"href":"https:\/\/www.abf.se\/jamtland-harjedalen\/wp-json\/wp\/v2\/types\/news-article"}],"wp:attachment":[{"href":"https:\/\/www.abf.se\/jamtland-harjedalen\/wp-json\/wp\/v2\/media?parent=989"}],"wp:term":[{"taxonomy":"category","embeddable":true,"href":"https:\/\/www.abf.se\/jamtland-harjedalen\/wp-json\/wp\/v2\/categories?post=989"}],"curies":[{"name":"wp","href":"https:\/\/api.w.org\/{rel}","templated":true}]}}