{"id":236,"date":"2024-03-14T13:44:12","date_gmt":"2024-03-14T12:44:12","guid":{"rendered":"https:\/\/www.abf.se\/kronoberg\/?post_type=news-article&#038;p=236"},"modified":"2024-03-14T13:44:12","modified_gmt":"2024-03-14T12:44:12","slug":"abf-kronobergs-cirkelbocker","status":"publish","type":"news-article","link":"https:\/\/www.abf.se\/kronoberg\/nyheter\/abf-kronobergs-cirkelbocker\/","title":{"rendered":"ABF Kronobergs cirkelb\u00f6cker"},"content":{"rendered":"<div\n    class=\"acf-article-text-block article-container my-12\"\n    data-block=\"article-text-block\"\n>\n    <div class=\"wysiwyg\">\n        <p><strong>\u201cAlltid p\u00e5 plats, alltid p\u00e5 spr\u00e5ng \u2013 Kvinnor i ABF\u201d av Loka Kanarp &amp; Carl-Michael Edenborg (red.) (4 ex)\u00a0<\/strong><\/p>\n<p><span data-contrast=\"auto\">\u201cDen h\u00e4r boken hyllar en n\u00e4rmast osynlig del av ABF:s 100-\u00e5riga historia: de kvinnor som outtr\u00f6ttligt ordnat, fixat, f\u00f6rberett, genomf\u00f6rt.\u201d<\/span><span data-ccp-props=\"{&quot;201341983&quot;:0,&quot;335559739&quot;:160,&quot;335559740&quot;:259}\">\u00a0<\/span><\/p>\n<p>&nbsp;<\/p>\n<p><strong>\u201cBara jag vet vem jag \u00e4r\u201d av Sture Bergwall (3 ex)\u00a0<\/strong><\/p>\n<p><span data-contrast=\"none\">Sture Bergwall ger oss en unik och uppskakande inblick i hur v\u00e5rden p\u00e5 S\u00e4ter bedrevs och om polisens och \u00e5klagarens arbete. Han ber\u00e4ttar om hur det k\u00e4nns att befinna sig i stormens \u00f6ga, om att ta sig igenom ett helvete och komma ut p\u00e5 andra sidan som en ny och starkare m\u00e4nniska.<\/span><span data-ccp-props=\"{&quot;201341983&quot;:0,&quot;335559739&quot;:160,&quot;335559740&quot;:259}\">\u00a0<\/span><\/p>\n<p>&nbsp;<\/p>\n<p><strong>\u201cBefrielsen\u201d av Maria Sveland (6 ex)\u00a0<\/strong><\/p>\n<p><span data-contrast=\"none\">Psykologisk roman som skildrar fyra kvinnor och deras relationer, i en stad d\u00e4r v\u00e5ldet paralyserar och terroriserar.<\/span><span data-ccp-props=\"{&quot;201341983&quot;:0,&quot;335559739&quot;:160,&quot;335559740&quot;:259}\">\u00a0<\/span><\/p>\n<p>&nbsp;<\/p>\n<p><strong>\u201cBluffen\u201d av Unni Drougge (6 ex)\u00a0<\/strong><\/p>\n<p><span data-contrast=\"none\">Sp\u00e4nningsroman om en mediebransch i kris. <\/span><span data-contrast=\"none\">N\u00e5gon f\u00f6rs\u00f6ker d\u00f6da Sveriges mest b\u00e4sts\u00e4ljande f\u00f6rfattare med en penna p\u00e5 bokm\u00e4ssan i G\u00f6teborg. Dekadenta, \u00f6verviktiga skandaljournalisten Berit H\u00e5rd r\u00e5kar filma attentatet.<\/span><span data-ccp-props=\"{&quot;201341983&quot;:0,&quot;335559739&quot;:160,&quot;335559740&quot;:259}\">\u00a0<\/span><\/p>\n<p>&nbsp;<\/p>\n<p><strong>\u201cBoken om Ljungby\u201d av S\u00f6lve Rydell (8 ex)\u00a0<\/strong><\/p>\n<p><span data-contrast=\"none\">Huvudpersonen i \u201cBoken om Ljungby\u201d \u00e4r en liten plats vid en svart flod och en allt st\u00f6rre v\u00e4g. Bilder av k\u00e4nda konstn\u00e4rer, fotografer och illustrat\u00f6rer blandar sig med texten och levandeg\u00f6r stadens historia och m\u00e4nniskor.\u00a0<\/span><span data-ccp-props=\"{&quot;201341983&quot;:0,&quot;335559739&quot;:160,&quot;335559740&quot;:259}\">\u00a0<\/span><\/p>\n<p>&nbsp;<\/p>\n<p><strong>\u201cBritt-Marie var h\u00e4r\u201d av Fredrik Backman (5 ex)\u00a0<\/strong><\/p>\n<p><span data-contrast=\"none\">En k\u00e4rleksroman och en k\u00e4rleksf\u00f6rklaring. Om en kvinna som v\u00e4ntat ett helt liv p\u00e5 att hennes ska b\u00f6rja, och om samh\u00e4llen vid v\u00e4gar d\u00e4r fotboll och pizzerior \u00e4r det sista som \u00f6verger m\u00e4nniskorna.<\/span><span data-ccp-props=\"{&quot;201341983&quot;:0,&quot;335559739&quot;:160,&quot;335559740&quot;:259}\">\u00a0<\/span><\/p>\n<p>&nbsp;<\/p>\n<p><strong>\u201cDenis Mukwege \u2013 en levande ber\u00e4ttelse\u201d av Berthil \u00c5kerlund (3 ex)\u00a0<\/strong><\/p>\n<p><span data-contrast=\"none\">Denis Mukwege \u00e4r l\u00e4karen som har n\u00e5tt v\u00e4rldsber\u00f6mmelse f\u00f6r sitt arbete med de kvinnor som utsatts f\u00f6r grovt sexuellt v\u00e5ld under det utdragna krig som i decennier pl\u00e5gat befolkningen i \u00f6stra Kongo. Den h\u00e4r boken \u00e4r ber\u00e4ttelsen om hans liv.<\/span><span data-ccp-props=\"{&quot;201341983&quot;:0,&quot;335559739&quot;:160,&quot;335559740&quot;:259}\">\u00a0<\/span><\/p>\n<p>&nbsp;<\/p>\n<p><strong>\u201cDet op\u00e5litliga hj\u00e4rtat\u201d av Morgan Larsson (5 ex)\u00a0<\/strong><\/p>\n<p><span data-contrast=\"none\">Humoristisk roman om m\u00e4nskliga relationer, medicinska under och livets ov\u00e4ntade v\u00e4ndningar. N\u00e4r Love \u00e4ntligen f\u00e5r beskedet han dr\u00f6mt om i hela sitt liv reagerar han inte alls med den eufori han trott. Tv\u00e4rtom. Han f\u00e5r panik och drabbas av ett hj\u00e4rtstillest\u00e5nd.<\/span><span data-ccp-props=\"{&quot;201341983&quot;:0,&quot;335559739&quot;:160,&quot;335559740&quot;:259}\">\u00a0<\/span><\/p>\n<p>&nbsp;<\/p>\n<p><strong>\u201cD\u00f6den vid Raatev\u00e4gen \u2013 Finska vinterkrigets mest mytomspunna slag\u201d av Teemu Keskisarja (3 ex)\u00a0<\/strong><\/p>\n<p><span data-contrast=\"auto\">\u201cFinska vinterkrigets mest mytomspunna slag \u00e4gde rum vid Raatev\u00e4gen n\u00e4ra den ryska gr\u00e4nsen i mellersta Finland. H\u00e4r inringade och utpl\u00e5nade finl\u00e4ndarna tv\u00e5 fastfrusna, tungt utrustade och numer\u00e4rt \u00f6verl\u00e4gsna sovjetiska divisioner. Hur uppfattades blodbadet av fotsoldaterna p\u00e5 den finska och sovjetiska sidan? I den prisbel\u00f6nta D\u00f6den vid Raatev\u00e4gen skildras de kaotiska striderna.\u201d<\/span><span data-ccp-props=\"{&quot;134233117&quot;:false,&quot;134233118&quot;:false,&quot;201341983&quot;:0,&quot;335551550&quot;:1,&quot;335551620&quot;:1,&quot;335559685&quot;:0,&quot;335559737&quot;:0,&quot;335559738&quot;:0,&quot;335559739&quot;:160,&quot;335559740&quot;:259}\">\u00a0<\/span><\/p>\n<p>&nbsp;<\/p>\n<p><strong>\u201cElin i mitt liv \u2013 om Elin W\u00e4gner och mitt unga jag\u201d av Thage G Peterson (6 ex)\u00a0<\/strong><\/p>\n<p><span data-contrast=\"none\">En ovanlig ber\u00e4ttelse med tv\u00e5 huvudpersoner: Elin och Thage. En vacker och insiktsfull skildring om ett m\u00e4nskligt m\u00f6te mellan gammal och ung.<\/span><span data-ccp-props=\"{&quot;201341983&quot;:0,&quot;335559739&quot;:160,&quot;335559740&quot;:259}\">\u00a0<\/span><\/p>\n<p>&nbsp;<\/p>\n<p><strong>\u201cEn tidsresa\u201d av Evald J\u00f6nsson Hamneda (6 ex)\u00a0<\/strong><\/p>\n<p><span data-contrast=\"none\">En bok om Hamnedas historia.<\/span><span data-ccp-props=\"{&quot;201341983&quot;:0,&quot;335559739&quot;:160,&quot;335559740&quot;:259}\">\u00a0<\/span><\/p>\n<p>&nbsp;<\/p>\n<p><strong>\u201cErs majest\u00e4ts olycklige Kurt\u201d av Lena Ebervall och Per E Samuelsson (3 ex)\u00a0<\/strong><\/p>\n<p><span data-contrast=\"none\">Den fullst\u00e4ndigt osannolika sannsagan om Kurt Haijby, som har f\u00e5tt ge namn \u00e5t en av de st\u00f6rsta skandalerna i Sverige p\u00e5 1900-talet. Han var en enkel S\u00f6derkis som dock var f\u00f6rutbest\u00e4md att leva ett dramatiskt och \u00e4ventyrligt liv, med de mest h\u00f6gtflygande m\u00e5l och med en f\u00f6runderlig f\u00f6rm\u00e5ga att dupera alla, inte minst sig sj\u00e4lv.<\/span><span data-ccp-props=\"{&quot;201341983&quot;:0,&quot;335559739&quot;:160,&quot;335559740&quot;:259}\">\u00a0<\/span><\/p>\n<p>&nbsp;<\/p>\n<p><strong>\u201cFinnj\u00e4vlar\u201d av Kristian Borg (red.) (6 ex)\u00a0<\/strong><br \/>\n<span data-contrast=\"none\">I Finnj\u00e4vlar ber\u00e4ttar 15 sverigefinnar om klass och klassresor, diskriminering och motst\u00e5nd. Om stolthet, skam och kampen f\u00f6r sj\u00e4lvk\u00e4nsla. Det handlar om mammor och pappor som d\u00f6tt i f\u00f6rtid. Om l\u00e4rare som skrattar \u00e5t ditt uttal. Om k\u00e4nslan av att vara utanf\u00f6r. Om att varken vara finne eller svensk eller b\u00e5de och.\u00a0<\/span><span data-ccp-props=\"{&quot;201341983&quot;:0,&quot;335559739&quot;:160,&quot;335559740&quot;:259}\">\u00a0<\/span><\/p>\n<p>&nbsp;<\/p>\n<p><strong>\u201cFinska inb\u00f6rdeskriget\u201d av Tobias Berglund och Niclas Sennerteg (4 ex)\u00a0<\/strong><\/p>\n<p><span data-contrast=\"auto\">\u201cI januari 1918, bara n\u00e5gra veckor efter sj\u00e4lvst\u00e4ndigheten, st\u00f6rtades Finland in i ett skoningsl\u00f6st inb\u00f6rdeskrig mellan \u2018r\u00f6da\u2019 och \u2018vita\u2019. Med hj\u00e4lp av \u00f6gonvittnesber\u00e4ttelser och arkivstudier skildras h\u00e4r inte bara hur detta krig kom att forma Nordens historia, utan ocks\u00e5 hur \u00e5tskilliga av de svenska bef\u00e4l som tj\u00e4nstgjorde p\u00e5 den vita sidan sedermera kom att hamna p\u00e5 ledande positioner i Sverige.\u201d<\/span><span data-ccp-props=\"{&quot;134233117&quot;:false,&quot;134233118&quot;:false,&quot;201341983&quot;:0,&quot;335551550&quot;:1,&quot;335551620&quot;:1,&quot;335559685&quot;:0,&quot;335559737&quot;:0,&quot;335559738&quot;:0,&quot;335559739&quot;:160,&quot;335559740&quot;:259}\">\u00a0<\/span><\/p>\n<p>&nbsp;<\/p>\n<p><strong>\u201cFlickan med en lapp om halsen \u2013 Historien om ett finskt krigsbarn\u201d av Maria Bourancle (4 ex)\u00a0<\/strong><\/p>\n<p><span data-contrast=\"auto\">\u201cFlickan med en lapp om halsen \u00e4r en verklighetsbaserad roman och den frist\u00e5ende forts\u00e4ttningen p\u00e5 boken \u201cDet kom f\u00f6r mig i en hast \u2013 historien om barnam\u00f6rderskan Ingeborg Andersson\u201d. \u201c<\/span><span data-ccp-props=\"{&quot;134233117&quot;:false,&quot;134233118&quot;:false,&quot;201341983&quot;:0,&quot;335551550&quot;:1,&quot;335551620&quot;:1,&quot;335559685&quot;:0,&quot;335559737&quot;:0,&quot;335559738&quot;:0,&quot;335559739&quot;:160,&quot;335559740&quot;:259}\">\u00a0<\/span><\/p>\n<p>&nbsp;<\/p>\n<p><strong>\u201cFlorence Stephens f\u00f6rlorade v\u00e4rld\u201d av Lena Ebervall och Per E Samuelsson (6 ex)\u00a0<\/strong><\/p>\n<p><span data-contrast=\"none\">Sannsagan om Florence Stephens m\u00e4rkliga liv och Husebysaken, som blev en av de skandaler som skakade Sverige p\u00e5 femtiotalet. Huseby bruk var i b\u00f6rjan av 1900-talet Sm\u00e5lands m\u00e4ktigaste egendom. Det var i denna ljusa tillvaro Florence v\u00e4xte upp. Men livet igenom hade hon en stor svaghet sin starka k\u00e4rlek till kungahuset och hon blev ett l\u00e4tt offer n\u00e4r \u00f6gonstenen prins Carl och hans skrupelfria v\u00e4n gjorde entr\u00e9.<\/span><span data-ccp-props=\"{&quot;201341983&quot;:0,&quot;335559739&quot;:160,&quot;335559740&quot;:259}\">\u00a0<\/span><\/p>\n<p>&nbsp;<\/p>\n<p><strong>\u201cFolkbildningens 50-tal&#8221; av Eva Swedenmark (15 ex)\u00a0<\/strong><\/p>\n<p><span data-contrast=\"auto\">\u201c50-talet \u00e4r en minnesplats f\u00f6r nostalgi och tillbakablick. Vi s\u00e4tter stringhyllan p\u00e5 v\u00e4ggen och dr\u00f6mmer om den gamla goda tiden d\u00e5 folkhemmet skulle v\u00e4xa fram i optimistisk anda. Men den gamla goda tiden hade ocks\u00e5 moln p\u00e5 himlen. Kanske ter sig livet d\u00e5 l\u00e4ttare vid en hastig blick i backspegeln. Men vad talade man om? Vilka cirklar gick man i? Vad l\u00e4ste man?\u201d\u00a0<\/span><span data-ccp-props=\"{&quot;134233117&quot;:false,&quot;134233118&quot;:false,&quot;201341983&quot;:0,&quot;335551550&quot;:1,&quot;335551620&quot;:1,&quot;335559685&quot;:0,&quot;335559737&quot;:0,&quot;335559738&quot;:0,&quot;335559739&quot;:160,&quot;335559740&quot;:259}\">\u00a0<\/span><\/p>\n<p><span data-ccp-props=\"{&quot;134233117&quot;:false,&quot;134233118&quot;:false,&quot;201341983&quot;:0,&quot;335551550&quot;:1,&quot;335551620&quot;:1,&quot;335559685&quot;:0,&quot;335559737&quot;:0,&quot;335559738&quot;:0,&quot;335559739&quot;:160,&quot;335559740&quot;:259}\">\u00a0<\/span><\/p>\n<p><strong>\u201cFolkbildningens 60-tal&#8221; av Karin Englund (15 ex)\u00a0<\/strong><\/p>\n<p><span data-contrast=\"auto\">\u201c60-talet \u00e4r ett ungt \u00e5rtionde, en tid d\u00e5 traditioner och or\u00e4ttvisor ifr\u00e5gasattes och utmanades. Engagemanget var stort mot rasf\u00f6rtrycket i USA, apartheidpolitiken i Sydafrika och USA:s krigs i Vietnam. H\u00e4r hemma fanns antikommersialismen, sexuell frig\u00f6relse, alternativ jul, du-reform, kvinnofrig\u00f6relse, studentuppror, krav p\u00e5 arbetsplatsdemokrati och medbest\u00e4mmande i skolan. Inom konsten experimenterade man med happenings, mobiler och op-konst. Modet genomgick en revolution n\u00e4r kjolarna kortades, BH:n sl\u00e4ngdes och T-shirt och jeans fick sitt definitiva genombrott. Folkbildningen fanns med i de stora samh\u00e4llsomvandlingarna.\u201d<\/span><span data-ccp-props=\"{&quot;134233117&quot;:false,&quot;134233118&quot;:false,&quot;201341983&quot;:0,&quot;335551550&quot;:1,&quot;335551620&quot;:1,&quot;335559685&quot;:0,&quot;335559737&quot;:0,&quot;335559738&quot;:0,&quot;335559739&quot;:160,&quot;335559740&quot;:259}\">\u00a0<\/span><\/p>\n<p><span data-ccp-props=\"{&quot;134233117&quot;:false,&quot;134233118&quot;:false,&quot;201341983&quot;:0,&quot;335551550&quot;:1,&quot;335551620&quot;:1,&quot;335559685&quot;:0,&quot;335559737&quot;:0,&quot;335559738&quot;:0,&quot;335559739&quot;:160,&quot;335559740&quot;:259}\">\u00a0<\/span><\/p>\n<p><strong>\u201cFolkbildningens 70-tal&#8221; av Karl-Olof Andersson (15 ex)\u00a0\u00a0<\/strong><\/p>\n<p><span data-contrast=\"auto\">\u201c70-talet blev n\u00e5got av en guld\u00e5lder f\u00f6r folkbildningen. D\u00e5 sk\u00f6rdade studief\u00f6rbunden, inte minst ABF, frukterna av 60-talets kamp f\u00f6r j\u00e4mlikhet och r\u00e4ttvisa p\u00e5 utbildningsomr\u00e5det. Anslagen till folkbildning och vuxenutbildning \u00f6kade. Upps\u00f6kande verksamhet lockade l\u00e5gutbildade till kostnadsfria studiecirklar. Fackf\u00f6reningsr\u00f6relsen radikaliserades och de m\u00e5nga arbetslivsreformerna medf\u00f6rde ett stort uppsving f\u00f6r fackliga studier. Studief\u00f6rbunden fick ansvaret f\u00f6r invandrarundervisningen.\u00a0<\/span><span data-ccp-props=\"{&quot;134233117&quot;:false,&quot;134233118&quot;:false,&quot;201341983&quot;:0,&quot;335551550&quot;:1,&quot;335551620&quot;:1,&quot;335559685&quot;:0,&quot;335559737&quot;:0,&quot;335559738&quot;:0,&quot;335559739&quot;:160,&quot;335559740&quot;:259}\">\u00a0<\/span><\/p>\n<p><span data-contrast=\"auto\">Proggmusik och fria teatergrupper spelade en viktig roll i kulturlivet. Kvinnokampen och engagemanget mot USA:s krig i Vietnam fick en bred f\u00f6rankring. Arbetar- och bygdespel gav lokalhistorisk forskning och teater ett stort tillskott av b\u00e5de aktiva och publik. Konstn\u00e4rligt skapande och hantverk med folkliga r\u00f6tter erk\u00e4ndes som likv\u00e4rdigt med \u201cfinkulturen\u201d<\/span><span data-ccp-props=\"{&quot;134233117&quot;:false,&quot;134233118&quot;:false,&quot;201341983&quot;:0,&quot;335551550&quot;:1,&quot;335551620&quot;:1,&quot;335559685&quot;:0,&quot;335559737&quot;:0,&quot;335559738&quot;:0,&quot;335559739&quot;:160,&quot;335559740&quot;:259}\">\u00a0<\/span><\/p>\n<p><span data-contrast=\"auto\">70-talet medf\u00f6rde ocks\u00e5 bakslag och besvikelser.\u201d<\/span><span data-ccp-props=\"{&quot;134233117&quot;:false,&quot;134233118&quot;:false,&quot;201341983&quot;:0,&quot;335551550&quot;:1,&quot;335551620&quot;:1,&quot;335559685&quot;:0,&quot;335559737&quot;:0,&quot;335559738&quot;:0,&quot;335559739&quot;:160,&quot;335559740&quot;:259}\">\u00a0<\/span><\/p>\n<p><span data-ccp-props=\"{&quot;134233117&quot;:false,&quot;134233118&quot;:false,&quot;201341983&quot;:0,&quot;335551550&quot;:1,&quot;335551620&quot;:1,&quot;335559685&quot;:0,&quot;335559737&quot;:0,&quot;335559738&quot;:0,&quot;335559739&quot;:160,&quot;335559740&quot;:259}\">\u00a0<\/span><\/p>\n<p><strong>\u201cFolkbildningens 80-tal&#8221; av Anne-Marie Lindgren (15 ex)\u00a0<\/strong><\/p>\n<p><span data-contrast=\"auto\">\u201c80-talet var kontrasternas \u00e5rtionde. I b\u00f6rjan av decenniet hade Sverige en borgelig regering, men en politisk debatt som fortfarande styrdes av 70-talets v\u00e4nsteragenda. N\u00e4r 80-talet slutade var bilden snarare den omv\u00e4nda.\u00a0<\/span><span data-ccp-props=\"{&quot;134233117&quot;:false,&quot;134233118&quot;:false,&quot;201341983&quot;:0,&quot;335551550&quot;:1,&quot;335551620&quot;:1,&quot;335559685&quot;:0,&quot;335559737&quot;:0,&quot;335559738&quot;:0,&quot;335559739&quot;:160,&quot;335559740&quot;:259}\">\u00a0<\/span><\/p>\n<p><span data-contrast=\"auto\">Det offentliga rummet i folkhemmet kr\u00e4nktes 1986 med mordet p\u00e5 Olof Palme. Tjernobylolyckan samma \u00e5r och s\u00e4ld\u00f6den sommaren 1988 satte fart p\u00e5 milj\u00f6r\u00f6relsen.\u00a0<\/span><span data-ccp-props=\"{&quot;134233117&quot;:false,&quot;134233118&quot;:false,&quot;201341983&quot;:0,&quot;335551550&quot;:1,&quot;335551620&quot;:1,&quot;335559685&quot;:0,&quot;335559737&quot;:0,&quot;335559738&quot;:0,&quot;335559739&quot;:160,&quot;335559740&quot;:259}\">\u00a0<\/span><\/p>\n<p><span data-contrast=\"auto\">Intresset f\u00f6r amat\u00f6rteater och arbetarspel v\u00e4xte och 1982 bildades Sveriges arbetarteaterf\u00f6rbund. ABF inf\u00f6rlivade ungdomars intresse f\u00f6r rockmusik i folkbildningen: \u00f6verallt i landet omvandlades tomma industribyggnader till repetitionslokaler.\u00a0<\/span><span data-ccp-props=\"{&quot;134233117&quot;:false,&quot;134233118&quot;:false,&quot;201341983&quot;:0,&quot;335551550&quot;:1,&quot;335551620&quot;:1,&quot;335559685&quot;:0,&quot;335559737&quot;:0,&quot;335559738&quot;:0,&quot;335559739&quot;:160,&quot;335559740&quot;:259}\">\u00a0<\/span><\/p>\n<p><span data-contrast=\"auto\">Under hela 80-talet r\u00e5dde en h\u00f6gkonjunktur som orsakade b\u00e5de gl\u00e4dje och bekymmer.\u201d<\/span><span data-ccp-props=\"{&quot;134233117&quot;:false,&quot;134233118&quot;:false,&quot;201341983&quot;:0,&quot;335551550&quot;:1,&quot;335551620&quot;:1,&quot;335559685&quot;:0,&quot;335559737&quot;:0,&quot;335559738&quot;:0,&quot;335559739&quot;:160,&quot;335559740&quot;:259}\">\u00a0<\/span><\/p>\n<p><span data-ccp-props=\"{&quot;134233117&quot;:false,&quot;134233118&quot;:false,&quot;201341983&quot;:0,&quot;335551550&quot;:1,&quot;335551620&quot;:1,&quot;335559685&quot;:0,&quot;335559737&quot;:0,&quot;335559738&quot;:0,&quot;335559739&quot;:160,&quot;335559740&quot;:259}\">\u00a0<\/span><\/p>\n<p><strong>\u201cFolkbildningens 90-tal&#8221; av Helle Klein (15 ex)\u00a0<\/strong><\/p>\n<p><span data-contrast=\"auto\">\u201cEgentligen b\u00f6rjade v\u00e4l 90-talet redan 1989 d\u00e5 muren f\u00f6ll och \u00f6st- och v\u00e4st kom samman. Demokratins vindar bl\u00e5ste f\u00f6rhoppningsfullt \u00f6ver Europa, men ocks\u00e5 p\u00e5 andra h\u00e5ll i v\u00e4rlden. Med Sovjetunionens uppl\u00f6sning trodde vi att ondskans tid var \u00f6ver. Tyv\u00e4rr hade vi fel. Det var krigens, de etniska rensningarnas och folkmordens tid.\u00a0<\/span><span data-ccp-props=\"{&quot;134233117&quot;:false,&quot;134233118&quot;:false,&quot;201341983&quot;:0,&quot;335551550&quot;:1,&quot;335551620&quot;:1,&quot;335559685&quot;:0,&quot;335559737&quot;:0,&quot;335559738&quot;:0,&quot;335559739&quot;:160,&quot;335559740&quot;:259}\">\u00a0<\/span><\/p>\n<p><span data-contrast=\"auto\">H\u00e4r hemma gjorde Socialdemokraterna 1991 ett uselt val. Regeringen Bildt tilltr\u00e4dde och sedan kom 90-talskrisen med massarbetsl\u00f6shet och f\u00f6retagsnedl\u00e4ggningar. Nyliberalismens vindar bl\u00e5ste kraftigt. Marknaden blev politikens mantra. Till 90-talet h\u00f6r tyv\u00e4rr ocks\u00e5 fr\u00e4mlingsfientlighet.<\/span><span data-ccp-props=\"{&quot;134233117&quot;:false,&quot;134233118&quot;:false,&quot;201341983&quot;:0,&quot;335551550&quot;:1,&quot;335551620&quot;:1,&quot;335559685&quot;:0,&quot;335559737&quot;:0,&quot;335559738&quot;:0,&quot;335559739&quot;:160,&quot;335559740&quot;:259}\">\u00a0<\/span><\/p>\n<p><span data-contrast=\"auto\">Det \u00e4r en tid d\u00e5 partiernas medlemsantal sjunker medan studief\u00f6rbundens deltagare \u00f6kar.\u201d<\/span><span data-ccp-props=\"{&quot;134233117&quot;:false,&quot;134233118&quot;:false,&quot;201341983&quot;:0,&quot;335551550&quot;:1,&quot;335551620&quot;:1,&quot;335559685&quot;:0,&quot;335559737&quot;:0,&quot;335559738&quot;:0,&quot;335559739&quot;:160,&quot;335559740&quot;:259}\">\u00a0<\/span><\/p>\n<p><span data-ccp-props=\"{&quot;134233117&quot;:false,&quot;134233118&quot;:false,&quot;201341983&quot;:0,&quot;335551550&quot;:1,&quot;335551620&quot;:1,&quot;335559685&quot;:0,&quot;335559737&quot;:0,&quot;335559738&quot;:0,&quot;335559739&quot;:160,&quot;335559740&quot;:259}\">\u00a0<\/span><\/p>\n<p><strong>\u201cFolkbildningens 00-tal&#8221; av Jesper Bengtsson (15 ex)\u00a0<\/strong><\/p>\n<p><span data-contrast=\"auto\">\u201c00-talet var ett decennium fullt av fr\u00e5getecken. Vad skulle USA f\u00f6ra i kriget mot terrorismen? Vad betyder Kinas v\u00e4xande dominans? \u00c4r klimathotet verkligt? Hur p\u00e5verkar IT, sociala medier och en allt tydligare urbanisering oss m\u00e4nniskor? Och vad g\u00f6r allt detta med folkbildningen och m\u00e4nniskors engagemang, demokrati och globalisering?\u201d<\/span><span data-ccp-props=\"{&quot;134233117&quot;:false,&quot;134233118&quot;:false,&quot;201341983&quot;:0,&quot;335551550&quot;:1,&quot;335551620&quot;:1,&quot;335559685&quot;:0,&quot;335559737&quot;:0,&quot;335559738&quot;:0,&quot;335559739&quot;:160,&quot;335559740&quot;:259}\">\u00a0<\/span><\/p>\n\n    <\/div>\n<\/div>\n<div\n    class=\"acf-article-image-block mb-12 article-container-lg\"\n    data-block=\"article-image-block\"\n>\n<div class=\"\">\n\n        <figure>\n        \n            <picture class=\"round-corners-lg w-full\"><img decoding=\"async\" src=\"https:\/\/www.abf.se\/kronoberg\/resized\/?url=https%3A%2F%2Fwww.abf.se%2Fwp-content%2Fuploads%2Fsites%2F33%2F2024%2F03%2F2.png&#038;fit=contain&#038;w=788&#038;s=9595531a72785316ce5454eff3cd2733\" srcset=\"https:\/\/www.abf.se\/kronoberg\/resized\/?url=https%3A%2F%2Fwww.abf.se%2Fwp-content%2Fuploads%2Fsites%2F33%2F2024%2F03%2F2.png&#038;fit=contain&#038;w=375&#038;h=138&#038;s=3189ba51a24d246d24ba88d44f238040 375w, https:\/\/www.abf.se\/kronoberg\/resized\/?url=https%3A%2F%2Fwww.abf.se%2Fwp-content%2Fuploads%2Fsites%2F33%2F2024%2F03%2F2.png&#038;fit=contain&#038;w=447&#038;h=165&#038;s=1ff415289a8a10934db544af5e324585 447w, https:\/\/www.abf.se\/kronoberg\/resized\/?url=https%3A%2F%2Fwww.abf.se%2Fwp-content%2Fuploads%2Fsites%2F33%2F2024%2F03%2F2.png&#038;fit=contain&#038;w=519&#038;h=191&#038;s=212a8ddd5336218ef7432e0085b0c276 519w, https:\/\/www.abf.se\/kronoberg\/resized\/?url=https%3A%2F%2Fwww.abf.se%2Fwp-content%2Fuploads%2Fsites%2F33%2F2024%2F03%2F2.png&#038;fit=contain&#038;w=591&#038;h=218&#038;s=653edf973541378df92d7ba3c87d71fc 591w, https:\/\/www.abf.se\/kronoberg\/resized\/?url=https%3A%2F%2Fwww.abf.se%2Fwp-content%2Fuploads%2Fsites%2F33%2F2024%2F03%2F2.png&#038;fit=contain&#038;w=663&#038;h=244&#038;s=074f0fa76e1dacd1fcbaedccaab81e40 663w, https:\/\/www.abf.se\/kronoberg\/resized\/?url=https%3A%2F%2Fwww.abf.se%2Fwp-content%2Fuploads%2Fsites%2F33%2F2024%2F03%2F2.png&#038;fit=contain&#038;w=735&#038;h=271&#038;s=823fde8534701735cfeb39e28eb716ff 735w, https:\/\/www.abf.se\/kronoberg\/resized\/?url=https%3A%2F%2Fwww.abf.se%2Fwp-content%2Fuploads%2Fsites%2F33%2F2024%2F03%2F2.png&#038;fit=contain&#038;w=750&#038;h=276&#038;s=0c3596b495bab293a75d1269c9ab20f5 750w, https:\/\/www.abf.se\/kronoberg\/resized\/?url=https%3A%2F%2Fwww.abf.se%2Fwp-content%2Fuploads%2Fsites%2F33%2F2024%2F03%2F2.png&#038;fit=contain&#038;w=788&#038;s=9595531a72785316ce5454eff3cd2733 788w, https:\/\/www.abf.se\/kronoberg\/resized\/?url=https%3A%2F%2Fwww.abf.se%2Fwp-content%2Fuploads%2Fsites%2F33%2F2024%2F03%2F2.png&#038;fit=contain&#038;w=894&#038;h=330&#038;s=0673702aaa43f775cd3648ce3dd88590 894w, https:\/\/www.abf.se\/kronoberg\/resized\/?url=https%3A%2F%2Fwww.abf.se%2Fwp-content%2Fuploads%2Fsites%2F33%2F2024%2F03%2F2.png&#038;fit=contain&#038;w=1038&#038;h=383&#038;s=370869861845f2ed53970eaaaa5b8295 1038w, https:\/\/www.abf.se\/kronoberg\/resized\/?url=https%3A%2F%2Fwww.abf.se%2Fwp-content%2Fuploads%2Fsites%2F33%2F2024%2F03%2F2.png&#038;fit=contain&#038;w=1182&#038;h=436&#038;s=ca02de6e91f7cc20041d6c0166ab28c6 1182w, https:\/\/www.abf.se\/kronoberg\/resized\/?url=https%3A%2F%2Fwww.abf.se%2Fwp-content%2Fuploads%2Fsites%2F33%2F2024%2F03%2F2.png&#038;fit=contain&#038;w=1326&#038;h=489&#038;s=4cd0c9e3d7342c88d4c1f3e10b89a78d 1326w, https:\/\/www.abf.se\/kronoberg\/resized\/?url=https%3A%2F%2Fwww.abf.se%2Fwp-content%2Fuploads%2Fsites%2F33%2F2024%2F03%2F2.png&#038;fit=contain&#038;w=1470&#038;h=542&#038;s=f6c815322974b67c9ee1423cf6137382 1470w\" alt=\"\" height=\"291\" width=\"788\" sizes=\"auto, (max-width: 768px) calc(100vw - 40px), 788px\" loading=\"lazy\" fetchpriority=\"low\" class=\"round-corners-lg w-full\" \/><\/picture>\n                        <\/figure>\n        <\/div>\n\n<\/div>\n<div\n    class=\"acf-article-text-block article-container my-12\"\n    data-block=\"article-text-block\"\n>\n    <div class=\"wysiwyg\">\n        <p><strong>\u201cF\u00f6dd p\u00e5 en s\u00f6ndag\u201d av PeK\u00e5 Englund (4 ex)\u00a0<\/strong><\/p>\n<p><span data-contrast=\"none\">En dr\u00e5plig och varm roman om hur man upprepar misstag och det tragikomiska i att man \u2013 utan att f\u00f6rst\u00e5 det \u2013 \u00e5terskapar det el\u00e4nde man tror sig ha flytt ifr\u00e5n.\u00a0<\/span><span data-ccp-props=\"{&quot;201341983&quot;:0,&quot;335559739&quot;:160,&quot;335559740&quot;:259}\">\u00a0<\/span><\/p>\n<p>&nbsp;<\/p>\n<p><strong>\u201cF\u00f6rlossningen\u201d av M\u00e5ns Wadensj\u00f6 (6 ex)\u00a0<\/strong><\/p>\n<p><span data-contrast=\"none\">Roman om den f\u00f6rsta, kanske ocks\u00e5 om den andra och alla senare separationer, om regler och deras osynlighet, om verkligheten p\u00e5 en av 2000-talets svenska f\u00f6rlossningsavdelningar och om att bli en egen m\u00e4nniska.<\/span><span data-ccp-props=\"{&quot;201341983&quot;:0,&quot;335559739&quot;:160,&quot;335559740&quot;:259}\">\u00a0<\/span><\/p>\n<p>&nbsp;<\/p>\n<p><strong>\u201cF\u00f6r vad sorg och sm\u00e4rta\u201d av Thom Lundberg (6 ex)\u00a0<\/strong><\/p>\n<p><span data-contrast=\"none\">En episk roman om resandefolket i Sverige, en v\u00e4v av ber\u00e4ttelser och skr\u00f6nor. P\u00e5 en svenska med inspr\u00e4ngd romani ber\u00e4ttar Thom Lundberg om skrothandlare, h\u00e4stagillare och tivolifolk; om synska resandekvinnor och stridslystna resandekarlar, och k\u00e4rlek, h\u00e4mnd och kamp.<\/span><span data-ccp-props=\"{&quot;201341983&quot;:0,&quot;335559739&quot;:160,&quot;335559740&quot;:259}\">\u00a0<\/span><\/p>\n<p>&nbsp;<\/p>\n<p><strong>\u201cGunnar Hirdman \u2013 humanisten, demokraten, folkbildaren\u201d av Georg Karlsson (6 ex)\u00a0<\/strong><\/p>\n<p><span data-contrast=\"none\">Biografi \u00f6ver Gunnar Hirdmans livsv\u00e4g fr\u00e5n ungdomen i Avesta via Arosg\u00e5rden till framtr\u00e4dande engagemang inom s\u00e5v\u00e4l den svenska som den internationella arbetarbildningen.\u00a0<\/span><span data-ccp-props=\"{&quot;201341983&quot;:0,&quot;335559739&quot;:160,&quot;335559740&quot;:259}\">\u00a0<\/span><\/p>\n<p>&nbsp;<\/p>\n<p><strong>\u201cHej syster \u2013 en personlig ber\u00e4ttelse om flykt och mellanf\u00f6rskap\u201d av Navid Modiri (4 ex)\u00a0<\/strong><\/p>\n<p><span data-contrast=\"none\">Med utg\u00e5ngspunkt i sitt eget liv ber\u00e4ttar Navid Modiri om Sverige idag \u2013 om integration, flykt och utanf\u00f6rskap, men ocks\u00e5 om spr\u00e5kets makt att sammanf\u00f6ra m\u00e4nniskor. Det \u00e4r en ber\u00e4ttelse om sv\u00e5righeten att anpassa sig till ett nytt land, om att hitta hem, och om flykt i en vidare mening: Kanske befinner vi oss alla egentligen p\u00e5 flykt fr\u00e5n n\u00e5gonting?\u00a0<\/span><span data-ccp-props=\"{&quot;201341983&quot;:0,&quot;335559739&quot;:160,&quot;335559740&quot;:259}\">\u00a0<\/span><\/p>\n<p>&nbsp;<\/p>\n<p><strong>\u201cHimlabrand\u201d av Moa Backe \u00c5stot (5 ex)\u00a0<\/strong><\/p>\n<p><span data-contrast=\"none\">En roman om arv, sl\u00e4ktrelationer och ett ur\u00e5ldrigt band till det som varit. Men ocks\u00e5 om f\u00f6rv\u00e4ntan, v\u00e4rme, om k\u00e4nslor som g\u00e5r som elektricitet genom kroppen. \u00c1ntes liv har pr\u00e4glats av de samiska traditionerna. F\u00f6r honom \u00e4r det sj\u00e4lvklart att han, som familjens enda barn, ska forts\u00e4tta arbetet med renarna. Men pl\u00f6tsligt finns det n\u00e5got annat d\u00e4r, n\u00e5got som pockar och drar. K\u00e4nslorna f\u00f6r b\u00e4sta kompisen Erik har utvecklats till n\u00e5got st\u00f6rre.<\/span><span data-ccp-props=\"{&quot;201341983&quot;:0,&quot;335559739&quot;:160,&quot;335559740&quot;:259}\">\u00a0<\/span><\/p>\n<p>&nbsp;<\/p>\n<p><strong>\u201cHur jag l\u00e4rde mig f\u00f6rst\u00e5 v\u00e4rlden\u201d av Hans Rosling och Fanny H\u00e4rgestam (5 ex)\u00a0<\/strong><\/p>\n<p><span data-contrast=\"none\">Det var fakta som hj\u00e4lpte honom att f\u00f6rklara hur v\u00e4rlden fungerar. Men det var nyfikenhet och engagemang som gjorde Hans Rosling till v\u00e5r tids mest folkk\u00e4ra forskare. \u201cHur jag l\u00e4rde mig f\u00f6rst\u00e5 v\u00e4rlden\u201d \u00e4r hans egen ber\u00e4ttelse om hur en ung man fr\u00e5n enkla omst\u00e4ndigheter kunde anv\u00e4nda vetenskapen f\u00f6r att ta sig ut i v\u00e4rlden och f\u00f6rklara den p\u00e5 nytt.<\/span><span data-ccp-props=\"{&quot;201341983&quot;:0,&quot;335559739&quot;:160,&quot;335559740&quot;:259}\">\u00a0<\/span><\/p>\n<p>&nbsp;<\/p>\n<p><strong>\u201cH\u00e4mnaren\u201d av Dan Buthler och Dag \u00d6hrlund (6 ex)\u00a0<\/strong><\/p>\n<p><span data-contrast=\"none\">Deckare om <\/span><span data-contrast=\"none\">Christopher Silfverbielke &#8211; stj\u00e4rnm\u00e4klare, m\u00f6rdare och psykopat. Han har frigivits ur f\u00e4ngelset och inlett en framg\u00e5ngsrik politisk karri\u00e4r som kristdemokrat. Men p\u00e5 v\u00e4g mot partitoppen m\u00e5ste han f\u00f6rst undanr\u00f6ja n\u00e5gra hinder f\u00f6r att \u00e5tervinna svenska folkets f\u00f6rtroende och fullf\u00f6lja sin plan.<\/span><span data-ccp-props=\"{&quot;201341983&quot;:0,&quot;335559739&quot;:160,&quot;335559740&quot;:259}\">\u00a0<\/span><\/p>\n<p>&nbsp;<\/p>\n<p><strong>\u201cJag blev Stockholmssyndromet \u2013 Valvet, f\u00f6raktet och mitt k\u00e4rleksf\u00f6rh\u00e5llande med Clark Olofsson\u201d av Kristin Enmark (6 ex)\u00a0<\/strong><\/p>\n<p><span data-contrast=\"none\">N\u00e4r statsministern fr\u00e5gade hur det skulle k\u00e4nnas att d\u00f6 p\u00e5 sin post ins\u00e5g hon det helt s\u00e4kert: hon skulle d\u00f6 i bankvalvet. Men det som sommaren 1973 blev k\u00e4nt som Norrmalmstorgsdramat fick mot alla odds ett lyckligt slut. Kristin Enmark, d\u00e5 23 \u00e5r, \u00f6verlevde. I \u201cJag blev Stockholmssyndromet&#8221; ber\u00e4ttar Kristin Enmark om skr\u00e4cken i valvet, skuldk\u00e4nslorna efter\u00e5t och om sitt intensiva k\u00e4rleksf\u00f6rh\u00e5llande med Clark Olofsson, den unge bankr\u00e5nare som polisen f\u00f6rde till banken f\u00f6r att f\u00f6rhandla med r\u00e5naren som tagit gisslan. Den enda person hon anser f\u00f6rs\u00f6kte skydda henne.<\/span><span data-ccp-props=\"{&quot;201341983&quot;:0,&quot;335559739&quot;:160,&quot;335559740&quot;:259}\">\u00a0<\/span><\/p>\n<p>&nbsp;<\/p>\n<p><strong>\u201cKalevala \u2013 Finlands nationalepos\u201d av Elias L\u00f6nnrot (red.) (4 ex)\u00a0<\/strong><\/p>\n<p><span data-contrast=\"auto\">\u201cDet finska nationaleposet Kalevala sammanst\u00e4lldes av Elias L\u00f6nnrot (1802-1884). Han byggde sitt verk p\u00e5 egna och andras uppteckningar av finska folks\u00e5nger i \u00f6stra Finland och Karelen.\u00a0<\/span><span data-ccp-props=\"{&quot;134233117&quot;:false,&quot;134233118&quot;:false,&quot;201341983&quot;:0,&quot;335551550&quot;:1,&quot;335551620&quot;:1,&quot;335559685&quot;:0,&quot;335559737&quot;:0,&quot;335559738&quot;:0,&quot;335559739&quot;:160,&quot;335559740&quot;:259}\">\u00a0<\/span><\/p>\n<p><span data-contrast=\"auto\">\u00d6vers\u00e4ttningen \u00e4r utf\u00f6rd av Lars Huld\u00e9n och Mats Huld\u00e9n.&#8221;<\/span><span data-ccp-props=\"{&quot;134233117&quot;:false,&quot;134233118&quot;:false,&quot;201341983&quot;:0,&quot;335551550&quot;:1,&quot;335551620&quot;:1,&quot;335559685&quot;:0,&quot;335559737&quot;:0,&quot;335559738&quot;:0,&quot;335559739&quot;:160,&quot;335559740&quot;:259}\">\u00a0<\/span><\/p>\n<p>&nbsp;<\/p>\n<p><strong>&#8221;Klass i Sverige \u2013 oj\u00e4mlikheten, makten och politiken i det 21:a \u00e5rhundradet\u201d av Daniel Suhonen, G\u00f6ran Therborn och Jesper Weitz (red.) (3 ex)\u00a0<\/strong><\/p>\n<p><span data-contrast=\"auto\">\u201cSverige \u00e4r idag det land i Europa som har de snabbast v\u00e4xande klyftorna, den sv\u00e5rast privatiserade v\u00e4lf\u00e4rdsstaten och d\u00e4r klass allt tydligare d\u00f6mer m\u00e4nniskor till olika levnadsstandard, livsl\u00e4ngd och liv. I denna bok ges statistiska bevis f\u00f6r klassamh\u00e4llets existens.\u201d<\/span><span data-ccp-props=\"{&quot;134233117&quot;:false,&quot;134233118&quot;:false,&quot;201341983&quot;:0,&quot;335551550&quot;:1,&quot;335551620&quot;:1,&quot;335559685&quot;:0,&quot;335559737&quot;:0,&quot;335559738&quot;:0,&quot;335559739&quot;:160,&quot;335559740&quot;:259}\">\u00a0<\/span><\/p>\n<p>&nbsp;<\/p>\n<p><strong>\u201cKrutdurk Europa \u2013 Arbetarr\u00f6relsen och h\u00f6gerpopulismen\u201d av Anna-Lena Lodenius och Mats Wingborg (20 ex)\u00a0<\/strong><\/p>\n<p><span data-contrast=\"auto\">\u201cH\u00f6gerpopulismen v\u00e4xer i Europa. Den riktar sin udd mot minoritetsgrupper och fattigare regioner, men framf\u00f6rallt mot romer och muslimer. H\u00f6gerpopulismen hotar ocks\u00e5 arbetarr\u00f6relsen, i dubbel bem\u00e4rkelse: den tar v\u00e4ljare fr\u00e5n v\u00e4nstern samtidigt som den ger st\u00f6d \u00e5t h\u00f6gerns politik.\u201d<\/span><span data-ccp-props=\"{&quot;134233117&quot;:false,&quot;134233118&quot;:false,&quot;201341983&quot;:0,&quot;335551550&quot;:1,&quot;335551620&quot;:1,&quot;335559685&quot;:0,&quot;335559737&quot;:0,&quot;335559738&quot;:0,&quot;335559739&quot;:160,&quot;335559740&quot;:259}\">\u00a0<\/span><\/p>\n<p>&nbsp;<\/p>\n<p><strong>\u201cK\u00e4raste Herman \u2013 rasbiologen Herman Lundborgs g\u00e5ta\u201d av Maja Hagerman (4 ex)\u00a0<\/strong><\/p>\n<p><span data-contrast=\"auto\">Herman Lundborg blev 1922 chef f\u00f6r Statens institut f\u00f6r rasbiologi i Uppsala. Sverige blev d\u00e4rmed v\u00e4rldsledande p\u00e5 omr\u00e5det. 1913 ger Herman sig av norrut p\u00e5 den f\u00f6rsta av m\u00e5nga resor till Lappland. Han m\u00e4ter, fotograferar, samlar och j\u00e4mf\u00f6r utseenden. Klassificerar alla han m\u00f6ter i h\u00f6gre och l\u00e4gre raser. Han talar hotfullt om rasblandningens degenererande effekter. Men i hemlighet f\u00f6r\u00e4lskar han sig i en kvinna av \u201cfel typ\u201d. Och hon blir med barn.\u00a0<\/span><span data-ccp-props=\"{&quot;134233117&quot;:false,&quot;134233118&quot;:false,&quot;201341983&quot;:0,&quot;335551550&quot;:1,&quot;335551620&quot;:1,&quot;335559685&quot;:0,&quot;335559737&quot;:0,&quot;335559738&quot;:0,&quot;335559739&quot;:160,&quot;335559740&quot;:259}\">\u00a0<\/span><\/p>\n<p>&nbsp;<\/p>\n<p><strong>\u201cK\u00e4rleken i Julia Anderssos liv\u201d av \u00c5sa Moberg (5 ex)\u00a0<\/strong><\/p>\n<p><span data-contrast=\"none\">\u201c<\/span><span data-contrast=\"none\">Medan jag skrev k\u00e4nde jag mig som buren av en fl\u00f6dande tidsanda.\u201d S\u00e5 beskriver \u00c5sa Moberg tillkomsten av denna roman som hon skrev p\u00e5 sjuttiotalet och sedan l\u00e4t ligga i byr\u00e5l\u00e5dan. Fram tills nu. Vi befinner oss i sent sextiotal och i b\u00f6rjan av sjuttiotalet det \u00e4r den sexuella frigjordhetens tid. De revolution\u00e4ra st\u00e4mningarna fr\u00e5n -68 kan fortfarande k\u00e4nnas, men samtidigt h\u00e5ller samh\u00e4llet p\u00e5 att f\u00f6r\u00e4ndras. Julia Andersson \u00e4r en ung, engagerad textilkonstn\u00e4r och brinnande feminist.<\/span><span data-ccp-props=\"{&quot;201341983&quot;:0,&quot;335559739&quot;:160,&quot;335559740&quot;:259}\">\u00a0<\/span><\/p>\n<p>&nbsp;<\/p>\n<p><strong>\u201cMammorna\u201d av Alexanda Pascalidou (6 ex)\u00a0<\/strong><\/p>\n<p><span data-contrast=\"none\">Vi kommer fr\u00e5n m\u00f6drarna. Alla m\u00f6drar genom historien har haft en sak gemensam \u2013 fr\u00e5n Moder Jord till Jungfru Maria och Moder Svea: de har s\u00e4llan f\u00e5tt komma till tals. I den h\u00e4r boken f\u00e5r du m\u00f6ta 20 mammor bosatta i Sveriges fattigaste och mest utsatta omr\u00e5den.<\/span><span data-ccp-props=\"{&quot;201341983&quot;:0,&quot;335559739&quot;:160,&quot;335559740&quot;:259}\">\u00a0<\/span><\/p>\n<p>&nbsp;<\/p>\n<p><strong>\u201cMannen som slutade ljuga \u2013 ber\u00e4ttelsen om Sture Bergwall och kvinnan som skapade Thomas Quick\u201d av Dan Josefsson (6 ex)\u00a0<\/strong><\/p>\n<p><span data-contrast=\"none\">\u201cMannen som slutade ljuga\u201d \u00e4r r<\/span><span data-contrast=\"none\">esultatet av ett gr\u00e4vjobb som Dan Josefsson inledde efter journalisten Hannes R\u00e5stams bortg\u00e5ng i januari 2012. Med hj\u00e4lp av wallraffande och en omfattande research avsl\u00f6jar han den h\u00e4pnadsv\u00e4ckande historien om kvinnan som skapade den falska seriem\u00f6rdaren Thomas Quick och om gruppen som f\u00f6ljde henne.<\/span><span data-ccp-props=\"{&quot;201341983&quot;:0,&quot;335559739&quot;:160,&quot;335559740&quot;:259}\">\u00a0<\/span><\/p>\n<p>&nbsp;<\/p>\n<p><strong>\u201cMemoarer \u2013 f\u00f6rsta delen\u201d av Bob Dylan (5 ex)\u00a0<\/strong><\/p>\n<p><span data-contrast=\"none\">Platsen \u00e4r Greenwich Village. Tiden \u00e4r 1961, hans f\u00f6rsta \u00e5r p\u00e5 Manhattan.<\/span><br \/>\n<span data-contrast=\"none\">Bob Dylans New York \u00e4r en magisk m\u00f6jligheternas plats med ett \u00f6verfl\u00f6d av musikklubbar och caf\u00e9er, st\u00e4ndiga nattliga fester, nya litter\u00e4ra r\u00f6relser p\u00e5 framv\u00e4xt, snabba k\u00e4rleksaff\u00e4rer och tillf\u00e4lliga f\u00f6rbindelser men ocks\u00e5 nya v\u00e4nskapsband f\u00f6r livet. Melankoliska h\u00e5gkomster varvas med genomtr\u00e4ngande och skarpa iakttagelser av den tid som var.<\/span><span data-ccp-props=\"{&quot;201341983&quot;:0,&quot;335559739&quot;:160,&quot;335559740&quot;:259}\">\u00a0<\/span><\/p>\n<p>&nbsp;<\/p>\n<p><strong>\u201cMorsning och goodbye\u201d av Magnus H\u00e4renstam och Petter Karlsson (6 ex)\u00a0<\/strong><\/p>\n<p><span data-contrast=\"none\">Magnus H\u00e4renstam <\/span><span data-contrast=\"none\">var kanske mest k\u00e4nd som ena halvan av Magnus och Brasse och som en tredjedel av \u201dFem myror \u00e4r fler \u00e4n fyra elefanter\u201d, men hans karri\u00e4r omfattade ocks\u00e5 samarbeten med st\u00f6rre delen av den svenska humor- och underh\u00e5llningseliten under 1970- och 1980-talen. H\u00e4r ber\u00e4ttar han f\u00f6r f\u00f6rsta g\u00e5ngen allt om sin l\u00e5nga karri\u00e4r och sitt festglada liv, men ocks\u00e5 om den k\u00e4rleksl\u00f6sa uppv\u00e4xten, om den utom\u00e4ktenskapliga dottern, om saknaden efter bortg\u00e5ngna familjemedlemmar och kolleger samt om den egna cancersjukdomen.<\/span><span data-ccp-props=\"{&quot;201341983&quot;:0,&quot;335559739&quot;:160,&quot;335559740&quot;:259}\">\u00a0<\/span><\/p>\n<p>&nbsp;<\/p>\n<p><strong>\u201cNattstad\u201d av Simon H\u00e4ggstr\u00f6m (5 ex)\u00a0<\/strong><\/p>\n<p><span data-contrast=\"none\">Kriminalinspekt\u00f6r Simon H\u00e4ggstr\u00f6ms debut \u201cSkuggans lag\u201d slog ned i debatten som en blixt. Den sj\u00e4lvbiografiska boken visade p\u00e5 ett h\u00e5rt och realistiskt vis upp flera av samh\u00e4llets skuggsidor och gjorde upp med myten om den lyckliga horan. \u201cNattstad\u201d \u00e4r den frist\u00e5ende uppf\u00f6ljaren och precis som sin f\u00f6reg\u00e5ngare inneh\u00e5ller den starka ber\u00e4ttelser som chockerar och ber\u00f6r.<\/span><span data-ccp-props=\"{&quot;201341983&quot;:0,&quot;335559739&quot;:160,&quot;335559740&quot;:259}\">\u00a0<\/span><\/p>\n<p>&nbsp;<\/p>\n<p><strong>\u201cN\u00e4r vi var samer\u201d av Mats Jonsson (8 ex)\u00a0<\/strong><\/p>\n<p><span data-contrast=\"none\">Mats Jonsson reser tillbaka i tiden, genom Sveriges, S\u00e1pmis och sin egen sl\u00e4kts historia i ett f\u00f6rs\u00f6k att \u00f6ppna en lucka till sin egen bakgrund. Nitiskt researcharbete ger en bild av hur hans sl\u00e4kt stiger ut ur historiens skuggor i slutet av 1600-talet och bedriver rensk\u00f6tsel p\u00e5 sina lappskatteland i n\u00e4rmare 250 \u00e5r, medan det svenska samh\u00e4llet st\u00e4ndigt rycker n\u00e4rmare.<\/span><span data-ccp-props=\"{&quot;201341983&quot;:0,&quot;335559739&quot;:160,&quot;335559740&quot;:259}\">\u00a0<\/span><\/p>\n<p>&nbsp;<\/p>\n<p><strong>\u201cOch sen d\u00e5&#8230; vad h\u00e4nder i Glasriket?\u201d av Agneta Gustavsson (red.) (5 ex)\u00a0<\/strong><\/p>\n<p><span data-contrast=\"none\">Glasjobbarnas egen ber\u00e4ttelse om h\u00e4ndelseutvecklingen i Glasriket.\u00a0<\/span><span data-ccp-props=\"{&quot;201341983&quot;:0,&quot;335559739&quot;:160,&quot;335559740&quot;:259}\">\u00a0<\/span><\/p>\n<p>&nbsp;<\/p>\n<p><strong>\u201cPopul\u00e4rmusik fr\u00e5n Vittula\u201d av Mikael Niemi (6 ex)\u00a0<\/strong><\/p>\n<p><span data-contrast=\"none\">Mikael Niemi fick med romanen \u201cPopul\u00e4rmusik fr\u00e5n Vittula\u201d ett s\u00e4llan sk\u00e5dat genombrott. Matti och hans tystl\u00e5tna kompis Niila v\u00e4xer upp i det barnrika kvarter i Pajalas utkant som i folkmun kallas Vittulaj\u00e4nkk\u00e4, f\u00f6rkortat Vittula. I \u00f6vers\u00e4ttning blir det Fittmyren, s\u00e5 kallat &#8221;som ett slags r\u00e5 hyllning till den kvinnliga fruktsamheten&#8221;. Det \u00e4r sexti- och sjuttital, v\u00e4garna asfalteras, sm\u00e5jordbruken l\u00e4ggs ned, rockmusiken g\u00f6r sin entr\u00e9. De \u00e4ldre generationerna bjuder dock h\u00e5rt motst\u00e5nd mot nymodigheterna, arvet fr\u00e5n trettitalets mager\u00e5r och fr\u00e5n laestadianismen sitter djupt rotat. Men Matti och hans kompisar dr\u00f6mmer om ett annat liv, det som kan anas bortom Tornedalens horisont.<\/span><span data-ccp-props=\"{&quot;201341983&quot;:0,&quot;335559739&quot;:160,&quot;335559740&quot;:259}\">\u00a0<\/span><\/p>\n<p>&nbsp;<\/p>\n<p><strong>\u201cP\u00e5 flykt fr\u00e5n krig \u2013 Asyls\u00f6kande, ensamkommande och internflyktingar i Sveriges historia\u201d av Anna Fredholm (red.) (4 ex)\u00a0<\/strong><\/p>\n<p><span data-contrast=\"auto\">\u201cKrig har alltid drivit m\u00e4nniskor p\u00e5 flykt. Den h\u00e4r boken handlar om m\u00e4nniskor p\u00e5 flykt under stora nordiska kriget 1700-1721, andra v\u00e4rldskriget 1939-1945 och krigen i Mellan\u00f6stern under 2000-talet. Samtliga artiklar bygger p\u00e5 enskilda m\u00e4nniskors \u00f6den och ber\u00e4ttelser.\u201d<\/span><span data-ccp-props=\"{&quot;201341983&quot;:0,&quot;335559739&quot;:160,&quot;335559740&quot;:259}\">\u00a0<\/span><\/p>\n<p>&nbsp;<\/p>\n<p><strong>\u201cResandefolket \u2013 fr\u00e5n tattare till traveller\u201d av Bo Hazell (6 ex)\u00a0<\/strong><\/p>\n<p><span data-contrast=\"none\">Omkring 30 000 svenskar tillh\u00f6r resandefolket. Trots att vi m\u00f6ter dem p\u00e5 v\u00e5ra arbetsplatser, i v\u00e5ra bostadsomr\u00e5den och ute i samh\u00e4llslivet \u00e4r de anonyma f\u00f6r oss. P\u00e5 grund av tv\u00e5ngssteriliseringar, rasregistreringar och etniska rensningar har de h\u00e5llit sig undan offentligheten. Men fr\u00e5n slutet av 1990-talet kom v\u00e4ndningen. D\u00e5 p\u00e5b\u00f6rjades n\u00e5got av en revival, fr\u00e4mst bland unga, att v\u00e5ga tr\u00e4da fram och visa stolthet f\u00f6r sina r\u00f6tter. Flera resande ber\u00e4ttar sj\u00e4lva i boken om hur det varit att v\u00e4xa upp inom resandekulturen.<\/span><span data-ccp-props=\"{&quot;201341983&quot;:0,&quot;335559739&quot;:160,&quot;335559740&quot;:259}\">\u00a0<\/span><\/p>\n<p>&nbsp;<\/p>\n<p><strong>\u201cSara och Serafina\u201d av D\u017eevad Karahasan (8 ex)\u00a0<\/strong><\/p>\n<p><span data-contrast=\"auto\">Roman som utspelar sig i det bel\u00e4grade Sarajevo. Det ber\u00e4ttande jaget \u00e4r en professor som bor i ett av de mest utsatta omr\u00e5dena.\u00a0<\/span><span data-ccp-props=\"{&quot;201341983&quot;:0,&quot;335559739&quot;:160,&quot;335559740&quot;:259}\">\u00a0<\/span><\/p>\n<p>&nbsp;<\/p>\n<p><strong>\u201cSex dagar \u2013 en roman om upploppen i Los Angeles 1992\u201d av Ryan Gattis (5 ex)\u00a0<\/strong><\/p>\n<p><span data-contrast=\"none\">April 1992. I sex dagar brinner Los Angeles, efter att poliserna som misshandlat Rodney King frik\u00e4nts. G\u00e4ngen tar \u00f6ver, aff\u00e4rer plundras, polisen \u00e4r n\u00e5gon annanstans. En av de drabbade \u00e4r Ernesto, som p\u00e5 v\u00e4g hem fr\u00e5n jobbet blir indragen i en uppg\u00f6relse som egentligen inte har med honom att g\u00f6ra. Ryan Gattis har skrivit en explosiv kollektivroman som f\u00f6r tankarna till tv-serien \u201cThe Wire\u201d \u2013 en roman om rasism, polisv\u00e5ld, g\u00e4ngkrig. Men ocks\u00e5 om gemenskap och lojalitet in i d\u00f6den.<\/span><span data-ccp-props=\"{&quot;201341983&quot;:0,&quot;335559739&quot;:160,&quot;335559740&quot;:259}\">\u00a0<\/span><\/p>\n<p>&nbsp;<\/p>\n<p><strong>\u201cSjukhuskatten Oscar \u2013 en vanlig katt med en ovanlig g\u00e5va\u201d av David Dosa (6 ex)\u00a0<\/strong><\/p>\n<p><span data-contrast=\"none\">Det \u00e4r v\u00e5rdhemmets sjuksk\u00f6terskor som f\u00f6rst m\u00e4rker det: g\u00e5ng efter g\u00e5ng vet katten Oscar n\u00e5got som v\u00e5rdpersonalen inte vet. N\u00e4r en patient inte har l\u00e5ngt kvar, hoppar Oscar upp i s\u00e4ngen och h\u00e5ller den s\u00e4llskap. L\u00e4karen och geriatrikern David Dosa tror inte riktigt p\u00e5 det, han \u00e4r ju utbildad naturvetare och skeptisk till den h\u00e4r sortens p\u00e5st\u00e5enden. Men till slut kan han inte l\u00e4ngre blunda f\u00f6r Oscars ovanliga g\u00e5va. F\u00f6r att g\u00e5 till botten med fr\u00e5gan b\u00f6rjar han samtala med sin personal och sina patienters n\u00e4rst\u00e5ende. Samtalen ger honom insikter som han skriver ner. Det blir en varm och fin, rent av uppmuntrande, ber\u00e4ttelse om hur relationer och livet som helhet f\u00f6r\u00e4ndras n\u00e4r en n\u00e4ra och \u00e4lskad blir dement.<\/span><span data-ccp-props=\"{&quot;201341983&quot;:0,&quot;335559739&quot;:160,&quot;335559740&quot;:259}\">\u00a0<\/span><\/p>\n<p>&nbsp;<\/p>\n<p><strong>\u201cSpill\u201d av Sigrid Comb\u00fcchen (6 ex)\u00a0<\/strong><\/p>\n<p><span data-contrast=\"none\">Roman om en f\u00f6rfattare som f\u00e5r ett brev fr\u00e5n en av sina l\u00e4sare, Hedwig Langmark, som k\u00e4nt igen sig i ett beskrivet foto i en av f\u00f6rfattarens b\u00f6cker. Genom brevv\u00e4xlingen och f\u00f6rfattarens egna efterforskningar v\u00e4xer en ber\u00e4ttelse om Heddas liv som ung. Men mellan f\u00f6rfattaren och den gamla Hedda uppst\u00e5r en dragkamp om hur och varf\u00f6r hennes liv blev som det blev.<\/span><span data-ccp-props=\"{&quot;201341983&quot;:0,&quot;335559739&quot;:160,&quot;335559740&quot;:259}\">\u00a0<\/span><\/p>\n<p>&nbsp;<\/p>\n<p><strong>\u201cSp\u00e5domen \u2013 en flickas memoarer\u201d av Agneta Pleijel (6 ex)\u00a0<\/strong><\/p>\n<p><span data-contrast=\"none\">\u00d6ppenhj\u00e4rtigt och i laddade minnesbilder skriver Agneta Pleijel fram en ung flicka som en g\u00e5ng var hon. Boken sp\u00e4nner \u00f6ver tiden fr\u00e5n f\u00f6delsen 1940 och tjugo \u00e5r fram\u00e5t. Ledmotivet \u00e4r den sp\u00e5dom som en \u00e4lskad faster har f\u00e5tt, och vars uppfyllelse flickan med sp\u00e4nning f\u00f6ljer.<\/span><span data-ccp-props=\"{&quot;201341983&quot;:0,&quot;335559739&quot;:160,&quot;335559740&quot;:259}\">\u00a0<\/span><\/p>\n<p>&nbsp;<\/p>\n<p><strong>\u201cTestamente\u201d av Nina W\u00e4h\u00e4 (6 ex)\u00a0<\/strong><\/p>\n<p><span data-contrast=\"none\">\u00c4r man ansvarig f\u00f6r sin familjs synder? Kan man egentligen g\u00f6ra n\u00e5got f\u00f6r att f\u00f6r\u00e4ndra historien? Kan man kanske skriva om den? Det \u00e4r fr\u00e5gor Nina W\u00e4h\u00e4 st\u00e4ller i sin roman \u201cTestamente\u201d. <\/span><span data-contrast=\"none\">I \u201cTestamente\u201d m<\/span><span data-contrast=\"none\">\u00f6ter vi Annie, som n\u00e4r hon blir gravid motvilligt \u00e5ker hem till platsen d\u00e4r hon v\u00e4xte upp. Bondg\u00e5rden ligger i Tornedalen, med sitt eget spr\u00e5k, sitt eget me\u00e4nkieli. Inte svenska, inte finska, n\u00e5got tredje.<\/span><span data-ccp-props=\"{&quot;201341983&quot;:0,&quot;335559739&quot;:160,&quot;335559740&quot;:259}\">\u00a0<\/span><\/p>\n<p>&nbsp;<\/p>\n<p><strong>\u201cUr spr\u00e5kmurens skugga \u2013 om sverigefinskhet och minoritetskunskap\u201d av Merja Heed, Helena Helander, Riitta Korhonen, Satu Rekola och Heli Henriksson Vasara (3 ex)\u00a0<\/strong><\/p>\n<p><span data-contrast=\"auto\">\u201cUr spr\u00e5kmurens skugga syftar till att ge minoriteten redskap inf\u00f6r framtiden. F\u00f6rfattarna skildrar processen fr\u00e5n omedveten majoritetsidentitet till medveten minoritetsmedvetenhet, analyserar h\u00e4rskartekniker och synligg\u00f6r de f\u00e4llor och problem som minoritetsgruppens aktiva ofta kan hamna i.\u201d<\/span><span data-ccp-props=\"{&quot;134233117&quot;:false,&quot;134233118&quot;:false,&quot;201341983&quot;:0,&quot;335551550&quot;:1,&quot;335551620&quot;:1,&quot;335559685&quot;:0,&quot;335559737&quot;:0,&quot;335559738&quot;:0,&quot;335559739&quot;:160,&quot;335559740&quot;:259}\">\u00a0<\/span><\/p>\n<p>&nbsp;<\/p>\n<p><strong>\u201cVi som valde Sverige \u2013 V\u00e5ra ber\u00e4ttelser\u201d (4 ex)\u00a0<\/strong><\/p>\n<p><span data-contrast=\"auto\">\u201cEn antologi med ber\u00e4ttelser av asyls\u00f6kande som ger en m\u00e5ngfacetterad bild av livet i hemlandet, flykten och den f\u00f6rsta asyltiden i Sverige. Allt som det inneb\u00e4r att vara m\u00e4nniska kommer till uttryck.\u201d<\/span><span data-ccp-props=\"{&quot;134233117&quot;:false,&quot;134233118&quot;:false,&quot;201341983&quot;:0,&quot;335551550&quot;:1,&quot;335551620&quot;:1,&quot;335559685&quot;:0,&quot;335559737&quot;:0,&quot;335559738&quot;:0,&quot;335559739&quot;:160,&quot;335559740&quot;:259}\">\u00a0<\/span><\/p>\n<p>&nbsp;<\/p>\n<p><strong>\u201c30 \u00e5r av tystnad \u2013 mitt liv i skuggan av ordet p\u00e5 Olof Palme\u201d av Anna Hage (6 ex)\u00a0<\/strong><\/p>\n<p><span data-contrast=\"none\">En vardagkv\u00e4ll i februari 2016 m\u00f6ter Anna sin egen blick i tv-rutan. Det \u00e4r blicken hos en skr\u00e4md sjutton\u00e5ring. En tjej med sprejat h\u00e5r i 80-talsfrisyr sitter i Aktuelltstudion och ber\u00e4ttar om mordnatten d\u00e5 Olof Palme m\u00f6rdades. Nu, trettio \u00e5r senare, sitter Anna hemma i tv-soffan och drabbas av frossa. Det skakar i hela kroppen och hon m\u00e5r illa. P\u00e5 natten k\u00e4nns det som om hon ska kv\u00e4vas. Tankar, minnen och k\u00e4nslor, allt flimrar f\u00f6rbi som i ett kalejdoskop.<\/span><span data-ccp-props=\"{&quot;201341983&quot;:0,&quot;335559739&quot;:160,&quot;335559740&quot;:259}\">\u00a0<\/span><\/p>\n<p>&nbsp;<\/p>\n<p><strong>\u201c438 dagar \u2013 v\u00e5r ber\u00e4ttelse om storpolitik, v\u00e4nskap och tiden som diktaturens f\u00e5ngar\u201d av Johan Persson och Marin Schibbye (6 ex)\u00a0<\/strong><\/p>\n<p><span data-contrast=\"none\">&#8221;<\/span><span data-contrast=\"none\">Den h\u00e4r boken skulle inte ha funnits om inte allt g\u00e5tt snett. Natten till den 28 juni 2011 satte vi allt p\u00e5 spel n\u00e4r vi i skydd av m\u00f6rkret korsade gr\u00e4nsen mellan Somalia och Etiopien. Vi ville unders\u00f6ka hur den h\u00e4nsynsl\u00f6sa jakten p\u00e5 olja drabbade befolkningen i den st\u00e4ngda och konfliktfyllda Ogadenregionen. Vi ville n\u00e5 bortom flyktingber\u00e4ttelserna och larmrapporterna, och med v\u00e5ra egna \u00f6gon ta reda p\u00e5 sanningen. Fem dygn senare l\u00e5g vi skjutna och blodiga i \u00f6knen. Men n\u00e4r det ursprungliga reportaget dog, tog en annan historia sin b\u00f6rjan. En ber\u00e4ttelse om r\u00e4ttsl\u00f6shet, propaganda och storpolitik.\u201d<\/span><span data-ccp-props=\"{&quot;201341983&quot;:0,&quot;335559739&quot;:160,&quot;335559740&quot;:259}\">\u00a0<\/span><\/p>\n\n    <\/div>\n<\/div>\n<div\n    class=\"acf-article-cta-link-block article-container my-8\"\n    data-block=\"article-cta-link-block\"\n>\n<div>\n    <a class=\"inline-flex flex-row items-center gap-4 text-link underline text-red-dark\"\n        href=\"https:\/\/www.abf.se\/kronoberg\/kontakt\/\"\n                target=\"_blank\"\n            >\n        <span class=\"\">\n        Vill du starta en bokcirkel? Kontakta oss!\n        <\/span>\n        <figure aria-hidden=\"true\" class=\"rounded-full bg-red-dark w-8 h-8 p-1 text-white\">\n            <svg width=\"20\" height=\"20\" viewBox=\"0 0 20 20\" fill=\"none\" class=\"SvgIconElement\">\n<path d=\"M4.16659 10L15.8333 10\" stroke=\"currentColor\"\/>\n<path d=\"M9.99992 4.1665L15.8333 9.99984L9.99992 15.8332\" stroke=\"currentColor\"\/>\n<\/svg>\n        <\/figure>\n    <\/a>\n<\/div>\n<\/div>\n","protected":false},"featured_media":0,"parent":0,"menu_order":0,"template":"","categories":[],"class_list":["post-236","news-article","type-news-article","status-publish","hentry"],"acf":[],"yoast_head":"<!-- This site is optimized with the Yoast SEO plugin v27.0 - https:\/\/yoast.com\/product\/yoast-seo-wordpress\/ -->\n<title>ABF Kronobergs cirkelb\u00f6cker - Kronoberg<\/title>\n<meta name=\"robots\" content=\"index, follow, max-snippet:-1, max-image-preview:large, max-video-preview:-1\" \/>\n<link rel=\"canonical\" href=\"https:\/\/www.abf.se\/kronoberg\/nyheter\/abf-kronobergs-cirkelbocker\/\" \/>\n<meta property=\"og:locale\" content=\"sv_SE\" \/>\n<meta property=\"og:type\" content=\"article\" \/>\n<meta property=\"og:title\" content=\"ABF Kronobergs cirkelb\u00f6cker - Kronoberg\" \/>\n<meta property=\"og:url\" content=\"https:\/\/www.abf.se\/kronoberg\/nyheter\/abf-kronobergs-cirkelbocker\/\" \/>\n<meta property=\"og:site_name\" content=\"Kronoberg\" \/>\n<meta property=\"og:image\" content=\"https:\/\/www.abf.se\/wp-content\/uploads\/sites\/33\/2024\/03\/Nyckeln-liggande-scaled.jpg\" \/>\n\t<meta property=\"og:image:width\" content=\"2560\" \/>\n\t<meta property=\"og:image:height\" content=\"1440\" \/>\n\t<meta property=\"og:image:type\" content=\"image\/jpeg\" \/>\n<meta name=\"twitter:card\" content=\"summary_large_image\" \/>\n<script type=\"application\/ld+json\" class=\"yoast-schema-graph\">{\"@context\":\"https:\/\/schema.org\",\"@graph\":[{\"@type\":\"WebPage\",\"@id\":\"https:\/\/www.abf.se\/kronoberg\/nyheter\/abf-kronobergs-cirkelbocker\/\",\"url\":\"https:\/\/www.abf.se\/kronoberg\/nyheter\/abf-kronobergs-cirkelbocker\/\",\"name\":\"ABF Kronobergs cirkelb\u00f6cker - Kronoberg\",\"isPartOf\":{\"@id\":\"https:\/\/www.abf.se\/kronoberg\/#website\"},\"datePublished\":\"2024-03-14T12:44:12+00:00\",\"breadcrumb\":{\"@id\":\"https:\/\/www.abf.se\/kronoberg\/nyheter\/abf-kronobergs-cirkelbocker\/#breadcrumb\"},\"inLanguage\":\"sv-SE\",\"potentialAction\":[{\"@type\":\"ReadAction\",\"target\":[\"https:\/\/www.abf.se\/kronoberg\/nyheter\/abf-kronobergs-cirkelbocker\/\"]}]},{\"@type\":\"BreadcrumbList\",\"@id\":\"https:\/\/www.abf.se\/kronoberg\/nyheter\/abf-kronobergs-cirkelbocker\/#breadcrumb\",\"itemListElement\":[{\"@type\":\"ListItem\",\"position\":1,\"name\":\"Home\",\"item\":\"https:\/\/www.abf.se\/kronoberg\/\"},{\"@type\":\"ListItem\",\"position\":2,\"name\":\"Nyheter\",\"item\":\"https:\/\/www.abf.se\/kronoberg\/nyheter\/\"},{\"@type\":\"ListItem\",\"position\":3,\"name\":\"ABF Kronobergs cirkelb\u00f6cker\"}]},{\"@type\":\"WebSite\",\"@id\":\"https:\/\/www.abf.se\/kronoberg\/#website\",\"url\":\"https:\/\/www.abf.se\/kronoberg\/\",\"name\":\"Kronoberg\",\"description\":\"\",\"potentialAction\":[{\"@type\":\"SearchAction\",\"target\":{\"@type\":\"EntryPoint\",\"urlTemplate\":\"https:\/\/www.abf.se\/kronoberg\/?s={search_term_string}\"},\"query-input\":{\"@type\":\"PropertyValueSpecification\",\"valueRequired\":true,\"valueName\":\"search_term_string\"}}],\"inLanguage\":\"sv-SE\"}]}<\/script>\n<!-- \/ Yoast SEO plugin. -->","yoast_head_json":{"title":"ABF Kronobergs cirkelb\u00f6cker - Kronoberg","robots":{"index":"index","follow":"follow","max-snippet":"max-snippet:-1","max-image-preview":"max-image-preview:large","max-video-preview":"max-video-preview:-1"},"canonical":"https:\/\/www.abf.se\/kronoberg\/nyheter\/abf-kronobergs-cirkelbocker\/","og_locale":"sv_SE","og_type":"article","og_title":"ABF Kronobergs cirkelb\u00f6cker - Kronoberg","og_url":"https:\/\/www.abf.se\/kronoberg\/nyheter\/abf-kronobergs-cirkelbocker\/","og_site_name":"Kronoberg","og_image":[{"width":2560,"height":1440,"url":"https:\/\/www.abf.se\/wp-content\/uploads\/sites\/33\/2024\/03\/Nyckeln-liggande-scaled.jpg","type":"image\/jpeg"}],"twitter_card":"summary_large_image","schema":{"@context":"https:\/\/schema.org","@graph":[{"@type":"WebPage","@id":"https:\/\/www.abf.se\/kronoberg\/nyheter\/abf-kronobergs-cirkelbocker\/","url":"https:\/\/www.abf.se\/kronoberg\/nyheter\/abf-kronobergs-cirkelbocker\/","name":"ABF Kronobergs cirkelb\u00f6cker - Kronoberg","isPartOf":{"@id":"https:\/\/www.abf.se\/kronoberg\/#website"},"datePublished":"2024-03-14T12:44:12+00:00","breadcrumb":{"@id":"https:\/\/www.abf.se\/kronoberg\/nyheter\/abf-kronobergs-cirkelbocker\/#breadcrumb"},"inLanguage":"sv-SE","potentialAction":[{"@type":"ReadAction","target":["https:\/\/www.abf.se\/kronoberg\/nyheter\/abf-kronobergs-cirkelbocker\/"]}]},{"@type":"BreadcrumbList","@id":"https:\/\/www.abf.se\/kronoberg\/nyheter\/abf-kronobergs-cirkelbocker\/#breadcrumb","itemListElement":[{"@type":"ListItem","position":1,"name":"Home","item":"https:\/\/www.abf.se\/kronoberg\/"},{"@type":"ListItem","position":2,"name":"Nyheter","item":"https:\/\/www.abf.se\/kronoberg\/nyheter\/"},{"@type":"ListItem","position":3,"name":"ABF Kronobergs cirkelb\u00f6cker"}]},{"@type":"WebSite","@id":"https:\/\/www.abf.se\/kronoberg\/#website","url":"https:\/\/www.abf.se\/kronoberg\/","name":"Kronoberg","description":"","potentialAction":[{"@type":"SearchAction","target":{"@type":"EntryPoint","urlTemplate":"https:\/\/www.abf.se\/kronoberg\/?s={search_term_string}"},"query-input":{"@type":"PropertyValueSpecification","valueRequired":true,"valueName":"search_term_string"}}],"inLanguage":"sv-SE"}]}},"_links":{"self":[{"href":"https:\/\/www.abf.se\/kronoberg\/wp-json\/wp\/v2\/news-article\/236","targetHints":{"allow":["GET"]}}],"collection":[{"href":"https:\/\/www.abf.se\/kronoberg\/wp-json\/wp\/v2\/news-article"}],"about":[{"href":"https:\/\/www.abf.se\/kronoberg\/wp-json\/wp\/v2\/types\/news-article"}],"wp:attachment":[{"href":"https:\/\/www.abf.se\/kronoberg\/wp-json\/wp\/v2\/media?parent=236"}],"wp:term":[{"taxonomy":"category","embeddable":true,"href":"https:\/\/www.abf.se\/kronoberg\/wp-json\/wp\/v2\/categories?post=236"}],"curies":[{"name":"wp","href":"https:\/\/api.w.org\/{rel}","templated":true}]}}