{"id":1470,"date":"2025-03-13T14:14:00","date_gmt":"2025-03-13T13:14:00","guid":{"rendered":"https:\/\/www.abf.se\/malmo\/?post_type=news-article&#038;p=1470"},"modified":"2025-06-25T14:10:43","modified_gmt":"2025-06-25T12:10:43","slug":"regeringen-tar-bort-en-tredjedel-av-pengarna-till-abf","status":"publish","type":"news-article","link":"https:\/\/www.abf.se\/malmo-sydvast\/nyheter\/regeringen-tar-bort-en-tredjedel-av-pengarna-till-abf\/","title":{"rendered":"Regeringen tar bort en tredjedel av pengarna till ABF"},"content":{"rendered":"<div\n    class=\"acf-article-text-block article-container my-12\"\n    data-block=\"article-text-block\"\n>\n    <div class=\"wysiwyg\">\n        <h2>Nedsk\u00e4rningar som drabbar deltagarna<\/h2>\n<p>Regeringen sk\u00e4r ned anslagen till studief\u00f6rbund med 500 miljoner kronor p\u00e5 tre \u00e5r, vilket motsvarar en tredjedel av statsbidraget. Detta \u00e4r unikt. Studief\u00f6rbunden kan inte hantera detta utan att det p\u00e5verkar verksamheten kraftigt negativt.<\/p>\n<p>Nedsk\u00e4rningarna kommer att drabba deltagarna. En nedsk\u00e4rning med en tredjedel motsvarar att verksamhet f\u00f6r mer \u00e4n 200 000 deltagare \u00e4r hotad. 200 000 deltagare inneb\u00e4r ungef\u00e4r befolkningen Uppsala eller en karavan med fulla turistbussar som str\u00e4cker sig fr\u00e5n Malm\u00f6 till Ystad.<\/p>\n<h2>Hur p\u00e5verkas ABF Malm\u00f6?<\/h2>\n<p>Vi har \u00e4nnu inte sett de fulla konsekvenserna av vad regeringens nedsk\u00e4rningar inneb\u00e4r. Men ABF Malm\u00f6 har redan f\u00e5tt st\u00e4lla in verksamhet p\u00e5 grund av resurs- och personalbrist, vilket tyv\u00e4rr kommer att forts\u00e4tta de kommande \u00e5ren.<\/p>\n<h3>Det vi ser redan h\u00e4nder eller kommer h\u00e4nda \u00e4r:<\/h3>\n<ul>\n<li>Avvecklad verksamhet<\/li>\n<li>N\u00e5r f\u00e4rre deltagare<\/li>\n<li>St\u00e4ngda m\u00f6tesplatser och lokaler<\/li>\n<li>F\u00e4rre personal<\/li>\n<li>F\u00e4rre resurser<\/li>\n<\/ul>\n\n    <\/div>\n<\/div>\n<div\n    class=\"acf-article-image-block mb-12 article-container-lg\"\n    data-block=\"article-image-block\"\n>\n<div class=\"\">\n\n        <figure>\n        \n            <picture class=\"round-corners-lg w-full\"><img decoding=\"async\" src=\"https:\/\/www.abf.se\/malmo-sydvast\/resized\/?url=https%3A%2F%2Fwww.abf.se%2Fwp-content%2Fuploads%2Fsites%2F34%2F2025%2F01%2F465716327_948047567356596_3216450023879668659_n.jpg&#038;fit=contain&#038;w=788&#038;s=b44e2818286ac9e5983f200562e91bb1\" srcset=\"https:\/\/www.abf.se\/malmo-sydvast\/resized\/?url=https%3A%2F%2Fwww.abf.se%2Fwp-content%2Fuploads%2Fsites%2F34%2F2025%2F01%2F465716327_948047567356596_3216450023879668659_n.jpg&#038;fit=contain&#038;w=375&#038;h=375&#038;s=610cbbf8a23910de955b414cb8646b99 375w, https:\/\/www.abf.se\/malmo-sydvast\/resized\/?url=https%3A%2F%2Fwww.abf.se%2Fwp-content%2Fuploads%2Fsites%2F34%2F2025%2F01%2F465716327_948047567356596_3216450023879668659_n.jpg&#038;fit=contain&#038;w=447&#038;h=447&#038;s=cfe49e8fa7cd8dc86dcc8708791a6a90 447w, https:\/\/www.abf.se\/malmo-sydvast\/resized\/?url=https%3A%2F%2Fwww.abf.se%2Fwp-content%2Fuploads%2Fsites%2F34%2F2025%2F01%2F465716327_948047567356596_3216450023879668659_n.jpg&#038;fit=contain&#038;w=519&#038;h=519&#038;s=2b86046874a2d54184c3846062e69693 519w, https:\/\/www.abf.se\/malmo-sydvast\/resized\/?url=https%3A%2F%2Fwww.abf.se%2Fwp-content%2Fuploads%2Fsites%2F34%2F2025%2F01%2F465716327_948047567356596_3216450023879668659_n.jpg&#038;fit=contain&#038;w=591&#038;h=591&#038;s=2a5b320e88887c42b8fa51ba5167c6b4 591w, https:\/\/www.abf.se\/malmo-sydvast\/resized\/?url=https%3A%2F%2Fwww.abf.se%2Fwp-content%2Fuploads%2Fsites%2F34%2F2025%2F01%2F465716327_948047567356596_3216450023879668659_n.jpg&#038;fit=contain&#038;w=663&#038;h=663&#038;s=15690de5af87ec1fccca47b6bff5a189 663w, https:\/\/www.abf.se\/malmo-sydvast\/resized\/?url=https%3A%2F%2Fwww.abf.se%2Fwp-content%2Fuploads%2Fsites%2F34%2F2025%2F01%2F465716327_948047567356596_3216450023879668659_n.jpg&#038;fit=contain&#038;w=735&#038;h=735&#038;s=f19dec097855edd3367163cb75804f16 735w, https:\/\/www.abf.se\/malmo-sydvast\/resized\/?url=https%3A%2F%2Fwww.abf.se%2Fwp-content%2Fuploads%2Fsites%2F34%2F2025%2F01%2F465716327_948047567356596_3216450023879668659_n.jpg&#038;fit=contain&#038;w=750&#038;h=750&#038;s=d96227815e67166444ed7e4844cd9e31 750w, https:\/\/www.abf.se\/malmo-sydvast\/resized\/?url=https%3A%2F%2Fwww.abf.se%2Fwp-content%2Fuploads%2Fsites%2F34%2F2025%2F01%2F465716327_948047567356596_3216450023879668659_n.jpg&#038;fit=contain&#038;w=788&#038;s=b44e2818286ac9e5983f200562e91bb1 788w, https:\/\/www.abf.se\/malmo-sydvast\/resized\/?url=https%3A%2F%2Fwww.abf.se%2Fwp-content%2Fuploads%2Fsites%2F34%2F2025%2F01%2F465716327_948047567356596_3216450023879668659_n.jpg&#038;fit=contain&#038;w=894&#038;h=894&#038;s=2f6459597a70ed583a9e2eb508e5ef24 894w, https:\/\/www.abf.se\/malmo-sydvast\/resized\/?url=https%3A%2F%2Fwww.abf.se%2Fwp-content%2Fuploads%2Fsites%2F34%2F2025%2F01%2F465716327_948047567356596_3216450023879668659_n.jpg&#038;fit=contain&#038;w=1038&#038;h=1038&#038;s=16ee39284a49199ceb704b28bf54b5d7 1038w, https:\/\/www.abf.se\/malmo-sydvast\/resized\/?url=https%3A%2F%2Fwww.abf.se%2Fwp-content%2Fuploads%2Fsites%2F34%2F2025%2F01%2F465716327_948047567356596_3216450023879668659_n.jpg&#038;fit=contain&#038;w=1182&#038;h=1182&#038;s=fe91d67dd283053e5c8724c5bc7619a1 1182w, https:\/\/www.abf.se\/malmo-sydvast\/resized\/?url=https%3A%2F%2Fwww.abf.se%2Fwp-content%2Fuploads%2Fsites%2F34%2F2025%2F01%2F465716327_948047567356596_3216450023879668659_n.jpg&#038;fit=contain&#038;w=1326&#038;h=1326&#038;s=2adedb752ea47f4f41ccb39c271f3e0f 1326w, https:\/\/www.abf.se\/malmo-sydvast\/resized\/?url=https%3A%2F%2Fwww.abf.se%2Fwp-content%2Fuploads%2Fsites%2F34%2F2025%2F01%2F465716327_948047567356596_3216450023879668659_n.jpg&#038;fit=contain&#038;w=1470&#038;h=1470&#038;s=836bd7ee62a8868d5aa060d953768ce9 1470w\" alt=\"\" height=\"788\" width=\"788\" sizes=\"auto, (max-width: 768px) calc(100vw - 40px), 788px\" loading=\"lazy\" fetchpriority=\"low\" class=\"round-corners-lg w-full\" \/><\/picture>\n                        <\/figure>\n        <\/div>\n\n<\/div>\n<div\n    class=\"acf-article-text-block article-container my-12\"\n    data-block=\"article-text-block\"\n>\n    <div class=\"wysiwyg\">\n        <h2>Artiklar om nedsk\u00e4rningarna:<\/h2>\n\n    <\/div>\n<\/div>\n<div\n    class=\"acf-article-cta-link-block article-container my-8\"\n    data-block=\"article-cta-link-block\"\n>\n<div>\n    <a class=\"inline-flex flex-row items-center gap-4 text-link underline text-red-dark\"\n        href=\"https:\/\/www.aftonbladet.se\/debatt\/a\/Gy5byB\/23-organisationer-regeringen-tystar-ossicivilsamhallet?fbclid=IwY2xjawH_KQVleHRuA2FlbQIxMQABHZyjZ2Jc0Je8lYtCq_-6G9fipgC3yJD2KouF-8VU1bnLGrmJho0GGrwRAg_aem_cyD_ksW7vUQ0KgkE0iCL7Q\"\n                target=\"_blank\"\n            >\n        <span class=\"\">\n        &quot;Regeringen tystar oss i civilsamh\u00e4llet&quot;\n        <\/span>\n        <figure aria-hidden=\"true\" class=\"rounded-full bg-red-dark w-8 h-8 p-1 text-white\">\n            <svg width=\"20\" height=\"20\" viewBox=\"0 0 20 20\" fill=\"none\" class=\"SvgIconElement\">\n<path d=\"M4.16659 10L15.8333 10\" stroke=\"currentColor\"\/>\n<path d=\"M9.99992 4.1665L15.8333 9.99984L9.99992 15.8332\" stroke=\"currentColor\"\/>\n<\/svg>\n        <\/figure>\n    <\/a>\n<\/div>\n<\/div>\n<div\n    class=\"acf-article-cta-link-block article-container my-8\"\n    data-block=\"article-cta-link-block\"\n>\n<div>\n    <a class=\"inline-flex flex-row items-center gap-4 text-link underline text-red-dark\"\n        href=\"https:\/\/studieforbunden.se\/dokument\/replokalskris-i-musiksverige-2\/?fbclid=IwY2xjawH_KQ9leHRuA2FlbQIxMAABHeNGmgxKgKn20tDnAQpy3TEXCA_O-_grl8Ytx9grmywakJLJU64s8Dfo_w_aem_e7QWMKxll2ds6jl5UY-8qg\"\n                target=\"_blank\"\n            >\n        <span class=\"\">\n        Rapport: &quot;Replokalskris i musiksverige&quot;\n        <\/span>\n        <figure aria-hidden=\"true\" class=\"rounded-full bg-red-dark w-8 h-8 p-1 text-white\">\n            <svg width=\"20\" height=\"20\" viewBox=\"0 0 20 20\" fill=\"none\" class=\"SvgIconElement\">\n<path d=\"M4.16659 10L15.8333 10\" stroke=\"currentColor\"\/>\n<path d=\"M9.99992 4.1665L15.8333 9.99984L9.99992 15.8332\" stroke=\"currentColor\"\/>\n<\/svg>\n        <\/figure>\n    <\/a>\n<\/div>\n<\/div>\n<div\n    class=\"acf-article-cta-link-block article-container my-8\"\n    data-block=\"article-cta-link-block\"\n>\n<div>\n    <a class=\"inline-flex flex-row items-center gap-4 text-link underline text-red-dark\"\n        href=\"https:\/\/www.dagensarena.se\/opinion\/404364\/?fbclid=IwY2xjawLIw3dleHRuA2FlbQIxMQBicmlkETE4RG9IOXRaenlGOTh2ZlpZAR56bbBJ7RB7K9H-xVHVgHPyBh00WgArOw1J97RbHIbKL8L7ObkuH39QaLVvmg_aem_JUxtOyDdJcL1bwnGZM2qyg\"\n            >\n        <span class=\"\">\n        Tomas Eneroth: &quot;Sverige blir tr\u00e5kigare, svagare, tystare&quot;\n        <\/span>\n        <figure aria-hidden=\"true\" class=\"rounded-full bg-red-dark w-8 h-8 p-1 text-white\">\n            <svg width=\"20\" height=\"20\" viewBox=\"0 0 20 20\" fill=\"none\" class=\"SvgIconElement\">\n<path d=\"M4.16659 10L15.8333 10\" stroke=\"currentColor\"\/>\n<path d=\"M9.99992 4.1665L15.8333 9.99984L9.99992 15.8332\" stroke=\"currentColor\"\/>\n<\/svg>\n        <\/figure>\n    <\/a>\n<\/div>\n<\/div>\n<div\n    class=\"acf-article-cta-link-block article-container my-8\"\n    data-block=\"article-cta-link-block\"\n>\n<div>\n    <a class=\"inline-flex flex-row items-center gap-4 text-link underline text-red-dark\"\n        href=\"https:\/\/www.sverigesradio.se\/artikel\/banden-om-replokalskrisen-farre-kommer-borja-spela?fbclid=iwy2xjawh_ktzlehrua2flbqixmaabhengmgxkgkn20tdnaqpy3texca_o-_grl8ytx9grmywakjlju64s8dfo_w_aem_e7qwmkxll2ds6jl5uy-8qg\"\n                target=\"_blank\"\n            >\n        <span class=\"\">\n        Banden om replokalskrisen: \u201dF\u00e4rre kommer b\u00f6rja spela\u201d\n        <\/span>\n        <figure aria-hidden=\"true\" class=\"rounded-full bg-red-dark w-8 h-8 p-1 text-white\">\n            <svg width=\"20\" height=\"20\" viewBox=\"0 0 20 20\" fill=\"none\" class=\"SvgIconElement\">\n<path d=\"M4.16659 10L15.8333 10\" stroke=\"currentColor\"\/>\n<path d=\"M9.99992 4.1665L15.8333 9.99984L9.99992 15.8332\" stroke=\"currentColor\"\/>\n<\/svg>\n        <\/figure>\n    <\/a>\n<\/div>\n<\/div>\n<div\n    class=\"acf-article-cta-link-block article-container my-8\"\n    data-block=\"article-cta-link-block\"\n>\n<div>\n    <a class=\"inline-flex flex-row items-center gap-4 text-link underline text-red-dark\"\n        href=\"https:\/\/www.aftonbladet.se\/debatt\/a\/B0yRJ7\/17-organisationer-demokratin-i-sverige-ar-under-attack?utm_source=iosapp&amp;utm_medium=share&amp;fbclid=IwY2xjawH_KSxleHRuA2FlbQIxMAABHa_JuvsczF2YQL1W6DasYEYbRxsezIc2NKjPKwxlRfh9BomFhNKCtGNZrw_aem_E8QSS0mutOxBohfO-KG2Jw&amp;ai\"\n            >\n        <span class=\"\">\n        &quot;Demokratin \u00e4r under attack \u2013 \u00e4ven i Sverige&quot;\n        <\/span>\n        <figure aria-hidden=\"true\" class=\"rounded-full bg-red-dark w-8 h-8 p-1 text-white\">\n            <svg width=\"20\" height=\"20\" viewBox=\"0 0 20 20\" fill=\"none\" class=\"SvgIconElement\">\n<path d=\"M4.16659 10L15.8333 10\" stroke=\"currentColor\"\/>\n<path d=\"M9.99992 4.1665L15.8333 9.99984L9.99992 15.8332\" stroke=\"currentColor\"\/>\n<\/svg>\n        <\/figure>\n    <\/a>\n<\/div>\n<\/div>\n<div\n    class=\"acf-article-cta-link-block article-container my-8\"\n    data-block=\"article-cta-link-block\"\n>\n<div>\n    <a class=\"inline-flex flex-row items-center gap-4 text-link underline text-red-dark\"\n        href=\"https:\/\/www.aftonbladet.se\/kultur\/a\/8qz7kG\/demokratins-sjalvforsvar-mot-nedmonteringen-av-civilsamhallet?fbclid=IwY2xjawIEN0dleHRuA2FlbQIxMAABHeCuopKWcE1t-cRVWOhpPjNLgRdUBmmsmAT5sQixHJ2Vw37fC4RhPrWo4A_aem_7-DREYt12RaPTW-C6yt9HQ\"\n                target=\"_blank\"\n            >\n        <span class=\"\">\n        &quot;Vi bryter ytterh\u00f6gerns framfart med bildning&quot; \u2013 Ny rapport fr\u00e5n Expo visar angreppen p\u00e5 civilsamh\u00e4llet\n        <\/span>\n        <figure aria-hidden=\"true\" class=\"rounded-full bg-red-dark w-8 h-8 p-1 text-white\">\n            <svg width=\"20\" height=\"20\" viewBox=\"0 0 20 20\" fill=\"none\" class=\"SvgIconElement\">\n<path d=\"M4.16659 10L15.8333 10\" stroke=\"currentColor\"\/>\n<path d=\"M9.99992 4.1665L15.8333 9.99984L9.99992 15.8332\" stroke=\"currentColor\"\/>\n<\/svg>\n        <\/figure>\n    <\/a>\n<\/div>\n<\/div>\n<div\n    class=\"acf-article-cta-link-block article-container my-8\"\n    data-block=\"article-cta-link-block\"\n>\n<div>\n    <a class=\"inline-flex flex-row items-center gap-4 text-link underline text-red-dark\"\n        href=\"https:\/\/www.sydostran.se\/2025-01-20\/bebisar-dor-nar-kristersson-slaktar-valfarden\/\"\n            >\n        <span class=\"\">\n        Lina Stenberg: &quot;Bebisar d\u00f6r n\u00e4r Kristersson slaktar v\u00e4lf\u00e4rden&quot;\n        <\/span>\n        <figure aria-hidden=\"true\" class=\"rounded-full bg-red-dark w-8 h-8 p-1 text-white\">\n            <svg width=\"20\" height=\"20\" viewBox=\"0 0 20 20\" fill=\"none\" class=\"SvgIconElement\">\n<path d=\"M4.16659 10L15.8333 10\" stroke=\"currentColor\"\/>\n<path d=\"M9.99992 4.1665L15.8333 9.99984L9.99992 15.8332\" stroke=\"currentColor\"\/>\n<\/svg>\n        <\/figure>\n    <\/a>\n<\/div>\n<\/div>\n<div\n    class=\"acf-article-text-block article-container my-12\"\n    data-block=\"article-text-block\"\n>\n    <div class=\"wysiwyg\">\n        <h2>Varf\u00f6r \u00e4r folkbildningen s\u00e5 viktig?<\/h2>\n<p>Den svenska regeringens beslut att minska statsbidrag till studief\u00f6rbunden \u00e4r ett slag mot folkbildning och det livsl\u00e5nga l\u00e4randet som utg\u00f6r en grundpelare i ett demokratiskt samh\u00e4lle. Studief\u00f6rbunden spelar en avg\u00f6rande roll i att tillg\u00e4ngligg\u00f6ra kunskap f\u00f6r alla, s\u00e4rskilt f\u00f6r dem som st\u00e5r utanf\u00f6r det formella utbildningssystemet. Neddragningarna riskerar att sl\u00e5 h\u00e5rt mot verksamheter som st\u00e4rker <strong>samh\u00e4llsdeltagande, kritiskt t\u00e4nkande och social sammanh\u00e5llning.<\/strong><\/p>\n<p>Nedsk\u00e4rningarna till studief\u00f6rbunden \u00e4r inte bara en ekonomisk fr\u00e5ga; de speglar en ideologisk r\u00e4dsla f\u00f6r hur folkbildningen st\u00e4rker individens egenmakt.<\/p>\n<p><strong>Folkbildningen har historiskt varit en av de viktigaste drivkrafterna bakom den svenska demokratins framv\u00e4xt.<\/strong> Genom att sprida kunskap och skapa m\u00f6tesplatser f\u00f6r diskussion och id\u00e9utbyte bidrog den till att g\u00f6ra Sveriges befolkning b\u00e5de mer bildad och politiskt medveten, vilket i sin tur lade grunden f\u00f6r v\u00e5r demokratiska tradition. Regeringens neddragningar kan tolkas som ett f\u00f6rs\u00f6k att bromsa detta arbete.<\/p>\n<p>Utan folkbildningen riskerar vi att bli ett mer homogent och inst\u00e4ngt samh\u00e4lle d\u00e4r \u00e5sikter inte bryts mot varandra och d\u00e4r makten inte granskas tillr\u00e4ckligt.<\/p>\n<p>Folkbildningens styrka ligger i dess f\u00f6rm\u00e5ga att ge m\u00e4nniskor verktyg att t\u00e4nka sj\u00e4lvst\u00e4ndigt, f\u00f6rst\u00e5 komplexa sammanhang och st\u00e5 emot manipulation. Att sk\u00e4ra ner p\u00e5 dessa resurser underminerar d\u00e4rf\u00f6r det demokratiska kontraktet och \u00f6ppnar d\u00f6rren f\u00f6r ett samh\u00e4lle d\u00e4r medborgare har mindre utrymme att p\u00e5verka.<\/p>\n<h2>Att sk\u00e4ra ned p\u00e5 statsbidraget kommer att drabba i huvudsak tv\u00e5 saker:<\/h2>\n<p><strong>1. Verksamhet som \u00e4r i h\u00f6g grad beroende av offentliga bidrag<\/strong><\/p>\n<p>Det h\u00e4r \u00e4r verksamhet f\u00f6r grupper som inte har r\u00e5d eller m\u00f6jlighet att betala sj\u00e4lva. Exempel\u00a0\u00e4r verksamhet f\u00f6r ofrivilligt ensamma \u00e4ldre, m\u00e4nniskor som st\u00e5r l\u00e5ngt fr\u00e5n arbetsmarknaden\u00a0och m\u00e4nniskor med funktionsneds\u00e4ttning. Med l\u00e4gre statsbidrag kommer deltagaravgifterna\u00a0troligtvis att beh\u00f6va h\u00f6jas, och f\u00e4rre kommer ha r\u00e5d att delta.<\/p>\n<p><strong>2.\u00a0<\/strong><b>Infrastrukturen<\/b><\/p>\n<p>Studief\u00f6rbunden har idag verksamhet i hela landet. Tv\u00e5 studief\u00f6rbund har verksamhet i\u00a0princip i alla 290 kommuner och tv\u00e5 ytterligare studief\u00f6rbund finns i fler \u00e4n 250 kommuner.\u00a0Denna infrastruktur \u00e4r viktig f\u00f6r att kunna st\u00f6tta civilsamh\u00e4llet i hela landet genom\u00a0f\u00f6reningssamarbeten. Men ocks\u00e5 f\u00f6r att fungera som mottagare f\u00f6r tillf\u00e4lliga satsningar (som\u00a0t.ex. f\u00f6r ukrainska flyktingar). Det m\u00e5ste finnas en grundstruktur f\u00f6r att studief\u00f6rbunden ska kunna agera\u00a0snabbt och flexibelt. Statsbidraget \u00e4r avg\u00f6rande f\u00f6r att vi ska kunna uppr\u00e4tth\u00e5lla den\u00a0grundstrukturen.<\/p>\n<h2>Vad kan du g\u00f6ra?<\/h2>\n<p>Upplever du att din f\u00f6rening\/studiecirkel drabbas? Opinionsbilda! Skriv en ins\u00e4ndare till tidningen, skicka in en motion eller g\u00f6r ett inl\u00e4gg i sociala medier. <strong>G\u00f6r din r\u00f6st h\u00f6rd!\u00a0<\/strong><\/p>\n\n    <\/div>\n<\/div>\n<blockquote\n    class=\"acf-article-quote-block quote-container article-container\"\n    data-block=\"article-quote-block\"\n>\n\n    <div\n        class=\"quote-content\"\n    >\n    \n    <div class=\"quote-text-container\">\n        <div class=\"quote-text-subgrid\">\n        <p class=\"quote-text\">\n            &#8221;Just studief\u00f6rbunden \u00e4r ofta motorn i lokalsamh\u00e4llet. De folkbildar, skapar m\u00f6tesplatser och mening. Det \u00e4r hantverk, spr\u00e5k, hembygdskunskap och bokcirklar som st\u00e4rker demokratin och fungerar som kitt mellan m\u00e4nniskor!&#8221;\n        <\/p>\n                <footer>\n                        <p class=\"quote-name\">\n                Alice bah Kuhnke\n            <\/p>\n                                <\/footer>\n\n                <\/div>\n    <\/div>\n\n    <\/div>\n\n<\/blockquote>\n\n<div\n    class=\"acf-article-text-block article-container my-12\"\n    data-block=\"article-text-block\"\n>\n    <div class=\"wysiwyg\">\n        <h2>Rapporten &#8221;Hotet fr\u00e5n ytterh\u00f6gern&#8221;<\/h2>\n<p>Vi st\u00e5r inf\u00f6r stora utmaningar. Ytterh\u00f6gerns framfart f\u00e5r stora konsekvenser f\u00f6r kulturen, civilsamh\u00e4llet och demokratin \u2013 och utmanar v\u00e5ra v\u00e4rderingar i grunden.<\/p>\n<p>Rapporten <a href=\"https:\/\/www.abf.se\/wp-content\/uploads\/2025\/01\/Hotet-fran-ytterhogern.pdf\">\u201dHotet fr\u00e5n ytterh\u00f6gern\u201d<\/a> som <a href=\"https:\/\/expo.se\/\">Stiftelsen Expo<\/a> tagit fram \u00e5t ABF ger dig b\u00e5de kunskap om nul\u00e4get, v\u00e4rdefulla insikter och konkreta tips och verktyg f\u00f6r att bem\u00f6ta rasistiska id\u00e9er och st\u00e4rka demokratin och sammanh\u00e5llningen i samh\u00e4llet.\u00a0Rapporten analyserar hur dessa krafter agerar f\u00f6r att underminera demokratin och beskriver de hot som arbetarr\u00f6relsen och civilsamh\u00e4llet m\u00f6ter idag.<span class=\"Apple-converted-space\">\u00a0<\/span><\/p>\n<p>H\u00e4r lyfts\u00a0konkreta exempel p\u00e5 ytterh\u00f6gerns strategier \u2013 fr\u00e5n hur de skriver om historien till hur de vinner mark bland nya generationer \u2013 och inneh\u00e5ller rekommendationer f\u00f6r hur vi kan m\u00f6ta dessa hot. Det \u00e4r viktigt och intressant l\u00e4sning f\u00f6r alla som vill f\u00f6rst\u00e5 och agera mot den v\u00e4xande h\u00f6gerextremismen.<\/p>\n\n    <\/div>\n<\/div>\n<div\n        class=\"acf-article-video-block article-container-lg my-12 external-video\"\n        data-block=\"article-video-block\"\n    >\n                \n                    <iframe loading=\"lazy\" title=\"Folkbildningen va\u0308xer fram och ABF bildas\" src=\"https:\/\/player.vimeo.com\/video\/760032025?dnt=1&amp;app_id=122963\" width=\"500\" height=\"281\" frameborder=\"0\" allow=\"autoplay; fullscreen; picture-in-picture; clipboard-write; encrypted-media\"><\/iframe>\n                            <\/div>\n<div\n    class=\"acf-article-facts-block article-container  my-8 \"\n    data-block=\"article-facts-block\"\n>\n<div class=\"bg-teal-light border border-teal p-8 rounded-corners-sm\">\n<header>\n        <h2 class=\"heading-md text-teal-dark mb-3\">\n            Kampanjen #studief\u00f6rbundensamlarsverige\n        <\/h2>\n    <\/header>\n    <div class=\"wysiwyg\">\n        <p>L\u00e4s om den gemensamma p\u00e5verkanskampanjen som vi driver genom studief\u00f6rbunden i samverkan <a href=\"https:\/\/studieforbunden.se\/samlarsverige\/\">studieforbunden.se\/samlarsverige<\/a>.<\/p>\n\n    <\/div>\n<\/div>\n\n<\/div>\n","protected":false},"featured_media":0,"parent":0,"menu_order":0,"template":"","categories":[],"class_list":["post-1470","news-article","type-news-article","status-publish","hentry"],"acf":[],"yoast_head":"<!-- This site is optimized with the Yoast SEO plugin v27.0 - https:\/\/yoast.com\/product\/yoast-seo-wordpress\/ -->\n<title>Regeringen tar bort en tredjedel av pengarna till ABF - Malm\u00f6 Sydv\u00e4st<\/title>\n<meta name=\"description\" content=\"Regeringen har tagit bort en tredjedel av pengarna till studief\u00f6rbunden, d\u00e4ribland ABF. Det \u00e4r den st\u00f6rsta nedsk\u00e4rningen till studief\u00f6rbunden n\u00e5gonsin och den st\u00f6rsta nedsk\u00e4rningen p\u00e5 n\u00e5got omr\u00e5de i denna budget. Regeringen, tillsammans med Sverigedemokraterna, har valt att rikta in sig p\u00e5 en av demokratins h\u00f6rnstenar: folkbildningen.\" \/>\n<meta name=\"robots\" content=\"index, follow, max-snippet:-1, max-image-preview:large, max-video-preview:-1\" \/>\n<link rel=\"canonical\" href=\"https:\/\/www.abf.se\/malmo-sydvast\/nyheter\/regeringen-tar-bort-en-tredjedel-av-pengarna-till-abf\/\" \/>\n<meta property=\"og:locale\" content=\"sv_SE\" \/>\n<meta property=\"og:type\" content=\"article\" \/>\n<meta property=\"og:title\" content=\"Regeringen tar bort en tredjedel av pengarna till ABF - Malm\u00f6 Sydv\u00e4st\" \/>\n<meta property=\"og:description\" content=\"Regeringen har tagit bort en tredjedel av pengarna till studief\u00f6rbunden, d\u00e4ribland ABF. Det \u00e4r den st\u00f6rsta nedsk\u00e4rningen till studief\u00f6rbunden n\u00e5gonsin och den st\u00f6rsta nedsk\u00e4rningen p\u00e5 n\u00e5got omr\u00e5de i denna budget. Regeringen, tillsammans med Sverigedemokraterna, har valt att rikta in sig p\u00e5 en av demokratins h\u00f6rnstenar: folkbildningen.\" \/>\n<meta property=\"og:url\" content=\"https:\/\/www.abf.se\/malmo-sydvast\/nyheter\/regeringen-tar-bort-en-tredjedel-av-pengarna-till-abf\/\" \/>\n<meta property=\"og:site_name\" content=\"Malm\u00f6 Sydv\u00e4st\" \/>\n<meta property=\"article:modified_time\" content=\"2025-06-25T12:10:43+00:00\" \/>\n<meta property=\"og:image\" content=\"https:\/\/www.abf.se\/wp-content\/uploads\/sites\/34\/2025\/01\/Namnlos-design-4-724x1024.png\" \/>\n\t<meta property=\"og:image:width\" content=\"724\" \/>\n\t<meta property=\"og:image:height\" content=\"1024\" \/>\n\t<meta property=\"og:image:type\" content=\"image\/png\" \/>\n<meta name=\"twitter:card\" content=\"summary_large_image\" \/>\n<script type=\"application\/ld+json\" class=\"yoast-schema-graph\">{\"@context\":\"https:\/\/schema.org\",\"@graph\":[{\"@type\":\"WebPage\",\"@id\":\"https:\/\/www.abf.se\/malmo-sydvast\/nyheter\/regeringen-tar-bort-en-tredjedel-av-pengarna-till-abf\/\",\"url\":\"https:\/\/www.abf.se\/malmo-sydvast\/nyheter\/regeringen-tar-bort-en-tredjedel-av-pengarna-till-abf\/\",\"name\":\"Regeringen tar bort en tredjedel av pengarna till ABF - Malm\u00f6 Sydv\u00e4st\",\"isPartOf\":{\"@id\":\"https:\/\/www.abf.se\/malmo-sydvast\/#website\"},\"datePublished\":\"2025-03-13T13:14:00+00:00\",\"dateModified\":\"2025-06-25T12:10:43+00:00\",\"description\":\"Regeringen har tagit bort en tredjedel av pengarna till studief\u00f6rbunden, d\u00e4ribland ABF. Det \u00e4r den st\u00f6rsta nedsk\u00e4rningen till studief\u00f6rbunden n\u00e5gonsin och den st\u00f6rsta nedsk\u00e4rningen p\u00e5 n\u00e5got omr\u00e5de i denna budget. Regeringen, tillsammans med Sverigedemokraterna, har valt att rikta in sig p\u00e5 en av demokratins h\u00f6rnstenar: folkbildningen.\",\"breadcrumb\":{\"@id\":\"https:\/\/www.abf.se\/malmo-sydvast\/nyheter\/regeringen-tar-bort-en-tredjedel-av-pengarna-till-abf\/#breadcrumb\"},\"inLanguage\":\"sv-SE\",\"potentialAction\":[{\"@type\":\"ReadAction\",\"target\":[\"https:\/\/www.abf.se\/malmo-sydvast\/nyheter\/regeringen-tar-bort-en-tredjedel-av-pengarna-till-abf\/\"]}]},{\"@type\":\"BreadcrumbList\",\"@id\":\"https:\/\/www.abf.se\/malmo-sydvast\/nyheter\/regeringen-tar-bort-en-tredjedel-av-pengarna-till-abf\/#breadcrumb\",\"itemListElement\":[{\"@type\":\"ListItem\",\"position\":1,\"name\":\"Home\",\"item\":\"https:\/\/www.abf.se\/malmo-sydvast\/\"},{\"@type\":\"ListItem\",\"position\":2,\"name\":\"Nyheter\",\"item\":\"https:\/\/www.abf.se\/malmo-sydvast\/nyheter\/\"},{\"@type\":\"ListItem\",\"position\":3,\"name\":\"Regeringen tar bort en tredjedel av pengarna till ABF\"}]},{\"@type\":\"WebSite\",\"@id\":\"https:\/\/www.abf.se\/malmo-sydvast\/#website\",\"url\":\"https:\/\/www.abf.se\/malmo-sydvast\/\",\"name\":\"Malm\u00f6 Sydv\u00e4st\",\"description\":\"\",\"potentialAction\":[{\"@type\":\"SearchAction\",\"target\":{\"@type\":\"EntryPoint\",\"urlTemplate\":\"https:\/\/www.abf.se\/malmo-sydvast\/?s={search_term_string}\"},\"query-input\":{\"@type\":\"PropertyValueSpecification\",\"valueRequired\":true,\"valueName\":\"search_term_string\"}}],\"inLanguage\":\"sv-SE\"}]}<\/script>\n<!-- \/ Yoast SEO plugin. -->","yoast_head_json":{"title":"Regeringen tar bort en tredjedel av pengarna till ABF - Malm\u00f6 Sydv\u00e4st","description":"Regeringen har tagit bort en tredjedel av pengarna till studief\u00f6rbunden, d\u00e4ribland ABF. Det \u00e4r den st\u00f6rsta nedsk\u00e4rningen till studief\u00f6rbunden n\u00e5gonsin och den st\u00f6rsta nedsk\u00e4rningen p\u00e5 n\u00e5got omr\u00e5de i denna budget. Regeringen, tillsammans med Sverigedemokraterna, har valt att rikta in sig p\u00e5 en av demokratins h\u00f6rnstenar: folkbildningen.","robots":{"index":"index","follow":"follow","max-snippet":"max-snippet:-1","max-image-preview":"max-image-preview:large","max-video-preview":"max-video-preview:-1"},"canonical":"https:\/\/www.abf.se\/malmo-sydvast\/nyheter\/regeringen-tar-bort-en-tredjedel-av-pengarna-till-abf\/","og_locale":"sv_SE","og_type":"article","og_title":"Regeringen tar bort en tredjedel av pengarna till ABF - Malm\u00f6 Sydv\u00e4st","og_description":"Regeringen har tagit bort en tredjedel av pengarna till studief\u00f6rbunden, d\u00e4ribland ABF. Det \u00e4r den st\u00f6rsta nedsk\u00e4rningen till studief\u00f6rbunden n\u00e5gonsin och den st\u00f6rsta nedsk\u00e4rningen p\u00e5 n\u00e5got omr\u00e5de i denna budget. Regeringen, tillsammans med Sverigedemokraterna, har valt att rikta in sig p\u00e5 en av demokratins h\u00f6rnstenar: folkbildningen.","og_url":"https:\/\/www.abf.se\/malmo-sydvast\/nyheter\/regeringen-tar-bort-en-tredjedel-av-pengarna-till-abf\/","og_site_name":"Malm\u00f6 Sydv\u00e4st","article_modified_time":"2025-06-25T12:10:43+00:00","og_image":[{"width":724,"height":1024,"url":"https:\/\/www.abf.se\/wp-content\/uploads\/sites\/34\/2025\/01\/Namnlos-design-4-724x1024.png","type":"image\/png"}],"twitter_card":"summary_large_image","schema":{"@context":"https:\/\/schema.org","@graph":[{"@type":"WebPage","@id":"https:\/\/www.abf.se\/malmo-sydvast\/nyheter\/regeringen-tar-bort-en-tredjedel-av-pengarna-till-abf\/","url":"https:\/\/www.abf.se\/malmo-sydvast\/nyheter\/regeringen-tar-bort-en-tredjedel-av-pengarna-till-abf\/","name":"Regeringen tar bort en tredjedel av pengarna till ABF - Malm\u00f6 Sydv\u00e4st","isPartOf":{"@id":"https:\/\/www.abf.se\/malmo-sydvast\/#website"},"datePublished":"2025-03-13T13:14:00+00:00","dateModified":"2025-06-25T12:10:43+00:00","description":"Regeringen har tagit bort en tredjedel av pengarna till studief\u00f6rbunden, d\u00e4ribland ABF. Det \u00e4r den st\u00f6rsta nedsk\u00e4rningen till studief\u00f6rbunden n\u00e5gonsin och den st\u00f6rsta nedsk\u00e4rningen p\u00e5 n\u00e5got omr\u00e5de i denna budget. Regeringen, tillsammans med Sverigedemokraterna, har valt att rikta in sig p\u00e5 en av demokratins h\u00f6rnstenar: folkbildningen.","breadcrumb":{"@id":"https:\/\/www.abf.se\/malmo-sydvast\/nyheter\/regeringen-tar-bort-en-tredjedel-av-pengarna-till-abf\/#breadcrumb"},"inLanguage":"sv-SE","potentialAction":[{"@type":"ReadAction","target":["https:\/\/www.abf.se\/malmo-sydvast\/nyheter\/regeringen-tar-bort-en-tredjedel-av-pengarna-till-abf\/"]}]},{"@type":"BreadcrumbList","@id":"https:\/\/www.abf.se\/malmo-sydvast\/nyheter\/regeringen-tar-bort-en-tredjedel-av-pengarna-till-abf\/#breadcrumb","itemListElement":[{"@type":"ListItem","position":1,"name":"Home","item":"https:\/\/www.abf.se\/malmo-sydvast\/"},{"@type":"ListItem","position":2,"name":"Nyheter","item":"https:\/\/www.abf.se\/malmo-sydvast\/nyheter\/"},{"@type":"ListItem","position":3,"name":"Regeringen tar bort en tredjedel av pengarna till ABF"}]},{"@type":"WebSite","@id":"https:\/\/www.abf.se\/malmo-sydvast\/#website","url":"https:\/\/www.abf.se\/malmo-sydvast\/","name":"Malm\u00f6 Sydv\u00e4st","description":"","potentialAction":[{"@type":"SearchAction","target":{"@type":"EntryPoint","urlTemplate":"https:\/\/www.abf.se\/malmo-sydvast\/?s={search_term_string}"},"query-input":{"@type":"PropertyValueSpecification","valueRequired":true,"valueName":"search_term_string"}}],"inLanguage":"sv-SE"}]}},"_links":{"self":[{"href":"https:\/\/www.abf.se\/malmo-sydvast\/wp-json\/wp\/v2\/news-article\/1470","targetHints":{"allow":["GET"]}}],"collection":[{"href":"https:\/\/www.abf.se\/malmo-sydvast\/wp-json\/wp\/v2\/news-article"}],"about":[{"href":"https:\/\/www.abf.se\/malmo-sydvast\/wp-json\/wp\/v2\/types\/news-article"}],"wp:attachment":[{"href":"https:\/\/www.abf.se\/malmo-sydvast\/wp-json\/wp\/v2\/media?parent=1470"}],"wp:term":[{"taxonomy":"category","embeddable":true,"href":"https:\/\/www.abf.se\/malmo-sydvast\/wp-json\/wp\/v2\/categories?post=1470"}],"curies":[{"name":"wp","href":"https:\/\/api.w.org\/{rel}","templated":true}]}}