{"id":2596,"date":"2025-06-18T14:02:41","date_gmt":"2025-06-18T12:02:41","guid":{"rendered":"https:\/\/www.abf.se\/malmo\/?post_type=news-article&#038;p=2596"},"modified":"2025-06-18T15:41:35","modified_gmt":"2025-06-18T13:41:35","slug":"learn-swedish-this-autumn","status":"publish","type":"news-article","link":"https:\/\/www.abf.se\/malmo-sydvast\/nyheter\/learn-swedish-this-autumn\/","title":{"rendered":"Learn Swedish this autumn"},"content":{"rendered":"<div\n    class=\"acf-article-text-block article-container my-12\"\n    data-block=\"article-text-block\"\n>\n    <div class=\"wysiwyg\">\n        <h2>\ud83c\uddf8\ud83c\uddea Alternative 1: Swedish for everyone \u2022 svenska f\u00f6r alla<\/h2>\n<p>Learn Swedish for your everyday life. ABF offers Swedish for everyone, regardless if you\u2019ve been in Sweden for a long time or just arrived. We talk, read and write, and get to know Malm\u00f6 and each other.\u00a0We meet at Sp\u00e5nehusv\u00e4gen 47, at daytime.<\/p>\n<h3>\u270f\ufe0f\u00a0Sign up\/registration<\/h3>\n<p>We have different classes, depending on your level of Swedish to learn. Contact <a href=\"mailto:selma.balic@abf.se\">selma.balic@abf.se<\/a> for more information. Classes start August 2025!<\/p>\n<p><strong>Date:<\/strong>\u00a0Next registration dates:<\/p>\n<ul>\n<li>Monday 23 juni:\u00a010.00-15.00<\/li>\n<li>Tueday 24 juni:\u00a013.00-18.00<\/li>\n<li>Wednesday 25 juni:\u00a015.00-19.00<\/li>\n<li>Tisdag 5 augusti:\u00a010.00-15.00<\/li>\n<li>Onsdag 6 augusti:\u00a014.00-19.00<\/li>\n<\/ul>\n<p><strong>Where:<\/strong> ABF, Sp\u00e5nehusv\u00e4gen 47 in Malm\u00f6.<\/p>\n<h3>\u270f\ufe0f Inskrivning\/registrering<\/h3>\n<p>Vi har olika kurser, beroende p\u00e5 din niv\u00e5 av svenska. Kontakta <a href=\"mailto:selma.balic@abf.se\">selma.balic@abf.se<\/a>f\u00f6r mer information. V\u00e4lkommen till ABF f\u00f6r att registrera dig. Kurserna startar augusti 2025<\/p>\n<p><strong>Datum:<\/strong>\u00a0N\u00e4sta tid f\u00f6r registrering:<\/p>\n<ul>\n<li>M\u00e5ndag 23 juni:\u00a010.00-15.00<\/li>\n<li>Tisdag 24 juni:\u00a013.00-18.00<\/li>\n<li>Onsdag 25 juni:\u00a015.00-19.00<\/li>\n<li>Tisdag 5 augusti:\u00a010.00-15.00<\/li>\n<li>Onsdag 6 augusti:\u00a014.00-19.00<\/li>\n<\/ul>\n<p><strong>Plats:<\/strong> ABF, Sp\u00e5nehusv\u00e4gen 47 i Malm\u00f6.<\/p>\n<p>&nbsp;<\/p>\n<h2>\ud83c\uddf8\ud83c\uddea Alternative 2: Spr\u00e5kcaf\u00e9\u00a0\u2022\u00a0svenska \/ language caf\u00e9\u00a0\u2022\u00a0swedish<\/h2>\n<p>Do you speak some Swedish? This is the caf\u00e9 for you!\u00a0We talk and get to know Malm\u00f6 and each other. We have fika! \ud83d\ude3b\u2615\ufe0f Open for everyone, drop-in!<\/p>\n<h3>\ud83d\udcc6 Date and time:<\/h3>\n<p>Every Tuesday at 17.30-19.00. Starting August 2025.<\/p>\n<h3>\ud83d\udccd Where:<\/h3>\n<p>ABF, Sp\u00e5nehusv\u00e4gen 47 in Malm\u00f6. <\/p>\n\n    <\/div>\n<\/div>\n","protected":false},"featured_media":0,"parent":0,"menu_order":0,"template":"","categories":[],"class_list":["post-2596","news-article","type-news-article","status-publish","hentry"],"acf":[],"yoast_head":"<!-- This site is optimized with the Yoast SEO plugin v27.0 - https:\/\/yoast.com\/product\/yoast-seo-wordpress\/ -->\n<title>Learn Swedish this autumn - Malm\u00f6 Sydv\u00e4st<\/title>\n<meta name=\"robots\" content=\"index, follow, max-snippet:-1, max-image-preview:large, max-video-preview:-1\" \/>\n<link rel=\"canonical\" href=\"https:\/\/www.abf.se\/malmo-sydvast\/nyheter\/learn-swedish-this-autumn\/\" \/>\n<meta property=\"og:locale\" content=\"sv_SE\" \/>\n<meta property=\"og:type\" content=\"article\" \/>\n<meta property=\"og:title\" content=\"Learn Swedish this autumn - Malm\u00f6 Sydv\u00e4st\" \/>\n<meta property=\"og:url\" content=\"https:\/\/www.abf.se\/malmo-sydvast\/nyheter\/learn-swedish-this-autumn\/\" \/>\n<meta property=\"og:site_name\" content=\"Malm\u00f6 Sydv\u00e4st\" \/>\n<meta property=\"article:modified_time\" content=\"2025-06-18T13:41:35+00:00\" \/>\n<meta property=\"og:image\" content=\"https:\/\/www.abf.se\/wp-content\/uploads\/sites\/34\/2024\/03\/Nyckeln-liggande-scaled.jpg\" \/>\n\t<meta property=\"og:image:width\" content=\"2560\" \/>\n\t<meta property=\"og:image:height\" content=\"1440\" \/>\n\t<meta property=\"og:image:type\" content=\"image\/jpeg\" \/>\n<meta name=\"twitter:card\" content=\"summary_large_image\" \/>\n<script type=\"application\/ld+json\" class=\"yoast-schema-graph\">{\"@context\":\"https:\/\/schema.org\",\"@graph\":[{\"@type\":\"WebPage\",\"@id\":\"https:\/\/www.abf.se\/malmo-sydvast\/nyheter\/learn-swedish-this-autumn\/\",\"url\":\"https:\/\/www.abf.se\/malmo-sydvast\/nyheter\/learn-swedish-this-autumn\/\",\"name\":\"Learn Swedish this autumn - Malm\u00f6 Sydv\u00e4st\",\"isPartOf\":{\"@id\":\"https:\/\/www.abf.se\/malmo-sydvast\/#website\"},\"datePublished\":\"2025-06-18T12:02:41+00:00\",\"dateModified\":\"2025-06-18T13:41:35+00:00\",\"breadcrumb\":{\"@id\":\"https:\/\/www.abf.se\/malmo-sydvast\/nyheter\/learn-swedish-this-autumn\/#breadcrumb\"},\"inLanguage\":\"sv-SE\",\"potentialAction\":[{\"@type\":\"ReadAction\",\"target\":[\"https:\/\/www.abf.se\/malmo-sydvast\/nyheter\/learn-swedish-this-autumn\/\"]}]},{\"@type\":\"BreadcrumbList\",\"@id\":\"https:\/\/www.abf.se\/malmo-sydvast\/nyheter\/learn-swedish-this-autumn\/#breadcrumb\",\"itemListElement\":[{\"@type\":\"ListItem\",\"position\":1,\"name\":\"Home\",\"item\":\"https:\/\/www.abf.se\/malmo-sydvast\/\"},{\"@type\":\"ListItem\",\"position\":2,\"name\":\"Nyheter\",\"item\":\"https:\/\/www.abf.se\/malmo-sydvast\/nyheter\/\"},{\"@type\":\"ListItem\",\"position\":3,\"name\":\"Learn Swedish this autumn\"}]},{\"@type\":\"WebSite\",\"@id\":\"https:\/\/www.abf.se\/malmo-sydvast\/#website\",\"url\":\"https:\/\/www.abf.se\/malmo-sydvast\/\",\"name\":\"Malm\u00f6 Sydv\u00e4st\",\"description\":\"\",\"potentialAction\":[{\"@type\":\"SearchAction\",\"target\":{\"@type\":\"EntryPoint\",\"urlTemplate\":\"https:\/\/www.abf.se\/malmo-sydvast\/?s={search_term_string}\"},\"query-input\":{\"@type\":\"PropertyValueSpecification\",\"valueRequired\":true,\"valueName\":\"search_term_string\"}}],\"inLanguage\":\"sv-SE\"}]}<\/script>\n<!-- \/ Yoast SEO plugin. -->","yoast_head_json":{"title":"Learn Swedish this autumn - Malm\u00f6 Sydv\u00e4st","robots":{"index":"index","follow":"follow","max-snippet":"max-snippet:-1","max-image-preview":"max-image-preview:large","max-video-preview":"max-video-preview:-1"},"canonical":"https:\/\/www.abf.se\/malmo-sydvast\/nyheter\/learn-swedish-this-autumn\/","og_locale":"sv_SE","og_type":"article","og_title":"Learn Swedish this autumn - Malm\u00f6 Sydv\u00e4st","og_url":"https:\/\/www.abf.se\/malmo-sydvast\/nyheter\/learn-swedish-this-autumn\/","og_site_name":"Malm\u00f6 Sydv\u00e4st","article_modified_time":"2025-06-18T13:41:35+00:00","og_image":[{"width":2560,"height":1440,"url":"https:\/\/www.abf.se\/wp-content\/uploads\/sites\/34\/2024\/03\/Nyckeln-liggande-scaled.jpg","type":"image\/jpeg"}],"twitter_card":"summary_large_image","schema":{"@context":"https:\/\/schema.org","@graph":[{"@type":"WebPage","@id":"https:\/\/www.abf.se\/malmo-sydvast\/nyheter\/learn-swedish-this-autumn\/","url":"https:\/\/www.abf.se\/malmo-sydvast\/nyheter\/learn-swedish-this-autumn\/","name":"Learn Swedish this autumn - Malm\u00f6 Sydv\u00e4st","isPartOf":{"@id":"https:\/\/www.abf.se\/malmo-sydvast\/#website"},"datePublished":"2025-06-18T12:02:41+00:00","dateModified":"2025-06-18T13:41:35+00:00","breadcrumb":{"@id":"https:\/\/www.abf.se\/malmo-sydvast\/nyheter\/learn-swedish-this-autumn\/#breadcrumb"},"inLanguage":"sv-SE","potentialAction":[{"@type":"ReadAction","target":["https:\/\/www.abf.se\/malmo-sydvast\/nyheter\/learn-swedish-this-autumn\/"]}]},{"@type":"BreadcrumbList","@id":"https:\/\/www.abf.se\/malmo-sydvast\/nyheter\/learn-swedish-this-autumn\/#breadcrumb","itemListElement":[{"@type":"ListItem","position":1,"name":"Home","item":"https:\/\/www.abf.se\/malmo-sydvast\/"},{"@type":"ListItem","position":2,"name":"Nyheter","item":"https:\/\/www.abf.se\/malmo-sydvast\/nyheter\/"},{"@type":"ListItem","position":3,"name":"Learn Swedish this autumn"}]},{"@type":"WebSite","@id":"https:\/\/www.abf.se\/malmo-sydvast\/#website","url":"https:\/\/www.abf.se\/malmo-sydvast\/","name":"Malm\u00f6 Sydv\u00e4st","description":"","potentialAction":[{"@type":"SearchAction","target":{"@type":"EntryPoint","urlTemplate":"https:\/\/www.abf.se\/malmo-sydvast\/?s={search_term_string}"},"query-input":{"@type":"PropertyValueSpecification","valueRequired":true,"valueName":"search_term_string"}}],"inLanguage":"sv-SE"}]}},"_links":{"self":[{"href":"https:\/\/www.abf.se\/malmo-sydvast\/wp-json\/wp\/v2\/news-article\/2596","targetHints":{"allow":["GET"]}}],"collection":[{"href":"https:\/\/www.abf.se\/malmo-sydvast\/wp-json\/wp\/v2\/news-article"}],"about":[{"href":"https:\/\/www.abf.se\/malmo-sydvast\/wp-json\/wp\/v2\/types\/news-article"}],"wp:attachment":[{"href":"https:\/\/www.abf.se\/malmo-sydvast\/wp-json\/wp\/v2\/media?parent=2596"}],"wp:term":[{"taxonomy":"category","embeddable":true,"href":"https:\/\/www.abf.se\/malmo-sydvast\/wp-json\/wp\/v2\/categories?post=2596"}],"curies":[{"name":"wp","href":"https:\/\/api.w.org\/{rel}","templated":true}]}}