{"id":3535,"date":"2026-01-08T09:24:27","date_gmt":"2026-01-08T08:24:27","guid":{"rendered":"https:\/\/www.abf.se\/malmo-sydvast\/?post_type=news-article&#038;p=3535"},"modified":"2026-01-08T09:25:16","modified_gmt":"2026-01-08T08:25:16","slug":"abf-malmo-sydvast","status":"publish","type":"news-article","link":"https:\/\/www.abf.se\/malmo-sydvast\/nyheter\/abf-malmo-sydvast\/","title":{"rendered":"ABF Malm\u00f6 Sydv\u00e4st"},"content":{"rendered":"<div\n    class=\"acf-article-text-block article-container my-12\"\n    data-block=\"article-text-block\"\n>\n    <div class=\"wysiwyg\">\n        <div class=\"acf-article-text-block article-container my-12\" data-block=\"article-text-block\">\n<div class=\"wysiwyg\">\n<h2>ABF-avdelningarna Malm\u00f6 och Sydv\u00e4stra Sk\u00e5ne har beslutat att avdelningarna ska fusioneras till en ny, gemensam ABF-avdelning.<\/h2>\n<p>F\u00f6r att m\u00f6ta framtidens utmaningar och forts\u00e4tta vara en stark lokal folkbildningsakt\u00f6r har ABF Malm\u00f6 och ABF Sydv\u00e4stra Sk\u00e5ne beslutat att g\u00e5 samman och bilda en gemensam ABF-avdelning \u2013 ABF Malm\u00f6 Sydv\u00e4st. Denna nya omr\u00e5desf\u00f6r\u00e4ndring kommer inneb\u00e4ra att Malm\u00f6, Svedala, Trelleborg och Vellinge g\u00e5r ihop och att Lomma och Burl\u00f6v fram\u00f6ver kommer tillh\u00f6ra ABF MittSk\u00e5ne. Du som deltagare \u00e4r sj\u00e4lvklart fortsatt v\u00e4lkommen att delta p\u00e5 ABFs verksamhet, oberoende av geografisk plats.<\/p>\n<p><strong>Bildandet av denna nya ABF-avdelning tr\u00e4dde i kraft den 1 januari 2026.<\/strong><\/p>\n<p>Vi som arbetar dagligen p\u00e5 ABF ser m\u00e5nga f\u00f6rdelar med att vi blir en st\u00f6rre enhet, framf\u00f6r allt att vi blir mindre s\u00e5rbara n\u00e4r de statliga st\u00f6den till folkbildningen kraftigt sk\u00e4rs ner. Denna f\u00f6r\u00e4ndring g\u00f6r vi f\u00f6r att ABF ska f\u00f6rbli en stark lokal folkbildningsakt\u00f6r med verksamhet i alla kommuner, i stad och landsbygd, i byar och i bostadsomr\u00e5den.<\/p>\n<p>V\u00e5r sammanslagning \u00e4r en del av en bredare r\u00f6relse inom ABF, d\u00e4r flera<br \/>\navdelningar v\u00e4ljer att g\u00e5 samman f\u00f6r att st\u00e5 starkare tillsammans.<\/p>\n<p><strong>F\u00f6r dig som deltar i studiecirklar, kurser eller annan verksamhet forts\u00e4tter allt som planerat.\u00a0<\/strong><strong>P\u00e5 samma plats, med samma inneh\u00e5ll och cirkelledare.<\/strong><\/p>\n<\/div>\n<\/div>\n<div class=\"acf-plain-heading-block container my-16\" data-block=\"plain-heading-block\">\n<div class=\"max-w-[658px] mx-auto\"><\/div>\n<\/div>\n\n    <\/div>\n<\/div>\n<div\n    class=\"acf-article-cta-link-block article-container my-8\"\n    data-block=\"article-cta-link-block\"\n>\n<div>\n    <a class=\"inline-flex flex-row items-center gap-4 text-link underline text-red-dark\"\n        href=\"https:\/\/www.abf.se\/malmo-sydvast\/abf-malmo-abf-sydvastra-skane-sant\/\"\n            >\n        <span class=\"\">\n        Fr\u00e5gor och svar om fusionen\n        <\/span>\n        <figure aria-hidden=\"true\" class=\"rounded-full bg-red-dark w-8 h-8 p-1 text-white\">\n            <svg width=\"20\" height=\"20\" viewBox=\"0 0 20 20\" fill=\"none\" class=\"SvgIconElement\">\n<path d=\"M4.16659 10L15.8333 10\" stroke=\"currentColor\"\/>\n<path d=\"M9.99992 4.1665L15.8333 9.99984L9.99992 15.8332\" stroke=\"currentColor\"\/>\n<\/svg>\n        <\/figure>\n    <\/a>\n<\/div>\n<\/div>\n","protected":false},"featured_media":0,"parent":0,"menu_order":0,"template":"","categories":[],"class_list":["post-3535","news-article","type-news-article","status-publish","hentry"],"acf":[],"yoast_head":"<!-- This site is optimized with the Yoast SEO plugin v27.0 - https:\/\/yoast.com\/product\/yoast-seo-wordpress\/ -->\n<title>ABF Malm\u00f6 Sydv\u00e4st - Malm\u00f6 Sydv\u00e4st<\/title>\n<meta name=\"robots\" content=\"index, follow, max-snippet:-1, max-image-preview:large, max-video-preview:-1\" \/>\n<link rel=\"canonical\" href=\"https:\/\/www.abf.se\/malmo-sydvast\/nyheter\/abf-malmo-sydvast\/\" \/>\n<meta property=\"og:locale\" content=\"sv_SE\" \/>\n<meta property=\"og:type\" content=\"article\" \/>\n<meta property=\"og:title\" content=\"ABF Malm\u00f6 Sydv\u00e4st - Malm\u00f6 Sydv\u00e4st\" \/>\n<meta property=\"og:url\" content=\"https:\/\/www.abf.se\/malmo-sydvast\/nyheter\/abf-malmo-sydvast\/\" \/>\n<meta property=\"og:site_name\" content=\"Malm\u00f6 Sydv\u00e4st\" \/>\n<meta property=\"article:modified_time\" content=\"2026-01-08T08:25:16+00:00\" \/>\n<meta property=\"og:image\" content=\"https:\/\/www.abf.se\/wp-content\/uploads\/sites\/34\/2024\/03\/Nyckeln-liggande-scaled.jpg\" \/>\n\t<meta property=\"og:image:width\" content=\"2560\" \/>\n\t<meta property=\"og:image:height\" content=\"1440\" \/>\n\t<meta property=\"og:image:type\" content=\"image\/jpeg\" \/>\n<meta name=\"twitter:card\" content=\"summary_large_image\" \/>\n<script type=\"application\/ld+json\" class=\"yoast-schema-graph\">{\"@context\":\"https:\/\/schema.org\",\"@graph\":[{\"@type\":\"WebPage\",\"@id\":\"https:\/\/www.abf.se\/malmo-sydvast\/nyheter\/abf-malmo-sydvast\/\",\"url\":\"https:\/\/www.abf.se\/malmo-sydvast\/nyheter\/abf-malmo-sydvast\/\",\"name\":\"ABF Malm\u00f6 Sydv\u00e4st - Malm\u00f6 Sydv\u00e4st\",\"isPartOf\":{\"@id\":\"https:\/\/www.abf.se\/malmo-sydvast\/#website\"},\"datePublished\":\"2026-01-08T08:24:27+00:00\",\"dateModified\":\"2026-01-08T08:25:16+00:00\",\"breadcrumb\":{\"@id\":\"https:\/\/www.abf.se\/malmo-sydvast\/nyheter\/abf-malmo-sydvast\/#breadcrumb\"},\"inLanguage\":\"sv-SE\",\"potentialAction\":[{\"@type\":\"ReadAction\",\"target\":[\"https:\/\/www.abf.se\/malmo-sydvast\/nyheter\/abf-malmo-sydvast\/\"]}]},{\"@type\":\"BreadcrumbList\",\"@id\":\"https:\/\/www.abf.se\/malmo-sydvast\/nyheter\/abf-malmo-sydvast\/#breadcrumb\",\"itemListElement\":[{\"@type\":\"ListItem\",\"position\":1,\"name\":\"Home\",\"item\":\"https:\/\/www.abf.se\/malmo-sydvast\/\"},{\"@type\":\"ListItem\",\"position\":2,\"name\":\"Nyheter\",\"item\":\"https:\/\/www.abf.se\/malmo-sydvast\/nyheter\/\"},{\"@type\":\"ListItem\",\"position\":3,\"name\":\"ABF Malm\u00f6 Sydv\u00e4st\"}]},{\"@type\":\"WebSite\",\"@id\":\"https:\/\/www.abf.se\/malmo-sydvast\/#website\",\"url\":\"https:\/\/www.abf.se\/malmo-sydvast\/\",\"name\":\"Malm\u00f6 Sydv\u00e4st\",\"description\":\"\",\"potentialAction\":[{\"@type\":\"SearchAction\",\"target\":{\"@type\":\"EntryPoint\",\"urlTemplate\":\"https:\/\/www.abf.se\/malmo-sydvast\/?s={search_term_string}\"},\"query-input\":{\"@type\":\"PropertyValueSpecification\",\"valueRequired\":true,\"valueName\":\"search_term_string\"}}],\"inLanguage\":\"sv-SE\"}]}<\/script>\n<!-- \/ Yoast SEO plugin. -->","yoast_head_json":{"title":"ABF Malm\u00f6 Sydv\u00e4st - Malm\u00f6 Sydv\u00e4st","robots":{"index":"index","follow":"follow","max-snippet":"max-snippet:-1","max-image-preview":"max-image-preview:large","max-video-preview":"max-video-preview:-1"},"canonical":"https:\/\/www.abf.se\/malmo-sydvast\/nyheter\/abf-malmo-sydvast\/","og_locale":"sv_SE","og_type":"article","og_title":"ABF Malm\u00f6 Sydv\u00e4st - Malm\u00f6 Sydv\u00e4st","og_url":"https:\/\/www.abf.se\/malmo-sydvast\/nyheter\/abf-malmo-sydvast\/","og_site_name":"Malm\u00f6 Sydv\u00e4st","article_modified_time":"2026-01-08T08:25:16+00:00","og_image":[{"width":2560,"height":1440,"url":"https:\/\/www.abf.se\/wp-content\/uploads\/sites\/34\/2024\/03\/Nyckeln-liggande-scaled.jpg","type":"image\/jpeg"}],"twitter_card":"summary_large_image","schema":{"@context":"https:\/\/schema.org","@graph":[{"@type":"WebPage","@id":"https:\/\/www.abf.se\/malmo-sydvast\/nyheter\/abf-malmo-sydvast\/","url":"https:\/\/www.abf.se\/malmo-sydvast\/nyheter\/abf-malmo-sydvast\/","name":"ABF Malm\u00f6 Sydv\u00e4st - Malm\u00f6 Sydv\u00e4st","isPartOf":{"@id":"https:\/\/www.abf.se\/malmo-sydvast\/#website"},"datePublished":"2026-01-08T08:24:27+00:00","dateModified":"2026-01-08T08:25:16+00:00","breadcrumb":{"@id":"https:\/\/www.abf.se\/malmo-sydvast\/nyheter\/abf-malmo-sydvast\/#breadcrumb"},"inLanguage":"sv-SE","potentialAction":[{"@type":"ReadAction","target":["https:\/\/www.abf.se\/malmo-sydvast\/nyheter\/abf-malmo-sydvast\/"]}]},{"@type":"BreadcrumbList","@id":"https:\/\/www.abf.se\/malmo-sydvast\/nyheter\/abf-malmo-sydvast\/#breadcrumb","itemListElement":[{"@type":"ListItem","position":1,"name":"Home","item":"https:\/\/www.abf.se\/malmo-sydvast\/"},{"@type":"ListItem","position":2,"name":"Nyheter","item":"https:\/\/www.abf.se\/malmo-sydvast\/nyheter\/"},{"@type":"ListItem","position":3,"name":"ABF Malm\u00f6 Sydv\u00e4st"}]},{"@type":"WebSite","@id":"https:\/\/www.abf.se\/malmo-sydvast\/#website","url":"https:\/\/www.abf.se\/malmo-sydvast\/","name":"Malm\u00f6 Sydv\u00e4st","description":"","potentialAction":[{"@type":"SearchAction","target":{"@type":"EntryPoint","urlTemplate":"https:\/\/www.abf.se\/malmo-sydvast\/?s={search_term_string}"},"query-input":{"@type":"PropertyValueSpecification","valueRequired":true,"valueName":"search_term_string"}}],"inLanguage":"sv-SE"}]}},"_links":{"self":[{"href":"https:\/\/www.abf.se\/malmo-sydvast\/wp-json\/wp\/v2\/news-article\/3535","targetHints":{"allow":["GET"]}}],"collection":[{"href":"https:\/\/www.abf.se\/malmo-sydvast\/wp-json\/wp\/v2\/news-article"}],"about":[{"href":"https:\/\/www.abf.se\/malmo-sydvast\/wp-json\/wp\/v2\/types\/news-article"}],"wp:attachment":[{"href":"https:\/\/www.abf.se\/malmo-sydvast\/wp-json\/wp\/v2\/media?parent=3535"}],"wp:term":[{"taxonomy":"category","embeddable":true,"href":"https:\/\/www.abf.se\/malmo-sydvast\/wp-json\/wp\/v2\/categories?post=3535"}],"curies":[{"name":"wp","href":"https:\/\/api.w.org\/{rel}","templated":true}]}}