{"id":3700,"date":"2026-01-19T11:35:02","date_gmt":"2026-01-19T10:35:02","guid":{"rendered":"https:\/\/www.abf.se\/malmo-sydvast\/?post_type=news-article&#038;p=3700"},"modified":"2026-01-19T11:37:18","modified_gmt":"2026-01-19T10:37:18","slug":"arbetarrorelsens-kulturpris-2026","status":"publish","type":"news-article","link":"https:\/\/www.abf.se\/malmo-sydvast\/nyheter\/arbetarrorelsens-kulturpris-2026\/","title":{"rendered":"Arbetarr\u00f6relsens kulturpris 2026"},"content":{"rendered":"<div\n    class=\"acf-article-text-block article-container my-12\"\n    data-block=\"article-text-block\"\n>\n    <div class=\"wysiwyg\">\n        <p class=\"cvGsUA direction-ltr align-start para-style-body\"><strong><span class=\"a_GcMg font-feature-liga-off font-feature-clig-off font-feature-calt-off text-decoration-none text-strikethrough-none\">Litteratur, konst, musik, scenkonst, teater eller film. K\u00e4nner du n\u00e5gon i Malm\u00f6 som genom sitt kulturskapande skildrar arbetsliv, solidaritet och m\u00e4nniskors vardag? Nominera till Arbetarr\u00f6relsens kulturpris i Malm\u00f6! <\/span><\/strong><\/p>\n<p>&nbsp;<\/p>\n<p class=\"cvGsUA direction-ltr align-start para-style-body\"><strong><span class=\"a_GcMg font-feature-liga-off font-feature-clig-off font-feature-calt-off text-decoration-none text-strikethrough-none\">Om priset<\/span><\/strong><\/p>\n<p class=\"cvGsUA direction-ltr align-start para-style-body\"><span class=\"a_GcMg font-feature-liga-off font-feature-clig-off font-feature-calt-off text-decoration-none text-strikethrough-none\">Arbetarr\u00f6relsens kulturpris best\u00e5r <\/span><span class=\"a_GcMg font-feature-liga-off font-feature-clig-off font-feature-calt-off text-decoration-none text-strikethrough-none\">av ett stipendium p\u00e5 15 000 kronor samt diplom. Juryn kan utse en eller flera mottagare och juryns beslut <\/span><span class=\"a_GcMg font-feature-liga-off font-feature-clig-off font-feature-calt-off text-decoration-none text-strikethrough-none\">kan inte \u00f6verklagas.<\/span><\/p>\n<p class=\"cvGsUA direction-ltr align-start para-style-body\"><strong><span class=\"a_GcMg font-feature-liga-off font-feature-clig-off font-feature-calt-off text-decoration-none text-strikethrough-none\">Vem kan nomineras?<\/span><\/strong><\/p>\n<p class=\"cvGsUA direction-ltr align-start para-style-body\"><span class=\"a_GcMg font-feature-liga-off font-feature-clig-off font-feature-calt-off text-decoration-none text-strikethrough-none\">Priset delas ut till en person eller grupp i Malm\u00f6 som p\u00e5 ett engagerande och nyskapande s\u00e4tt gestaltar arbetsliv eller arbetarr\u00f6relsens id\u00e9er.<\/span><\/p>\n<p class=\"cvGsUA direction-ltr align-start para-style-body\"><strong><span class=\"a_GcMg font-feature-liga-off font-feature-clig-off font-feature-calt-off text-decoration-none text-strikethrough-none\">Utdelning<\/span><\/strong><\/p>\n<p class=\"cvGsUA direction-ltr align-start para-style-body\"><span class=\"a_GcMg font-feature-liga-off font-feature-clig-off font-feature-calt-off text-decoration-none text-strikethrough-none\">Priset delas ut den 1 maj i Malm\u00f6 <\/span><span class=\"a_GcMg font-feature-liga-off font-feature-clig-off font-feature-calt-off text-decoration-none text-strikethrough-none\">i samband med 1 maj-firandet.<\/span><\/p>\n<p>&nbsp;<\/p>\n<p class=\"cvGsUA direction-ltr align-start para-style-body\"><strong><span class=\"a_GcMg font-feature-liga-off font-feature-clig-off font-feature-calt-off text-decoration-none text-strikethrough-none\">S\u00e5 nominerar du<\/span><\/strong><\/p>\n<p class=\"cvGsUA direction-ltr align-start para-style-body\"><span class=\"a_GcMg font-feature-liga-off font-feature-clig-off font-feature-calt-off text-decoration-none text-strikethrough-none\">Nomineringen ska vara skriftlig <\/span><span class=\"a_GcMg font-feature-liga-off font-feature-clig-off font-feature-calt-off text-decoration-none text-strikethrough-none\">och inneh\u00e5lla:<\/span><\/p>\n<ul>\n<li><span class=\"a_GcMg font-feature-liga-off font-feature-clig-off font-feature-calt-off text-decoration-none text-strikethrough-none\">Kontaktuppgifter till dig<\/span> <span class=\"a_GcMg font-feature-liga-off font-feature-clig-off font-feature-calt-off text-decoration-none text-strikethrough-none\">som nominerar.<\/span><\/li>\n<li><span class=\"a_GcMg font-feature-liga-off font-feature-clig-off font-feature-calt-off text-decoration-none text-strikethrough-none\">Kontaktuppgifter till den<\/span> <span class=\"a_GcMg font-feature-liga-off font-feature-clig-off font-feature-calt-off text-decoration-none text-strikethrough-none\">eller de du nominerar in.<\/span><\/li>\n<li><span class=\"a_GcMg font-feature-liga-off font-feature-clig-off font-feature-calt-off text-decoration-none text-strikethrough-none\">Kort beskrivning av kulturskapandet.<\/span><\/li>\n<li><span class=\"a_GcMg font-feature-liga-off font-feature-clig-off font-feature-calt-off text-decoration-none text-strikethrough-none\">Motivering till nomineringen.<\/span><\/li>\n<\/ul>\n<p>&nbsp;<\/p>\n<p class=\"cvGsUA direction-ltr align-start para-style-body\"><span class=\"a_GcMg font-feature-liga-off font-feature-clig-off font-feature-calt-off text-decoration-none text-strikethrough-none\">\ud83d\uddd3<\/span> <strong><span class=\"a_GcMg font-feature-liga-off font-feature-clig-off font-feature-calt-off text-decoration-none text-strikethrough-none\">Sista dag f\u00f6r nominering: 31 mars<\/span><\/strong><\/p>\n<p class=\"cvGsUA direction-ltr align-start para-style-body\"><strong><span class=\"a_GcMg font-feature-liga-off font-feature-clig-off font-feature-calt-off text-decoration-none text-strikethrough-none\">Skicka nominering till<\/span><\/strong><\/p>\n<p class=\"cvGsUA direction-ltr align-start para-style-body\"><span class=\"a_GcMg font-feature-liga-off font-feature-clig-off font-feature-calt-off text-decoration-none text-strikethrough-none\">\ud83d\udce7<\/span> <span class=\"a_GcMg font-feature-liga-off font-feature-clig-off font-feature-calt-off text-decoration-none text-strikethrough-none\">exp@lo-malmo.se <\/span><span class=\"a_GcMg font-feature-liga-off font-feature-clig-off font-feature-calt-off text-decoration-none text-strikethrough-none\">eller via post: LO-distriktet i Sk\u00e5ne, <\/span><span class=\"a_GcMg font-feature-liga-off font-feature-clig-off font-feature-calt-off text-decoration-none text-strikethrough-none\">Olof Palmes plats 1, 214 44 Malm\u00f6<\/span><\/p>\n\n    <\/div>\n<\/div>\n","protected":false},"featured_media":0,"parent":0,"menu_order":0,"template":"","categories":[],"class_list":["post-3700","news-article","type-news-article","status-publish","hentry"],"acf":[],"yoast_head":"<!-- This site is optimized with the Yoast SEO plugin v27.0 - https:\/\/yoast.com\/product\/yoast-seo-wordpress\/ -->\n<title>Arbetarr\u00f6relsens kulturpris 2026 - Malm\u00f6 Sydv\u00e4st<\/title>\n<meta name=\"robots\" content=\"index, follow, max-snippet:-1, max-image-preview:large, max-video-preview:-1\" \/>\n<link rel=\"canonical\" href=\"https:\/\/www.abf.se\/malmo-sydvast\/nyheter\/arbetarrorelsens-kulturpris-2026\/\" \/>\n<meta property=\"og:locale\" content=\"sv_SE\" \/>\n<meta property=\"og:type\" content=\"article\" \/>\n<meta property=\"og:title\" content=\"Arbetarr\u00f6relsens kulturpris 2026 - Malm\u00f6 Sydv\u00e4st\" \/>\n<meta property=\"og:url\" content=\"https:\/\/www.abf.se\/malmo-sydvast\/nyheter\/arbetarrorelsens-kulturpris-2026\/\" \/>\n<meta property=\"og:site_name\" content=\"Malm\u00f6 Sydv\u00e4st\" \/>\n<meta property=\"article:modified_time\" content=\"2026-01-19T10:37:18+00:00\" \/>\n<meta property=\"og:image\" content=\"https:\/\/www.abf.se\/wp-content\/uploads\/sites\/34\/2024\/03\/Nyckeln-liggande-scaled.jpg\" \/>\n\t<meta property=\"og:image:width\" content=\"2560\" \/>\n\t<meta property=\"og:image:height\" content=\"1440\" \/>\n\t<meta property=\"og:image:type\" content=\"image\/jpeg\" \/>\n<meta name=\"twitter:card\" content=\"summary_large_image\" \/>\n<script type=\"application\/ld+json\" class=\"yoast-schema-graph\">{\"@context\":\"https:\/\/schema.org\",\"@graph\":[{\"@type\":\"WebPage\",\"@id\":\"https:\/\/www.abf.se\/malmo-sydvast\/nyheter\/arbetarrorelsens-kulturpris-2026\/\",\"url\":\"https:\/\/www.abf.se\/malmo-sydvast\/nyheter\/arbetarrorelsens-kulturpris-2026\/\",\"name\":\"Arbetarr\u00f6relsens kulturpris 2026 - Malm\u00f6 Sydv\u00e4st\",\"isPartOf\":{\"@id\":\"https:\/\/www.abf.se\/malmo-sydvast\/#website\"},\"datePublished\":\"2026-01-19T10:35:02+00:00\",\"dateModified\":\"2026-01-19T10:37:18+00:00\",\"breadcrumb\":{\"@id\":\"https:\/\/www.abf.se\/malmo-sydvast\/nyheter\/arbetarrorelsens-kulturpris-2026\/#breadcrumb\"},\"inLanguage\":\"sv-SE\",\"potentialAction\":[{\"@type\":\"ReadAction\",\"target\":[\"https:\/\/www.abf.se\/malmo-sydvast\/nyheter\/arbetarrorelsens-kulturpris-2026\/\"]}]},{\"@type\":\"BreadcrumbList\",\"@id\":\"https:\/\/www.abf.se\/malmo-sydvast\/nyheter\/arbetarrorelsens-kulturpris-2026\/#breadcrumb\",\"itemListElement\":[{\"@type\":\"ListItem\",\"position\":1,\"name\":\"Home\",\"item\":\"https:\/\/www.abf.se\/malmo-sydvast\/\"},{\"@type\":\"ListItem\",\"position\":2,\"name\":\"Nyheter\",\"item\":\"https:\/\/www.abf.se\/malmo-sydvast\/nyheter\/\"},{\"@type\":\"ListItem\",\"position\":3,\"name\":\"Arbetarr\u00f6relsens kulturpris 2026\"}]},{\"@type\":\"WebSite\",\"@id\":\"https:\/\/www.abf.se\/malmo-sydvast\/#website\",\"url\":\"https:\/\/www.abf.se\/malmo-sydvast\/\",\"name\":\"Malm\u00f6 Sydv\u00e4st\",\"description\":\"\",\"potentialAction\":[{\"@type\":\"SearchAction\",\"target\":{\"@type\":\"EntryPoint\",\"urlTemplate\":\"https:\/\/www.abf.se\/malmo-sydvast\/?s={search_term_string}\"},\"query-input\":{\"@type\":\"PropertyValueSpecification\",\"valueRequired\":true,\"valueName\":\"search_term_string\"}}],\"inLanguage\":\"sv-SE\"}]}<\/script>\n<!-- \/ Yoast SEO plugin. -->","yoast_head_json":{"title":"Arbetarr\u00f6relsens kulturpris 2026 - Malm\u00f6 Sydv\u00e4st","robots":{"index":"index","follow":"follow","max-snippet":"max-snippet:-1","max-image-preview":"max-image-preview:large","max-video-preview":"max-video-preview:-1"},"canonical":"https:\/\/www.abf.se\/malmo-sydvast\/nyheter\/arbetarrorelsens-kulturpris-2026\/","og_locale":"sv_SE","og_type":"article","og_title":"Arbetarr\u00f6relsens kulturpris 2026 - Malm\u00f6 Sydv\u00e4st","og_url":"https:\/\/www.abf.se\/malmo-sydvast\/nyheter\/arbetarrorelsens-kulturpris-2026\/","og_site_name":"Malm\u00f6 Sydv\u00e4st","article_modified_time":"2026-01-19T10:37:18+00:00","og_image":[{"width":2560,"height":1440,"url":"https:\/\/www.abf.se\/wp-content\/uploads\/sites\/34\/2024\/03\/Nyckeln-liggande-scaled.jpg","type":"image\/jpeg"}],"twitter_card":"summary_large_image","schema":{"@context":"https:\/\/schema.org","@graph":[{"@type":"WebPage","@id":"https:\/\/www.abf.se\/malmo-sydvast\/nyheter\/arbetarrorelsens-kulturpris-2026\/","url":"https:\/\/www.abf.se\/malmo-sydvast\/nyheter\/arbetarrorelsens-kulturpris-2026\/","name":"Arbetarr\u00f6relsens kulturpris 2026 - Malm\u00f6 Sydv\u00e4st","isPartOf":{"@id":"https:\/\/www.abf.se\/malmo-sydvast\/#website"},"datePublished":"2026-01-19T10:35:02+00:00","dateModified":"2026-01-19T10:37:18+00:00","breadcrumb":{"@id":"https:\/\/www.abf.se\/malmo-sydvast\/nyheter\/arbetarrorelsens-kulturpris-2026\/#breadcrumb"},"inLanguage":"sv-SE","potentialAction":[{"@type":"ReadAction","target":["https:\/\/www.abf.se\/malmo-sydvast\/nyheter\/arbetarrorelsens-kulturpris-2026\/"]}]},{"@type":"BreadcrumbList","@id":"https:\/\/www.abf.se\/malmo-sydvast\/nyheter\/arbetarrorelsens-kulturpris-2026\/#breadcrumb","itemListElement":[{"@type":"ListItem","position":1,"name":"Home","item":"https:\/\/www.abf.se\/malmo-sydvast\/"},{"@type":"ListItem","position":2,"name":"Nyheter","item":"https:\/\/www.abf.se\/malmo-sydvast\/nyheter\/"},{"@type":"ListItem","position":3,"name":"Arbetarr\u00f6relsens kulturpris 2026"}]},{"@type":"WebSite","@id":"https:\/\/www.abf.se\/malmo-sydvast\/#website","url":"https:\/\/www.abf.se\/malmo-sydvast\/","name":"Malm\u00f6 Sydv\u00e4st","description":"","potentialAction":[{"@type":"SearchAction","target":{"@type":"EntryPoint","urlTemplate":"https:\/\/www.abf.se\/malmo-sydvast\/?s={search_term_string}"},"query-input":{"@type":"PropertyValueSpecification","valueRequired":true,"valueName":"search_term_string"}}],"inLanguage":"sv-SE"}]}},"_links":{"self":[{"href":"https:\/\/www.abf.se\/malmo-sydvast\/wp-json\/wp\/v2\/news-article\/3700","targetHints":{"allow":["GET"]}}],"collection":[{"href":"https:\/\/www.abf.se\/malmo-sydvast\/wp-json\/wp\/v2\/news-article"}],"about":[{"href":"https:\/\/www.abf.se\/malmo-sydvast\/wp-json\/wp\/v2\/types\/news-article"}],"wp:attachment":[{"href":"https:\/\/www.abf.se\/malmo-sydvast\/wp-json\/wp\/v2\/media?parent=3700"}],"wp:term":[{"taxonomy":"category","embeddable":true,"href":"https:\/\/www.abf.se\/malmo-sydvast\/wp-json\/wp\/v2\/categories?post=3700"}],"curies":[{"name":"wp","href":"https:\/\/api.w.org\/{rel}","templated":true}]}}