{"id":3796,"date":"2026-02-16T10:14:30","date_gmt":"2026-02-16T09:14:30","guid":{"rendered":"https:\/\/www.abf.se\/malmo-sydvast\/?post_type=news-article&#038;p=3796"},"modified":"2026-02-17T16:02:04","modified_gmt":"2026-02-17T15:02:04","slug":"inspirationstraff-for-cirkelledare","status":"publish","type":"news-article","link":"https:\/\/www.abf.se\/malmo-sydvast\/nyheter\/inspirationstraff-for-cirkelledare\/","title":{"rendered":"Inspirationstr\u00e4ff f\u00f6r cirkelledare"},"content":{"rendered":"<div\n    class=\"acf-article-text-block article-container my-12\"\n    data-block=\"article-text-block\"\n>\n    <div class=\"wysiwyg\">\n        <table role=\"presentation\" border=\"0\" width=\"100%\" cellspacing=\"0\" cellpadding=\"0\">\n<tbody class=\"\">\n<tr>\n<td class=\"gan-block-parent\">\n<h4><strong>V\u00e5rens tema kretsar kring engagemang och delaktighet:<\/strong><\/h4>\n<\/td>\n<\/tr>\n<tr>\n<td class=\"gan-block-parent\">&nbsp;<\/p>\n<ul>\n<li data-inline=\"padding: 0px;color: #1e1e1e;font-size: 20px;font-family: Roboto, sans-serif;font-weight: 400;text-align: start;list-style-position: outside;line-height:170%; line-height: 1.7;Margin: 0 0 10px\">Vad \u00e4r det egentligen som f\u00e5r m\u00e4nniskor att vilja delta, bidra och vara aktiva?<\/li>\n<li data-inline=\"padding: 0px;color: #1e1e1e;font-size: 20px;font-family: Roboto, sans-serif;font-weight: 400;text-align: start;list-style-position: outside;line-height:170%; line-height: 1.7;Margin: 0 0 10px\">Vilka sm\u00e5 justeringar i uppl\u00e4gg och ledarskap kan g\u00f6ra att fler r\u00f6ster kommer till tals?<\/li>\n<li data-inline=\"padding: 0px;color: #1e1e1e;font-size: 20px;font-family: Roboto, sans-serif;font-weight: 400;text-align: start;list-style-position: outside;line-height:170%; line-height: 1.7;Margin: 0 0 10px\">Och vad beh\u00f6ver vi t\u00e4nka p\u00e5 f\u00f6r att deltagare verkligen ska k\u00e4nna \u00e4gandeskap?<\/li>\n<\/ul>\n<p>Under kv\u00e4llen deltar du i en workshop d\u00e4r vi tillsammans utforskar hur vi kan leda cirkeltr\u00e4ffar som v\u00e4cker nyfikenhet, engagemang och delaktighet. Tr\u00e4ffen \u00e4r digifysisk och leds av Karolina Lundahl fr\u00e5n F\u00f6r\u00e4ndringsakademin, v\u00e4lj den plats som passar dig b\u00e4st. Sj\u00e4lvklart bjuder vi p\u00e5 fika!<\/p>\n<p>25 februari kl 18.00 och avslutar senast klockan 20.30<\/p>\n<p>V\u00e4lkomna!<\/p>\n<p><b>Inspirationskv\u00e4llarna genomf\u00f6rs ocks\u00e5 i:<\/b><\/p>\n<ul>\n<li data-inline=\"padding: 0px;color: #1e1e1e;font-size: 20px;font-family: Roboto, sans-serif;font-weight: 400;text-align: start;list-style-position: outside;line-height:170%; line-height: 1.7;Margin: 0 0 10px\"><b>Helsingborg<\/b> \u2013 ABF \u00d6resund, S\u00f6dergatan 15 Anm\u00e4lan: <a title=\"mailto:artur.malachowski@abf.se\" href=\"mailto:artur.malachowski@abf.se\" target=\"_blank\" rel=\"noopener\" data-outlook-id=\"99322195-06ce-4994-92ea-bb0ec06b4f5a\">artur.malachowski@abf.se<\/a><\/li>\n<li data-inline=\"padding: 0px;color: #1e1e1e;font-size: 20px;font-family: Roboto, sans-serif;font-weight: 400;text-align: start;list-style-position: outside;line-height:170%; line-height: 1.7;Margin: 0 0 10px\"><b>Esl\u00f6v<\/b> \u2013 ABF Mittsk\u00e5ne, Poliskroken 5A Anm\u00e4lan: <a title=\"mailto:eva.bengtsson@abf.se\" href=\"mailto:eva.bengtsson@abf.se\" target=\"_blank\" rel=\"noopener\" data-outlook-id=\"215c552e-17d8-4e73-a7ce-1f3312d4b7cc\">eva.bengtsson@abf.se<\/a><\/li>\n<li data-inline=\"padding: 0px;color: #1e1e1e;font-size: 20px;font-family: Roboto, sans-serif;font-weight: 400;text-align: start;list-style-position: outside;line-height:170%; line-height: 1.7;Margin: 0 0 10px\"><b>Ystad<\/b> \u2013 ABF \u00d6stra Sk\u00e5ne, S\u00f6dra Dragongatan 22 Anm\u00e4lan: <a title=\"mailto:camilla.nilsson@abf.se\" href=\"mailto:camilla.nilsson@abf.se\" target=\"_blank\" rel=\"noopener\" data-outlook-id=\"213444ec-47e1-479e-93c8-cb82bbb9838c\">camilla.nilsson@abf.se<\/a><\/li>\n<li data-inline=\"padding: 0px;color: #1e1e1e;font-size: 20px;font-family: Roboto, sans-serif;font-weight: 400;text-align: start;list-style-position: outside;line-height:170%; line-height: 1.7;Margin: 0 0 10px\"><b>H\u00e4ssleholm<\/b> \u2013 ABF \u00d6stra Sk\u00e5ne, Andra Avenyn 2 Anm\u00e4lan: <a title=\"mailto:peter.ahnberg@abf.se\" href=\"mailto:peter.ahnberg@abf.se\" target=\"_blank\" rel=\"noopener\" data-outlook-id=\"e28db91f-3a6b-4b04-8fda-fc8e229573eb\">peter.ahnberg@abf.se<\/a><\/li>\n<li data-inline=\"padding: 0px;color: #1e1e1e;font-size: 20px;font-family: Roboto, sans-serif;font-weight: 400;text-align: start;list-style-position: outside;line-height:170%; line-height: 1.7;Margin: 0 0 10px\"><b>Malm\u00f6<\/b> \u2013 ABF Malm\u00f6 Sydv\u00e4st, Sp\u00e5nehusv\u00e4gen 47 Anm\u00e4lan: <a href=\"https:\/\/forms.office.com\/e\/9XQL4nfm8R\" target=\"_blank\" rel=\"noopener\">https:\/\/forms.office.com\/e\/9XQL4nfm8R\u00a0<\/a><\/li>\n<li data-inline=\"padding: 0px;color: #1e1e1e;font-size: 20px;font-family: Roboto, sans-serif;font-weight: 400;text-align: start;list-style-position: outside;line-height:170%; line-height: 1.7;Margin: 0 0 10px\"><b>Trelleborg<\/b> \u2013 ABF Malm\u00f6 Sydv\u00e4st, V\u00e4stergatan 41: Anm\u00e4lan: <a title=\"mailto:caroline.hagesater@abf.se\" href=\"mailto:caroline.hagesater@abf.se\" target=\"_blank\" rel=\"noopener\" data-outlook-id=\"d8fa911d-86a7-40f6-804e-1837f34b1c50\">caroline.hagesater@abf.se<\/a><\/li>\n<\/ul>\n<p>Anm\u00e4lan g\u00f6rs senast en vecka f\u00f6re respektive inspirationskv\u00e4ll till arrangerande ABF-avdelning. Arrangemanget \u00e4r kostnadsfritt.<\/td>\n<\/tr>\n<\/tbody>\n<\/table>\n\n    <\/div>\n<\/div>\n","protected":false},"featured_media":0,"parent":0,"menu_order":0,"template":"","categories":[],"class_list":["post-3796","news-article","type-news-article","status-publish","hentry"],"acf":[],"yoast_head":"<!-- This site is optimized with the Yoast SEO plugin v27.0 - https:\/\/yoast.com\/product\/yoast-seo-wordpress\/ -->\n<title>Inspirationstr\u00e4ff f\u00f6r cirkelledare - Malm\u00f6 Sydv\u00e4st<\/title>\n<meta name=\"robots\" content=\"index, follow, max-snippet:-1, max-image-preview:large, max-video-preview:-1\" \/>\n<link rel=\"canonical\" href=\"https:\/\/www.abf.se\/malmo-sydvast\/nyheter\/inspirationstraff-for-cirkelledare\/\" \/>\n<meta property=\"og:locale\" content=\"sv_SE\" \/>\n<meta property=\"og:type\" content=\"article\" \/>\n<meta property=\"og:title\" content=\"Inspirationstr\u00e4ff f\u00f6r cirkelledare - Malm\u00f6 Sydv\u00e4st\" \/>\n<meta property=\"og:url\" content=\"https:\/\/www.abf.se\/malmo-sydvast\/nyheter\/inspirationstraff-for-cirkelledare\/\" \/>\n<meta property=\"og:site_name\" content=\"Malm\u00f6 Sydv\u00e4st\" \/>\n<meta property=\"article:modified_time\" content=\"2026-02-17T15:02:04+00:00\" \/>\n<meta property=\"og:image\" content=\"https:\/\/www.abf.se\/wp-content\/uploads\/sites\/34\/2024\/03\/Nyckeln-liggande-scaled.jpg\" \/>\n\t<meta property=\"og:image:width\" content=\"2560\" \/>\n\t<meta property=\"og:image:height\" content=\"1440\" \/>\n\t<meta property=\"og:image:type\" content=\"image\/jpeg\" \/>\n<meta name=\"twitter:card\" content=\"summary_large_image\" \/>\n<script type=\"application\/ld+json\" class=\"yoast-schema-graph\">{\"@context\":\"https:\/\/schema.org\",\"@graph\":[{\"@type\":\"WebPage\",\"@id\":\"https:\/\/www.abf.se\/malmo-sydvast\/nyheter\/inspirationstraff-for-cirkelledare\/\",\"url\":\"https:\/\/www.abf.se\/malmo-sydvast\/nyheter\/inspirationstraff-for-cirkelledare\/\",\"name\":\"Inspirationstr\u00e4ff f\u00f6r cirkelledare - Malm\u00f6 Sydv\u00e4st\",\"isPartOf\":{\"@id\":\"https:\/\/www.abf.se\/malmo-sydvast\/#website\"},\"datePublished\":\"2026-02-16T09:14:30+00:00\",\"dateModified\":\"2026-02-17T15:02:04+00:00\",\"breadcrumb\":{\"@id\":\"https:\/\/www.abf.se\/malmo-sydvast\/nyheter\/inspirationstraff-for-cirkelledare\/#breadcrumb\"},\"inLanguage\":\"sv-SE\",\"potentialAction\":[{\"@type\":\"ReadAction\",\"target\":[\"https:\/\/www.abf.se\/malmo-sydvast\/nyheter\/inspirationstraff-for-cirkelledare\/\"]}]},{\"@type\":\"BreadcrumbList\",\"@id\":\"https:\/\/www.abf.se\/malmo-sydvast\/nyheter\/inspirationstraff-for-cirkelledare\/#breadcrumb\",\"itemListElement\":[{\"@type\":\"ListItem\",\"position\":1,\"name\":\"Home\",\"item\":\"https:\/\/www.abf.se\/malmo-sydvast\/\"},{\"@type\":\"ListItem\",\"position\":2,\"name\":\"Nyheter\",\"item\":\"https:\/\/www.abf.se\/malmo-sydvast\/nyheter\/\"},{\"@type\":\"ListItem\",\"position\":3,\"name\":\"Inspirationstr\u00e4ff f\u00f6r cirkelledare\"}]},{\"@type\":\"WebSite\",\"@id\":\"https:\/\/www.abf.se\/malmo-sydvast\/#website\",\"url\":\"https:\/\/www.abf.se\/malmo-sydvast\/\",\"name\":\"Malm\u00f6 Sydv\u00e4st\",\"description\":\"\",\"potentialAction\":[{\"@type\":\"SearchAction\",\"target\":{\"@type\":\"EntryPoint\",\"urlTemplate\":\"https:\/\/www.abf.se\/malmo-sydvast\/?s={search_term_string}\"},\"query-input\":{\"@type\":\"PropertyValueSpecification\",\"valueRequired\":true,\"valueName\":\"search_term_string\"}}],\"inLanguage\":\"sv-SE\"}]}<\/script>\n<!-- \/ Yoast SEO plugin. -->","yoast_head_json":{"title":"Inspirationstr\u00e4ff f\u00f6r cirkelledare - Malm\u00f6 Sydv\u00e4st","robots":{"index":"index","follow":"follow","max-snippet":"max-snippet:-1","max-image-preview":"max-image-preview:large","max-video-preview":"max-video-preview:-1"},"canonical":"https:\/\/www.abf.se\/malmo-sydvast\/nyheter\/inspirationstraff-for-cirkelledare\/","og_locale":"sv_SE","og_type":"article","og_title":"Inspirationstr\u00e4ff f\u00f6r cirkelledare - Malm\u00f6 Sydv\u00e4st","og_url":"https:\/\/www.abf.se\/malmo-sydvast\/nyheter\/inspirationstraff-for-cirkelledare\/","og_site_name":"Malm\u00f6 Sydv\u00e4st","article_modified_time":"2026-02-17T15:02:04+00:00","og_image":[{"width":2560,"height":1440,"url":"https:\/\/www.abf.se\/wp-content\/uploads\/sites\/34\/2024\/03\/Nyckeln-liggande-scaled.jpg","type":"image\/jpeg"}],"twitter_card":"summary_large_image","schema":{"@context":"https:\/\/schema.org","@graph":[{"@type":"WebPage","@id":"https:\/\/www.abf.se\/malmo-sydvast\/nyheter\/inspirationstraff-for-cirkelledare\/","url":"https:\/\/www.abf.se\/malmo-sydvast\/nyheter\/inspirationstraff-for-cirkelledare\/","name":"Inspirationstr\u00e4ff f\u00f6r cirkelledare - Malm\u00f6 Sydv\u00e4st","isPartOf":{"@id":"https:\/\/www.abf.se\/malmo-sydvast\/#website"},"datePublished":"2026-02-16T09:14:30+00:00","dateModified":"2026-02-17T15:02:04+00:00","breadcrumb":{"@id":"https:\/\/www.abf.se\/malmo-sydvast\/nyheter\/inspirationstraff-for-cirkelledare\/#breadcrumb"},"inLanguage":"sv-SE","potentialAction":[{"@type":"ReadAction","target":["https:\/\/www.abf.se\/malmo-sydvast\/nyheter\/inspirationstraff-for-cirkelledare\/"]}]},{"@type":"BreadcrumbList","@id":"https:\/\/www.abf.se\/malmo-sydvast\/nyheter\/inspirationstraff-for-cirkelledare\/#breadcrumb","itemListElement":[{"@type":"ListItem","position":1,"name":"Home","item":"https:\/\/www.abf.se\/malmo-sydvast\/"},{"@type":"ListItem","position":2,"name":"Nyheter","item":"https:\/\/www.abf.se\/malmo-sydvast\/nyheter\/"},{"@type":"ListItem","position":3,"name":"Inspirationstr\u00e4ff f\u00f6r cirkelledare"}]},{"@type":"WebSite","@id":"https:\/\/www.abf.se\/malmo-sydvast\/#website","url":"https:\/\/www.abf.se\/malmo-sydvast\/","name":"Malm\u00f6 Sydv\u00e4st","description":"","potentialAction":[{"@type":"SearchAction","target":{"@type":"EntryPoint","urlTemplate":"https:\/\/www.abf.se\/malmo-sydvast\/?s={search_term_string}"},"query-input":{"@type":"PropertyValueSpecification","valueRequired":true,"valueName":"search_term_string"}}],"inLanguage":"sv-SE"}]}},"_links":{"self":[{"href":"https:\/\/www.abf.se\/malmo-sydvast\/wp-json\/wp\/v2\/news-article\/3796","targetHints":{"allow":["GET"]}}],"collection":[{"href":"https:\/\/www.abf.se\/malmo-sydvast\/wp-json\/wp\/v2\/news-article"}],"about":[{"href":"https:\/\/www.abf.se\/malmo-sydvast\/wp-json\/wp\/v2\/types\/news-article"}],"wp:attachment":[{"href":"https:\/\/www.abf.se\/malmo-sydvast\/wp-json\/wp\/v2\/media?parent=3796"}],"wp:term":[{"taxonomy":"category","embeddable":true,"href":"https:\/\/www.abf.se\/malmo-sydvast\/wp-json\/wp\/v2\/categories?post=3796"}],"curies":[{"name":"wp","href":"https:\/\/api.w.org\/{rel}","templated":true}]}}