{"id":3834,"date":"2026-02-23T16:47:05","date_gmt":"2026-02-23T15:47:05","guid":{"rendered":"https:\/\/www.abf.se\/malmo-sydvast\/?post_type=news-article&#038;p=3834"},"modified":"2026-04-20T11:51:31","modified_gmt":"2026-04-20T09:51:31","slug":"firande-av-eid-i-malmo","status":"publish","type":"news-article","link":"https:\/\/www.abf.se\/malmo-sydvast\/nyheter\/firande-av-eid-i-malmo\/","title":{"rendered":"Firande av Eid i Malm\u00f6"},"content":{"rendered":"<div\n    class=\"acf-article-text-block article-container my-12\"\n    data-block=\"article-text-block\"\n>\n    <div class=\"wysiwyg\">\n        <h2 data-inline=\"padding: 0px;color: rgb(30, 30, 30);font-size: 17px;font-family: Roboto, sans-serif;font-weight: 400;text-align: start;list-style-position: outside;line-height:170%; line-height: 1.7;margin: 0 0 10px\">Eidfirandet i Malm\u00f6 kommer h\u00e5llas den 30 maj 2026<\/h2>\n<p class=\"p1\">Eid al-Adha \u00e4r en viktig h\u00f6gtid f\u00f6r m\u00e5nga malm\u00f6bor, och Eid-festivalen har blivit en uppskattad tradition i staden. Under Eid-festivalen 30 maj kommer ABF bjuda p\u00e5 ett fullsp\u00e4ckat program med underh\u00e5llning p\u00e5 Folkets Parks stora scen, sp\u00e4nnande aktiviteter f\u00f6r barn och en fantastisk matupplevelse med smaker fr\u00e5n flera olika l\u00e4nder. Det blir en dag fylld av gl\u00e4dje, kultur, musik, dans och massor av roliga aktiviteter f\u00f6r alla malm\u00f6bor, stora som sm\u00e5. Vi bjuder in alla \u2013 oavsett bakgrund \u2013 till en festival d\u00e4r vi firar gemenskap och m\u00e5ngfald.<\/p>\n<h4 data-inline=\"padding: 0px;color: rgb(17, 17, 17);font-size: 23px;font-family: Roboto, sans-serif;font-weight: 700;text-align: start;list-style-position: outside;line-height:100%; line-height: 1;margin: 0 0 10px\">\u00c4r din f\u00f6rening intresserad av att vara med?<\/h4>\n<h4 data-inline=\"padding: 0px;color: rgb(17, 17, 17);font-size: 23px;font-family: Roboto, sans-serif;font-weight: 700;text-align: start;list-style-position: outside;line-height:100%; line-height: 1;margin: 0 0 10px\">Har ni id\u00e9er p\u00e5 aktiviteter?<\/h4>\n<h4 data-inline=\"padding: 0px;color: rgb(17, 17, 17);font-size: 23px;font-family: Roboto, sans-serif;font-weight: 700;text-align: start;list-style-position: outside;line-height:100%; line-height: 1;margin: 0 0 10px\">V\u00e4lkomna p\u00e5 \u00f6ppet m\u00f6te!<\/h4>\n<ul data-inline=\"padding: 0px 0px 0px 20px;color: rgb(30, 30, 30);font-size: 17px;font-family: Roboto, sans-serif;font-weight: 400;text-align: start;list-style-position: outside;line-height:170%; line-height: 1.7;margin: 0 0 10px\">\n<li data-inline=\"padding: 0px;color: rgb(30, 30, 30);font-size: 17px;font-family: Roboto, sans-serif;font-weight: 400;text-align: start;list-style-position: outside;line-height:170%; line-height: 1.7;margin: 0 0 10px\">23 mars kl 18:00<\/li>\n<li data-inline=\"padding: 0px;color: rgb(30, 30, 30);font-size: 17px;font-family: Roboto, sans-serif;font-weight: 400;text-align: start;list-style-position: outside;line-height:170%; line-height: 1.7;margin: 0 0 10px\">Sp\u00e5nehusv\u00e4gen 47 Malm\u00f6<\/li>\n<\/ul>\n<p>&nbsp;<\/p>\n<p>Varmt v\u00e4lkomna!<\/p>\n\n    <\/div>\n<\/div>\n","protected":false},"featured_media":0,"parent":0,"menu_order":0,"template":"","categories":[],"class_list":["post-3834","news-article","type-news-article","status-publish","hentry"],"acf":[],"yoast_head":"<!-- This site is optimized with the Yoast SEO plugin v27.0 - https:\/\/yoast.com\/product\/yoast-seo-wordpress\/ -->\n<title>Firande av Eid i Malm\u00f6 - Malm\u00f6 Sydv\u00e4st<\/title>\n<meta name=\"robots\" content=\"index, follow, max-snippet:-1, max-image-preview:large, max-video-preview:-1\" \/>\n<link rel=\"canonical\" href=\"https:\/\/www.abf.se\/malmo-sydvast\/nyheter\/firande-av-eid-i-malmo\/\" \/>\n<meta property=\"og:locale\" content=\"sv_SE\" \/>\n<meta property=\"og:type\" content=\"article\" \/>\n<meta property=\"og:title\" content=\"Firande av Eid i Malm\u00f6 - Malm\u00f6 Sydv\u00e4st\" \/>\n<meta property=\"og:url\" content=\"https:\/\/www.abf.se\/malmo-sydvast\/nyheter\/firande-av-eid-i-malmo\/\" \/>\n<meta property=\"og:site_name\" content=\"Malm\u00f6 Sydv\u00e4st\" \/>\n<meta property=\"article:modified_time\" content=\"2026-04-20T09:51:31+00:00\" \/>\n<meta property=\"og:image\" content=\"https:\/\/www.abf.se\/wp-content\/uploads\/sites\/34\/2024\/03\/Nyckeln-liggande-scaled.jpg\" \/>\n\t<meta property=\"og:image:width\" content=\"2560\" \/>\n\t<meta property=\"og:image:height\" content=\"1440\" \/>\n\t<meta property=\"og:image:type\" content=\"image\/jpeg\" \/>\n<meta name=\"twitter:card\" content=\"summary_large_image\" \/>\n<script type=\"application\/ld+json\" class=\"yoast-schema-graph\">{\"@context\":\"https:\/\/schema.org\",\"@graph\":[{\"@type\":\"WebPage\",\"@id\":\"https:\/\/www.abf.se\/malmo-sydvast\/nyheter\/firande-av-eid-i-malmo\/\",\"url\":\"https:\/\/www.abf.se\/malmo-sydvast\/nyheter\/firande-av-eid-i-malmo\/\",\"name\":\"Firande av Eid i Malm\u00f6 - Malm\u00f6 Sydv\u00e4st\",\"isPartOf\":{\"@id\":\"https:\/\/www.abf.se\/malmo-sydvast\/#website\"},\"datePublished\":\"2026-02-23T15:47:05+00:00\",\"dateModified\":\"2026-04-20T09:51:31+00:00\",\"breadcrumb\":{\"@id\":\"https:\/\/www.abf.se\/malmo-sydvast\/nyheter\/firande-av-eid-i-malmo\/#breadcrumb\"},\"inLanguage\":\"sv-SE\",\"potentialAction\":[{\"@type\":\"ReadAction\",\"target\":[\"https:\/\/www.abf.se\/malmo-sydvast\/nyheter\/firande-av-eid-i-malmo\/\"]}]},{\"@type\":\"BreadcrumbList\",\"@id\":\"https:\/\/www.abf.se\/malmo-sydvast\/nyheter\/firande-av-eid-i-malmo\/#breadcrumb\",\"itemListElement\":[{\"@type\":\"ListItem\",\"position\":1,\"name\":\"Home\",\"item\":\"https:\/\/www.abf.se\/malmo-sydvast\/\"},{\"@type\":\"ListItem\",\"position\":2,\"name\":\"Nyheter\",\"item\":\"https:\/\/www.abf.se\/malmo-sydvast\/nyheter\/\"},{\"@type\":\"ListItem\",\"position\":3,\"name\":\"Firande av Eid i Malm\u00f6\"}]},{\"@type\":\"WebSite\",\"@id\":\"https:\/\/www.abf.se\/malmo-sydvast\/#website\",\"url\":\"https:\/\/www.abf.se\/malmo-sydvast\/\",\"name\":\"Malm\u00f6 Sydv\u00e4st\",\"description\":\"\",\"potentialAction\":[{\"@type\":\"SearchAction\",\"target\":{\"@type\":\"EntryPoint\",\"urlTemplate\":\"https:\/\/www.abf.se\/malmo-sydvast\/?s={search_term_string}\"},\"query-input\":{\"@type\":\"PropertyValueSpecification\",\"valueRequired\":true,\"valueName\":\"search_term_string\"}}],\"inLanguage\":\"sv-SE\"}]}<\/script>\n<!-- \/ Yoast SEO plugin. -->","yoast_head_json":{"title":"Firande av Eid i Malm\u00f6 - Malm\u00f6 Sydv\u00e4st","robots":{"index":"index","follow":"follow","max-snippet":"max-snippet:-1","max-image-preview":"max-image-preview:large","max-video-preview":"max-video-preview:-1"},"canonical":"https:\/\/www.abf.se\/malmo-sydvast\/nyheter\/firande-av-eid-i-malmo\/","og_locale":"sv_SE","og_type":"article","og_title":"Firande av Eid i Malm\u00f6 - Malm\u00f6 Sydv\u00e4st","og_url":"https:\/\/www.abf.se\/malmo-sydvast\/nyheter\/firande-av-eid-i-malmo\/","og_site_name":"Malm\u00f6 Sydv\u00e4st","article_modified_time":"2026-04-20T09:51:31+00:00","og_image":[{"width":2560,"height":1440,"url":"https:\/\/www.abf.se\/wp-content\/uploads\/sites\/34\/2024\/03\/Nyckeln-liggande-scaled.jpg","type":"image\/jpeg"}],"twitter_card":"summary_large_image","schema":{"@context":"https:\/\/schema.org","@graph":[{"@type":"WebPage","@id":"https:\/\/www.abf.se\/malmo-sydvast\/nyheter\/firande-av-eid-i-malmo\/","url":"https:\/\/www.abf.se\/malmo-sydvast\/nyheter\/firande-av-eid-i-malmo\/","name":"Firande av Eid i Malm\u00f6 - Malm\u00f6 Sydv\u00e4st","isPartOf":{"@id":"https:\/\/www.abf.se\/malmo-sydvast\/#website"},"datePublished":"2026-02-23T15:47:05+00:00","dateModified":"2026-04-20T09:51:31+00:00","breadcrumb":{"@id":"https:\/\/www.abf.se\/malmo-sydvast\/nyheter\/firande-av-eid-i-malmo\/#breadcrumb"},"inLanguage":"sv-SE","potentialAction":[{"@type":"ReadAction","target":["https:\/\/www.abf.se\/malmo-sydvast\/nyheter\/firande-av-eid-i-malmo\/"]}]},{"@type":"BreadcrumbList","@id":"https:\/\/www.abf.se\/malmo-sydvast\/nyheter\/firande-av-eid-i-malmo\/#breadcrumb","itemListElement":[{"@type":"ListItem","position":1,"name":"Home","item":"https:\/\/www.abf.se\/malmo-sydvast\/"},{"@type":"ListItem","position":2,"name":"Nyheter","item":"https:\/\/www.abf.se\/malmo-sydvast\/nyheter\/"},{"@type":"ListItem","position":3,"name":"Firande av Eid i Malm\u00f6"}]},{"@type":"WebSite","@id":"https:\/\/www.abf.se\/malmo-sydvast\/#website","url":"https:\/\/www.abf.se\/malmo-sydvast\/","name":"Malm\u00f6 Sydv\u00e4st","description":"","potentialAction":[{"@type":"SearchAction","target":{"@type":"EntryPoint","urlTemplate":"https:\/\/www.abf.se\/malmo-sydvast\/?s={search_term_string}"},"query-input":{"@type":"PropertyValueSpecification","valueRequired":true,"valueName":"search_term_string"}}],"inLanguage":"sv-SE"}]}},"_links":{"self":[{"href":"https:\/\/www.abf.se\/malmo-sydvast\/wp-json\/wp\/v2\/news-article\/3834","targetHints":{"allow":["GET"]}}],"collection":[{"href":"https:\/\/www.abf.se\/malmo-sydvast\/wp-json\/wp\/v2\/news-article"}],"about":[{"href":"https:\/\/www.abf.se\/malmo-sydvast\/wp-json\/wp\/v2\/types\/news-article"}],"wp:attachment":[{"href":"https:\/\/www.abf.se\/malmo-sydvast\/wp-json\/wp\/v2\/media?parent=3834"}],"wp:term":[{"taxonomy":"category","embeddable":true,"href":"https:\/\/www.abf.se\/malmo-sydvast\/wp-json\/wp\/v2\/categories?post=3834"}],"curies":[{"name":"wp","href":"https:\/\/api.w.org\/{rel}","templated":true}]}}