{"id":3897,"date":"2026-03-02T14:22:12","date_gmt":"2026-03-02T13:22:12","guid":{"rendered":"https:\/\/www.abf.se\/malmo-sydvast\/?post_type=news-article&#038;p=3897"},"modified":"2026-03-04T10:24:14","modified_gmt":"2026-03-04T09:24:14","slug":"fonstret-tank-och-tala-om-romarriket-pa-latin","status":"publish","type":"news-article","link":"https:\/\/www.abf.se\/malmo-sydvast\/nyheter\/fonstret-tank-och-tala-om-romarriket-pa-latin\/","title":{"rendered":"F\u00d6NSTRET: T\u00e4nk och tala om Romarriket \u2013 p\u00e5 latin!"},"content":{"rendered":"<div\n    class=\"acf-article-text-block article-container my-12\"\n    data-block=\"article-text-block\"\n>\n    <div class=\"wysiwyg\">\n        <p><strong>Text:<\/strong> Karin Elfving<br \/>\n<strong>Foto:<\/strong> Emil Malmborg<\/p>\n<p><strong>Tisdagskv\u00e4ll med \u201dLatin i Malm\u00f6 termin 15\u201d. Fyra m\u00e4n har i \u00e5tta \u00e5r setts varje vecka f\u00f6r att ta sig an ett spr\u00e5k som inte har talats allm\u00e4nt p\u00e5 1 500 \u00e5r \u2013 och som betraktas som mycket sv\u00e5rt.<\/strong><\/p>\n<p><strong>Cirkelledaren Andreas Dahlberg \u00e4r en av f\u00e5 i Sverige som faktiskt kan tala latin. Han f\u00f6rst\u00e5r andra \u201dlatinisters\u201d presentationer och n\u00e4r den katolska f\u00f6rsamlingen h\u00e5ller b\u00f6n p\u00e5 latin.<\/strong><\/p>\n<p>&#8211; Men j\u00e4ttarna som Ceasar \u00e4r sv\u00e5ra att sk\u00f6nhetsl\u00e4sa, d\u00e5 plockar jag fram ordboken.<\/p>\n<p>N\u00e4r Andreas b\u00f6rjade med studiecirklar i latin uppt\u00e4ckte han att deltagarna, till skillnad fr\u00e5n i andra spr\u00e5k, inte slutade efter ett tag. I dag l\u00e4r han ut latin n\u00e4stan tio timmar per vecka. F\u00f6r honom har det en personlig koppling.<\/p>\n<p>&#8211; Min mamma \u00e4r fr\u00e5n Italien och latinet blir d\u00e5 inte bara ett mystiskt d\u00f6tt spr\u00e5k. Att l\u00e4ra ut f\u00f6rf\u00e4dernas spr\u00e5k och kultur till \u2019ursvenskar\u2019 \u00e4r den kanske st\u00f6rsta kicken f\u00f6r en andra generationens invandrare. Och det \u00e4r ett s\u00e4tt att tacka f\u00f6r modersm\u00e5lsundervisningen i italienska.<\/p>\n<p>Det var under gymnasietiden som Andreas p\u00e5 egen hand b\u00f6rjade studera latin.<\/p>\n<p>&#8211; Som humanist ville jag l\u00e4ra mig humanioras motsvarighet till naturvetenskapernas matematik.<\/p>\n\n    <\/div>\n<\/div>\n<div\n    class=\"acf-article-image-block mb-12 article-container-lg\"\n    data-block=\"article-image-block\"\n>\n<div class=\"\">\n\n        <figure>\n        \n            <picture class=\"round-corners-lg w-full\"><img decoding=\"async\" src=\"https:\/\/www.abf.se\/malmo-sydvast\/resized\/?url=https%3A%2F%2Fwww.abf.se%2Fwp-content%2Fuploads%2F2026%2F03%2FLatin03-scaled.jpg&#038;fit=contain&#038;w=788&#038;s=deeedb3f5bb46aaab0b1de2d987b6a77\" srcset=\"https:\/\/www.abf.se\/malmo-sydvast\/resized\/?url=https%3A%2F%2Fwww.abf.se%2Fwp-content%2Fuploads%2F2026%2F03%2FLatin03-scaled.jpg&#038;fit=contain&#038;w=375&#038;h=249&#038;s=c5d1c2fc0481190fb22ee2f8caa88a17 375w, https:\/\/www.abf.se\/malmo-sydvast\/resized\/?url=https%3A%2F%2Fwww.abf.se%2Fwp-content%2Fuploads%2F2026%2F03%2FLatin03-scaled.jpg&#038;fit=contain&#038;w=447&#038;h=297&#038;s=ab08b1b8dc35b9b44f7de2242197ca30 447w, https:\/\/www.abf.se\/malmo-sydvast\/resized\/?url=https%3A%2F%2Fwww.abf.se%2Fwp-content%2Fuploads%2F2026%2F03%2FLatin03-scaled.jpg&#038;fit=contain&#038;w=519&#038;h=345&#038;s=3a459b1b0d0a62050419c50d4507243e 519w, https:\/\/www.abf.se\/malmo-sydvast\/resized\/?url=https%3A%2F%2Fwww.abf.se%2Fwp-content%2Fuploads%2F2026%2F03%2FLatin03-scaled.jpg&#038;fit=contain&#038;w=591&#038;h=393&#038;s=f62df5e5793b124081c90eb1bb49a71b 591w, https:\/\/www.abf.se\/malmo-sydvast\/resized\/?url=https%3A%2F%2Fwww.abf.se%2Fwp-content%2Fuploads%2F2026%2F03%2FLatin03-scaled.jpg&#038;fit=contain&#038;w=663&#038;h=441&#038;s=c710c3139c813a2a632b987ec1643ae0 663w, https:\/\/www.abf.se\/malmo-sydvast\/resized\/?url=https%3A%2F%2Fwww.abf.se%2Fwp-content%2Fuploads%2F2026%2F03%2FLatin03-scaled.jpg&#038;fit=contain&#038;w=735&#038;h=489&#038;s=2598e9e25bc7b8152054b162c8565286 735w, https:\/\/www.abf.se\/malmo-sydvast\/resized\/?url=https%3A%2F%2Fwww.abf.se%2Fwp-content%2Fuploads%2F2026%2F03%2FLatin03-scaled.jpg&#038;fit=contain&#038;w=750&#038;h=499&#038;s=5b87129ef6895397500abf5dc042e762 750w, https:\/\/www.abf.se\/malmo-sydvast\/resized\/?url=https%3A%2F%2Fwww.abf.se%2Fwp-content%2Fuploads%2F2026%2F03%2FLatin03-scaled.jpg&#038;fit=contain&#038;w=788&#038;s=deeedb3f5bb46aaab0b1de2d987b6a77 788w, https:\/\/www.abf.se\/malmo-sydvast\/resized\/?url=https%3A%2F%2Fwww.abf.se%2Fwp-content%2Fuploads%2F2026%2F03%2FLatin03-scaled.jpg&#038;fit=contain&#038;w=894&#038;h=595&#038;s=628d2e4ea930277cfdb3d392d8728c05 894w, https:\/\/www.abf.se\/malmo-sydvast\/resized\/?url=https%3A%2F%2Fwww.abf.se%2Fwp-content%2Fuploads%2F2026%2F03%2FLatin03-scaled.jpg&#038;fit=contain&#038;w=1038&#038;h=691&#038;s=b355dd13c76055cd7516efa89baeff7a 1038w, https:\/\/www.abf.se\/malmo-sydvast\/resized\/?url=https%3A%2F%2Fwww.abf.se%2Fwp-content%2Fuploads%2F2026%2F03%2FLatin03-scaled.jpg&#038;fit=contain&#038;w=1182&#038;h=787&#038;s=7c414ff1250c078bfeb21f971bbb42de 1182w, https:\/\/www.abf.se\/malmo-sydvast\/resized\/?url=https%3A%2F%2Fwww.abf.se%2Fwp-content%2Fuploads%2F2026%2F03%2FLatin03-scaled.jpg&#038;fit=contain&#038;w=1326&#038;h=883&#038;s=42b34ffaa0722d3d46b2ca0f4298d1bc 1326w, https:\/\/www.abf.se\/malmo-sydvast\/resized\/?url=https%3A%2F%2Fwww.abf.se%2Fwp-content%2Fuploads%2F2026%2F03%2FLatin03-scaled.jpg&#038;fit=contain&#038;w=1470&#038;h=979&#038;s=00066acfed509b10aa3985ececa18c0a 1470w\" alt=\"Bok med mycket anteckningar i p&aring; ett bord med tv&aring; h&auml;nder och en penna\" height=\"525\" width=\"788\" sizes=\"auto, (max-width: 768px) calc(100vw - 40px), 788px\" loading=\"lazy\" fetchpriority=\"low\" class=\"round-corners-lg w-full\" \/><\/picture>\n                        <\/figure>\n        <\/div>\n\n<\/div>\n<div\n    class=\"acf-article-text-block article-container my-12\"\n    data-block=\"article-text-block\"\n>\n    <div class=\"wysiwyg\">\n        <p>Varje sommar reser han till ett veckol\u00e5ngt latinseminarium i Avignon \u2013 \u201dp\u00e5varnas stad\u201d \u2013 d\u00e4r det fr\u00e5n frukost till kv\u00e4llsmat talas latin.<\/p>\n<p>&#8211; En g\u00e5ng tr\u00e4ffade jag en ung man som kanske hade blivit dittvingad av sina f\u00f6r\u00e4ldrar. Han sa f\u00f6rv\u00e5nat: \u2019\u00c4r du latinl\u00e4rare? Du \u00e4r ju s\u00e5 sn\u00e4ll!\u2019, ber\u00e4ttar Andreas och skrattar.<\/p>\n<p>Han tror att myten om den str\u00e4nga latinl\u00e4raren \u2013 odlad i filmen Hets fr\u00e5n 1944 \u2013 \u00e4r kopplad till synen p\u00e5 latin som ett d\u00f6tt studieobjekt.<\/p>\n<p>&#8211; D\u00e4rf\u00f6r finns en tendens att bli fascinerad av hur man skulle kunna uttrycka sig s\u00e5 komplicerat som m\u00f6jligt. Det tar l\u00e4tt d\u00f6d p\u00e5 gl\u00e4djen och modet att v\u00e5ga s\u00e4ga n\u00e5got.<\/p>\n<p>&nbsp;<\/p>\n\n    <\/div>\n<\/div>\n<blockquote\n    class=\"acf-article-quote-block quote-container article-container\"\n    data-block=\"article-quote-block\"\n>\n\n    <div\n        class=\"quote-content\"\n    >\n    \n    <div class=\"quote-text-container\">\n        <div class=\"quote-text-subgrid\">\n        <p class=\"quote-text\">\n            &#8221;M\u00e5let \u00e4r inte att komma n\u00e5gon speciell stans. V\u00e4gen \u00e4r det intressanta.&#8221;\n        <\/p>\n                <\/div>\n    <\/div>\n\n    <\/div>\n\n<\/blockquote>\n\n<div\n    class=\"acf-article-text-block article-container my-12\"\n    data-block=\"article-text-block\"\n>\n    <div class=\"wysiwyg\">\n        <p>Eftersom kulturen och livsstilen i de texter som cirkeln studerar skiljer sig fr\u00e5n dagens beh\u00f6ver Andreas ofta ta till ovanliga och \u00e5lderdomliga svenska begrepp. Ibland kommer de andra med f\u00f6rklarande ord som han inte har h\u00f6rt. P\u00e5 s\u00e5 s\u00e4tt f\u00f6rdjupas \u00e4ven svenskan.<\/p>\n<p>Att cirkeln f\u00e5r forts\u00e4tta trots endast fyra deltagare tror Andreas \u00e4r kopplat till det s\u00e4rskilt starka engagemanget. 45 minuter innan varje tr\u00e4ff ses de andra tre f\u00f6r att f\u00f6rbereda sig. De beskriver latinet som \u201den vandring\u201d.<\/p>\n<p>Vad \u00e4r sv\u00e5rast?<\/p>\n<p>&#8211; Allt. Latin \u00e4r ju grammatik. \u00c4r man inte pigg p\u00e5 det ska man g\u00f6ra n\u00e5got annat.<\/p>\n<p>Men att latin skulle vara ett helt d\u00f6tt spr\u00e5k h\u00e5ller Andreas inte med om.<\/p>\n<p>&#8211; Det finns vissa sammanhang d\u00e4r det talas och katolska kyrkan forts\u00e4tter att ge ut rundskrivelser p\u00e5 latin. \u00d6verallt annars p\u00e5g\u00e5r en kr\u00e4ftg\u00e5ng, men man kan ha roligt s\u00e5 l\u00e4nge det varar. Jag har tr\u00e4ffat m\u00e5nga goda v\u00e4nner via latinet.<\/p>\n\n    <\/div>\n<\/div>\n<div\n    class=\"acf-article-facts-block article-container  my-8 \"\n    data-block=\"article-facts-block\"\n>\n<div class=\"bg-teal-light border border-teal p-8 rounded-corners-sm\">\n<header>\n        <h2 class=\"heading-md text-teal-dark mb-3\">\n            Min ledarstil\n        <\/h2>\n    <\/header>\n    <div class=\"wysiwyg\">\n        <ul>\n<li>Min pedagogik \u00e4r kopplad till det fantastiska studiematerial som jag har f\u00e5tt tillg\u00e5ng till genom en av mina deltagare. Det \u00e4r i sin helhet skrivet p\u00e5 latin med grammatikgenomg\u00e5ngen som pricken \u00f6ver i. Till skillnad fr\u00e5n det traditionella s\u00e4ttet att f\u00f6rs\u00f6ka banka in s\u00e5 mycket grammatik och glosor som m\u00f6jligt de f\u00f6rsta \u00e5ren \u00e4r min f\u00f6rhoppning att deltagarna efter att ha g\u00e5tt igenom de 55 kapitlen \u2013 det tar ungef\u00e4r femton \u00e5r f\u00f6r en studiecirkel med min metod \u2013 kan sk\u00f6nhetsl\u00e4sa p\u00e5 latin utan ord- eller grammatikbok.<\/li>\n<li>Texterna handlar om vardagsliv i en romersk familj som vi l\u00e4r k\u00e4nna. Det blir en f\u00f6ljetong och deltagarna ser fram emot n\u00e4sta kapitel. Jag \u00f6vers\u00e4tter det textstycke som skulle f\u00f6rberedas till lektionen och g\u00e5r sedan igenom anteckningar och glosor till n\u00e4sta.<\/li>\n<li>Vi pratar inte s\u00e5 mycket latin men jag avslutar varje kapitel med att deltagare ett st\u00e4ller fr\u00e5gor till deltagare tv\u00e5 som st\u00e4ller fr\u00e5gor till den tredje och s\u00e5 vidare. De har en vecka p\u00e5 sig att f\u00f6rbereda svaren. Min f\u00f6rhoppning \u00e4r att det ska bli en k\u00e4rna till konversation.<\/li>\n<li>Cirkeln ska inte g\u00e5 snabbare fram \u00e4n att den som har sv\u00e5rast kan hinna med. \u00c4ven om vissa duktiga blir lite ot\u00e5liga.<\/li>\n<li>Jag avslutar terminen med en social tr\u00e4ff. Har vi tur finns det ett museum med en romersk avdelning som vi inte har avverkat. Eller s\u00e5 kan vi bes\u00f6ka S:t Petri kyrka i Malm\u00f6 d\u00e4r det finns gott om latinska inskriptioner. Annars g\u00e5r vi till en pizzeria eller har knytis och tittar p\u00e5 en film om romarriket.<\/li>\n<\/ul>\n<p><strong>Andreas Dahlgren<\/strong><\/p>\n<p><strong>\u00c5lder:<\/strong> 62 \u00e5r.<br \/>\n<strong>G\u00f6r:<\/strong> Modersm\u00e5lsl\u00e4rare i italienska, cirkelledare i latin och italienska.<br \/>\n<strong>Familj:<\/strong> Ensamst\u00e5ende.<\/p>\n\n    <\/div>\n<\/div>\n\n<\/div>\n<div\n    class=\"acf-article-text-block article-container my-12\"\n    data-block=\"article-text-block\"\n>\n    <div class=\"wysiwyg\">\n        \n    <\/div>\n<\/div>\n<div\n    class=\"acf-article-image-block mb-12 article-container-lg\"\n    data-block=\"article-image-block\"\n>\n<div class=\"\">\n\n        <figure>\n        \n            <picture class=\"round-corners-lg w-full\"><img decoding=\"async\" src=\"https:\/\/www.abf.se\/malmo-sydvast\/resized\/?url=https%3A%2F%2Fwww.abf.se%2Fwp-content%2Fuploads%2F2026%2F03%2FLatin09-scaled.jpg&#038;fit=contain&#038;w=788&#038;s=dbde9b1060b7207fd099e6a131ac0fd6\" srcset=\"https:\/\/www.abf.se\/malmo-sydvast\/resized\/?url=https%3A%2F%2Fwww.abf.se%2Fwp-content%2Fuploads%2F2026%2F03%2FLatin09-scaled.jpg&#038;fit=contain&#038;w=375&#038;h=249&#038;s=9e0d726fa5629dceb210b81c0d5ddf7f 375w, https:\/\/www.abf.se\/malmo-sydvast\/resized\/?url=https%3A%2F%2Fwww.abf.se%2Fwp-content%2Fuploads%2F2026%2F03%2FLatin09-scaled.jpg&#038;fit=contain&#038;w=447&#038;h=297&#038;s=84b712d69f869fb07dac91edba6a0363 447w, https:\/\/www.abf.se\/malmo-sydvast\/resized\/?url=https%3A%2F%2Fwww.abf.se%2Fwp-content%2Fuploads%2F2026%2F03%2FLatin09-scaled.jpg&#038;fit=contain&#038;w=519&#038;h=345&#038;s=4a55087b41aaa88dc7507a4f3171f5b3 519w, https:\/\/www.abf.se\/malmo-sydvast\/resized\/?url=https%3A%2F%2Fwww.abf.se%2Fwp-content%2Fuploads%2F2026%2F03%2FLatin09-scaled.jpg&#038;fit=contain&#038;w=591&#038;h=393&#038;s=1faf0c4d7f6b75f6397cfb25406db7f3 591w, https:\/\/www.abf.se\/malmo-sydvast\/resized\/?url=https%3A%2F%2Fwww.abf.se%2Fwp-content%2Fuploads%2F2026%2F03%2FLatin09-scaled.jpg&#038;fit=contain&#038;w=663&#038;h=441&#038;s=1d71edccc8ad4fa81d184c58e089e657 663w, https:\/\/www.abf.se\/malmo-sydvast\/resized\/?url=https%3A%2F%2Fwww.abf.se%2Fwp-content%2Fuploads%2F2026%2F03%2FLatin09-scaled.jpg&#038;fit=contain&#038;w=735&#038;h=489&#038;s=d3af52318598db01e9eed424c7c4120d 735w, https:\/\/www.abf.se\/malmo-sydvast\/resized\/?url=https%3A%2F%2Fwww.abf.se%2Fwp-content%2Fuploads%2F2026%2F03%2FLatin09-scaled.jpg&#038;fit=contain&#038;w=750&#038;h=499&#038;s=f0ca50773caf8960581b24a95b3faa12 750w, https:\/\/www.abf.se\/malmo-sydvast\/resized\/?url=https%3A%2F%2Fwww.abf.se%2Fwp-content%2Fuploads%2F2026%2F03%2FLatin09-scaled.jpg&#038;fit=contain&#038;w=788&#038;s=dbde9b1060b7207fd099e6a131ac0fd6 788w, https:\/\/www.abf.se\/malmo-sydvast\/resized\/?url=https%3A%2F%2Fwww.abf.se%2Fwp-content%2Fuploads%2F2026%2F03%2FLatin09-scaled.jpg&#038;fit=contain&#038;w=894&#038;h=595&#038;s=b6288771cc11534115358097a5978b9d 894w, https:\/\/www.abf.se\/malmo-sydvast\/resized\/?url=https%3A%2F%2Fwww.abf.se%2Fwp-content%2Fuploads%2F2026%2F03%2FLatin09-scaled.jpg&#038;fit=contain&#038;w=1038&#038;h=691&#038;s=aecda2c0c66d1daee4a47b5ec6574d8b 1038w, https:\/\/www.abf.se\/malmo-sydvast\/resized\/?url=https%3A%2F%2Fwww.abf.se%2Fwp-content%2Fuploads%2F2026%2F03%2FLatin09-scaled.jpg&#038;fit=contain&#038;w=1182&#038;h=787&#038;s=dcaf62331f3a96f588e5be6846c0626e 1182w, https:\/\/www.abf.se\/malmo-sydvast\/resized\/?url=https%3A%2F%2Fwww.abf.se%2Fwp-content%2Fuploads%2F2026%2F03%2FLatin09-scaled.jpg&#038;fit=contain&#038;w=1326&#038;h=883&#038;s=b44e1b63e1165cde81e5e82852b05ff5 1326w, https:\/\/www.abf.se\/malmo-sydvast\/resized\/?url=https%3A%2F%2Fwww.abf.se%2Fwp-content%2Fuploads%2F2026%2F03%2FLatin09-scaled.jpg&#038;fit=contain&#038;w=1470&#038;h=979&#038;s=38f8bb20938f15b82d5937c75579650e 1470w\" alt=\"Man skriver p&aring; whiteboardtavla med bl&aring; penna\" height=\"525\" width=\"788\" sizes=\"auto, (max-width: 768px) calc(100vw - 40px), 788px\" loading=\"lazy\" fetchpriority=\"low\" class=\"round-corners-lg w-full\" \/><\/picture>\n                        <\/figure>\n        <\/div>\n\n<\/div>\n<div\n    class=\"acf-article-cta-link-block article-container my-8\"\n    data-block=\"article-cta-link-block\"\n>\n<div>\n    <a class=\"inline-flex flex-row items-center gap-4 text-link underline text-red-dark\"\n        href=\"https:\/\/www.abf.se\/wp-content\/uploads\/sites\/34\/2026\/03\/ABF-tidning-Fonstret-nr-1-2026_Low_compressed.pdf\"\n                target=\"_blank\"\n            >\n        <span class=\"\">\n        L\u00e4s hela numret av F\u00f6nstret h\u00e4r!\n        <\/span>\n        <figure aria-hidden=\"true\" class=\"rounded-full bg-red-dark w-8 h-8 p-1 text-white\">\n            <svg width=\"20\" height=\"20\" viewBox=\"0 0 20 20\" fill=\"none\" class=\"SvgIconElement\">\n<path d=\"M4.16659 10L15.8333 10\" stroke=\"currentColor\"\/>\n<path d=\"M9.99992 4.1665L15.8333 9.99984L9.99992 15.8332\" stroke=\"currentColor\"\/>\n<\/svg>\n        <\/figure>\n    <\/a>\n<\/div>\n<\/div>\n","protected":false},"featured_media":0,"parent":0,"menu_order":0,"template":"","categories":[],"class_list":["post-3897","news-article","type-news-article","status-publish","hentry"],"acf":[],"yoast_head":"<!-- This site is optimized with the Yoast SEO plugin v27.0 - https:\/\/yoast.com\/product\/yoast-seo-wordpress\/ -->\n<title>F\u00d6NSTRET: T\u00e4nk och tala om Romarriket \u2013 p\u00e5 latin! - Malm\u00f6 Sydv\u00e4st<\/title>\n<meta name=\"robots\" content=\"index, follow, max-snippet:-1, max-image-preview:large, max-video-preview:-1\" \/>\n<link rel=\"canonical\" href=\"https:\/\/www.abf.se\/malmo-sydvast\/nyheter\/fonstret-tank-och-tala-om-romarriket-pa-latin\/\" \/>\n<meta property=\"og:locale\" content=\"sv_SE\" \/>\n<meta property=\"og:type\" content=\"article\" \/>\n<meta property=\"og:title\" content=\"F\u00d6NSTRET: T\u00e4nk och tala om Romarriket \u2013 p\u00e5 latin! - Malm\u00f6 Sydv\u00e4st\" \/>\n<meta property=\"og:url\" content=\"https:\/\/www.abf.se\/malmo-sydvast\/nyheter\/fonstret-tank-och-tala-om-romarriket-pa-latin\/\" \/>\n<meta property=\"og:site_name\" content=\"Malm\u00f6 Sydv\u00e4st\" \/>\n<meta property=\"article:modified_time\" content=\"2026-03-04T09:24:14+00:00\" \/>\n<meta property=\"og:image\" content=\"https:\/\/www.abf.se\/wp-content\/uploads\/sites\/34\/2024\/03\/Nyckeln-liggande-scaled.jpg\" \/>\n\t<meta property=\"og:image:width\" content=\"2560\" \/>\n\t<meta property=\"og:image:height\" content=\"1440\" \/>\n\t<meta property=\"og:image:type\" content=\"image\/jpeg\" \/>\n<meta name=\"twitter:card\" content=\"summary_large_image\" \/>\n<script type=\"application\/ld+json\" class=\"yoast-schema-graph\">{\"@context\":\"https:\/\/schema.org\",\"@graph\":[{\"@type\":\"WebPage\",\"@id\":\"https:\/\/www.abf.se\/malmo-sydvast\/nyheter\/fonstret-tank-och-tala-om-romarriket-pa-latin\/\",\"url\":\"https:\/\/www.abf.se\/malmo-sydvast\/nyheter\/fonstret-tank-och-tala-om-romarriket-pa-latin\/\",\"name\":\"F\u00d6NSTRET: T\u00e4nk och tala om Romarriket \u2013 p\u00e5 latin! - Malm\u00f6 Sydv\u00e4st\",\"isPartOf\":{\"@id\":\"https:\/\/www.abf.se\/malmo-sydvast\/#website\"},\"datePublished\":\"2026-03-02T13:22:12+00:00\",\"dateModified\":\"2026-03-04T09:24:14+00:00\",\"breadcrumb\":{\"@id\":\"https:\/\/www.abf.se\/malmo-sydvast\/nyheter\/fonstret-tank-och-tala-om-romarriket-pa-latin\/#breadcrumb\"},\"inLanguage\":\"sv-SE\",\"potentialAction\":[{\"@type\":\"ReadAction\",\"target\":[\"https:\/\/www.abf.se\/malmo-sydvast\/nyheter\/fonstret-tank-och-tala-om-romarriket-pa-latin\/\"]}]},{\"@type\":\"BreadcrumbList\",\"@id\":\"https:\/\/www.abf.se\/malmo-sydvast\/nyheter\/fonstret-tank-och-tala-om-romarriket-pa-latin\/#breadcrumb\",\"itemListElement\":[{\"@type\":\"ListItem\",\"position\":1,\"name\":\"Home\",\"item\":\"https:\/\/www.abf.se\/malmo-sydvast\/\"},{\"@type\":\"ListItem\",\"position\":2,\"name\":\"Nyheter\",\"item\":\"https:\/\/www.abf.se\/malmo-sydvast\/nyheter\/\"},{\"@type\":\"ListItem\",\"position\":3,\"name\":\"F\u00d6NSTRET: T\u00e4nk och tala om Romarriket \u2013 p\u00e5 latin!\"}]},{\"@type\":\"WebSite\",\"@id\":\"https:\/\/www.abf.se\/malmo-sydvast\/#website\",\"url\":\"https:\/\/www.abf.se\/malmo-sydvast\/\",\"name\":\"Malm\u00f6 Sydv\u00e4st\",\"description\":\"\",\"potentialAction\":[{\"@type\":\"SearchAction\",\"target\":{\"@type\":\"EntryPoint\",\"urlTemplate\":\"https:\/\/www.abf.se\/malmo-sydvast\/?s={search_term_string}\"},\"query-input\":{\"@type\":\"PropertyValueSpecification\",\"valueRequired\":true,\"valueName\":\"search_term_string\"}}],\"inLanguage\":\"sv-SE\"}]}<\/script>\n<!-- \/ Yoast SEO plugin. -->","yoast_head_json":{"title":"F\u00d6NSTRET: T\u00e4nk och tala om Romarriket \u2013 p\u00e5 latin! - Malm\u00f6 Sydv\u00e4st","robots":{"index":"index","follow":"follow","max-snippet":"max-snippet:-1","max-image-preview":"max-image-preview:large","max-video-preview":"max-video-preview:-1"},"canonical":"https:\/\/www.abf.se\/malmo-sydvast\/nyheter\/fonstret-tank-och-tala-om-romarriket-pa-latin\/","og_locale":"sv_SE","og_type":"article","og_title":"F\u00d6NSTRET: T\u00e4nk och tala om Romarriket \u2013 p\u00e5 latin! - Malm\u00f6 Sydv\u00e4st","og_url":"https:\/\/www.abf.se\/malmo-sydvast\/nyheter\/fonstret-tank-och-tala-om-romarriket-pa-latin\/","og_site_name":"Malm\u00f6 Sydv\u00e4st","article_modified_time":"2026-03-04T09:24:14+00:00","og_image":[{"width":2560,"height":1440,"url":"https:\/\/www.abf.se\/wp-content\/uploads\/sites\/34\/2024\/03\/Nyckeln-liggande-scaled.jpg","type":"image\/jpeg"}],"twitter_card":"summary_large_image","schema":{"@context":"https:\/\/schema.org","@graph":[{"@type":"WebPage","@id":"https:\/\/www.abf.se\/malmo-sydvast\/nyheter\/fonstret-tank-och-tala-om-romarriket-pa-latin\/","url":"https:\/\/www.abf.se\/malmo-sydvast\/nyheter\/fonstret-tank-och-tala-om-romarriket-pa-latin\/","name":"F\u00d6NSTRET: T\u00e4nk och tala om Romarriket \u2013 p\u00e5 latin! - Malm\u00f6 Sydv\u00e4st","isPartOf":{"@id":"https:\/\/www.abf.se\/malmo-sydvast\/#website"},"datePublished":"2026-03-02T13:22:12+00:00","dateModified":"2026-03-04T09:24:14+00:00","breadcrumb":{"@id":"https:\/\/www.abf.se\/malmo-sydvast\/nyheter\/fonstret-tank-och-tala-om-romarriket-pa-latin\/#breadcrumb"},"inLanguage":"sv-SE","potentialAction":[{"@type":"ReadAction","target":["https:\/\/www.abf.se\/malmo-sydvast\/nyheter\/fonstret-tank-och-tala-om-romarriket-pa-latin\/"]}]},{"@type":"BreadcrumbList","@id":"https:\/\/www.abf.se\/malmo-sydvast\/nyheter\/fonstret-tank-och-tala-om-romarriket-pa-latin\/#breadcrumb","itemListElement":[{"@type":"ListItem","position":1,"name":"Home","item":"https:\/\/www.abf.se\/malmo-sydvast\/"},{"@type":"ListItem","position":2,"name":"Nyheter","item":"https:\/\/www.abf.se\/malmo-sydvast\/nyheter\/"},{"@type":"ListItem","position":3,"name":"F\u00d6NSTRET: T\u00e4nk och tala om Romarriket \u2013 p\u00e5 latin!"}]},{"@type":"WebSite","@id":"https:\/\/www.abf.se\/malmo-sydvast\/#website","url":"https:\/\/www.abf.se\/malmo-sydvast\/","name":"Malm\u00f6 Sydv\u00e4st","description":"","potentialAction":[{"@type":"SearchAction","target":{"@type":"EntryPoint","urlTemplate":"https:\/\/www.abf.se\/malmo-sydvast\/?s={search_term_string}"},"query-input":{"@type":"PropertyValueSpecification","valueRequired":true,"valueName":"search_term_string"}}],"inLanguage":"sv-SE"}]}},"_links":{"self":[{"href":"https:\/\/www.abf.se\/malmo-sydvast\/wp-json\/wp\/v2\/news-article\/3897","targetHints":{"allow":["GET"]}}],"collection":[{"href":"https:\/\/www.abf.se\/malmo-sydvast\/wp-json\/wp\/v2\/news-article"}],"about":[{"href":"https:\/\/www.abf.se\/malmo-sydvast\/wp-json\/wp\/v2\/types\/news-article"}],"wp:attachment":[{"href":"https:\/\/www.abf.se\/malmo-sydvast\/wp-json\/wp\/v2\/media?parent=3897"}],"wp:term":[{"taxonomy":"category","embeddable":true,"href":"https:\/\/www.abf.se\/malmo-sydvast\/wp-json\/wp\/v2\/categories?post=3897"}],"curies":[{"name":"wp","href":"https:\/\/api.w.org\/{rel}","templated":true}]}}