{"id":775,"date":"2023-04-18T13:37:00","date_gmt":"2023-04-18T11:37:00","guid":{"rendered":"https:\/\/www.abf.se\/malmo\/?post_type=news-article&#038;p=775"},"modified":"2024-11-14T13:41:59","modified_gmt":"2024-11-14T12:41:59","slug":"preppa-tillsammans-att-kollektivt-forbereda-sig-for-kris","status":"publish","type":"news-article","link":"https:\/\/www.abf.se\/malmo-sydvast\/nyheter\/preppa-tillsammans-att-kollektivt-forbereda-sig-for-kris\/","title":{"rendered":"Preppa tillsammans! \u2013 att kollektivt f\u00f6rbereda sig f\u00f6r kris"},"content":{"rendered":"<div\n    class=\"acf-article-text-block article-container my-12\"\n    data-block=\"article-text-block\"\n>\n    <div class=\"wysiwyg\">\n        <h2>Vad \u00e4r prepping?<\/h2>\n<p>Prepping kan vara att organisera grannarna f\u00f6r att se till att ni har extra vatten eller att utbilda volont\u00e4rer i en f\u00f6rening som kan organisera sig under en kris.\u00a0Preppa kommer fr\u00e5n engelskans &#8221;prepare&#8221; som betyder att f\u00f6rbereda sig.<\/p>\n<h2>Samarbeta som kollektiv<\/h2>\n<p>Vi m\u00e4nniskor \u00e4r bra p\u00e5 att samarbeta, s\u00e4rskilt under kriser. Preppa tillsammans \u00e4r ett s\u00e4tt att l\u00e4ra sig mer om och f\u00f6rbereda sig f\u00f6r olika kriser och katastrofer. Som till exempel \u00f6versv\u00e4mning, str\u00f6mavbrott, matbrist eller att internet slutar fungera.<\/p>\n<ul>\n<li>Vad h\u00e4nder n\u00e4r allt det vi tar f\u00f6r givet stannar av?<\/li>\n<li>Hur kan vi tillsammans f\u00f6rbereda oss?<\/li>\n<li>Hur kan vi hj\u00e4lpas \u00e5t n\u00e4r det verkligen g\u00e4ller och hur bidrar vi till ett tryggare lokalsamh\u00e4lle?<\/li>\n<\/ul>\n<h2>Organisera er genom ABF<\/h2>\n<p>G\u00e5 ihop med dina grannar eller i din lokalf\u00f6rening. L\u00e4r er mer om prepping tillsammans. ABF st\u00f6ttar med studiematerial, lokaler, teknik och pedagogik.<\/p>\n<h2>Starta en studiecirkel<\/h2>\n<p>Hos ABF kan ni starta en preppa-cirkel tillsammans. Ni startar studiecirkeln h\u00e4r:\u00a0<a href=\"https:\/\/www.abf.se\/malmo\/anmal\/\">Anm\u00e4l din aktivitet h\u00e4r.<\/a><\/p>\n<h2>Studiematerial<\/h2>\n<p>ABF har flera olika resurser om prepping! Bland annat podden\u00a0<a href=\"https:\/\/poddtoppen.se\/podcast\/1455520190\/beredsam\">Beredsam<\/a>\u00a0om prepping och krisberedskap. Till den finns ett\u00a0<a href=\"https:\/\/www.abf.se\/wp-content\/uploads\/sites\/34\/2024\/09\/beredsam-studiehandledning_webb.pdf\">studiematerial<\/a>\u00a0om bland annat lokal organisering, m\u00e4nskligt beteende, granngemenskap och kroppens behov.<\/p>\n<h3>F\u00f6rslag p\u00e5 studiematerial:<\/h3>\n<ol>\n<li>Podden <a href=\"https:\/\/beredsam.libsyn.com\/\">Beredsam<\/a> med tillh\u00f6rande <a href=\"https:\/\/www.abf.se\/wp-content\/uploads\/sites\/34\/2024\/09\/beredsam-studiehandledning_webb.pdf\">studieguide<\/a><\/li>\n<li>Boken <a href=\"https:\/\/civilab.se\/civilforsvarsforbundet\/presentreklam\/boken-om-hemberedskap\/\">Hemberedskap<\/a> med tillh\u00f6rande <a href=\"https:\/\/www.abf.se\/wp-content\/uploads\/sites\/34\/2024\/09\/studiehandling-Boken-om-hemberedskap.pdf\">studieguide<\/a><\/li>\n<li><a href=\"https:\/\/www.abf.se\/wp-content\/uploads\/sites\/34\/2024\/09\/Preppa-tillsammans-NY-webb-kopia.pdf\">Preppa tillsammans \u2013\u00a0s\u00e5 startar du en lokal hemberedskapsgrupp<\/a><\/li>\n<\/ol>\n\n    <\/div>\n<\/div>\n","protected":false},"featured_media":0,"parent":0,"menu_order":0,"template":"","categories":[],"class_list":["post-775","news-article","type-news-article","status-publish","hentry"],"acf":[],"yoast_head":"<!-- This site is optimized with the Yoast SEO plugin v27.0 - https:\/\/yoast.com\/product\/yoast-seo-wordpress\/ -->\n<title>Preppa tillsammans! \u2013 att kollektivt f\u00f6rbereda sig f\u00f6r kris - Malm\u00f6 Sydv\u00e4st<\/title>\n<meta name=\"description\" content=\"Prepping kan vara att organisera grannarna f\u00f6r att se till att ni har extra vatten eller att utbilda volont\u00e4rer i en f\u00f6rening som kan organisera sig under en kris.\" \/>\n<meta name=\"robots\" content=\"index, follow, max-snippet:-1, max-image-preview:large, max-video-preview:-1\" \/>\n<link rel=\"canonical\" href=\"https:\/\/www.abf.se\/malmo-sydvast\/nyheter\/preppa-tillsammans-att-kollektivt-forbereda-sig-for-kris\/\" \/>\n<meta property=\"og:locale\" content=\"sv_SE\" \/>\n<meta property=\"og:type\" content=\"article\" \/>\n<meta property=\"og:title\" content=\"Preppa tillsammans! \u2013 att kollektivt f\u00f6rbereda sig f\u00f6r kris - Malm\u00f6 Sydv\u00e4st\" \/>\n<meta property=\"og:description\" content=\"Prepping kan vara att organisera grannarna f\u00f6r att se till att ni har extra vatten eller att utbilda volont\u00e4rer i en f\u00f6rening som kan organisera sig under en kris.\" \/>\n<meta property=\"og:url\" content=\"https:\/\/www.abf.se\/malmo-sydvast\/nyheter\/preppa-tillsammans-att-kollektivt-forbereda-sig-for-kris\/\" \/>\n<meta property=\"og:site_name\" content=\"Malm\u00f6 Sydv\u00e4st\" \/>\n<meta property=\"article:modified_time\" content=\"2024-11-14T12:41:59+00:00\" \/>\n<meta property=\"og:image\" content=\"https:\/\/www.abf.se\/wp-content\/uploads\/sites\/34\/2024\/03\/Nyckeln-liggande-scaled.jpg\" \/>\n\t<meta property=\"og:image:width\" content=\"2560\" \/>\n\t<meta property=\"og:image:height\" content=\"1440\" \/>\n\t<meta property=\"og:image:type\" content=\"image\/jpeg\" \/>\n<meta name=\"twitter:card\" content=\"summary_large_image\" \/>\n<script type=\"application\/ld+json\" class=\"yoast-schema-graph\">{\"@context\":\"https:\/\/schema.org\",\"@graph\":[{\"@type\":\"WebPage\",\"@id\":\"https:\/\/www.abf.se\/malmo-sydvast\/nyheter\/preppa-tillsammans-att-kollektivt-forbereda-sig-for-kris\/\",\"url\":\"https:\/\/www.abf.se\/malmo-sydvast\/nyheter\/preppa-tillsammans-att-kollektivt-forbereda-sig-for-kris\/\",\"name\":\"Preppa tillsammans! \u2013 att kollektivt f\u00f6rbereda sig f\u00f6r kris - Malm\u00f6 Sydv\u00e4st\",\"isPartOf\":{\"@id\":\"https:\/\/www.abf.se\/malmo-sydvast\/#website\"},\"datePublished\":\"2023-04-18T11:37:00+00:00\",\"dateModified\":\"2024-11-14T12:41:59+00:00\",\"description\":\"Prepping kan vara att organisera grannarna f\u00f6r att se till att ni har extra vatten eller att utbilda volont\u00e4rer i en f\u00f6rening som kan organisera sig under en kris.\",\"breadcrumb\":{\"@id\":\"https:\/\/www.abf.se\/malmo-sydvast\/nyheter\/preppa-tillsammans-att-kollektivt-forbereda-sig-for-kris\/#breadcrumb\"},\"inLanguage\":\"sv-SE\",\"potentialAction\":[{\"@type\":\"ReadAction\",\"target\":[\"https:\/\/www.abf.se\/malmo-sydvast\/nyheter\/preppa-tillsammans-att-kollektivt-forbereda-sig-for-kris\/\"]}]},{\"@type\":\"BreadcrumbList\",\"@id\":\"https:\/\/www.abf.se\/malmo-sydvast\/nyheter\/preppa-tillsammans-att-kollektivt-forbereda-sig-for-kris\/#breadcrumb\",\"itemListElement\":[{\"@type\":\"ListItem\",\"position\":1,\"name\":\"Home\",\"item\":\"https:\/\/www.abf.se\/malmo-sydvast\/\"},{\"@type\":\"ListItem\",\"position\":2,\"name\":\"Nyheter\",\"item\":\"https:\/\/www.abf.se\/malmo-sydvast\/nyheter\/\"},{\"@type\":\"ListItem\",\"position\":3,\"name\":\"Preppa tillsammans! \u2013 att kollektivt f\u00f6rbereda sig f\u00f6r kris\"}]},{\"@type\":\"WebSite\",\"@id\":\"https:\/\/www.abf.se\/malmo-sydvast\/#website\",\"url\":\"https:\/\/www.abf.se\/malmo-sydvast\/\",\"name\":\"Malm\u00f6 Sydv\u00e4st\",\"description\":\"\",\"potentialAction\":[{\"@type\":\"SearchAction\",\"target\":{\"@type\":\"EntryPoint\",\"urlTemplate\":\"https:\/\/www.abf.se\/malmo-sydvast\/?s={search_term_string}\"},\"query-input\":{\"@type\":\"PropertyValueSpecification\",\"valueRequired\":true,\"valueName\":\"search_term_string\"}}],\"inLanguage\":\"sv-SE\"}]}<\/script>\n<!-- \/ Yoast SEO plugin. -->","yoast_head_json":{"title":"Preppa tillsammans! \u2013 att kollektivt f\u00f6rbereda sig f\u00f6r kris - Malm\u00f6 Sydv\u00e4st","description":"Prepping kan vara att organisera grannarna f\u00f6r att se till att ni har extra vatten eller att utbilda volont\u00e4rer i en f\u00f6rening som kan organisera sig under en kris.","robots":{"index":"index","follow":"follow","max-snippet":"max-snippet:-1","max-image-preview":"max-image-preview:large","max-video-preview":"max-video-preview:-1"},"canonical":"https:\/\/www.abf.se\/malmo-sydvast\/nyheter\/preppa-tillsammans-att-kollektivt-forbereda-sig-for-kris\/","og_locale":"sv_SE","og_type":"article","og_title":"Preppa tillsammans! \u2013 att kollektivt f\u00f6rbereda sig f\u00f6r kris - Malm\u00f6 Sydv\u00e4st","og_description":"Prepping kan vara att organisera grannarna f\u00f6r att se till att ni har extra vatten eller att utbilda volont\u00e4rer i en f\u00f6rening som kan organisera sig under en kris.","og_url":"https:\/\/www.abf.se\/malmo-sydvast\/nyheter\/preppa-tillsammans-att-kollektivt-forbereda-sig-for-kris\/","og_site_name":"Malm\u00f6 Sydv\u00e4st","article_modified_time":"2024-11-14T12:41:59+00:00","og_image":[{"width":2560,"height":1440,"url":"https:\/\/www.abf.se\/wp-content\/uploads\/sites\/34\/2024\/03\/Nyckeln-liggande-scaled.jpg","type":"image\/jpeg"}],"twitter_card":"summary_large_image","schema":{"@context":"https:\/\/schema.org","@graph":[{"@type":"WebPage","@id":"https:\/\/www.abf.se\/malmo-sydvast\/nyheter\/preppa-tillsammans-att-kollektivt-forbereda-sig-for-kris\/","url":"https:\/\/www.abf.se\/malmo-sydvast\/nyheter\/preppa-tillsammans-att-kollektivt-forbereda-sig-for-kris\/","name":"Preppa tillsammans! \u2013 att kollektivt f\u00f6rbereda sig f\u00f6r kris - Malm\u00f6 Sydv\u00e4st","isPartOf":{"@id":"https:\/\/www.abf.se\/malmo-sydvast\/#website"},"datePublished":"2023-04-18T11:37:00+00:00","dateModified":"2024-11-14T12:41:59+00:00","description":"Prepping kan vara att organisera grannarna f\u00f6r att se till att ni har extra vatten eller att utbilda volont\u00e4rer i en f\u00f6rening som kan organisera sig under en kris.","breadcrumb":{"@id":"https:\/\/www.abf.se\/malmo-sydvast\/nyheter\/preppa-tillsammans-att-kollektivt-forbereda-sig-for-kris\/#breadcrumb"},"inLanguage":"sv-SE","potentialAction":[{"@type":"ReadAction","target":["https:\/\/www.abf.se\/malmo-sydvast\/nyheter\/preppa-tillsammans-att-kollektivt-forbereda-sig-for-kris\/"]}]},{"@type":"BreadcrumbList","@id":"https:\/\/www.abf.se\/malmo-sydvast\/nyheter\/preppa-tillsammans-att-kollektivt-forbereda-sig-for-kris\/#breadcrumb","itemListElement":[{"@type":"ListItem","position":1,"name":"Home","item":"https:\/\/www.abf.se\/malmo-sydvast\/"},{"@type":"ListItem","position":2,"name":"Nyheter","item":"https:\/\/www.abf.se\/malmo-sydvast\/nyheter\/"},{"@type":"ListItem","position":3,"name":"Preppa tillsammans! \u2013 att kollektivt f\u00f6rbereda sig f\u00f6r kris"}]},{"@type":"WebSite","@id":"https:\/\/www.abf.se\/malmo-sydvast\/#website","url":"https:\/\/www.abf.se\/malmo-sydvast\/","name":"Malm\u00f6 Sydv\u00e4st","description":"","potentialAction":[{"@type":"SearchAction","target":{"@type":"EntryPoint","urlTemplate":"https:\/\/www.abf.se\/malmo-sydvast\/?s={search_term_string}"},"query-input":{"@type":"PropertyValueSpecification","valueRequired":true,"valueName":"search_term_string"}}],"inLanguage":"sv-SE"}]}},"_links":{"self":[{"href":"https:\/\/www.abf.se\/malmo-sydvast\/wp-json\/wp\/v2\/news-article\/775","targetHints":{"allow":["GET"]}}],"collection":[{"href":"https:\/\/www.abf.se\/malmo-sydvast\/wp-json\/wp\/v2\/news-article"}],"about":[{"href":"https:\/\/www.abf.se\/malmo-sydvast\/wp-json\/wp\/v2\/types\/news-article"}],"wp:attachment":[{"href":"https:\/\/www.abf.se\/malmo-sydvast\/wp-json\/wp\/v2\/media?parent=775"}],"wp:term":[{"taxonomy":"category","embeddable":true,"href":"https:\/\/www.abf.se\/malmo-sydvast\/wp-json\/wp\/v2\/categories?post=775"}],"curies":[{"name":"wp","href":"https:\/\/api.w.org\/{rel}","templated":true}]}}