{"id":1811,"date":"2025-02-13T09:55:24","date_gmt":"2025-02-13T08:55:24","guid":{"rendered":"https:\/\/www.abf.se\/norr\/?post_type=news-article&#038;p=1811"},"modified":"2025-02-13T09:55:25","modified_gmt":"2025-02-13T08:55:25","slug":"stoppa-nedskarningarna-radda-folkbildningen","status":"publish","type":"news-article","link":"https:\/\/www.abf.se\/norr\/nyheter\/stoppa-nedskarningarna-radda-folkbildningen\/","title":{"rendered":"Stoppa nedsk\u00e4rningarna \u2013 R\u00e4dda folkbildningen!"},"content":{"rendered":"<div\n    class=\"acf-article-text-block article-container my-12\"\n    data-block=\"article-text-block\"\n>\n    <div class=\"wysiwyg\">\n        <p data-start=\"669\" data-end=\"718\">Konsekvenserna m\u00e4rks redan: f\u00e4rre studiecirklar, minskade kulturprogram och st\u00e4ngda m\u00f6tesplatser. Det drabbar framf\u00f6r allt de som beh\u00f6ver folkbildningen mest \u2013 \u00e4ldre, nyanl\u00e4nda, personer med funktionsvariationer och de som st\u00e5r l\u00e4ngst fr\u00e5n arbetsmarknaden. F\u00f6r m\u00e5nga \u00e4r studief\u00f6rbundens verksamhet den enda v\u00e4gen till bildning, gemenskap och m\u00f6jligheter att delta i samh\u00e4llet.<\/p>\n<h3>Hur p\u00e5verkas ABF Norr?<\/h3>\n<p>Vi har \u00e4nnu inte sett de fulla konsekvenserna av vad regeringens nedsk\u00e4rningar inneb\u00e4r. Det vi ser redan h\u00e4nder eller kommer h\u00e4nda \u00e4r:<\/p>\n<ul>\n<li>Avvecklad verksamhet<\/li>\n<li>N\u00e5r f\u00e4rre deltagare<\/li>\n<li>St\u00e4ngda m\u00f6tesplatser och lokaler<\/li>\n<li>F\u00e4rre personal<\/li>\n<li>F\u00e4rre resurser<\/li>\n<\/ul>\n<h3>Artiklar om nedsk\u00e4rningarna:<\/h3>\n\n    <\/div>\n<\/div>\n<div\n    class=\"acf-article-cta-link-block article-container my-8\"\n    data-block=\"article-cta-link-block\"\n>\n<div>\n    <a class=\"inline-flex flex-row items-center gap-4 text-link underline text-red-dark\"\n        href=\"https:\/\/www.pt.se\/nyheter\/pitea\/artikel\/varsel-att-vanta-inom-abf-minskade-statsbidrag-slar-hart\/r2d6z7xj\"\n                target=\"_blank\"\n            >\n        <span class=\"\">\n        Varsel att v\u00e4nta inom ABF efter minskade statsbidrag\n        <\/span>\n        <figure aria-hidden=\"true\" class=\"rounded-full bg-red-dark w-8 h-8 p-1 text-white\">\n            <svg width=\"20\" height=\"20\" viewBox=\"0 0 20 20\" fill=\"none\" class=\"SvgIconElement\">\n<path d=\"M4.16659 10L15.8333 10\" stroke=\"currentColor\"\/>\n<path d=\"M9.99992 4.1665L15.8333 9.99984L9.99992 15.8332\" stroke=\"currentColor\"\/>\n<\/svg>\n        <\/figure>\n    <\/a>\n<\/div>\n<\/div>\n<div\n    class=\"acf-article-cta-link-block article-container my-8\"\n    data-block=\"article-cta-link-block\"\n>\n<div>\n    <a class=\"inline-flex flex-row items-center gap-4 text-link underline text-red-dark\"\n        href=\"https:\/\/www.pt.se\/nyheter\/alvsbyn\/artikel\/alla-varslas-fran-abf-i-alvsbyn-framtiden-mycket-oklar\/re6ez45l\"\n                target=\"_blank\"\n            >\n        <span class=\"\">\n        ABF varslar all personal i \u00c4lvsbyn\n        <\/span>\n        <figure aria-hidden=\"true\" class=\"rounded-full bg-red-dark w-8 h-8 p-1 text-white\">\n            <svg width=\"20\" height=\"20\" viewBox=\"0 0 20 20\" fill=\"none\" class=\"SvgIconElement\">\n<path d=\"M4.16659 10L15.8333 10\" stroke=\"currentColor\"\/>\n<path d=\"M9.99992 4.1665L15.8333 9.99984L9.99992 15.8332\" stroke=\"currentColor\"\/>\n<\/svg>\n        <\/figure>\n    <\/a>\n<\/div>\n<\/div>\n<div\n    class=\"acf-article-cta-link-block article-container my-8\"\n    data-block=\"article-cta-link-block\"\n>\n<div>\n    <a class=\"inline-flex flex-row items-center gap-4 text-link underline text-red-dark\"\n        href=\"https:\/\/www.pt.se\/ledare\/ledarkronika\/artikel\/nu-blir-slakten-valdigt-tydlig\/l7y7qz1l\"\n                target=\"_blank\"\n            >\n        <span class=\"\">\n        Kr\u00f6nika Johanna Abrahamsson: Nu blir slakten av folkbildningen v\u00e4ldigt tydlig\n        <\/span>\n        <figure aria-hidden=\"true\" class=\"rounded-full bg-red-dark w-8 h-8 p-1 text-white\">\n            <svg width=\"20\" height=\"20\" viewBox=\"0 0 20 20\" fill=\"none\" class=\"SvgIconElement\">\n<path d=\"M4.16659 10L15.8333 10\" stroke=\"currentColor\"\/>\n<path d=\"M9.99992 4.1665L15.8333 9.99984L9.99992 15.8332\" stroke=\"currentColor\"\/>\n<\/svg>\n        <\/figure>\n    <\/a>\n<\/div>\n<\/div>\n<div\n    class=\"acf-article-cta-link-block article-container my-8\"\n    data-block=\"article-cta-link-block\"\n>\n<div>\n    <a class=\"inline-flex flex-row items-center gap-4 text-link underline text-red-dark\"\n        href=\"https:\/\/www.aftonbladet.se\/debatt\/a\/Gy5byB\/23-organisationer-regeringen-tystar-ossicivilsamhallet?fbclid=IwY2xjawH_KQVleHRuA2FlbQIxMQABHZyjZ2Jc0Je8lYtCq_-6G9fipgC3yJD2KouF-8VU1bnLGrmJho0GGrwRAg_aem_cyD_ksW7vUQ0KgkE0iCL7Q\"\n                target=\"_blank\"\n            >\n        <span class=\"\">\n        &quot;Regeringen tystar oss i civilsamh\u00e4llet&quot;\n        <\/span>\n        <figure aria-hidden=\"true\" class=\"rounded-full bg-red-dark w-8 h-8 p-1 text-white\">\n            <svg width=\"20\" height=\"20\" viewBox=\"0 0 20 20\" fill=\"none\" class=\"SvgIconElement\">\n<path d=\"M4.16659 10L15.8333 10\" stroke=\"currentColor\"\/>\n<path d=\"M9.99992 4.1665L15.8333 9.99984L9.99992 15.8332\" stroke=\"currentColor\"\/>\n<\/svg>\n        <\/figure>\n    <\/a>\n<\/div>\n<\/div>\n<div\n    class=\"acf-article-cta-link-block article-container my-8\"\n    data-block=\"article-cta-link-block\"\n>\n<div>\n    <a class=\"inline-flex flex-row items-center gap-4 text-link underline text-red-dark\"\n        href=\"https:\/\/studieforbunden.se\/dokument\/replokalskris-i-musiksverige-2\/?fbclid=IwY2xjawH_KQ9leHRuA2FlbQIxMAABHeNGmgxKgKn20tDnAQpy3TEXCA_O-_grl8Ytx9grmywakJLJU64s8Dfo_w_aem_e7QWMKxll2ds6jl5UY-8qg\"\n                target=\"_blank\"\n            >\n        <span class=\"\">\n        Rapport: Replokalskris i musiksverige\n        <\/span>\n        <figure aria-hidden=\"true\" class=\"rounded-full bg-red-dark w-8 h-8 p-1 text-white\">\n            <svg width=\"20\" height=\"20\" viewBox=\"0 0 20 20\" fill=\"none\" class=\"SvgIconElement\">\n<path d=\"M4.16659 10L15.8333 10\" stroke=\"currentColor\"\/>\n<path d=\"M9.99992 4.1665L15.8333 9.99984L9.99992 15.8332\" stroke=\"currentColor\"\/>\n<\/svg>\n        <\/figure>\n    <\/a>\n<\/div>\n<\/div>\n<div\n    class=\"acf-article-cta-link-block article-container my-8\"\n    data-block=\"article-cta-link-block\"\n>\n<div>\n    <a class=\"inline-flex flex-row items-center gap-4 text-link underline text-red-dark\"\n        href=\"https:\/\/www.sverigesradio.se\/artikel\/banden-om-replokalskrisen-farre-kommer-borja-spela?fbclid=iwy2xjawh_ktzlehrua2flbqixmaabhengmgxkgkn20tdnaqpy3texca_o-_grl8ytx9grmywakjlju64s8dfo_w_aem_e7qwmkxll2ds6jl5uy-8qg\"\n                target=\"_blank\"\n            >\n        <span class=\"\">\n        Banden om replokalskrisen: \u201dF\u00e4rre kommer b\u00f6rja spela\u201d\n        <\/span>\n        <figure aria-hidden=\"true\" class=\"rounded-full bg-red-dark w-8 h-8 p-1 text-white\">\n            <svg width=\"20\" height=\"20\" viewBox=\"0 0 20 20\" fill=\"none\" class=\"SvgIconElement\">\n<path d=\"M4.16659 10L15.8333 10\" stroke=\"currentColor\"\/>\n<path d=\"M9.99992 4.1665L15.8333 9.99984L9.99992 15.8332\" stroke=\"currentColor\"\/>\n<\/svg>\n        <\/figure>\n    <\/a>\n<\/div>\n<\/div>\n<div\n    class=\"acf-article-cta-link-block article-container my-8\"\n    data-block=\"article-cta-link-block\"\n>\n<div>\n    <a class=\"inline-flex flex-row items-center gap-4 text-link underline text-red-dark\"\n        href=\"https:\/\/www.aftonbladet.se\/debatt\/a\/B0yRJ7\/17-organisationer-demokratin-i-sverige-ar-under-attack?utm_source=iosapp&amp;utm_medium=share&amp;fbclid=IwY2xjawH_KSxleHRuA2FlbQIxMAABHa_JuvsczF2YQL1W6DasYEYbRxsezIc2NKjPKwxlRfh9BomFhNKCtGNZrw_aem_E8QSS0mutOxBohfO-KG2Jw&amp;ai\"\n                target=\"_blank\"\n            >\n        <span class=\"\">\n        Debatt: Demokratin \u00e4r under attack \u2013 \u00e4ven i Sverige\n        <\/span>\n        <figure aria-hidden=\"true\" class=\"rounded-full bg-red-dark w-8 h-8 p-1 text-white\">\n            <svg width=\"20\" height=\"20\" viewBox=\"0 0 20 20\" fill=\"none\" class=\"SvgIconElement\">\n<path d=\"M4.16659 10L15.8333 10\" stroke=\"currentColor\"\/>\n<path d=\"M9.99992 4.1665L15.8333 9.99984L9.99992 15.8332\" stroke=\"currentColor\"\/>\n<\/svg>\n        <\/figure>\n    <\/a>\n<\/div>\n<\/div>\n<div\n    class=\"acf-article-cta-link-block article-container my-8\"\n    data-block=\"article-cta-link-block\"\n>\n<div>\n    <a class=\"inline-flex flex-row items-center gap-4 text-link underline text-red-dark\"\n        href=\"https:\/\/www.aftonbladet.se\/kultur\/a\/8qz7kG\/demokratins-sjalvforsvar-mot-nedmonteringen-av-civilsamhallet?fbclid=IwY2xjawIEN0dleHRuA2FlbQIxMAABHeCuopKWcE1t-cRVWOhpPjNLgRdUBmmsmAT5sQixHJ2Vw37fC4RhPrWo4A_aem_7-DREYt12RaPTW-C6yt9HQ\"\n                target=\"_blank\"\n            >\n        <span class=\"\">\n        &quot;Vi bryter ytterh\u00f6gerns framfart med bildning&quot; &#8211; Ny rapport fr\u00e5n Expo visar angreppen p\u00e5 civilsamh\u00e4llet\n        <\/span>\n        <figure aria-hidden=\"true\" class=\"rounded-full bg-red-dark w-8 h-8 p-1 text-white\">\n            <svg width=\"20\" height=\"20\" viewBox=\"0 0 20 20\" fill=\"none\" class=\"SvgIconElement\">\n<path d=\"M4.16659 10L15.8333 10\" stroke=\"currentColor\"\/>\n<path d=\"M9.99992 4.1665L15.8333 9.99984L9.99992 15.8332\" stroke=\"currentColor\"\/>\n<\/svg>\n        <\/figure>\n    <\/a>\n<\/div>\n<\/div>\n<div\n    class=\"acf-article-cta-link-block article-container my-8\"\n    data-block=\"article-cta-link-block\"\n>\n<div>\n    <a class=\"inline-flex flex-row items-center gap-4 text-link underline text-red-dark\"\n        href=\"https:\/\/folkbildningsradet.se\/om-folkbildningsradet\/publikationer-och-remissvar\/rapporter\/rapporter-2025\/nedskarningarnas-konsekvenser\/\"\n                target=\"_blank\"\n            >\n        <span class=\"\">\n        Rapport: Nedsk\u00e4rningarnas konsekvenser\n        <\/span>\n        <figure aria-hidden=\"true\" class=\"rounded-full bg-red-dark w-8 h-8 p-1 text-white\">\n            <svg width=\"20\" height=\"20\" viewBox=\"0 0 20 20\" fill=\"none\" class=\"SvgIconElement\">\n<path d=\"M4.16659 10L15.8333 10\" stroke=\"currentColor\"\/>\n<path d=\"M9.99992 4.1665L15.8333 9.99984L9.99992 15.8332\" stroke=\"currentColor\"\/>\n<\/svg>\n        <\/figure>\n    <\/a>\n<\/div>\n<\/div>\n<div\n    class=\"acf-article-text-block article-container my-12\"\n    data-block=\"article-text-block\"\n>\n    <div class=\"wysiwyg\">\n        <h3 data-start=\"669\" data-end=\"718\">Folkbildningen bygger demokrati och samh\u00e4lle<\/h3>\n<p data-start=\"720\" data-end=\"1170\">Folkbildningen har en unik roll i det svenska samh\u00e4llet. Den ger m\u00e4nniskor kunskap och verktyg f\u00f6r att p\u00e5verka sina liv och sin omv\u00e4rld. Studiecirklar och kulturverksamhet st\u00e4rker civilsamh\u00e4llet och demokratin genom att skapa m\u00f6tesplatser d\u00e4r id\u00e9er utbyts och engagemang f\u00f6ds. ABF och andra studief\u00f6rbund m\u00f6jligg\u00f6r livsl\u00e5ngt l\u00e4rande f\u00f6r alla \u2013 oavsett bakgrund. N\u00e4r folkbildningen f\u00f6rsvagas, f\u00f6rlorar vi en viktig del av det demokratiska ekosystemet.<\/p>\n<h3 data-start=\"1172\" data-end=\"1225\">De tre st\u00f6rsta konsekvenserna av nedsk\u00e4rningarna<\/h3>\n<ol>\n<li data-start=\"1230\" data-end=\"1407\"><strong>F\u00e4rre och s\u00e4mre tillg\u00e4ngliga m\u00f6tesplatser<\/strong><br data-start=\"1275\" data-end=\"1278\" \/>Studief\u00f6rbundens verksamhet f\u00f6rsvinner fr\u00e5n mindre orter, vilket leder till f\u00e4rre m\u00f6jligheter att m\u00f6tas, l\u00e4ra och utvecklas.<\/li>\n<li data-start=\"1415\" data-end=\"1609\"><strong data-start=\"1415\" data-end=\"1457\">Minskad kultur och f\u00f6reningsverksamhet<\/strong><br data-start=\"1457\" data-end=\"1460\" \/>Kurser, f\u00f6rel\u00e4sningar och kulturaktiviteter blir f\u00e4rre, vilket drabbar b\u00e5de deltagare och lokala f\u00f6reningar som f\u00f6rlitar sig p\u00e5 studief\u00f6rbunden.<\/li>\n<li data-start=\"1614\" data-end=\"1847\"><strong data-start=\"1614\" data-end=\"1678\">S\u00e4mre f\u00f6ruts\u00e4ttningar f\u00f6r dem som st\u00e5r l\u00e4ngst fr\u00e5n samh\u00e4llet<\/strong><br data-start=\"1678\" data-end=\"1681\" \/>Personer som beh\u00f6ver folkbildningen mest \u2013 arbetsl\u00f6sa, \u00e4ldre, nyanl\u00e4nda och personer med funktionsvariationer \u2013 f\u00e5r f\u00e4rre m\u00f6jligheter till l\u00e4rande och gemenskap.<\/li>\n<\/ol>\n\n    <\/div>\n<\/div>\n<div\n    class=\"acf-article-facts-block article-container  my-8 \"\n    data-block=\"article-facts-block\"\n>\n<div class=\"bg-teal-light border border-teal p-8 rounded-corners-sm\">\n<header>\n        <h2 class=\"heading-md text-teal-dark mb-3\">\n            Vad kan du g\u00f6ra?\n        <\/h2>\n    <\/header>\n    <div class=\"wysiwyg\">\n        <p data-start=\"1872\" data-end=\"1907\">Tillsammans kan vi g\u00f6ra skillnad!<\/p>\n<p data-start=\"1909\" data-end=\"2008\">\u2714 <strong data-start=\"1911\" data-end=\"1940\">Skriv under protestlistor<\/strong> \u2013 Visa ditt st\u00f6d genom att delta i kampanjer och namninsamlingar.<\/p>\n<p data-start=\"2010\" data-end=\"2139\">\u2714 <strong data-start=\"2012\" data-end=\"2033\">Sprid information<\/strong> \u2013 Dela detta budskap i sociala medier och prata med v\u00e4nner och familj om nedsk\u00e4rningarnas konsekvenser.<\/p>\n<p data-start=\"2141\" data-end=\"2272\">\u2714 <strong data-start=\"2143\" data-end=\"2165\">Kontakta politiker<\/strong> \u2013 H\u00f6r av dig till din riksdagsledamot eller kommunpolitiker och kr\u00e4v att folkbildningen ska prioriteras.<\/p>\n<p data-start=\"2274\" data-end=\"2392\">\u2714 <strong data-start=\"2276\" data-end=\"2309\">Engagera dig i folkbildningen<\/strong> \u2013 Delta i studiecirklar, g\u00e5 p\u00e5 f\u00f6rel\u00e4sningar och st\u00f6d ditt lokala studief\u00f6rbund.<\/p>\n<p data-start=\"2394\" data-end=\"2499\">Folkbildningen \u00e4r en grundpelare i v\u00e5rt samh\u00e4lle \u2013 l\u00e5t oss tillsammans se till att den f\u00e5r leva vidare!<\/p>\n\n    <\/div>\n<\/div>\n\n<\/div>\n<div\n    class=\"acf-article-text-block article-container my-12\"\n    data-block=\"article-text-block\"\n>\n    <div class=\"wysiwyg\">\n        <header>\n<h3 class=\"heading-md text-teal-dark mb-3\">Kampanjen #studief\u00f6rbundensamlarsverige<\/h3>\n<\/header>\n<div class=\"wysiwyg\">\n<p>L\u00e4s om den gemensamma p\u00e5verkanskampanjen som vi driver genom studief\u00f6rbunden i samverkan\u00a0<a href=\"https:\/\/studieforbunden.se\/samlarsverige\/\">studieforbunden.se\/samlarsverige<\/a>.<\/p>\n<\/div>\n\n    <\/div>\n<\/div>\n","protected":false},"featured_media":0,"parent":0,"menu_order":0,"template":"","categories":[],"class_list":["post-1811","news-article","type-news-article","status-publish","hentry"],"acf":[],"yoast_head":"<!-- This site is optimized with the Yoast SEO plugin v27.0 - https:\/\/yoast.com\/product\/yoast-seo-wordpress\/ -->\n<title>Stoppa nedsk\u00e4rningarna \u2013 R\u00e4dda folkbildningen! - Norr<\/title>\n<meta name=\"robots\" content=\"index, follow, max-snippet:-1, max-image-preview:large, max-video-preview:-1\" \/>\n<link rel=\"canonical\" href=\"https:\/\/www.abf.se\/norr\/nyheter\/stoppa-nedskarningarna-radda-folkbildningen\/\" \/>\n<meta property=\"og:locale\" content=\"sv_SE\" \/>\n<meta property=\"og:type\" content=\"article\" \/>\n<meta property=\"og:title\" content=\"Stoppa nedsk\u00e4rningarna \u2013 R\u00e4dda folkbildningen! - Norr\" \/>\n<meta property=\"og:url\" content=\"https:\/\/www.abf.se\/norr\/nyheter\/stoppa-nedskarningarna-radda-folkbildningen\/\" \/>\n<meta property=\"og:site_name\" content=\"Norr\" \/>\n<meta property=\"article:modified_time\" content=\"2025-02-13T08:55:25+00:00\" \/>\n<meta property=\"og:image\" content=\"https:\/\/www.abf.se\/wp-content\/uploads\/sites\/37\/2024\/03\/5-1.png\" \/>\n\t<meta property=\"og:image:width\" content=\"682\" \/>\n\t<meta property=\"og:image:height\" content=\"601\" \/>\n\t<meta property=\"og:image:type\" content=\"image\/png\" \/>\n<meta name=\"twitter:card\" content=\"summary_large_image\" \/>\n<script type=\"application\/ld+json\" class=\"yoast-schema-graph\">{\"@context\":\"https:\/\/schema.org\",\"@graph\":[{\"@type\":\"WebPage\",\"@id\":\"https:\/\/www.abf.se\/norr\/nyheter\/stoppa-nedskarningarna-radda-folkbildningen\/\",\"url\":\"https:\/\/www.abf.se\/norr\/nyheter\/stoppa-nedskarningarna-radda-folkbildningen\/\",\"name\":\"Stoppa nedsk\u00e4rningarna \u2013 R\u00e4dda folkbildningen! - Norr\",\"isPartOf\":{\"@id\":\"https:\/\/www.abf.se\/norr\/#website\"},\"datePublished\":\"2025-02-13T08:55:24+00:00\",\"dateModified\":\"2025-02-13T08:55:25+00:00\",\"breadcrumb\":{\"@id\":\"https:\/\/www.abf.se\/norr\/nyheter\/stoppa-nedskarningarna-radda-folkbildningen\/#breadcrumb\"},\"inLanguage\":\"sv-SE\",\"potentialAction\":[{\"@type\":\"ReadAction\",\"target\":[\"https:\/\/www.abf.se\/norr\/nyheter\/stoppa-nedskarningarna-radda-folkbildningen\/\"]}]},{\"@type\":\"BreadcrumbList\",\"@id\":\"https:\/\/www.abf.se\/norr\/nyheter\/stoppa-nedskarningarna-radda-folkbildningen\/#breadcrumb\",\"itemListElement\":[{\"@type\":\"ListItem\",\"position\":1,\"name\":\"Home\",\"item\":\"https:\/\/www.abf.se\/norr\/\"},{\"@type\":\"ListItem\",\"position\":2,\"name\":\"Nyheter\",\"item\":\"https:\/\/www.abf.se\/norr\/nyheter\/\"},{\"@type\":\"ListItem\",\"position\":3,\"name\":\"Stoppa nedsk\u00e4rningarna \u2013 R\u00e4dda folkbildningen!\"}]},{\"@type\":\"WebSite\",\"@id\":\"https:\/\/www.abf.se\/norr\/#website\",\"url\":\"https:\/\/www.abf.se\/norr\/\",\"name\":\"Norr\",\"description\":\"\",\"potentialAction\":[{\"@type\":\"SearchAction\",\"target\":{\"@type\":\"EntryPoint\",\"urlTemplate\":\"https:\/\/www.abf.se\/norr\/?s={search_term_string}\"},\"query-input\":{\"@type\":\"PropertyValueSpecification\",\"valueRequired\":true,\"valueName\":\"search_term_string\"}}],\"inLanguage\":\"sv-SE\"}]}<\/script>\n<!-- \/ Yoast SEO plugin. -->","yoast_head_json":{"title":"Stoppa nedsk\u00e4rningarna \u2013 R\u00e4dda folkbildningen! - Norr","robots":{"index":"index","follow":"follow","max-snippet":"max-snippet:-1","max-image-preview":"max-image-preview:large","max-video-preview":"max-video-preview:-1"},"canonical":"https:\/\/www.abf.se\/norr\/nyheter\/stoppa-nedskarningarna-radda-folkbildningen\/","og_locale":"sv_SE","og_type":"article","og_title":"Stoppa nedsk\u00e4rningarna \u2013 R\u00e4dda folkbildningen! - Norr","og_url":"https:\/\/www.abf.se\/norr\/nyheter\/stoppa-nedskarningarna-radda-folkbildningen\/","og_site_name":"Norr","article_modified_time":"2025-02-13T08:55:25+00:00","og_image":[{"width":682,"height":601,"url":"https:\/\/www.abf.se\/wp-content\/uploads\/sites\/37\/2024\/03\/5-1.png","type":"image\/png"}],"twitter_card":"summary_large_image","schema":{"@context":"https:\/\/schema.org","@graph":[{"@type":"WebPage","@id":"https:\/\/www.abf.se\/norr\/nyheter\/stoppa-nedskarningarna-radda-folkbildningen\/","url":"https:\/\/www.abf.se\/norr\/nyheter\/stoppa-nedskarningarna-radda-folkbildningen\/","name":"Stoppa nedsk\u00e4rningarna \u2013 R\u00e4dda folkbildningen! - Norr","isPartOf":{"@id":"https:\/\/www.abf.se\/norr\/#website"},"datePublished":"2025-02-13T08:55:24+00:00","dateModified":"2025-02-13T08:55:25+00:00","breadcrumb":{"@id":"https:\/\/www.abf.se\/norr\/nyheter\/stoppa-nedskarningarna-radda-folkbildningen\/#breadcrumb"},"inLanguage":"sv-SE","potentialAction":[{"@type":"ReadAction","target":["https:\/\/www.abf.se\/norr\/nyheter\/stoppa-nedskarningarna-radda-folkbildningen\/"]}]},{"@type":"BreadcrumbList","@id":"https:\/\/www.abf.se\/norr\/nyheter\/stoppa-nedskarningarna-radda-folkbildningen\/#breadcrumb","itemListElement":[{"@type":"ListItem","position":1,"name":"Home","item":"https:\/\/www.abf.se\/norr\/"},{"@type":"ListItem","position":2,"name":"Nyheter","item":"https:\/\/www.abf.se\/norr\/nyheter\/"},{"@type":"ListItem","position":3,"name":"Stoppa nedsk\u00e4rningarna \u2013 R\u00e4dda folkbildningen!"}]},{"@type":"WebSite","@id":"https:\/\/www.abf.se\/norr\/#website","url":"https:\/\/www.abf.se\/norr\/","name":"Norr","description":"","potentialAction":[{"@type":"SearchAction","target":{"@type":"EntryPoint","urlTemplate":"https:\/\/www.abf.se\/norr\/?s={search_term_string}"},"query-input":{"@type":"PropertyValueSpecification","valueRequired":true,"valueName":"search_term_string"}}],"inLanguage":"sv-SE"}]}},"_links":{"self":[{"href":"https:\/\/www.abf.se\/norr\/wp-json\/wp\/v2\/news-article\/1811","targetHints":{"allow":["GET"]}}],"collection":[{"href":"https:\/\/www.abf.se\/norr\/wp-json\/wp\/v2\/news-article"}],"about":[{"href":"https:\/\/www.abf.se\/norr\/wp-json\/wp\/v2\/types\/news-article"}],"wp:attachment":[{"href":"https:\/\/www.abf.se\/norr\/wp-json\/wp\/v2\/media?parent=1811"}],"wp:term":[{"taxonomy":"category","embeddable":true,"href":"https:\/\/www.abf.se\/norr\/wp-json\/wp\/v2\/categories?post=1811"}],"curies":[{"name":"wp","href":"https:\/\/api.w.org\/{rel}","templated":true}]}}