{"id":1935,"date":"2025-03-28T12:24:19","date_gmt":"2025-03-28T11:24:19","guid":{"rendered":"https:\/\/www.abf.se\/norr\/?post_type=news-article&#038;p=1935"},"modified":"2025-03-28T12:24:19","modified_gmt":"2025-03-28T11:24:19","slug":"debatt-stoppa-nedmonteringen-av-kulturlivet-i-norrbotten","status":"publish","type":"news-article","link":"https:\/\/www.abf.se\/norr\/nyheter\/debatt-stoppa-nedmonteringen-av-kulturlivet-i-norrbotten\/","title":{"rendered":"Debatt: Stoppa nedmonteringen av kulturlivet i Norrbotten"},"content":{"rendered":"<div\n    class=\"acf-article-text-block article-container my-12\"\n    data-block=\"article-text-block\"\n>\n    <div class=\"wysiwyg\">\n        <p><span data-contrast=\"auto\">\u201dNu n\u00e4r regeringens nedsk\u00e4rningar genomf\u00f6rs, ser vi en dramatisk f\u00f6rs\u00e4mring av tillg\u00e5ngen till kultur och bildning i Norrbotten, skriver Christian Lindgren, Ordf\u00f6rande, ABF Norr. M\u00f6jligheterna att skapa, l\u00e4ra och m\u00f6tas f\u00f6rsvinner \u2013 och med det en viktig del av v\u00e5r demokrati.\u201d<\/span><span data-ccp-props=\"{}\">\u00a0<\/span><\/p>\n<p><span data-contrast=\"auto\">I Norrbotten har vi sett vad folkbildningen betyder \u2013 vi p\u00e5 ABF Norr finns i alla 14 kommuner och arbetar varje dag f\u00f6r att kultur, bildning och gemenskap ska vara tillg\u00e4ngliga f\u00f6r alla. Vi vet att utan v\u00e5ra insatser hade tusentals m\u00e4nniskor st\u00e5tt utan m\u00f6jligheten att delta i studiecirklar, uppleva kulturprogram eller vara en del av f\u00f6reningslivet. Folkbildningen \u00e4r inte n\u00e5gon lyx \u2013 den \u00e4r en grundf\u00f6ruts\u00e4ttning f\u00f6r en levande demokrati och ett samh\u00e4lle d\u00e4r alla har chans att v\u00e4xa.<\/span><span data-ccp-props=\"{&quot;134233117&quot;:false,&quot;134233118&quot;:false,&quot;335559738&quot;:240,&quot;335559739&quot;:240}\">\u00a0<\/span><\/p>\n<p><span data-contrast=\"auto\">Regeringen pratar g\u00e4rna om kulturens v\u00e4rde, men deras handlingar s\u00e4ger n\u00e5got helt annat. Nedsk\u00e4rningarna sl\u00e5r h\u00e5rdast mot just de omr\u00e5den d\u00e4r m\u00f6jligheterna redan \u00e4r begr\u00e4nsade. F\u00f6r en kustbo kanske det finns andra alternativ, men vad h\u00e4nder i \u00f6vriga l\u00e4net n\u00e4r studief\u00f6rbundens verksamhet monteras ner? Vad h\u00e4nder n\u00e4r den sista m\u00f6tesplatsen f\u00f6rsvinner?<\/span><span data-ccp-props=\"{&quot;134233117&quot;:false,&quot;134233118&quot;:false,&quot;335559738&quot;:240,&quot;335559739&quot;:240}\">\u00a0<\/span><\/p>\n<p><span data-contrast=\"auto\">Den h\u00e4r politiken \u00e4r kortsiktig och farlig. Att strypa folkbildningen \u00e4r att underminera sammanh\u00e5llningen i samh\u00e4llet och g\u00f6ra det sv\u00e5rare f\u00f6r m\u00e4nniskor att skapa, l\u00e4ra och m\u00f6tas. Det handlar inte bara om kultur \u2013 det handlar om demokratin i sin k\u00e4rna.<\/span><span data-ccp-props=\"{&quot;134233117&quot;:false,&quot;134233118&quot;:false,&quot;335559738&quot;:240,&quot;335559739&quot;:240}\">\u00a0<\/span><\/p>\n<p><span data-contrast=\"auto\">Vi v\u00e4grar att se p\u00e5 n\u00e4r den h\u00e4r utvecklingen f\u00e5r f\u00e4ste. Vi uppmanar alla inv\u00e5nare i Norrbotten att s\u00e4ga ifr\u00e5n. Kultur och folkbildning \u00e4r inget vi kan ta f\u00f6r givet \u2013 det \u00e4r n\u00e5got vi m\u00e5ste f\u00f6rsvara. Det \u00e4r dags att s\u00e4tta press p\u00e5 beslutsfattarna och kr\u00e4va en politik som bygger, inte river ner.<\/span><span data-ccp-props=\"{&quot;134233117&quot;:false,&quot;134233118&quot;:false,&quot;335559738&quot;:240,&quot;335559739&quot;:240}\">\u00a0<\/span><\/p>\n<p><span data-contrast=\"auto\">Vi st\u00e5r upp f\u00f6r Norrbottens kulturliv \u2013 g\u00f6r det du ocks\u00e5! <\/span><br \/>\n<span data-contrast=\"auto\">Christian Lindgren, Ordf\u00f6rande, ABF Norr<\/span><span data-ccp-props=\"{&quot;134233117&quot;:false,&quot;134233118&quot;:false,&quot;335559738&quot;:240,&quot;335559739&quot;:240}\">\u00a0<\/span><\/p>\n\n    <\/div>\n<\/div>\n","protected":false},"featured_media":0,"parent":0,"menu_order":0,"template":"","categories":[],"class_list":["post-1935","news-article","type-news-article","status-publish","hentry"],"acf":[],"yoast_head":"<!-- This site is optimized with the Yoast SEO plugin v27.0 - https:\/\/yoast.com\/product\/yoast-seo-wordpress\/ -->\n<title>Debatt: Stoppa nedmonteringen av kulturlivet i Norrbotten - Norr<\/title>\n<meta name=\"robots\" content=\"index, follow, max-snippet:-1, max-image-preview:large, max-video-preview:-1\" \/>\n<link rel=\"canonical\" href=\"https:\/\/www.abf.se\/norr\/nyheter\/debatt-stoppa-nedmonteringen-av-kulturlivet-i-norrbotten\/\" \/>\n<meta property=\"og:locale\" content=\"sv_SE\" \/>\n<meta property=\"og:type\" content=\"article\" \/>\n<meta property=\"og:title\" content=\"Debatt: Stoppa nedmonteringen av kulturlivet i Norrbotten - Norr\" \/>\n<meta property=\"og:url\" content=\"https:\/\/www.abf.se\/norr\/nyheter\/debatt-stoppa-nedmonteringen-av-kulturlivet-i-norrbotten\/\" \/>\n<meta property=\"og:site_name\" content=\"Norr\" \/>\n<meta property=\"og:image\" content=\"https:\/\/www.abf.se\/wp-content\/uploads\/sites\/37\/2024\/03\/5-1.png\" \/>\n\t<meta property=\"og:image:width\" content=\"682\" \/>\n\t<meta property=\"og:image:height\" content=\"601\" \/>\n\t<meta property=\"og:image:type\" content=\"image\/png\" \/>\n<meta name=\"twitter:card\" content=\"summary_large_image\" \/>\n<script type=\"application\/ld+json\" class=\"yoast-schema-graph\">{\"@context\":\"https:\/\/schema.org\",\"@graph\":[{\"@type\":\"WebPage\",\"@id\":\"https:\/\/www.abf.se\/norr\/nyheter\/debatt-stoppa-nedmonteringen-av-kulturlivet-i-norrbotten\/\",\"url\":\"https:\/\/www.abf.se\/norr\/nyheter\/debatt-stoppa-nedmonteringen-av-kulturlivet-i-norrbotten\/\",\"name\":\"Debatt: Stoppa nedmonteringen av kulturlivet i Norrbotten - Norr\",\"isPartOf\":{\"@id\":\"https:\/\/www.abf.se\/norr\/#website\"},\"datePublished\":\"2025-03-28T11:24:19+00:00\",\"breadcrumb\":{\"@id\":\"https:\/\/www.abf.se\/norr\/nyheter\/debatt-stoppa-nedmonteringen-av-kulturlivet-i-norrbotten\/#breadcrumb\"},\"inLanguage\":\"sv-SE\",\"potentialAction\":[{\"@type\":\"ReadAction\",\"target\":[\"https:\/\/www.abf.se\/norr\/nyheter\/debatt-stoppa-nedmonteringen-av-kulturlivet-i-norrbotten\/\"]}]},{\"@type\":\"BreadcrumbList\",\"@id\":\"https:\/\/www.abf.se\/norr\/nyheter\/debatt-stoppa-nedmonteringen-av-kulturlivet-i-norrbotten\/#breadcrumb\",\"itemListElement\":[{\"@type\":\"ListItem\",\"position\":1,\"name\":\"Home\",\"item\":\"https:\/\/www.abf.se\/norr\/\"},{\"@type\":\"ListItem\",\"position\":2,\"name\":\"Nyheter\",\"item\":\"https:\/\/www.abf.se\/norr\/nyheter\/\"},{\"@type\":\"ListItem\",\"position\":3,\"name\":\"Debatt: Stoppa nedmonteringen av kulturlivet i Norrbotten\"}]},{\"@type\":\"WebSite\",\"@id\":\"https:\/\/www.abf.se\/norr\/#website\",\"url\":\"https:\/\/www.abf.se\/norr\/\",\"name\":\"Norr\",\"description\":\"\",\"potentialAction\":[{\"@type\":\"SearchAction\",\"target\":{\"@type\":\"EntryPoint\",\"urlTemplate\":\"https:\/\/www.abf.se\/norr\/?s={search_term_string}\"},\"query-input\":{\"@type\":\"PropertyValueSpecification\",\"valueRequired\":true,\"valueName\":\"search_term_string\"}}],\"inLanguage\":\"sv-SE\"}]}<\/script>\n<!-- \/ Yoast SEO plugin. -->","yoast_head_json":{"title":"Debatt: Stoppa nedmonteringen av kulturlivet i Norrbotten - Norr","robots":{"index":"index","follow":"follow","max-snippet":"max-snippet:-1","max-image-preview":"max-image-preview:large","max-video-preview":"max-video-preview:-1"},"canonical":"https:\/\/www.abf.se\/norr\/nyheter\/debatt-stoppa-nedmonteringen-av-kulturlivet-i-norrbotten\/","og_locale":"sv_SE","og_type":"article","og_title":"Debatt: Stoppa nedmonteringen av kulturlivet i Norrbotten - Norr","og_url":"https:\/\/www.abf.se\/norr\/nyheter\/debatt-stoppa-nedmonteringen-av-kulturlivet-i-norrbotten\/","og_site_name":"Norr","og_image":[{"width":682,"height":601,"url":"https:\/\/www.abf.se\/wp-content\/uploads\/sites\/37\/2024\/03\/5-1.png","type":"image\/png"}],"twitter_card":"summary_large_image","schema":{"@context":"https:\/\/schema.org","@graph":[{"@type":"WebPage","@id":"https:\/\/www.abf.se\/norr\/nyheter\/debatt-stoppa-nedmonteringen-av-kulturlivet-i-norrbotten\/","url":"https:\/\/www.abf.se\/norr\/nyheter\/debatt-stoppa-nedmonteringen-av-kulturlivet-i-norrbotten\/","name":"Debatt: Stoppa nedmonteringen av kulturlivet i Norrbotten - Norr","isPartOf":{"@id":"https:\/\/www.abf.se\/norr\/#website"},"datePublished":"2025-03-28T11:24:19+00:00","breadcrumb":{"@id":"https:\/\/www.abf.se\/norr\/nyheter\/debatt-stoppa-nedmonteringen-av-kulturlivet-i-norrbotten\/#breadcrumb"},"inLanguage":"sv-SE","potentialAction":[{"@type":"ReadAction","target":["https:\/\/www.abf.se\/norr\/nyheter\/debatt-stoppa-nedmonteringen-av-kulturlivet-i-norrbotten\/"]}]},{"@type":"BreadcrumbList","@id":"https:\/\/www.abf.se\/norr\/nyheter\/debatt-stoppa-nedmonteringen-av-kulturlivet-i-norrbotten\/#breadcrumb","itemListElement":[{"@type":"ListItem","position":1,"name":"Home","item":"https:\/\/www.abf.se\/norr\/"},{"@type":"ListItem","position":2,"name":"Nyheter","item":"https:\/\/www.abf.se\/norr\/nyheter\/"},{"@type":"ListItem","position":3,"name":"Debatt: Stoppa nedmonteringen av kulturlivet i Norrbotten"}]},{"@type":"WebSite","@id":"https:\/\/www.abf.se\/norr\/#website","url":"https:\/\/www.abf.se\/norr\/","name":"Norr","description":"","potentialAction":[{"@type":"SearchAction","target":{"@type":"EntryPoint","urlTemplate":"https:\/\/www.abf.se\/norr\/?s={search_term_string}"},"query-input":{"@type":"PropertyValueSpecification","valueRequired":true,"valueName":"search_term_string"}}],"inLanguage":"sv-SE"}]}},"_links":{"self":[{"href":"https:\/\/www.abf.se\/norr\/wp-json\/wp\/v2\/news-article\/1935","targetHints":{"allow":["GET"]}}],"collection":[{"href":"https:\/\/www.abf.se\/norr\/wp-json\/wp\/v2\/news-article"}],"about":[{"href":"https:\/\/www.abf.se\/norr\/wp-json\/wp\/v2\/types\/news-article"}],"wp:attachment":[{"href":"https:\/\/www.abf.se\/norr\/wp-json\/wp\/v2\/media?parent=1935"}],"wp:term":[{"taxonomy":"category","embeddable":true,"href":"https:\/\/www.abf.se\/norr\/wp-json\/wp\/v2\/categories?post=1935"}],"curies":[{"name":"wp","href":"https:\/\/api.w.org\/{rel}","templated":true}]}}