{"id":2028,"date":"2025-05-26T16:01:29","date_gmt":"2025-05-26T14:01:29","guid":{"rendered":"https:\/\/www.abf.se\/norr\/?post_type=news-article&#038;p=2028"},"modified":"2025-05-26T16:12:44","modified_gmt":"2025-05-26T14:12:44","slug":"tillsammans-forandrar-vi-darfor-ar-medlemskapet-i-abf-viktigt","status":"publish","type":"news-article","link":"https:\/\/www.abf.se\/norr\/nyheter\/tillsammans-forandrar-vi-darfor-ar-medlemskapet-i-abf-viktigt\/","title":{"rendered":"Tillsammans f\u00f6r\u00e4ndrar vi \u2013 d\u00e4rf\u00f6r \u00e4r medlemskapet i ABF viktigt\u00a0"},"content":{"rendered":"<div\n    class=\"acf-article-text-block article-container my-12\"\n    data-block=\"article-text-block\"\n>\n    <div class=\"wysiwyg\">\n        <h3><span data-contrast=\"auto\">En r\u00f6st f\u00f6r hela Norrbotten<\/span><span data-ccp-props=\"{}\">\u00a0<\/span><\/h3>\n<p><span data-contrast=\"auto\">Som medlemsf\u00f6rening i ABF Norr \u00e4r du med och skapar f\u00f6ruts\u00e4ttningar f\u00f6r ett levande f\u00f6reningsliv \u2013 inte bara i st\u00e4der, utan i hela v\u00e5r del av landet. Det handlar om att ge unga en plats att m\u00f6tas i Arjeplog, att skapa en kulturscen i Karesuando eller en f\u00f6rel\u00e4sning i Harads. Att h\u00e5lla kvar bildningens kraft i hela Norrbotten.<\/span><span data-ccp-props=\"{}\">\u00a0<\/span><\/p>\n<p><span data-contrast=\"auto\">Folkbildningen \u00e4r en livsnerv i v\u00e5ra samh\u00e4llen \u2013 och som medlem \u00e4r du med och h\u00e5ller den vid liv.<\/span><span data-ccp-props=\"{}\">\u00a0<\/span><\/p>\n<p><span data-ccp-props=\"{}\">\u00a0<\/span><\/p>\n<h3><span data-contrast=\"auto\">Medlemskapet g\u00f6r skillnad<\/span><span data-ccp-props=\"{}\">\u00a0<\/span><\/h3>\n<p><span data-contrast=\"auto\">Att bli medlem i ABF Norr inneb\u00e4r inte bara tillg\u00e5ng till st\u00f6d och resurser \u2013 det \u00e4r ett aktivt st\u00e4llningstagande f\u00f6r:<\/span><span data-ccp-props=\"{}\">\u00a0<\/span><\/p>\n<ul>\n<li data-leveltext=\"\uf0b7\" data-font=\"Symbol\" data-listid=\"1\" data-list-defn-props=\"{&quot;335552541&quot;:1,&quot;335559683&quot;:0,&quot;335559684&quot;:-2,&quot;335559685&quot;:720,&quot;335559991&quot;:360,&quot;469769226&quot;:&quot;Symbol&quot;,&quot;469769242&quot;:[8226],&quot;469777803&quot;:&quot;left&quot;,&quot;469777804&quot;:&quot;\uf0b7&quot;,&quot;469777815&quot;:&quot;hybridMultilevel&quot;}\" data-aria-posinset=\"1\" data-aria-level=\"1\"><span data-contrast=\"auto\">ett j\u00e4mlikt och demokratiskt samh\u00e4lle<\/span><span data-ccp-props=\"{}\">\u00a0<\/span><\/li>\n<li data-leveltext=\"\uf0b7\" data-font=\"Symbol\" data-listid=\"1\" data-list-defn-props=\"{&quot;335552541&quot;:1,&quot;335559683&quot;:0,&quot;335559684&quot;:-2,&quot;335559685&quot;:720,&quot;335559991&quot;:360,&quot;469769226&quot;:&quot;Symbol&quot;,&quot;469769242&quot;:[8226],&quot;469777803&quot;:&quot;left&quot;,&quot;469777804&quot;:&quot;\uf0b7&quot;,&quot;469777815&quot;:&quot;hybridMultilevel&quot;}\" data-aria-posinset=\"1\" data-aria-level=\"1\"><span data-contrast=\"auto\">m\u00f6jligheter till l\u00e4rande, kultur och engagemang \u2013 d\u00e4r m\u00e4nniskor bor<\/span><span data-ccp-props=\"{}\">\u00a0<\/span><\/li>\n<li data-leveltext=\"\uf0b7\" data-font=\"Symbol\" data-listid=\"1\" data-list-defn-props=\"{&quot;335552541&quot;:1,&quot;335559683&quot;:0,&quot;335559684&quot;:-2,&quot;335559685&quot;:720,&quot;335559991&quot;:360,&quot;469769226&quot;:&quot;Symbol&quot;,&quot;469769242&quot;:[8226],&quot;469777803&quot;:&quot;left&quot;,&quot;469777804&quot;:&quot;\uf0b7&quot;,&quot;469777815&quot;:&quot;hybridMultilevel&quot;}\" data-aria-posinset=\"1\" data-aria-level=\"1\"><span data-contrast=\"auto\">ett starkt civilsamh\u00e4lle i hela regionen<\/span><span data-ccp-props=\"{}\">\u00a0<\/span><\/li>\n<\/ul>\n<p><span data-contrast=\"auto\">Varje medlemsf\u00f6rening bidrar till att fler kan delta i studiecirklar, kulturarrangemang, spr\u00e5kkurser och samh\u00e4llsdebatt \u2013 fr\u00e5n Kiruna till Pite\u00e5.<\/span><span data-ccp-props=\"{}\">\u00a0<\/span><\/p>\n\n    <\/div>\n<\/div>\n<blockquote\n    class=\"acf-article-quote-block quote-container article-container\"\n    data-block=\"article-quote-block\"\n>\n\n    <div\n        class=\"quote-content\"\n    >\n    \n    <div class=\"quote-text-container\">\n        <div class=\"quote-text-subgrid\">\n        <p class=\"quote-text\">\n            &#8221;Ni \u00e4r inte bara medlemmar. \r\nNi \u00e4r m\u00f6jligg\u00f6rare. &#8221;\n        <\/p>\n                <\/div>\n    <\/div>\n\n    <\/div>\n\n<\/blockquote>\n\n<div\n    class=\"acf-article-text-block article-container my-12\"\n    data-block=\"article-text-block\"\n>\n    <div class=\"wysiwyg\">\n        <h3><span data-contrast=\"auto\">Vill ni vara med?<\/span><span data-ccp-props=\"{}\">\u00a0<\/span><\/h3>\n<p><span data-contrast=\"auto\">Vill ni vara med och bygga framtidens folkbildning i Norrbotten?<\/span><br \/>\n<span data-contrast=\"auto\"> Vill ni se till att sm\u00e5 orter forts\u00e4tter ha plats f\u00f6r kultur, gemenskap och id\u00e9er?<\/span><span data-ccp-props=\"{}\">\u00a0<\/span><\/p>\n<p><span data-contrast=\"auto\">D\u00e5 \u00e4r det dags att bli medlem i ABF Norr.<\/span><\/p>\n<p><span data-ccp-props=\"{}\">\u00a0<\/span><\/p>\n\n    <\/div>\n<\/div>\n<div\n    class=\"acf-article-cta-link-block article-container my-8\"\n    data-block=\"article-cta-link-block\"\n>\n<div>\n    <a class=\"inline-flex flex-row items-center gap-4 text-link underline text-red-dark\"\n        href=\"https:\/\/www.abf.se\/norr\/samarbete\/\"\n            >\n        <span class=\"\">\n        Bli medlem\n        <\/span>\n        <figure aria-hidden=\"true\" class=\"rounded-full bg-red-dark w-8 h-8 p-1 text-white\">\n            <svg width=\"20\" height=\"20\" viewBox=\"0 0 20 20\" fill=\"none\" class=\"SvgIconElement\">\n<path d=\"M4.16659 10L15.8333 10\" stroke=\"currentColor\"\/>\n<path d=\"M9.99992 4.1665L15.8333 9.99984L9.99992 15.8332\" stroke=\"currentColor\"\/>\n<\/svg>\n        <\/figure>\n    <\/a>\n<\/div>\n<\/div>\n","protected":false},"featured_media":0,"parent":0,"menu_order":0,"template":"","categories":[],"class_list":["post-2028","news-article","type-news-article","status-publish","hentry"],"acf":[],"yoast_head":"<!-- This site is optimized with the Yoast SEO plugin v27.0 - https:\/\/yoast.com\/product\/yoast-seo-wordpress\/ -->\n<title>Tillsammans f\u00f6r\u00e4ndrar vi \u2013 d\u00e4rf\u00f6r \u00e4r medlemskapet i ABF viktigt\u00a0 - Norr<\/title>\n<meta name=\"description\" content=\"Bli medlem i ABF Norr och st\u00e4rk f\u00f6reningslivet i hela Norrland. Som f\u00f6rening f\u00e5r ni st\u00f6d, inflytande och bidrar till bildning.\" \/>\n<meta name=\"robots\" content=\"index, follow, max-snippet:-1, max-image-preview:large, max-video-preview:-1\" \/>\n<link rel=\"canonical\" href=\"https:\/\/www.abf.se\/norr\/nyheter\/tillsammans-forandrar-vi-darfor-ar-medlemskapet-i-abf-viktigt\/\" \/>\n<meta property=\"og:locale\" content=\"sv_SE\" \/>\n<meta property=\"og:type\" content=\"article\" \/>\n<meta property=\"og:title\" content=\"Tillsammans f\u00f6r\u00e4ndrar vi \u2013 d\u00e4rf\u00f6r \u00e4r medlemskapet i ABF viktigt\u00a0 - Norr\" \/>\n<meta property=\"og:description\" content=\"Bli medlem i ABF Norr och st\u00e4rk f\u00f6reningslivet i hela Norrland. Som f\u00f6rening f\u00e5r ni st\u00f6d, inflytande och bidrar till bildning.\" \/>\n<meta property=\"og:url\" content=\"https:\/\/www.abf.se\/norr\/nyheter\/tillsammans-forandrar-vi-darfor-ar-medlemskapet-i-abf-viktigt\/\" \/>\n<meta property=\"og:site_name\" content=\"Norr\" \/>\n<meta property=\"article:modified_time\" content=\"2025-05-26T14:12:44+00:00\" \/>\n<meta property=\"og:image\" content=\"https:\/\/www.abf.se\/wp-content\/uploads\/sites\/37\/2024\/03\/5-1.png\" \/>\n\t<meta property=\"og:image:width\" content=\"682\" \/>\n\t<meta property=\"og:image:height\" content=\"601\" \/>\n\t<meta property=\"og:image:type\" content=\"image\/png\" \/>\n<meta name=\"twitter:card\" content=\"summary_large_image\" \/>\n<script type=\"application\/ld+json\" class=\"yoast-schema-graph\">{\"@context\":\"https:\/\/schema.org\",\"@graph\":[{\"@type\":\"WebPage\",\"@id\":\"https:\/\/www.abf.se\/norr\/nyheter\/tillsammans-forandrar-vi-darfor-ar-medlemskapet-i-abf-viktigt\/\",\"url\":\"https:\/\/www.abf.se\/norr\/nyheter\/tillsammans-forandrar-vi-darfor-ar-medlemskapet-i-abf-viktigt\/\",\"name\":\"Tillsammans f\u00f6r\u00e4ndrar vi \u2013 d\u00e4rf\u00f6r \u00e4r medlemskapet i ABF viktigt\u00a0 - Norr\",\"isPartOf\":{\"@id\":\"https:\/\/www.abf.se\/norr\/#website\"},\"datePublished\":\"2025-05-26T14:01:29+00:00\",\"dateModified\":\"2025-05-26T14:12:44+00:00\",\"description\":\"Bli medlem i ABF Norr och st\u00e4rk f\u00f6reningslivet i hela Norrland. Som f\u00f6rening f\u00e5r ni st\u00f6d, inflytande och bidrar till bildning.\",\"breadcrumb\":{\"@id\":\"https:\/\/www.abf.se\/norr\/nyheter\/tillsammans-forandrar-vi-darfor-ar-medlemskapet-i-abf-viktigt\/#breadcrumb\"},\"inLanguage\":\"sv-SE\",\"potentialAction\":[{\"@type\":\"ReadAction\",\"target\":[\"https:\/\/www.abf.se\/norr\/nyheter\/tillsammans-forandrar-vi-darfor-ar-medlemskapet-i-abf-viktigt\/\"]}]},{\"@type\":\"BreadcrumbList\",\"@id\":\"https:\/\/www.abf.se\/norr\/nyheter\/tillsammans-forandrar-vi-darfor-ar-medlemskapet-i-abf-viktigt\/#breadcrumb\",\"itemListElement\":[{\"@type\":\"ListItem\",\"position\":1,\"name\":\"Home\",\"item\":\"https:\/\/www.abf.se\/norr\/\"},{\"@type\":\"ListItem\",\"position\":2,\"name\":\"Nyheter\",\"item\":\"https:\/\/www.abf.se\/norr\/nyheter\/\"},{\"@type\":\"ListItem\",\"position\":3,\"name\":\"Tillsammans f\u00f6r\u00e4ndrar vi \u2013 d\u00e4rf\u00f6r \u00e4r medlemskapet i ABF viktigt\u00a0\"}]},{\"@type\":\"WebSite\",\"@id\":\"https:\/\/www.abf.se\/norr\/#website\",\"url\":\"https:\/\/www.abf.se\/norr\/\",\"name\":\"Norr\",\"description\":\"\",\"potentialAction\":[{\"@type\":\"SearchAction\",\"target\":{\"@type\":\"EntryPoint\",\"urlTemplate\":\"https:\/\/www.abf.se\/norr\/?s={search_term_string}\"},\"query-input\":{\"@type\":\"PropertyValueSpecification\",\"valueRequired\":true,\"valueName\":\"search_term_string\"}}],\"inLanguage\":\"sv-SE\"}]}<\/script>\n<!-- \/ Yoast SEO plugin. -->","yoast_head_json":{"title":"Tillsammans f\u00f6r\u00e4ndrar vi \u2013 d\u00e4rf\u00f6r \u00e4r medlemskapet i ABF viktigt\u00a0 - Norr","description":"Bli medlem i ABF Norr och st\u00e4rk f\u00f6reningslivet i hela Norrland. Som f\u00f6rening f\u00e5r ni st\u00f6d, inflytande och bidrar till bildning.","robots":{"index":"index","follow":"follow","max-snippet":"max-snippet:-1","max-image-preview":"max-image-preview:large","max-video-preview":"max-video-preview:-1"},"canonical":"https:\/\/www.abf.se\/norr\/nyheter\/tillsammans-forandrar-vi-darfor-ar-medlemskapet-i-abf-viktigt\/","og_locale":"sv_SE","og_type":"article","og_title":"Tillsammans f\u00f6r\u00e4ndrar vi \u2013 d\u00e4rf\u00f6r \u00e4r medlemskapet i ABF viktigt\u00a0 - Norr","og_description":"Bli medlem i ABF Norr och st\u00e4rk f\u00f6reningslivet i hela Norrland. Som f\u00f6rening f\u00e5r ni st\u00f6d, inflytande och bidrar till bildning.","og_url":"https:\/\/www.abf.se\/norr\/nyheter\/tillsammans-forandrar-vi-darfor-ar-medlemskapet-i-abf-viktigt\/","og_site_name":"Norr","article_modified_time":"2025-05-26T14:12:44+00:00","og_image":[{"width":682,"height":601,"url":"https:\/\/www.abf.se\/wp-content\/uploads\/sites\/37\/2024\/03\/5-1.png","type":"image\/png"}],"twitter_card":"summary_large_image","schema":{"@context":"https:\/\/schema.org","@graph":[{"@type":"WebPage","@id":"https:\/\/www.abf.se\/norr\/nyheter\/tillsammans-forandrar-vi-darfor-ar-medlemskapet-i-abf-viktigt\/","url":"https:\/\/www.abf.se\/norr\/nyheter\/tillsammans-forandrar-vi-darfor-ar-medlemskapet-i-abf-viktigt\/","name":"Tillsammans f\u00f6r\u00e4ndrar vi \u2013 d\u00e4rf\u00f6r \u00e4r medlemskapet i ABF viktigt\u00a0 - Norr","isPartOf":{"@id":"https:\/\/www.abf.se\/norr\/#website"},"datePublished":"2025-05-26T14:01:29+00:00","dateModified":"2025-05-26T14:12:44+00:00","description":"Bli medlem i ABF Norr och st\u00e4rk f\u00f6reningslivet i hela Norrland. Som f\u00f6rening f\u00e5r ni st\u00f6d, inflytande och bidrar till bildning.","breadcrumb":{"@id":"https:\/\/www.abf.se\/norr\/nyheter\/tillsammans-forandrar-vi-darfor-ar-medlemskapet-i-abf-viktigt\/#breadcrumb"},"inLanguage":"sv-SE","potentialAction":[{"@type":"ReadAction","target":["https:\/\/www.abf.se\/norr\/nyheter\/tillsammans-forandrar-vi-darfor-ar-medlemskapet-i-abf-viktigt\/"]}]},{"@type":"BreadcrumbList","@id":"https:\/\/www.abf.se\/norr\/nyheter\/tillsammans-forandrar-vi-darfor-ar-medlemskapet-i-abf-viktigt\/#breadcrumb","itemListElement":[{"@type":"ListItem","position":1,"name":"Home","item":"https:\/\/www.abf.se\/norr\/"},{"@type":"ListItem","position":2,"name":"Nyheter","item":"https:\/\/www.abf.se\/norr\/nyheter\/"},{"@type":"ListItem","position":3,"name":"Tillsammans f\u00f6r\u00e4ndrar vi \u2013 d\u00e4rf\u00f6r \u00e4r medlemskapet i ABF viktigt\u00a0"}]},{"@type":"WebSite","@id":"https:\/\/www.abf.se\/norr\/#website","url":"https:\/\/www.abf.se\/norr\/","name":"Norr","description":"","potentialAction":[{"@type":"SearchAction","target":{"@type":"EntryPoint","urlTemplate":"https:\/\/www.abf.se\/norr\/?s={search_term_string}"},"query-input":{"@type":"PropertyValueSpecification","valueRequired":true,"valueName":"search_term_string"}}],"inLanguage":"sv-SE"}]}},"_links":{"self":[{"href":"https:\/\/www.abf.se\/norr\/wp-json\/wp\/v2\/news-article\/2028","targetHints":{"allow":["GET"]}}],"collection":[{"href":"https:\/\/www.abf.se\/norr\/wp-json\/wp\/v2\/news-article"}],"about":[{"href":"https:\/\/www.abf.se\/norr\/wp-json\/wp\/v2\/types\/news-article"}],"wp:attachment":[{"href":"https:\/\/www.abf.se\/norr\/wp-json\/wp\/v2\/media?parent=2028"}],"wp:term":[{"taxonomy":"category","embeddable":true,"href":"https:\/\/www.abf.se\/norr\/wp-json\/wp\/v2\/categories?post=2028"}],"curies":[{"name":"wp","href":"https:\/\/api.w.org\/{rel}","templated":true}]}}