{"id":2097,"date":"2025-08-21T08:53:25","date_gmt":"2025-08-21T06:53:25","guid":{"rendered":"https:\/\/www.abf.se\/norr\/?post_type=news-article&#038;p=2097"},"modified":"2025-08-21T08:53:25","modified_gmt":"2025-08-21T06:53:25","slug":"fran-ensamhet-till-digital-gemenskap","status":"publish","type":"news-article","link":"https:\/\/www.abf.se\/norr\/nyheter\/fran-ensamhet-till-digital-gemenskap\/","title":{"rendered":"Fr\u00e5n ensamhet till digital gemenskap\u00a0"},"content":{"rendered":"<div\n    class=\"acf-article-text-block article-container my-12\"\n    data-block=\"article-text-block\"\n>\n    <div class=\"wysiwyg\">\n        <p><span data-contrast=\"auto\">Den 18 november drog ABFs projekt <\/span><i><span data-contrast=\"auto\">Digital utveckling f\u00f6r 65 \u00e5r och \u00e4ldre i norra Lappland<\/span><\/i><span data-contrast=\"auto\"> ig\u00e5ng. Projektet, som leds av Roland Nutti, har redan engagerat omkring 50 deltagare i olika delar av norra Norrbotten.<\/span><span data-ccp-props=\"{&quot;134233117&quot;:false,&quot;134233118&quot;:false,&quot;335559738&quot;:240,&quot;335559739&quot;:240}\">\u00a0<\/span><\/p>\n<p><span data-contrast=\"auto\">Genom samarbeten med bland andra PRO och lokala f\u00f6reningar har tr\u00e4ffar arrangerats i Jokkmokk, G\u00e4llivare, Hakkas, Pajala, Vuollerim och Kiruna. I Kiruna h\u00f6lls dessutom ett \u00f6ppet arrangemang f\u00f6r allm\u00e4nheten.<\/span><span data-ccp-props=\"{&quot;134233117&quot;:false,&quot;134233118&quot;:false,&quot;335559738&quot;:240,&quot;335559739&quot;:240}\">\u00a0<\/span><\/p>\n<p><span data-contrast=\"auto\">Syftet \u00e4r att minska det digitala utanf\u00f6rskap som m\u00e5nga \u00e4ldre upplever. I en region d\u00e4r avst\u00e5nden \u00e4r stora och v\u00e4dret ibland s\u00e4tter stopp f\u00f6r resor blir digital kompetens en f\u00f6ruts\u00e4ttning f\u00f6r delaktighet i samh\u00e4lls- och f\u00f6reningsliv. Som Roland uttrycker det:<\/span><br \/>\n<i><span data-contrast=\"auto\">\u2013 Den digitala utvecklingen har g\u00e5tt v\u00e4ldigt fort och m\u00e5nga \u00e4ldre k\u00e4nner sig utanf\u00f6r. V\u00e5ra tr\u00e4ffar ger kunskap, trygghet och m\u00f6jlighet att h\u00e4nga med i v\u00e5r samtid.<\/span><\/i><span data-ccp-props=\"{&quot;134233117&quot;:false,&quot;134233118&quot;:false,&quot;335559738&quot;:240,&quot;335559739&quot;:240}\">\u00a0<\/span><\/p>\n<p><span data-contrast=\"auto\">Kurserna har haft fokus p\u00e5 praktisk vardagsanv\u00e4ndning av mobil och surfplatta \u2013 som bank\u00e4renden, Swish, myndighetskontakter, parkeringsappar, e-post och digitala brevl\u00e5dor som Kivra. Ett pass \u00e4gnas \u00e5t s\u00e4kerhet p\u00e5 n\u00e4tet och k\u00e4llkritik, medan andra handlar om att ladda ner och anv\u00e4nda appar. Deltagarnas fr\u00e5gor styr ofta samtalen, och inneh\u00e5llet anpassas efter behov och niv\u00e5.<\/span><span data-ccp-props=\"{&quot;134233117&quot;:false,&quot;134233118&quot;:false,&quot;335559738&quot;:240,&quot;335559739&quot;:240}\">\u00a0<\/span><\/p>\n<p><span data-contrast=\"auto\">Intresset \u00e4r stort, och till h\u00f6sten planeras \u00e4ven kurser i att filma och redigera bilder \u2013 n\u00e5got m\u00e5nga efterfr\u00e5gat.<\/span><span data-ccp-props=\"{&quot;134233117&quot;:false,&quot;134233118&quot;:false,&quot;335559738&quot;:240,&quot;335559739&quot;:240}\">\u00a0<\/span><\/p>\n<p><span data-contrast=\"auto\">N\u00e4sta aktivitet sker i Kiruna, d\u00e4r ABF Norr bjuder in till <\/span><b><span data-contrast=\"auto\">Seniorsurf<\/span><\/b><span data-contrast=\"auto\">. Mer information och anm\u00e4lan hittar du h\u00e4r nedanf\u00f6r.<\/span><\/p>\n\n    <\/div>\n<\/div>\n<div\n    class=\"acf-article-cta-link-block article-container my-8\"\n    data-block=\"article-cta-link-block\"\n>\n<div>\n    <a class=\"inline-flex flex-row items-center gap-4 text-link underline text-red-dark\"\n        href=\"https:\/\/www.abf.se\/norr\/kurs\/seniorsurf-kiruna-3861975\/\"\n            >\n        <span class=\"\">\n        L\u00e4s mer och anm\u00e4l dig till Seniorsurf\n        <\/span>\n        <figure aria-hidden=\"true\" class=\"rounded-full bg-red-dark w-8 h-8 p-1 text-white\">\n            <svg width=\"20\" height=\"20\" viewBox=\"0 0 20 20\" fill=\"none\" class=\"SvgIconElement\">\n<path d=\"M4.16659 10L15.8333 10\" stroke=\"currentColor\"\/>\n<path d=\"M9.99992 4.1665L15.8333 9.99984L9.99992 15.8332\" stroke=\"currentColor\"\/>\n<\/svg>\n        <\/figure>\n    <\/a>\n<\/div>\n<\/div>\n","protected":false},"featured_media":0,"parent":0,"menu_order":0,"template":"","categories":[],"class_list":["post-2097","news-article","type-news-article","status-publish","hentry"],"acf":[],"yoast_head":"<!-- This site is optimized with the Yoast SEO plugin v27.0 - https:\/\/yoast.com\/product\/yoast-seo-wordpress\/ -->\n<title>Fr\u00e5n ensamhet till digital gemenskap\u00a0 - Norr<\/title>\n<meta name=\"robots\" content=\"index, follow, max-snippet:-1, max-image-preview:large, max-video-preview:-1\" \/>\n<link rel=\"canonical\" href=\"https:\/\/www.abf.se\/norr\/nyheter\/fran-ensamhet-till-digital-gemenskap\/\" \/>\n<meta property=\"og:locale\" content=\"sv_SE\" \/>\n<meta property=\"og:type\" content=\"article\" \/>\n<meta property=\"og:title\" content=\"Fr\u00e5n ensamhet till digital gemenskap\u00a0 - Norr\" \/>\n<meta property=\"og:url\" content=\"https:\/\/www.abf.se\/norr\/nyheter\/fran-ensamhet-till-digital-gemenskap\/\" \/>\n<meta property=\"og:site_name\" content=\"Norr\" \/>\n<meta property=\"og:image\" content=\"https:\/\/www.abf.se\/wp-content\/uploads\/sites\/37\/2024\/03\/5-1.png\" \/>\n\t<meta property=\"og:image:width\" content=\"682\" \/>\n\t<meta property=\"og:image:height\" content=\"601\" \/>\n\t<meta property=\"og:image:type\" content=\"image\/png\" \/>\n<meta name=\"twitter:card\" content=\"summary_large_image\" \/>\n<script type=\"application\/ld+json\" class=\"yoast-schema-graph\">{\"@context\":\"https:\/\/schema.org\",\"@graph\":[{\"@type\":\"WebPage\",\"@id\":\"https:\/\/www.abf.se\/norr\/nyheter\/fran-ensamhet-till-digital-gemenskap\/\",\"url\":\"https:\/\/www.abf.se\/norr\/nyheter\/fran-ensamhet-till-digital-gemenskap\/\",\"name\":\"Fr\u00e5n ensamhet till digital gemenskap\u00a0 - Norr\",\"isPartOf\":{\"@id\":\"https:\/\/www.abf.se\/norr\/#website\"},\"datePublished\":\"2025-08-21T06:53:25+00:00\",\"breadcrumb\":{\"@id\":\"https:\/\/www.abf.se\/norr\/nyheter\/fran-ensamhet-till-digital-gemenskap\/#breadcrumb\"},\"inLanguage\":\"sv-SE\",\"potentialAction\":[{\"@type\":\"ReadAction\",\"target\":[\"https:\/\/www.abf.se\/norr\/nyheter\/fran-ensamhet-till-digital-gemenskap\/\"]}]},{\"@type\":\"BreadcrumbList\",\"@id\":\"https:\/\/www.abf.se\/norr\/nyheter\/fran-ensamhet-till-digital-gemenskap\/#breadcrumb\",\"itemListElement\":[{\"@type\":\"ListItem\",\"position\":1,\"name\":\"Home\",\"item\":\"https:\/\/www.abf.se\/norr\/\"},{\"@type\":\"ListItem\",\"position\":2,\"name\":\"Nyheter\",\"item\":\"https:\/\/www.abf.se\/norr\/nyheter\/\"},{\"@type\":\"ListItem\",\"position\":3,\"name\":\"Fr\u00e5n ensamhet till digital gemenskap\u00a0\"}]},{\"@type\":\"WebSite\",\"@id\":\"https:\/\/www.abf.se\/norr\/#website\",\"url\":\"https:\/\/www.abf.se\/norr\/\",\"name\":\"Norr\",\"description\":\"\",\"potentialAction\":[{\"@type\":\"SearchAction\",\"target\":{\"@type\":\"EntryPoint\",\"urlTemplate\":\"https:\/\/www.abf.se\/norr\/?s={search_term_string}\"},\"query-input\":{\"@type\":\"PropertyValueSpecification\",\"valueRequired\":true,\"valueName\":\"search_term_string\"}}],\"inLanguage\":\"sv-SE\"}]}<\/script>\n<!-- \/ Yoast SEO plugin. -->","yoast_head_json":{"title":"Fr\u00e5n ensamhet till digital gemenskap\u00a0 - Norr","robots":{"index":"index","follow":"follow","max-snippet":"max-snippet:-1","max-image-preview":"max-image-preview:large","max-video-preview":"max-video-preview:-1"},"canonical":"https:\/\/www.abf.se\/norr\/nyheter\/fran-ensamhet-till-digital-gemenskap\/","og_locale":"sv_SE","og_type":"article","og_title":"Fr\u00e5n ensamhet till digital gemenskap\u00a0 - Norr","og_url":"https:\/\/www.abf.se\/norr\/nyheter\/fran-ensamhet-till-digital-gemenskap\/","og_site_name":"Norr","og_image":[{"width":682,"height":601,"url":"https:\/\/www.abf.se\/wp-content\/uploads\/sites\/37\/2024\/03\/5-1.png","type":"image\/png"}],"twitter_card":"summary_large_image","schema":{"@context":"https:\/\/schema.org","@graph":[{"@type":"WebPage","@id":"https:\/\/www.abf.se\/norr\/nyheter\/fran-ensamhet-till-digital-gemenskap\/","url":"https:\/\/www.abf.se\/norr\/nyheter\/fran-ensamhet-till-digital-gemenskap\/","name":"Fr\u00e5n ensamhet till digital gemenskap\u00a0 - Norr","isPartOf":{"@id":"https:\/\/www.abf.se\/norr\/#website"},"datePublished":"2025-08-21T06:53:25+00:00","breadcrumb":{"@id":"https:\/\/www.abf.se\/norr\/nyheter\/fran-ensamhet-till-digital-gemenskap\/#breadcrumb"},"inLanguage":"sv-SE","potentialAction":[{"@type":"ReadAction","target":["https:\/\/www.abf.se\/norr\/nyheter\/fran-ensamhet-till-digital-gemenskap\/"]}]},{"@type":"BreadcrumbList","@id":"https:\/\/www.abf.se\/norr\/nyheter\/fran-ensamhet-till-digital-gemenskap\/#breadcrumb","itemListElement":[{"@type":"ListItem","position":1,"name":"Home","item":"https:\/\/www.abf.se\/norr\/"},{"@type":"ListItem","position":2,"name":"Nyheter","item":"https:\/\/www.abf.se\/norr\/nyheter\/"},{"@type":"ListItem","position":3,"name":"Fr\u00e5n ensamhet till digital gemenskap\u00a0"}]},{"@type":"WebSite","@id":"https:\/\/www.abf.se\/norr\/#website","url":"https:\/\/www.abf.se\/norr\/","name":"Norr","description":"","potentialAction":[{"@type":"SearchAction","target":{"@type":"EntryPoint","urlTemplate":"https:\/\/www.abf.se\/norr\/?s={search_term_string}"},"query-input":{"@type":"PropertyValueSpecification","valueRequired":true,"valueName":"search_term_string"}}],"inLanguage":"sv-SE"}]}},"_links":{"self":[{"href":"https:\/\/www.abf.se\/norr\/wp-json\/wp\/v2\/news-article\/2097","targetHints":{"allow":["GET"]}}],"collection":[{"href":"https:\/\/www.abf.se\/norr\/wp-json\/wp\/v2\/news-article"}],"about":[{"href":"https:\/\/www.abf.se\/norr\/wp-json\/wp\/v2\/types\/news-article"}],"wp:attachment":[{"href":"https:\/\/www.abf.se\/norr\/wp-json\/wp\/v2\/media?parent=2097"}],"wp:term":[{"taxonomy":"category","embeddable":true,"href":"https:\/\/www.abf.se\/norr\/wp-json\/wp\/v2\/categories?post=2097"}],"curies":[{"name":"wp","href":"https:\/\/api.w.org\/{rel}","templated":true}]}}