{"id":2249,"date":"2025-10-03T13:31:50","date_gmt":"2025-10-03T11:31:50","guid":{"rendered":"https:\/\/www.abf.se\/norr\/?post_type=news-article&#038;p=2249"},"modified":"2025-10-08T17:53:13","modified_gmt":"2025-10-08T15:53:13","slug":"forfattarsamtal-med-peter-hultqvist-nar-allt-forandras","status":"publish","type":"news-article","link":"https:\/\/www.abf.se\/norr\/nyheter\/forfattarsamtal-med-peter-hultqvist-nar-allt-forandras\/","title":{"rendered":"F\u00f6rfattarsamtal med Peter Hultqvist den 13 oktober"},"content":{"rendered":"<div\n    class=\"acf-article-text-block article-container my-12\"\n    data-block=\"article-text-block\"\n>\n    <div class=\"wysiwyg\">\n        <p data-start=\"319\" data-end=\"566\">M\u00e5ndag den 13 oktober g\u00e4stas ABF Norr Lule\u00e5 av Peter Hultqvist, f\u00f6rsvarsutskottets ordf\u00f6rande och tidigare f\u00f6rsvarsminister (2014\u20132022), som samtalar med Olov Abrahamsson, f\u00f6re detta politisk redakt\u00f6r p\u00e5 NSD, om den nya boken <em data-start=\"545\" data-end=\"565\">N\u00e4r allt f\u00f6r\u00e4ndras<\/em>.<\/p>\n<p data-start=\"568\" data-end=\"725\">Samtalet belyser Sveriges s\u00e4kerhetspolitiska skifte, omv\u00e4rldens f\u00f6r\u00e4ndring och hur vi som samh\u00e4lle p\u00e5verkas n\u00e4r grunden f\u00f6r v\u00e5r f\u00f6rsvarspolitik omf\u00f6rhandlas.<\/p>\n<h3 data-start=\"727\" data-end=\"750\">\ud83d\uddd3\ufe0f Datum och tid<\/h3>\n<p data-start=\"751\" data-end=\"794\"><strong data-start=\"751\" data-end=\"772\">M\u00e5ndag 13 oktober<\/strong><br data-start=\"772\" data-end=\"775\" \/><strong data-start=\"775\" data-end=\"794\">Kl. 18.00\u201319.00<\/strong><\/p>\n<h3 data-start=\"796\" data-end=\"810\">\ud83d\udccd Plats<\/h3>\n<p data-start=\"811\" data-end=\"928\"><strong data-start=\"811\" data-end=\"843\">Sunda m\u00f6ten \u2013 ABF Norr Lule\u00e5<\/strong><br data-start=\"843\" data-end=\"846\" \/>Mellan Gula paviljongen och K\u00f6pmantorget<br data-start=\"886\" data-end=\"889\" \/>(Storgatan 42B \/ K\u00f6pmantorget 7, Lule\u00e5)<\/p>\n<h3 data-start=\"930\" data-end=\"972\">\ud83c\udf9f\ufe0f Fri entr\u00e9 \u2013 ingen f\u00f6ranm\u00e4lan kr\u00e4vs<\/h3>\n<p data-start=\"974\" data-end=\"1076\">Efter samtalet finns m\u00f6jlighet att k\u00f6pa boken <em data-start=\"1020\" data-end=\"1040\">N\u00e4r allt f\u00f6r\u00e4ndras<\/em> och f\u00e5 den signerad av f\u00f6rfattaren.<\/p>\n<hr data-start=\"1078\" data-end=\"1081\" \/>\n<h3 data-start=\"1083\" data-end=\"1096\">Hitta hit<\/h3>\n<p data-start=\"1098\" data-end=\"1245\"><strong data-start=\"1098\" data-end=\"1107\">Buss:<\/strong><br data-start=\"1107\" data-end=\"1110\" \/>N\u00e4rmaste h\u00e5llplats \u00e4r <strong data-start=\"1132\" data-end=\"1147\">Smedjegatan<\/strong>. Samtliga LLT:s busslinjer passerar d\u00e4r. Se tidtabell p\u00e5 <a class=\"decorated-link\" href=\"https:\/\/www.llt.lulea.se\" target=\"_new\" rel=\"noopener\" data-start=\"1205\" data-end=\"1245\">llt.lulea.se<\/a><\/p>\n<p data-start=\"1247\" data-end=\"1380\"><strong data-start=\"1247\" data-end=\"1261\">Parkering:<\/strong><br data-start=\"1261\" data-end=\"1264\" \/>N\u00e4rmaste parkeringsgarage \u00e4r <strong data-start=\"1293\" data-end=\"1303\">Karpen<\/strong> (Sandviksgatan 63). Det finns \u00e4ven flera parkeringsm\u00f6jligheter i n\u00e4romr\u00e5det.<\/p>\n<hr data-start=\"1382\" data-end=\"1385\" \/>\n<p data-start=\"1387\" data-end=\"1477\"><strong data-start=\"1387\" data-end=\"1403\">\ud83d\udcda Arrang\u00f6r:<\/strong><br data-start=\"1403\" data-end=\"1406\" \/>Evenemanget anordnas av <strong data-start=\"1430\" data-end=\"1456\">Tankesmedjan Nova Norr<\/strong>, en del av ABF Norr.<\/p>\n\n    <\/div>\n<\/div>\n","protected":false},"featured_media":0,"parent":0,"menu_order":0,"template":"","categories":[],"class_list":["post-2249","news-article","type-news-article","status-publish","hentry"],"acf":[],"yoast_head":"<!-- This site is optimized with the Yoast SEO plugin v27.0 - https:\/\/yoast.com\/product\/yoast-seo-wordpress\/ -->\n<title>F\u00f6rfattarsamtal med Peter Hultqvist den 13 oktober - Norr<\/title>\n<meta name=\"description\" content=\"V\u00e4lkommen till ett f\u00f6rfattarsamtal med Peter Hultqvist i Lule\u00e5 den 13 oktober. Ett angel\u00e4get samtal om Sveriges v\u00e4g in i Nato och v\u00e5r f\u00f6r\u00e4ndrade s\u00e4kerhetspolitik. Fri entr\u00e9 \u2013 ingen f\u00f6ranm\u00e4lan kr\u00e4vs.\" \/>\n<meta name=\"robots\" content=\"index, follow, max-snippet:-1, max-image-preview:large, max-video-preview:-1\" \/>\n<link rel=\"canonical\" href=\"https:\/\/www.abf.se\/norr\/nyheter\/forfattarsamtal-med-peter-hultqvist-nar-allt-forandras\/\" \/>\n<meta property=\"og:locale\" content=\"sv_SE\" \/>\n<meta property=\"og:type\" content=\"article\" \/>\n<meta property=\"og:title\" content=\"F\u00f6rfattarsamtal med Peter Hultqvist den 13 oktober - Norr\" \/>\n<meta property=\"og:description\" content=\"V\u00e4lkommen till ett f\u00f6rfattarsamtal med Peter Hultqvist i Lule\u00e5 den 13 oktober. Ett angel\u00e4get samtal om Sveriges v\u00e4g in i Nato och v\u00e5r f\u00f6r\u00e4ndrade s\u00e4kerhetspolitik. Fri entr\u00e9 \u2013 ingen f\u00f6ranm\u00e4lan kr\u00e4vs.\" \/>\n<meta property=\"og:url\" content=\"https:\/\/www.abf.se\/norr\/nyheter\/forfattarsamtal-med-peter-hultqvist-nar-allt-forandras\/\" \/>\n<meta property=\"og:site_name\" content=\"Norr\" \/>\n<meta property=\"article:modified_time\" content=\"2025-10-08T15:53:13+00:00\" \/>\n<meta property=\"og:image\" content=\"https:\/\/www.abf.se\/wp-content\/uploads\/sites\/37\/2024\/03\/5-1.png\" \/>\n\t<meta property=\"og:image:width\" content=\"682\" \/>\n\t<meta property=\"og:image:height\" content=\"601\" \/>\n\t<meta property=\"og:image:type\" content=\"image\/png\" \/>\n<meta name=\"twitter:card\" content=\"summary_large_image\" \/>\n<script type=\"application\/ld+json\" class=\"yoast-schema-graph\">{\"@context\":\"https:\/\/schema.org\",\"@graph\":[{\"@type\":\"WebPage\",\"@id\":\"https:\/\/www.abf.se\/norr\/nyheter\/forfattarsamtal-med-peter-hultqvist-nar-allt-forandras\/\",\"url\":\"https:\/\/www.abf.se\/norr\/nyheter\/forfattarsamtal-med-peter-hultqvist-nar-allt-forandras\/\",\"name\":\"F\u00f6rfattarsamtal med Peter Hultqvist den 13 oktober - Norr\",\"isPartOf\":{\"@id\":\"https:\/\/www.abf.se\/norr\/#website\"},\"datePublished\":\"2025-10-03T11:31:50+00:00\",\"dateModified\":\"2025-10-08T15:53:13+00:00\",\"description\":\"V\u00e4lkommen till ett f\u00f6rfattarsamtal med Peter Hultqvist i Lule\u00e5 den 13 oktober. Ett angel\u00e4get samtal om Sveriges v\u00e4g in i Nato och v\u00e5r f\u00f6r\u00e4ndrade s\u00e4kerhetspolitik. Fri entr\u00e9 \u2013 ingen f\u00f6ranm\u00e4lan kr\u00e4vs.\",\"breadcrumb\":{\"@id\":\"https:\/\/www.abf.se\/norr\/nyheter\/forfattarsamtal-med-peter-hultqvist-nar-allt-forandras\/#breadcrumb\"},\"inLanguage\":\"sv-SE\",\"potentialAction\":[{\"@type\":\"ReadAction\",\"target\":[\"https:\/\/www.abf.se\/norr\/nyheter\/forfattarsamtal-med-peter-hultqvist-nar-allt-forandras\/\"]}]},{\"@type\":\"BreadcrumbList\",\"@id\":\"https:\/\/www.abf.se\/norr\/nyheter\/forfattarsamtal-med-peter-hultqvist-nar-allt-forandras\/#breadcrumb\",\"itemListElement\":[{\"@type\":\"ListItem\",\"position\":1,\"name\":\"Home\",\"item\":\"https:\/\/www.abf.se\/norr\/\"},{\"@type\":\"ListItem\",\"position\":2,\"name\":\"Nyheter\",\"item\":\"https:\/\/www.abf.se\/norr\/nyheter\/\"},{\"@type\":\"ListItem\",\"position\":3,\"name\":\"F\u00f6rfattarsamtal med Peter Hultqvist den 13 oktober\"}]},{\"@type\":\"WebSite\",\"@id\":\"https:\/\/www.abf.se\/norr\/#website\",\"url\":\"https:\/\/www.abf.se\/norr\/\",\"name\":\"Norr\",\"description\":\"\",\"potentialAction\":[{\"@type\":\"SearchAction\",\"target\":{\"@type\":\"EntryPoint\",\"urlTemplate\":\"https:\/\/www.abf.se\/norr\/?s={search_term_string}\"},\"query-input\":{\"@type\":\"PropertyValueSpecification\",\"valueRequired\":true,\"valueName\":\"search_term_string\"}}],\"inLanguage\":\"sv-SE\"}]}<\/script>\n<!-- \/ Yoast SEO plugin. -->","yoast_head_json":{"title":"F\u00f6rfattarsamtal med Peter Hultqvist den 13 oktober - Norr","description":"V\u00e4lkommen till ett f\u00f6rfattarsamtal med Peter Hultqvist i Lule\u00e5 den 13 oktober. Ett angel\u00e4get samtal om Sveriges v\u00e4g in i Nato och v\u00e5r f\u00f6r\u00e4ndrade s\u00e4kerhetspolitik. Fri entr\u00e9 \u2013 ingen f\u00f6ranm\u00e4lan kr\u00e4vs.","robots":{"index":"index","follow":"follow","max-snippet":"max-snippet:-1","max-image-preview":"max-image-preview:large","max-video-preview":"max-video-preview:-1"},"canonical":"https:\/\/www.abf.se\/norr\/nyheter\/forfattarsamtal-med-peter-hultqvist-nar-allt-forandras\/","og_locale":"sv_SE","og_type":"article","og_title":"F\u00f6rfattarsamtal med Peter Hultqvist den 13 oktober - Norr","og_description":"V\u00e4lkommen till ett f\u00f6rfattarsamtal med Peter Hultqvist i Lule\u00e5 den 13 oktober. Ett angel\u00e4get samtal om Sveriges v\u00e4g in i Nato och v\u00e5r f\u00f6r\u00e4ndrade s\u00e4kerhetspolitik. Fri entr\u00e9 \u2013 ingen f\u00f6ranm\u00e4lan kr\u00e4vs.","og_url":"https:\/\/www.abf.se\/norr\/nyheter\/forfattarsamtal-med-peter-hultqvist-nar-allt-forandras\/","og_site_name":"Norr","article_modified_time":"2025-10-08T15:53:13+00:00","og_image":[{"width":682,"height":601,"url":"https:\/\/www.abf.se\/wp-content\/uploads\/sites\/37\/2024\/03\/5-1.png","type":"image\/png"}],"twitter_card":"summary_large_image","schema":{"@context":"https:\/\/schema.org","@graph":[{"@type":"WebPage","@id":"https:\/\/www.abf.se\/norr\/nyheter\/forfattarsamtal-med-peter-hultqvist-nar-allt-forandras\/","url":"https:\/\/www.abf.se\/norr\/nyheter\/forfattarsamtal-med-peter-hultqvist-nar-allt-forandras\/","name":"F\u00f6rfattarsamtal med Peter Hultqvist den 13 oktober - Norr","isPartOf":{"@id":"https:\/\/www.abf.se\/norr\/#website"},"datePublished":"2025-10-03T11:31:50+00:00","dateModified":"2025-10-08T15:53:13+00:00","description":"V\u00e4lkommen till ett f\u00f6rfattarsamtal med Peter Hultqvist i Lule\u00e5 den 13 oktober. Ett angel\u00e4get samtal om Sveriges v\u00e4g in i Nato och v\u00e5r f\u00f6r\u00e4ndrade s\u00e4kerhetspolitik. Fri entr\u00e9 \u2013 ingen f\u00f6ranm\u00e4lan kr\u00e4vs.","breadcrumb":{"@id":"https:\/\/www.abf.se\/norr\/nyheter\/forfattarsamtal-med-peter-hultqvist-nar-allt-forandras\/#breadcrumb"},"inLanguage":"sv-SE","potentialAction":[{"@type":"ReadAction","target":["https:\/\/www.abf.se\/norr\/nyheter\/forfattarsamtal-med-peter-hultqvist-nar-allt-forandras\/"]}]},{"@type":"BreadcrumbList","@id":"https:\/\/www.abf.se\/norr\/nyheter\/forfattarsamtal-med-peter-hultqvist-nar-allt-forandras\/#breadcrumb","itemListElement":[{"@type":"ListItem","position":1,"name":"Home","item":"https:\/\/www.abf.se\/norr\/"},{"@type":"ListItem","position":2,"name":"Nyheter","item":"https:\/\/www.abf.se\/norr\/nyheter\/"},{"@type":"ListItem","position":3,"name":"F\u00f6rfattarsamtal med Peter Hultqvist den 13 oktober"}]},{"@type":"WebSite","@id":"https:\/\/www.abf.se\/norr\/#website","url":"https:\/\/www.abf.se\/norr\/","name":"Norr","description":"","potentialAction":[{"@type":"SearchAction","target":{"@type":"EntryPoint","urlTemplate":"https:\/\/www.abf.se\/norr\/?s={search_term_string}"},"query-input":{"@type":"PropertyValueSpecification","valueRequired":true,"valueName":"search_term_string"}}],"inLanguage":"sv-SE"}]}},"_links":{"self":[{"href":"https:\/\/www.abf.se\/norr\/wp-json\/wp\/v2\/news-article\/2249","targetHints":{"allow":["GET"]}}],"collection":[{"href":"https:\/\/www.abf.se\/norr\/wp-json\/wp\/v2\/news-article"}],"about":[{"href":"https:\/\/www.abf.se\/norr\/wp-json\/wp\/v2\/types\/news-article"}],"wp:attachment":[{"href":"https:\/\/www.abf.se\/norr\/wp-json\/wp\/v2\/media?parent=2249"}],"wp:term":[{"taxonomy":"category","embeddable":true,"href":"https:\/\/www.abf.se\/norr\/wp-json\/wp\/v2\/categories?post=2249"}],"curies":[{"name":"wp","href":"https:\/\/api.w.org\/{rel}","templated":true}]}}