{"id":2345,"date":"2025-10-27T11:25:38","date_gmt":"2025-10-27T10:25:38","guid":{"rendered":"https:\/\/www.abf.se\/norr\/?post_type=news-article&#038;p=2345"},"modified":"2025-10-27T11:25:38","modified_gmt":"2025-10-27T10:25:38","slug":"norrganisering-starker-den-fackliga-folkbildningen-i-norrbotten","status":"publish","type":"news-article","link":"https:\/\/www.abf.se\/norr\/nyheter\/norrganisering-starker-den-fackliga-folkbildningen-i-norrbotten\/","title":{"rendered":"Norrganisering st\u00e4rker den fackliga folkbildningen i Norrbotten\u00a0"},"content":{"rendered":"<div\n    class=\"acf-article-text-block article-container my-12\"\n    data-block=\"article-text-block\"\n>\n    <div class=\"wysiwyg\">\n        <p>N\u00e4r Emilia Vonkavaara b\u00f6rjade sitt nya uppdrag som projektledare i augusti var m\u00e5let tydligt: att bygga upp en levande tv\u00e4rfacklig utbildningsverksamhet i Norrbotten.<\/p>\n<p>\u2013 <i>Vi vill g\u00f6ra det l\u00e4ttare f\u00f6r medlemmar i olika fackf\u00f6rbund att m\u00f6tas och l\u00e4ra tillsammans. N\u00e4r m\u00e4nniskor fr\u00e5n olika yrken samlas i samma rum h\u00e4nder n\u00e5got speciellt \u2013 det blir en helt annan diskussion om arbetslivet och samh\u00e4llet<\/i>, s\u00e4ger Emilia.<\/p>\n<p>Projektet \u00e4r ett samarbete mellan ABF Norr, ABF V\u00e4sterbotten och LO. I V\u00e4sterbotten har tv\u00e4rfackliga utbildningar p\u00e5g\u00e5tt i flera \u00e5r \u2013 nu ska erfarenheterna tas vidare norrut.<\/p>\n<h3>En eldsj\u00e4l med hj\u00e4rta f\u00f6r folkbildning<\/h3>\n<p>Emilia bor i Lule\u00e5 och beskriver sig sj\u00e4lv som b\u00e5de nyfiken och engagerad \u2013 en person som gillar m\u00f6ten mellan m\u00e4nniskor och id\u00e9er. Hon har tidigare arbetat som l\u00e4rare och varit skyddsombud inom skolan, men det h\u00e4r \u00e4r hennes f\u00f6rsta jobb inom arbetarr\u00f6relsen.<\/p>\n<p>\u2013 Det \u00e4r en helt ny v\u00e4rld f\u00f6r mig, och jag \u00e4lskar det! Att f\u00e5 vara med och se hur folkbildningen faktiskt g\u00f6r skillnad, det \u00e4r otroligt inspirerande, s\u00e4ger hon.<\/p>\n<p>Utanf\u00f6r jobbet hittar man Emilia p\u00e5 Lule\u00e5 Hockeys hemmamatcher, d\u00e4r hon och hennes br\u00f6der har s\u00e4songskort \u2013 n\u00e5got hon beskriver som \u201dheligt familjeh\u00e4ng\u201d. Hon \u00e4r dessutom faster till tio syskonbarn, vilket hon skrattar och s\u00e4ger \u00e4r \u201dett heltidsjobb i sig\u201d.<\/p>\n<h3>Folkbildning i praktiken<\/h3>\n<p>Utbildningarna bygger p\u00e5 folkbildningens pedagogik: samtal, erfarenhetsutbyte och gemensamt l\u00e4rande. Deltagarna tar lika mycket l\u00e4rdom av varandra som av utbildningsledaren.<br \/>\n\u2013 Det \u00e4r fantastiskt att se hur deltagarna hittar l\u00f6sningar tillsammans. De g\u00e5r hem fulla av id\u00e9er om hur de kan f\u00f6rb\u00e4ttra sin arbetsplats, ber\u00e4ttar Emilia.<\/p>\n<p><span data-contrast=\"auto\">Utbildningarna planeras d\u00e4r efterfr\u00e5gan finns \u2013 och kommer att genomf\u00f6ras runt om i hela Norrbotten.<\/span><span data-ccp-props=\"{&quot;134233117&quot;:false,&quot;134233118&quot;:false,&quot;335551550&quot;:0,&quot;335551620&quot;:0,&quot;335559738&quot;:240,&quot;335559739&quot;:240}\">\u00a0<\/span><\/p>\n\n    <\/div>\n<\/div>\n<blockquote\n    class=\"acf-article-quote-block quote-container article-container\"\n    data-block=\"article-quote-block\"\n>\n\n    <div\n        class=\"quote-content\"\n    >\n    \n    <div class=\"quote-text-container\">\n        <div class=\"quote-text-subgrid\">\n        <p class=\"quote-text\">\n            &#8221;Det handlar inte om att kunna allt, utan om att skapa samtal d\u00e4r alla v\u00e4xer tillsammans. Det \u00e4r folkbildning p\u00e5 riktigt.&#8221;\n        <\/p>\n                <footer>\n                        <p class=\"quote-name\">\n                Emilia Vonkavaara\n            <\/p>\n                                    <p class=\"quote-title\">\n                Projektledare f\u00f6r Norrganisering \n            <\/p>\n                    <\/footer>\n\n                <\/div>\n    <\/div>\n\n    <\/div>\n\n<\/blockquote>\n\n<div\n    class=\"acf-article-text-block article-container my-12\"\n    data-block=\"article-text-block\"\n>\n    <div class=\"wysiwyg\">\n        <h3>Behov av fler utbildare i Norrbotten<\/h3>\n<p>F\u00f6r att verksamheten ska kunna v\u00e4xa beh\u00f6vs fler handledare \u2013 f\u00f6rtroendevalda inom olika f\u00f6rbund som vill utbilda andra.<br \/>\n\u2013 Jag s\u00f6ker just nu fler som vill bli utbildare. I V\u00e4sterbotten har vi sexton handledare \u2013 m\u00e5let \u00e4r att n\u00e5 samma niv\u00e5 h\u00e4r i Norrbotten, s\u00e4ger Emilia.<\/p>\n<p>Att bli handledare inneb\u00e4r att man som f\u00f6rtroendevald h\u00e5ller i utbildningar f\u00f6r nya medlemmar eller nyvalda representanter p\u00e5 arbetsplatser. Det \u00e4r en chans att utvecklas som ledare och bidra till att st\u00e4rka hela den fackliga r\u00f6relsen.<\/p>\n<h3>H\u00e4r hittar du utbildningarna<\/h3>\n<p>Alla utbildningar inom projektet Norrganisering finns samlade p\u00e5 <a href=\"https:\/\/fackligastudier.se\/\">fackligastudier.se<\/a>.<br \/>\nD\u00e4r kan b\u00e5de f\u00f6rbund och enskilda medlemmar l\u00e4sa mer, anm\u00e4la sig \u2013 eller anm\u00e4la sitt intresse f\u00f6r att bli handledare.<\/p>\n<h3>Vill du veta mer?<\/h3>\n<p>\u00c4r du nyfiken p\u00e5 att bli handledare eller vill veta mer om de fackliga utbildningarna i Norrbotten?<br \/>\n\ud83d\udc49 Kontakta Emilia Vonkavaara, projektledare f\u00f6r Norrganisering.<br \/>\n<span data-contrast=\"auto\"> Och missa inte att bes\u00f6ka <\/span><a href=\"https:\/\/fackligastudier.se\/\"><b><span data-contrast=\"none\">fackligastudier.se<\/span><\/b><\/a><span data-contrast=\"auto\"> f\u00f6r att se aktuella utbildningar och anm\u00e4la dig direkt!<\/span><span data-ccp-props=\"{&quot;134233117&quot;:false,&quot;134233118&quot;:false,&quot;335551550&quot;:0,&quot;335551620&quot;:0,&quot;335559738&quot;:240,&quot;335559739&quot;:240}\">\u00a0<\/span><\/p>\n\n    <\/div>\n<\/div>\n<div\n    class=\"acf-article-cta-link-block article-container my-8\"\n    data-block=\"article-cta-link-block\"\n>\n<div>\n    <a class=\"inline-flex flex-row items-center gap-4 text-link underline text-red-dark\"\n        href=\"mailto:emilia.vonkavaara@abf.se\"\n                target=\"_blank\"\n            >\n        <span class=\"\">\n        Maila emilia.vonkavaara@abf.se\n        <\/span>\n        <figure aria-hidden=\"true\" class=\"rounded-full bg-red-dark w-8 h-8 p-1 text-white\">\n            <svg width=\"20\" height=\"20\" viewBox=\"0 0 20 20\" fill=\"none\" class=\"SvgIconElement\">\n<path d=\"M4.16659 10L15.8333 10\" stroke=\"currentColor\"\/>\n<path d=\"M9.99992 4.1665L15.8333 9.99984L9.99992 15.8332\" stroke=\"currentColor\"\/>\n<\/svg>\n        <\/figure>\n    <\/a>\n<\/div>\n<\/div>\n","protected":false},"featured_media":0,"parent":0,"menu_order":0,"template":"","categories":[],"class_list":["post-2345","news-article","type-news-article","status-publish","hentry"],"acf":[],"yoast_head":"<!-- This site is optimized with the Yoast SEO plugin v27.0 - https:\/\/yoast.com\/product\/yoast-seo-wordpress\/ -->\n<title>Norrganisering st\u00e4rker den fackliga folkbildningen i Norrbotten\u00a0 - Norr<\/title>\n<meta name=\"robots\" content=\"index, follow, max-snippet:-1, max-image-preview:large, max-video-preview:-1\" \/>\n<link rel=\"canonical\" href=\"https:\/\/www.abf.se\/norr\/nyheter\/norrganisering-starker-den-fackliga-folkbildningen-i-norrbotten\/\" \/>\n<meta property=\"og:locale\" content=\"sv_SE\" \/>\n<meta property=\"og:type\" content=\"article\" \/>\n<meta property=\"og:title\" content=\"Norrganisering st\u00e4rker den fackliga folkbildningen i Norrbotten\u00a0 - Norr\" \/>\n<meta property=\"og:url\" content=\"https:\/\/www.abf.se\/norr\/nyheter\/norrganisering-starker-den-fackliga-folkbildningen-i-norrbotten\/\" \/>\n<meta property=\"og:site_name\" content=\"Norr\" \/>\n<meta property=\"og:image\" content=\"https:\/\/www.abf.se\/wp-content\/uploads\/sites\/37\/2024\/03\/5-1.png\" \/>\n\t<meta property=\"og:image:width\" content=\"682\" \/>\n\t<meta property=\"og:image:height\" content=\"601\" \/>\n\t<meta property=\"og:image:type\" content=\"image\/png\" \/>\n<meta name=\"twitter:card\" content=\"summary_large_image\" \/>\n<script type=\"application\/ld+json\" class=\"yoast-schema-graph\">{\"@context\":\"https:\/\/schema.org\",\"@graph\":[{\"@type\":\"WebPage\",\"@id\":\"https:\/\/www.abf.se\/norr\/nyheter\/norrganisering-starker-den-fackliga-folkbildningen-i-norrbotten\/\",\"url\":\"https:\/\/www.abf.se\/norr\/nyheter\/norrganisering-starker-den-fackliga-folkbildningen-i-norrbotten\/\",\"name\":\"Norrganisering st\u00e4rker den fackliga folkbildningen i Norrbotten\u00a0 - Norr\",\"isPartOf\":{\"@id\":\"https:\/\/www.abf.se\/norr\/#website\"},\"datePublished\":\"2025-10-27T10:25:38+00:00\",\"breadcrumb\":{\"@id\":\"https:\/\/www.abf.se\/norr\/nyheter\/norrganisering-starker-den-fackliga-folkbildningen-i-norrbotten\/#breadcrumb\"},\"inLanguage\":\"sv-SE\",\"potentialAction\":[{\"@type\":\"ReadAction\",\"target\":[\"https:\/\/www.abf.se\/norr\/nyheter\/norrganisering-starker-den-fackliga-folkbildningen-i-norrbotten\/\"]}]},{\"@type\":\"BreadcrumbList\",\"@id\":\"https:\/\/www.abf.se\/norr\/nyheter\/norrganisering-starker-den-fackliga-folkbildningen-i-norrbotten\/#breadcrumb\",\"itemListElement\":[{\"@type\":\"ListItem\",\"position\":1,\"name\":\"Home\",\"item\":\"https:\/\/www.abf.se\/norr\/\"},{\"@type\":\"ListItem\",\"position\":2,\"name\":\"Nyheter\",\"item\":\"https:\/\/www.abf.se\/norr\/nyheter\/\"},{\"@type\":\"ListItem\",\"position\":3,\"name\":\"Norrganisering st\u00e4rker den fackliga folkbildningen i Norrbotten\u00a0\"}]},{\"@type\":\"WebSite\",\"@id\":\"https:\/\/www.abf.se\/norr\/#website\",\"url\":\"https:\/\/www.abf.se\/norr\/\",\"name\":\"Norr\",\"description\":\"\",\"potentialAction\":[{\"@type\":\"SearchAction\",\"target\":{\"@type\":\"EntryPoint\",\"urlTemplate\":\"https:\/\/www.abf.se\/norr\/?s={search_term_string}\"},\"query-input\":{\"@type\":\"PropertyValueSpecification\",\"valueRequired\":true,\"valueName\":\"search_term_string\"}}],\"inLanguage\":\"sv-SE\"}]}<\/script>\n<!-- \/ Yoast SEO plugin. -->","yoast_head_json":{"title":"Norrganisering st\u00e4rker den fackliga folkbildningen i Norrbotten\u00a0 - Norr","robots":{"index":"index","follow":"follow","max-snippet":"max-snippet:-1","max-image-preview":"max-image-preview:large","max-video-preview":"max-video-preview:-1"},"canonical":"https:\/\/www.abf.se\/norr\/nyheter\/norrganisering-starker-den-fackliga-folkbildningen-i-norrbotten\/","og_locale":"sv_SE","og_type":"article","og_title":"Norrganisering st\u00e4rker den fackliga folkbildningen i Norrbotten\u00a0 - Norr","og_url":"https:\/\/www.abf.se\/norr\/nyheter\/norrganisering-starker-den-fackliga-folkbildningen-i-norrbotten\/","og_site_name":"Norr","og_image":[{"width":682,"height":601,"url":"https:\/\/www.abf.se\/wp-content\/uploads\/sites\/37\/2024\/03\/5-1.png","type":"image\/png"}],"twitter_card":"summary_large_image","schema":{"@context":"https:\/\/schema.org","@graph":[{"@type":"WebPage","@id":"https:\/\/www.abf.se\/norr\/nyheter\/norrganisering-starker-den-fackliga-folkbildningen-i-norrbotten\/","url":"https:\/\/www.abf.se\/norr\/nyheter\/norrganisering-starker-den-fackliga-folkbildningen-i-norrbotten\/","name":"Norrganisering st\u00e4rker den fackliga folkbildningen i Norrbotten\u00a0 - Norr","isPartOf":{"@id":"https:\/\/www.abf.se\/norr\/#website"},"datePublished":"2025-10-27T10:25:38+00:00","breadcrumb":{"@id":"https:\/\/www.abf.se\/norr\/nyheter\/norrganisering-starker-den-fackliga-folkbildningen-i-norrbotten\/#breadcrumb"},"inLanguage":"sv-SE","potentialAction":[{"@type":"ReadAction","target":["https:\/\/www.abf.se\/norr\/nyheter\/norrganisering-starker-den-fackliga-folkbildningen-i-norrbotten\/"]}]},{"@type":"BreadcrumbList","@id":"https:\/\/www.abf.se\/norr\/nyheter\/norrganisering-starker-den-fackliga-folkbildningen-i-norrbotten\/#breadcrumb","itemListElement":[{"@type":"ListItem","position":1,"name":"Home","item":"https:\/\/www.abf.se\/norr\/"},{"@type":"ListItem","position":2,"name":"Nyheter","item":"https:\/\/www.abf.se\/norr\/nyheter\/"},{"@type":"ListItem","position":3,"name":"Norrganisering st\u00e4rker den fackliga folkbildningen i Norrbotten\u00a0"}]},{"@type":"WebSite","@id":"https:\/\/www.abf.se\/norr\/#website","url":"https:\/\/www.abf.se\/norr\/","name":"Norr","description":"","potentialAction":[{"@type":"SearchAction","target":{"@type":"EntryPoint","urlTemplate":"https:\/\/www.abf.se\/norr\/?s={search_term_string}"},"query-input":{"@type":"PropertyValueSpecification","valueRequired":true,"valueName":"search_term_string"}}],"inLanguage":"sv-SE"}]}},"_links":{"self":[{"href":"https:\/\/www.abf.se\/norr\/wp-json\/wp\/v2\/news-article\/2345","targetHints":{"allow":["GET"]}}],"collection":[{"href":"https:\/\/www.abf.se\/norr\/wp-json\/wp\/v2\/news-article"}],"about":[{"href":"https:\/\/www.abf.se\/norr\/wp-json\/wp\/v2\/types\/news-article"}],"wp:attachment":[{"href":"https:\/\/www.abf.se\/norr\/wp-json\/wp\/v2\/media?parent=2345"}],"wp:term":[{"taxonomy":"category","embeddable":true,"href":"https:\/\/www.abf.se\/norr\/wp-json\/wp\/v2\/categories?post=2345"}],"curies":[{"name":"wp","href":"https:\/\/api.w.org\/{rel}","templated":true}]}}