{"id":2653,"date":"2026-02-10T09:44:12","date_gmt":"2026-02-10T08:44:12","guid":{"rendered":"https:\/\/www.abf.se\/norr\/?post_type=news-article&#038;p=2653"},"modified":"2026-02-10T09:44:13","modified_gmt":"2026-02-10T08:44:13","slug":"abf-norr-pitea-laddar-for-valaret","status":"publish","type":"news-article","link":"https:\/\/www.abf.se\/norr\/nyheter\/abf-norr-pitea-laddar-for-valaret\/","title":{"rendered":"ABF Norr Pite\u00e5 laddar f\u00f6r val\u00e5ret"},"content":{"rendered":"<div\n    class=\"acf-article-text-block article-container my-12\"\n    data-block=\"article-text-block\"\n>\n    <div class=\"wysiwyg\">\n        <p data-start=\"488\" data-end=\"623\">Tillsammans skapar vi platser d\u00e4r fr\u00e5gor f\u00e5r ta tid, d\u00e4r olika perspektiv m\u00f6ts \u2013 och d\u00e4r fler k\u00e4nner sig hemma i samtalet om samh\u00e4llet.<\/p>\n<h3 data-start=\"625\" data-end=\"677\">F\u00f6rel\u00e4sning: <em data-start=\"642\" data-end=\"677\">Utan folkbildning tystnar Sverige<\/em><\/h3>\n<p data-start=\"678\" data-end=\"941\">Vi inleder med en inspirerande f\u00f6rel\u00e4sning av <strong data-start=\"724\" data-end=\"765\"><span class=\"hover:entity-accent entity-underline inline cursor-pointer align-baseline\"><span class=\"whitespace-normal\">Tomas Eneroth<\/span><\/span><\/strong>, om folkbildningens betydelse f\u00f6r demokratin och det offentliga samtalet.<br data-start=\"839\" data-end=\"842\" \/>\ud83d\udccd <strong data-start=\"845\" data-end=\"886\"><span class=\"hover:entity-accent entity-underline inline cursor-pointer align-baseline\"><span class=\"whitespace-normal\">Kaleido<\/span><\/span><\/strong>, Pite\u00e5<br data-start=\"893\" data-end=\"896\" \/><strong>Tisdag 10 februari<br \/>\nkl. 14.00\u201315.00<\/strong><\/p>\n<h3 data-start=\"943\" data-end=\"980\">F\u00f6rel\u00e4sningsserie: <em data-start=\"966\" data-end=\"980\">En kv\u00e4ll om\u2026<\/em><\/h3>\n<p data-start=\"981\" data-end=\"1260\">Sex onsdagskv\u00e4llar d\u00e4r lokala politiker fr\u00e5n Socialdemokraterna och V\u00e4nsterpartiet delar sina livsber\u00e4ttelser \u2013 bortom titlar och uppdrag. Ett personligt format som \u00f6ppnar f\u00f6r igenk\u00e4nning, fr\u00e5gor och samtal.<br data-start=\"1188\" data-end=\"1191\" \/>\ud83d\udccd <strong data-start=\"1194\" data-end=\"1214\">ABF-huset, Pite\u00e5<\/strong><br data-start=\"1214\" data-end=\"1217\" \/><strong data-start=\"1220\" data-end=\"1240\">11 feb \u2013 25 mars<br \/>\n<\/strong><strong>kl<\/strong>. <strong data-start=\"1245\" data-end=\"1260\">18.30\u201320.00<\/strong><\/p>\n<p data-start=\"1262\" data-end=\"1274\">Medverkande:<\/p>\n<ul data-start=\"1275\" data-end=\"1472\">\n<li data-start=\"1275\" data-end=\"1304\">\n<p data-start=\"1277\" data-end=\"1304\">11\/2 <strong data-start=\"1282\" data-end=\"1302\">Kata Nilsson (S)<\/strong><\/p>\n<\/li>\n<li data-start=\"1305\" data-end=\"1340\">\n<p data-start=\"1307\" data-end=\"1340\">18\/2 <strong data-start=\"1312\" data-end=\"1338\">Elisabeth Lindberg (S)<\/strong><\/p>\n<\/li>\n<li data-start=\"1341\" data-end=\"1374\">\n<p data-start=\"1343\" data-end=\"1374\">25\/2 <strong data-start=\"1348\" data-end=\"1372\">Jonas Gunnarsson (S)<\/strong><\/p>\n<\/li>\n<li data-start=\"1375\" data-end=\"1406\">\n<p data-start=\"1377\" data-end=\"1406\">11\/3 <strong data-start=\"1382\" data-end=\"1404\">Stina Carlsson (V)<\/strong><\/p>\n<\/li>\n<li data-start=\"1407\" data-end=\"1441\">\n<p data-start=\"1409\" data-end=\"1441\">18\/3 <strong data-start=\"1414\" data-end=\"1439\">Samuel Pettersson (S)<\/strong><\/p>\n<\/li>\n<li data-start=\"1442\" data-end=\"1472\">\n<p data-start=\"1444\" data-end=\"1472\">25\/3 <strong data-start=\"1449\" data-end=\"1472\">RoseMarie St\u00e4ll (V)<\/strong><\/p>\n<\/li>\n<\/ul>\n<h3 data-start=\"1474\" data-end=\"1528\">Panelsamtal p\u00e5 Kaleido \u2013 aktuella fr\u00e5gor som ber\u00f6r<\/h3>\n<p data-start=\"1529\" data-end=\"1812\">Under v\u00e5ren och sensommaren arrangerar ABF Norr Pite\u00e5 tre st\u00f6rre panelsamtal med lokala och regionala politiker, fackliga f\u00f6retr\u00e4dare och sakkunniga. Samtalen leds av moderator <strong data-start=\"1706\" data-end=\"1747\"><span class=\"hover:entity-accent entity-underline inline cursor-pointer align-baseline\"><span class=\"whitespace-normal\">Olov Abrahamsson<\/span><\/span><\/strong> och tar avstamp i fr\u00e5gor som p\u00e5verkar Pite\u00e5s framtid h\u00e4r och nu.<\/p>\n<ul data-start=\"1814\" data-end=\"2171\">\n<li data-start=\"1814\" data-end=\"1928\">\n<p data-start=\"1816\" data-end=\"1928\"><strong data-start=\"1816\" data-end=\"1837\">26 mars kl. 18.30<\/strong><br data-start=\"1837\" data-end=\"1840\" \/><em data-start=\"1842\" data-end=\"1867\">Vem ska ta hand om oss?<\/em> \u2013 Arbetskraft, integration och framtidens v\u00e4lf\u00e4rd i Pite\u00e5.<\/p>\n<\/li>\n<li data-start=\"1929\" data-end=\"2040\">\n<p data-start=\"1931\" data-end=\"2040\"><strong data-start=\"1931\" data-end=\"1953\">16 april kl. 18.30<\/strong><br data-start=\"1953\" data-end=\"1956\" \/><em data-start=\"1958\" data-end=\"2000\">\u00c5tervandringsbidrag \u2013 vem tj\u00e4nar p\u00e5 det?<\/em> Arbetskraft, val och framtid i Pite\u00e5.<\/p>\n<\/li>\n<li data-start=\"2041\" data-end=\"2171\">\n<p data-start=\"2043\" data-end=\"2171\"><strong data-start=\"2043\" data-end=\"2067\">20 augusti kl. 18.30<\/strong><br data-start=\"2067\" data-end=\"2070\" \/>Panelsamtal med fokus p\u00e5 valr\u00f6relsens huvudfr\u00e5gor \u2013 tema presenteras senare f\u00f6r maximal aktualitet.<\/p>\n<\/li>\n<\/ul>\n<p data-start=\"2173\" data-end=\"2194\">\ud83d\udccd <strong data-start=\"2176\" data-end=\"2194\">Kaleido, Pite\u00e5<\/strong><\/p>\n<h3 data-start=\"2196\" data-end=\"2230\">Musikevent: <em data-start=\"2212\" data-end=\"2230\">Anv\u00e4nd din r\u00f6st!<\/em><\/h3>\n<p data-start=\"2231\" data-end=\"2548\">L\u00f6rdagen f\u00f6re valet m\u00f6ts musik, folkbildning och demokrati i Kaleidoparken. Lokala artister p\u00e5 scen varvas med korta inslag fr\u00e5n Valn\u00e4mnden om hur, var och varf\u00f6r man r\u00f6star \u2013 ett inkluderande och inspirerande s\u00e4tt att uppmuntra deltagande.<br data-start=\"2471\" data-end=\"2474\" \/>\ud83d\udccd <strong data-start=\"2477\" data-end=\"2501\">Kaleidoparken, Pite\u00e5<\/strong><br data-start=\"2501\" data-end=\"2504\" \/><strong data-start=\"2507\" data-end=\"2528\">L\u00f6rdag 29 augusti<\/strong><\/p>\n<p data-start=\"2231\" data-end=\"2548\"><strong data-start=\"2533\" data-end=\"2548\">kl. 13.00\u201315.00<\/strong><\/p>\n<h3 data-start=\"2555\" data-end=\"2581\"><\/h3>\n<h3 data-start=\"2555\" data-end=\"2581\">V\u00e4lkommen att vara med<\/h3>\n<p data-start=\"2582\" data-end=\"2798\">ABF Norr Pite\u00e5s valsatsningar \u00e4r \u00f6ppna m\u00f6tesplatser f\u00f6r alla som vill lyssna, fr\u00e5ga, dela erfarenheter \u2013 eller bara ta del av ett samtal. H\u00e4r tr\u00e4nar vi demokratin tillsammans, med nyfikenhet, respekt och framtidstro.<\/p>\n<p data-start=\"2800\" data-end=\"2916\" data-is-last-node=\"\" data-is-only-node=\"\"><strong data-start=\"2803\" data-end=\"2916\" data-is-last-node=\"\">H\u00e5ll utkik p\u00e5 v\u00e5ra sociala medier och h\u00e4r p\u00e5 hemsidan f\u00f6r l\u00f6pande uppdateringar om program, g\u00e4ster och tider.<\/strong><\/p>\n\n    <\/div>\n<\/div>\n<div\n    class=\"acf-article-cta-link-block article-container my-8\"\n    data-block=\"article-cta-link-block\"\n>\n<div>\n    <a class=\"inline-flex flex-row items-center gap-4 text-link underline text-red-dark\"\n        href=\"https:\/\/www.abf.se\/norr\/pitea\/\"\n            >\n        <span class=\"\">\n        Bes\u00f6k Pite\u00e5s lokala sida\n        <\/span>\n        <figure aria-hidden=\"true\" class=\"rounded-full bg-red-dark w-8 h-8 p-1 text-white\">\n            <svg width=\"20\" height=\"20\" viewBox=\"0 0 20 20\" fill=\"none\" class=\"SvgIconElement\">\n<path d=\"M4.16659 10L15.8333 10\" stroke=\"currentColor\"\/>\n<path d=\"M9.99992 4.1665L15.8333 9.99984L9.99992 15.8332\" stroke=\"currentColor\"\/>\n<\/svg>\n        <\/figure>\n    <\/a>\n<\/div>\n<\/div>\n","protected":false},"featured_media":0,"parent":0,"menu_order":0,"template":"","categories":[],"class_list":["post-2653","news-article","type-news-article","status-publish","hentry"],"acf":[],"yoast_head":"<!-- This site is optimized with the Yoast SEO plugin v27.0 - https:\/\/yoast.com\/product\/yoast-seo-wordpress\/ -->\n<title>ABF Norr Pite\u00e5 laddar f\u00f6r val\u00e5ret - Norr<\/title>\n<meta name=\"robots\" content=\"index, follow, max-snippet:-1, max-image-preview:large, max-video-preview:-1\" \/>\n<link rel=\"canonical\" href=\"https:\/\/www.abf.se\/norr\/nyheter\/abf-norr-pitea-laddar-for-valaret\/\" \/>\n<meta property=\"og:locale\" content=\"sv_SE\" \/>\n<meta property=\"og:type\" content=\"article\" \/>\n<meta property=\"og:title\" content=\"ABF Norr Pite\u00e5 laddar f\u00f6r val\u00e5ret - Norr\" \/>\n<meta property=\"og:url\" content=\"https:\/\/www.abf.se\/norr\/nyheter\/abf-norr-pitea-laddar-for-valaret\/\" \/>\n<meta property=\"og:site_name\" content=\"Norr\" \/>\n<meta property=\"article:modified_time\" content=\"2026-02-10T08:44:13+00:00\" \/>\n<meta property=\"og:image\" content=\"https:\/\/www.abf.se\/wp-content\/uploads\/sites\/37\/2024\/03\/5-1.png\" \/>\n\t<meta property=\"og:image:width\" content=\"682\" \/>\n\t<meta property=\"og:image:height\" content=\"601\" \/>\n\t<meta property=\"og:image:type\" content=\"image\/png\" \/>\n<meta name=\"twitter:card\" content=\"summary_large_image\" \/>\n<script type=\"application\/ld+json\" class=\"yoast-schema-graph\">{\"@context\":\"https:\/\/schema.org\",\"@graph\":[{\"@type\":\"WebPage\",\"@id\":\"https:\/\/www.abf.se\/norr\/nyheter\/abf-norr-pitea-laddar-for-valaret\/\",\"url\":\"https:\/\/www.abf.se\/norr\/nyheter\/abf-norr-pitea-laddar-for-valaret\/\",\"name\":\"ABF Norr Pite\u00e5 laddar f\u00f6r val\u00e5ret - Norr\",\"isPartOf\":{\"@id\":\"https:\/\/www.abf.se\/norr\/#website\"},\"datePublished\":\"2026-02-10T08:44:12+00:00\",\"dateModified\":\"2026-02-10T08:44:13+00:00\",\"breadcrumb\":{\"@id\":\"https:\/\/www.abf.se\/norr\/nyheter\/abf-norr-pitea-laddar-for-valaret\/#breadcrumb\"},\"inLanguage\":\"sv-SE\",\"potentialAction\":[{\"@type\":\"ReadAction\",\"target\":[\"https:\/\/www.abf.se\/norr\/nyheter\/abf-norr-pitea-laddar-for-valaret\/\"]}]},{\"@type\":\"BreadcrumbList\",\"@id\":\"https:\/\/www.abf.se\/norr\/nyheter\/abf-norr-pitea-laddar-for-valaret\/#breadcrumb\",\"itemListElement\":[{\"@type\":\"ListItem\",\"position\":1,\"name\":\"Home\",\"item\":\"https:\/\/www.abf.se\/norr\/\"},{\"@type\":\"ListItem\",\"position\":2,\"name\":\"Nyheter\",\"item\":\"https:\/\/www.abf.se\/norr\/nyheter\/\"},{\"@type\":\"ListItem\",\"position\":3,\"name\":\"ABF Norr Pite\u00e5 laddar f\u00f6r val\u00e5ret\"}]},{\"@type\":\"WebSite\",\"@id\":\"https:\/\/www.abf.se\/norr\/#website\",\"url\":\"https:\/\/www.abf.se\/norr\/\",\"name\":\"Norr\",\"description\":\"\",\"potentialAction\":[{\"@type\":\"SearchAction\",\"target\":{\"@type\":\"EntryPoint\",\"urlTemplate\":\"https:\/\/www.abf.se\/norr\/?s={search_term_string}\"},\"query-input\":{\"@type\":\"PropertyValueSpecification\",\"valueRequired\":true,\"valueName\":\"search_term_string\"}}],\"inLanguage\":\"sv-SE\"}]}<\/script>\n<!-- \/ Yoast SEO plugin. -->","yoast_head_json":{"title":"ABF Norr Pite\u00e5 laddar f\u00f6r val\u00e5ret - Norr","robots":{"index":"index","follow":"follow","max-snippet":"max-snippet:-1","max-image-preview":"max-image-preview:large","max-video-preview":"max-video-preview:-1"},"canonical":"https:\/\/www.abf.se\/norr\/nyheter\/abf-norr-pitea-laddar-for-valaret\/","og_locale":"sv_SE","og_type":"article","og_title":"ABF Norr Pite\u00e5 laddar f\u00f6r val\u00e5ret - Norr","og_url":"https:\/\/www.abf.se\/norr\/nyheter\/abf-norr-pitea-laddar-for-valaret\/","og_site_name":"Norr","article_modified_time":"2026-02-10T08:44:13+00:00","og_image":[{"width":682,"height":601,"url":"https:\/\/www.abf.se\/wp-content\/uploads\/sites\/37\/2024\/03\/5-1.png","type":"image\/png"}],"twitter_card":"summary_large_image","schema":{"@context":"https:\/\/schema.org","@graph":[{"@type":"WebPage","@id":"https:\/\/www.abf.se\/norr\/nyheter\/abf-norr-pitea-laddar-for-valaret\/","url":"https:\/\/www.abf.se\/norr\/nyheter\/abf-norr-pitea-laddar-for-valaret\/","name":"ABF Norr Pite\u00e5 laddar f\u00f6r val\u00e5ret - Norr","isPartOf":{"@id":"https:\/\/www.abf.se\/norr\/#website"},"datePublished":"2026-02-10T08:44:12+00:00","dateModified":"2026-02-10T08:44:13+00:00","breadcrumb":{"@id":"https:\/\/www.abf.se\/norr\/nyheter\/abf-norr-pitea-laddar-for-valaret\/#breadcrumb"},"inLanguage":"sv-SE","potentialAction":[{"@type":"ReadAction","target":["https:\/\/www.abf.se\/norr\/nyheter\/abf-norr-pitea-laddar-for-valaret\/"]}]},{"@type":"BreadcrumbList","@id":"https:\/\/www.abf.se\/norr\/nyheter\/abf-norr-pitea-laddar-for-valaret\/#breadcrumb","itemListElement":[{"@type":"ListItem","position":1,"name":"Home","item":"https:\/\/www.abf.se\/norr\/"},{"@type":"ListItem","position":2,"name":"Nyheter","item":"https:\/\/www.abf.se\/norr\/nyheter\/"},{"@type":"ListItem","position":3,"name":"ABF Norr Pite\u00e5 laddar f\u00f6r val\u00e5ret"}]},{"@type":"WebSite","@id":"https:\/\/www.abf.se\/norr\/#website","url":"https:\/\/www.abf.se\/norr\/","name":"Norr","description":"","potentialAction":[{"@type":"SearchAction","target":{"@type":"EntryPoint","urlTemplate":"https:\/\/www.abf.se\/norr\/?s={search_term_string}"},"query-input":{"@type":"PropertyValueSpecification","valueRequired":true,"valueName":"search_term_string"}}],"inLanguage":"sv-SE"}]}},"_links":{"self":[{"href":"https:\/\/www.abf.se\/norr\/wp-json\/wp\/v2\/news-article\/2653","targetHints":{"allow":["GET"]}}],"collection":[{"href":"https:\/\/www.abf.se\/norr\/wp-json\/wp\/v2\/news-article"}],"about":[{"href":"https:\/\/www.abf.se\/norr\/wp-json\/wp\/v2\/types\/news-article"}],"wp:attachment":[{"href":"https:\/\/www.abf.se\/norr\/wp-json\/wp\/v2\/media?parent=2653"}],"wp:term":[{"taxonomy":"category","embeddable":true,"href":"https:\/\/www.abf.se\/norr\/wp-json\/wp\/v2\/categories?post=2653"}],"curies":[{"name":"wp","href":"https:\/\/api.w.org\/{rel}","templated":true}]}}