{"id":2655,"date":"2026-02-02T10:10:55","date_gmt":"2026-02-02T09:10:55","guid":{"rendered":"https:\/\/www.abf.se\/norr\/?post_type=news-article&#038;p=2655"},"modified":"2026-02-10T10:11:50","modified_gmt":"2026-02-10T09:11:50","slug":"nytt-samverkansprojekt-for-ett-hallbart-kalix","status":"publish","type":"news-article","link":"https:\/\/www.abf.se\/norr\/nyheter\/nytt-samverkansprojekt-for-ett-hallbart-kalix\/","title":{"rendered":"Nytt samverkansprojekt f\u00f6r ett h\u00e5llbart Kalix\u00a0"},"content":{"rendered":"<div\n    class=\"acf-article-text-block article-container my-12\"\n    data-block=\"article-text-block\"\n>\n    <div class=\"wysiwyg\">\n        <p><span data-contrast=\"auto\">Projektet, som p\u00e5g\u00e5r fram till och med december 2027, syftar till att skapa en l\u00e5ngsiktig modell f\u00f6r samordning d\u00e4r olika samh\u00e4llsakt\u00f6rer arbetar tillsammans mot gemensamma m\u00e5l. Genom \u00f6kad dialog, gemensam kunskapsgrund\u00a0och b\u00e4ttre resursanv\u00e4ndning ska projektet bidra till ett mer h\u00e5llbart och robust lokalsamh\u00e4lle.<\/span><span data-ccp-props=\"{&quot;134233117&quot;:false,&quot;134233118&quot;:false,&quot;335559738&quot;:240,&quot;335559739&quot;:240}\">\u00a0<\/span><\/p>\n<p><span data-contrast=\"auto\">\u2013\u00a0<\/span><i><span data-contrast=\"auto\">Samla krafter, skapa samverkan \u2013 f\u00f6r en h\u00e5llbar framtid d\u00e4r varje resurs r\u00e4knas och varje akt\u00f6r g\u00f6r skillnad<\/span><\/i><span data-contrast=\"auto\">, s\u00e4ger\u00a0projektledare Jan Kemi\u00a0om projektets b\u00e4rande id\u00e9.<\/span><span data-ccp-props=\"{&quot;134233117&quot;:false,&quot;134233118&quot;:false,&quot;335559738&quot;:240,&quot;335559739&quot;:240}\">\u00a0<\/span><\/p>\n<p><span data-contrast=\"auto\">Bakgrunden till satsningen \u00e4r behovet av en mer gemensam f\u00f6rst\u00e5else f\u00f6r samh\u00e4llets utmaningar och m\u00f6jligheter. I dag verkar m\u00e5nga akt\u00f6rer parallellt, ofta med h\u00f6ga f\u00f6rv\u00e4ntningar\u00a0och ambitioner,\u00a0men\u00a0med\u00a0begr\u00e4nsade resurser. Genom att samla erfarenheter och perspektiv vill projektet bidra till mer realistiska f\u00f6rv\u00e4ntningar, ett starkare engagemang och b\u00e4ttre f\u00f6ruts\u00e4ttningar f\u00f6r l\u00e5ngsiktiga l\u00f6sningar.<\/span><span data-ccp-props=\"{&quot;134233117&quot;:false,&quot;134233118&quot;:false,&quot;335559738&quot;:240,&quot;335559739&quot;:240}\">\u00a0<\/span><\/p>\n<p><span data-contrast=\"auto\">Projektet genomf\u00f6rs i Kalix kommun och finansieras genom\u00a0Leader\u00a0Spira\u00a0Mare, Jordbruksverket och Kalix kommun. Det samlar akt\u00f6rer fr\u00e5n offentlig verksamhet,\u00a0civilsamh\u00e4lle\u00a0och n\u00e4ringsliv med m\u00e5let att st\u00e4rka den lokala utvecklingen genom samverkan.<\/span><span data-ccp-props=\"{&quot;134233117&quot;:false,&quot;134233118&quot;:false,&quot;335559738&quot;:240,&quot;335559739&quot;:240}\">\u00a0<\/span><\/p>\n<p><span data-contrast=\"auto\">ABF Norr ser projektet som ett viktigt folkbildande uppdrag d\u00e4r m\u00f6ten, samtal och gemensamt l\u00e4rande st\u00e5r i centrum.<\/span><span data-ccp-props=\"{&quot;134233117&quot;:false,&quot;134233118&quot;:false,&quot;335559738&quot;:240,&quot;335559739&quot;:240}\">\u00a0<\/span><\/p>\n<p><span data-contrast=\"auto\">\u2013 N\u00e4r m\u00e4nniskor och organisationer m\u00f6ts p\u00e5 lika villkor och delar kunskap, d\u00e5 skapar vi ocks\u00e5 f\u00f6ruts\u00e4ttningar f\u00f6r demokrati, delaktighet och h\u00e5llbar utveckling,\u00a0till\u00e4gger Jan.<\/span><span data-ccp-props=\"{&quot;134233117&quot;:false,&quot;134233118&quot;:false,&quot;335559738&quot;:240,&quot;335559739&quot;:240}\">\u00a0<\/span><\/p>\n\n    <\/div>\n<\/div>\n<div\n    class=\"acf-article-image-block mb-12 article-container-lg\"\n    data-block=\"article-image-block\"\n>\n<div class=\"\">\n\n        <figure>\n        \n            <picture class=\"round-corners-lg w-full\"><img decoding=\"async\" src=\"https:\/\/www.abf.se\/norr\/resized\/?url=https%3A%2F%2Fwww.abf.se%2Fwp-content%2Fuploads%2Fsites%2F37%2F2026%2F02%2F0.png&#038;fit=contain&#038;w=788&#038;s=c4ed939366dab5f10c970190731fbdee\" srcset=\"https:\/\/www.abf.se\/norr\/resized\/?url=https%3A%2F%2Fwww.abf.se%2Fwp-content%2Fuploads%2Fsites%2F37%2F2026%2F02%2F0.png&#038;fit=contain&#038;w=375&#038;h=281&#038;s=65438e5cb1da6a4e7faf3cfaed4dd8dc 375w, https:\/\/www.abf.se\/norr\/resized\/?url=https%3A%2F%2Fwww.abf.se%2Fwp-content%2Fuploads%2Fsites%2F37%2F2026%2F02%2F0.png&#038;fit=contain&#038;w=447&#038;h=335&#038;s=e6d6c2a3d54238486be699c03fba1a63 447w, https:\/\/www.abf.se\/norr\/resized\/?url=https%3A%2F%2Fwww.abf.se%2Fwp-content%2Fuploads%2Fsites%2F37%2F2026%2F02%2F0.png&#038;fit=contain&#038;w=519&#038;h=389&#038;s=2ce5804aafaa6d0a1b60a7d54472550f 519w, https:\/\/www.abf.se\/norr\/resized\/?url=https%3A%2F%2Fwww.abf.se%2Fwp-content%2Fuploads%2Fsites%2F37%2F2026%2F02%2F0.png&#038;fit=contain&#038;w=591&#038;h=443&#038;s=ae857a88111319777acbdc23c187fead 591w, https:\/\/www.abf.se\/norr\/resized\/?url=https%3A%2F%2Fwww.abf.se%2Fwp-content%2Fuploads%2Fsites%2F37%2F2026%2F02%2F0.png&#038;fit=contain&#038;w=663&#038;h=497&#038;s=9658d70a27d9cb0d1a201b81bb8258c5 663w, https:\/\/www.abf.se\/norr\/resized\/?url=https%3A%2F%2Fwww.abf.se%2Fwp-content%2Fuploads%2Fsites%2F37%2F2026%2F02%2F0.png&#038;fit=contain&#038;w=735&#038;h=551&#038;s=de746f673dea6a81b64e6ef75f7691ad 735w, https:\/\/www.abf.se\/norr\/resized\/?url=https%3A%2F%2Fwww.abf.se%2Fwp-content%2Fuploads%2Fsites%2F37%2F2026%2F02%2F0.png&#038;fit=contain&#038;w=750&#038;h=562&#038;s=5320dc938ea71a42f47729c5bf9c3acb 750w, https:\/\/www.abf.se\/norr\/resized\/?url=https%3A%2F%2Fwww.abf.se%2Fwp-content%2Fuploads%2Fsites%2F37%2F2026%2F02%2F0.png&#038;fit=contain&#038;w=788&#038;s=c4ed939366dab5f10c970190731fbdee 788w, https:\/\/www.abf.se\/norr\/resized\/?url=https%3A%2F%2Fwww.abf.se%2Fwp-content%2Fuploads%2Fsites%2F37%2F2026%2F02%2F0.png&#038;fit=contain&#038;w=894&#038;h=670&#038;s=93de348f7715ba9167829e220783e0a1 894w, https:\/\/www.abf.se\/norr\/resized\/?url=https%3A%2F%2Fwww.abf.se%2Fwp-content%2Fuploads%2Fsites%2F37%2F2026%2F02%2F0.png&#038;fit=contain&#038;w=1038&#038;h=778&#038;s=1140be74b7a39405138aba5b49a54a9d 1038w, https:\/\/www.abf.se\/norr\/resized\/?url=https%3A%2F%2Fwww.abf.se%2Fwp-content%2Fuploads%2Fsites%2F37%2F2026%2F02%2F0.png&#038;fit=contain&#038;w=1182&#038;h=886&#038;s=c99161310452de00c229b262bc575d01 1182w, https:\/\/www.abf.se\/norr\/resized\/?url=https%3A%2F%2Fwww.abf.se%2Fwp-content%2Fuploads%2Fsites%2F37%2F2026%2F02%2F0.png&#038;fit=contain&#038;w=1326&#038;h=994&#038;s=23a80eb9fe2d1152280fb8260bba4cfb 1326w, https:\/\/www.abf.se\/norr\/resized\/?url=https%3A%2F%2Fwww.abf.se%2Fwp-content%2Fuploads%2Fsites%2F37%2F2026%2F02%2F0.png&#038;fit=contain&#038;w=1470&#038;h=1102&#038;s=6b5c1e9e5bb872c35cdb4026d4645e47 1470w\" alt=\"Bild p&aring; tre personer\" height=\"591\" width=\"788\" sizes=\"auto, (max-width: 768px) calc(100vw - 40px), 788px\" loading=\"lazy\" fetchpriority=\"low\" class=\"round-corners-lg w-full\" \/><\/picture>\n                            <figcaption class=\"my-2 body-md text-gray-text\">\n                    Del av projektets styrgrupp, fr\u00e5n v\u00e4nster: Birgitta Johansson (Kalixf\u00f6retagarna), Sofia Palo (Kalix Kommun) och projektledare Jan Kemi (ABF Norr).  \r\n\r\n\u00d6vriga i styrgruppen som saknas i bilden \u00e4r:  Maria Eriksson (Kalix Kommun), \u00c5se Classon (Samforma), Minna Miettinen och \u00c5sa Andersson Ulvede (Svenska Kyrkan) samt Fredric Holmstr\u00f6m (ABF Norr). \n                <\/figcaption>\n                        <\/figure>\n        <\/div>\n\n<\/div>\n","protected":false},"featured_media":0,"parent":0,"menu_order":0,"template":"","categories":[],"class_list":["post-2655","news-article","type-news-article","status-publish","hentry"],"acf":[],"yoast_head":"<!-- This site is optimized with the Yoast SEO plugin v27.0 - https:\/\/yoast.com\/product\/yoast-seo-wordpress\/ -->\n<title>Nytt samverkansprojekt f\u00f6r ett h\u00e5llbart Kalix\u00a0 - Norr<\/title>\n<meta name=\"robots\" content=\"index, follow, max-snippet:-1, max-image-preview:large, max-video-preview:-1\" \/>\n<link rel=\"canonical\" href=\"https:\/\/www.abf.se\/norr\/nyheter\/nytt-samverkansprojekt-for-ett-hallbart-kalix\/\" \/>\n<meta property=\"og:locale\" content=\"sv_SE\" \/>\n<meta property=\"og:type\" content=\"article\" \/>\n<meta property=\"og:title\" content=\"Nytt samverkansprojekt f\u00f6r ett h\u00e5llbart Kalix\u00a0 - Norr\" \/>\n<meta property=\"og:url\" content=\"https:\/\/www.abf.se\/norr\/nyheter\/nytt-samverkansprojekt-for-ett-hallbart-kalix\/\" \/>\n<meta property=\"og:site_name\" content=\"Norr\" \/>\n<meta property=\"article:modified_time\" content=\"2026-02-10T09:11:50+00:00\" \/>\n<meta property=\"og:image\" content=\"https:\/\/www.abf.se\/wp-content\/uploads\/sites\/37\/2024\/03\/5-1.png\" \/>\n\t<meta property=\"og:image:width\" content=\"682\" \/>\n\t<meta property=\"og:image:height\" content=\"601\" \/>\n\t<meta property=\"og:image:type\" content=\"image\/png\" \/>\n<meta name=\"twitter:card\" content=\"summary_large_image\" \/>\n<script type=\"application\/ld+json\" class=\"yoast-schema-graph\">{\"@context\":\"https:\/\/schema.org\",\"@graph\":[{\"@type\":\"WebPage\",\"@id\":\"https:\/\/www.abf.se\/norr\/nyheter\/nytt-samverkansprojekt-for-ett-hallbart-kalix\/\",\"url\":\"https:\/\/www.abf.se\/norr\/nyheter\/nytt-samverkansprojekt-for-ett-hallbart-kalix\/\",\"name\":\"Nytt samverkansprojekt f\u00f6r ett h\u00e5llbart Kalix\u00a0 - Norr\",\"isPartOf\":{\"@id\":\"https:\/\/www.abf.se\/norr\/#website\"},\"datePublished\":\"2026-02-02T09:10:55+00:00\",\"dateModified\":\"2026-02-10T09:11:50+00:00\",\"breadcrumb\":{\"@id\":\"https:\/\/www.abf.se\/norr\/nyheter\/nytt-samverkansprojekt-for-ett-hallbart-kalix\/#breadcrumb\"},\"inLanguage\":\"sv-SE\",\"potentialAction\":[{\"@type\":\"ReadAction\",\"target\":[\"https:\/\/www.abf.se\/norr\/nyheter\/nytt-samverkansprojekt-for-ett-hallbart-kalix\/\"]}]},{\"@type\":\"BreadcrumbList\",\"@id\":\"https:\/\/www.abf.se\/norr\/nyheter\/nytt-samverkansprojekt-for-ett-hallbart-kalix\/#breadcrumb\",\"itemListElement\":[{\"@type\":\"ListItem\",\"position\":1,\"name\":\"Home\",\"item\":\"https:\/\/www.abf.se\/norr\/\"},{\"@type\":\"ListItem\",\"position\":2,\"name\":\"Nyheter\",\"item\":\"https:\/\/www.abf.se\/norr\/nyheter\/\"},{\"@type\":\"ListItem\",\"position\":3,\"name\":\"Nytt samverkansprojekt f\u00f6r ett h\u00e5llbart Kalix\u00a0\"}]},{\"@type\":\"WebSite\",\"@id\":\"https:\/\/www.abf.se\/norr\/#website\",\"url\":\"https:\/\/www.abf.se\/norr\/\",\"name\":\"Norr\",\"description\":\"\",\"potentialAction\":[{\"@type\":\"SearchAction\",\"target\":{\"@type\":\"EntryPoint\",\"urlTemplate\":\"https:\/\/www.abf.se\/norr\/?s={search_term_string}\"},\"query-input\":{\"@type\":\"PropertyValueSpecification\",\"valueRequired\":true,\"valueName\":\"search_term_string\"}}],\"inLanguage\":\"sv-SE\"}]}<\/script>\n<!-- \/ Yoast SEO plugin. -->","yoast_head_json":{"title":"Nytt samverkansprojekt f\u00f6r ett h\u00e5llbart Kalix\u00a0 - Norr","robots":{"index":"index","follow":"follow","max-snippet":"max-snippet:-1","max-image-preview":"max-image-preview:large","max-video-preview":"max-video-preview:-1"},"canonical":"https:\/\/www.abf.se\/norr\/nyheter\/nytt-samverkansprojekt-for-ett-hallbart-kalix\/","og_locale":"sv_SE","og_type":"article","og_title":"Nytt samverkansprojekt f\u00f6r ett h\u00e5llbart Kalix\u00a0 - Norr","og_url":"https:\/\/www.abf.se\/norr\/nyheter\/nytt-samverkansprojekt-for-ett-hallbart-kalix\/","og_site_name":"Norr","article_modified_time":"2026-02-10T09:11:50+00:00","og_image":[{"width":682,"height":601,"url":"https:\/\/www.abf.se\/wp-content\/uploads\/sites\/37\/2024\/03\/5-1.png","type":"image\/png"}],"twitter_card":"summary_large_image","schema":{"@context":"https:\/\/schema.org","@graph":[{"@type":"WebPage","@id":"https:\/\/www.abf.se\/norr\/nyheter\/nytt-samverkansprojekt-for-ett-hallbart-kalix\/","url":"https:\/\/www.abf.se\/norr\/nyheter\/nytt-samverkansprojekt-for-ett-hallbart-kalix\/","name":"Nytt samverkansprojekt f\u00f6r ett h\u00e5llbart Kalix\u00a0 - Norr","isPartOf":{"@id":"https:\/\/www.abf.se\/norr\/#website"},"datePublished":"2026-02-02T09:10:55+00:00","dateModified":"2026-02-10T09:11:50+00:00","breadcrumb":{"@id":"https:\/\/www.abf.se\/norr\/nyheter\/nytt-samverkansprojekt-for-ett-hallbart-kalix\/#breadcrumb"},"inLanguage":"sv-SE","potentialAction":[{"@type":"ReadAction","target":["https:\/\/www.abf.se\/norr\/nyheter\/nytt-samverkansprojekt-for-ett-hallbart-kalix\/"]}]},{"@type":"BreadcrumbList","@id":"https:\/\/www.abf.se\/norr\/nyheter\/nytt-samverkansprojekt-for-ett-hallbart-kalix\/#breadcrumb","itemListElement":[{"@type":"ListItem","position":1,"name":"Home","item":"https:\/\/www.abf.se\/norr\/"},{"@type":"ListItem","position":2,"name":"Nyheter","item":"https:\/\/www.abf.se\/norr\/nyheter\/"},{"@type":"ListItem","position":3,"name":"Nytt samverkansprojekt f\u00f6r ett h\u00e5llbart Kalix\u00a0"}]},{"@type":"WebSite","@id":"https:\/\/www.abf.se\/norr\/#website","url":"https:\/\/www.abf.se\/norr\/","name":"Norr","description":"","potentialAction":[{"@type":"SearchAction","target":{"@type":"EntryPoint","urlTemplate":"https:\/\/www.abf.se\/norr\/?s={search_term_string}"},"query-input":{"@type":"PropertyValueSpecification","valueRequired":true,"valueName":"search_term_string"}}],"inLanguage":"sv-SE"}]}},"_links":{"self":[{"href":"https:\/\/www.abf.se\/norr\/wp-json\/wp\/v2\/news-article\/2655","targetHints":{"allow":["GET"]}}],"collection":[{"href":"https:\/\/www.abf.se\/norr\/wp-json\/wp\/v2\/news-article"}],"about":[{"href":"https:\/\/www.abf.se\/norr\/wp-json\/wp\/v2\/types\/news-article"}],"wp:attachment":[{"href":"https:\/\/www.abf.se\/norr\/wp-json\/wp\/v2\/media?parent=2655"}],"wp:term":[{"taxonomy":"category","embeddable":true,"href":"https:\/\/www.abf.se\/norr\/wp-json\/wp\/v2\/categories?post=2655"}],"curies":[{"name":"wp","href":"https:\/\/api.w.org\/{rel}","templated":true}]}}