{"id":1699,"date":"2025-06-03T10:59:23","date_gmt":"2025-06-03T08:59:23","guid":{"rendered":"https:\/\/www.abf.se\/orebro-lan\/?post_type=news-article&#038;p=1699"},"modified":"2025-06-03T11:10:29","modified_gmt":"2025-06-03T09:10:29","slug":"utan-folkbildning-tystnar-sverige","status":"publish","type":"news-article","link":"https:\/\/www.abf.se\/orebro-lan\/nyheter\/utan-folkbildning-tystnar-sverige\/","title":{"rendered":"Utan folkbildning tystnar Sverige"},"content":{"rendered":"<div\n        class=\"acf-article-video-block article-container-lg my-12 external-video\"\n        data-block=\"article-video-block\"\n    >\n                \n                    <iframe loading=\"lazy\" title=\"ABF Utan folkbildning tystnar Sverige 4K\" width=\"500\" height=\"281\" src=\"https:\/\/www.youtube.com\/embed\/V_8rbaU-wFg?feature=oembed\" frameborder=\"0\" allow=\"accelerometer; autoplay; clipboard-write; encrypted-media; gyroscope; picture-in-picture; web-share\" referrerpolicy=\"strict-origin-when-cross-origin\" allowfullscreen><\/iframe>\n                            <\/div>\n<div\n    class=\"acf-article-text-block article-container my-12\"\n    data-block=\"article-text-block\"\n>\n    <div class=\"wysiwyg\">\n        <div class=\"anchor-h4\"><\/div>\n<p class=\"noSpacingAbove spacingBelow\" data-text-type=\"withSpacing\">Folkbildning \u00e4r mer \u00e4n studiecirklar.<br \/>\nDet \u00e4r gemenskap, nya spr\u00e5k, musik, skapande och samtal som f\u00e5r m\u00e4nniskor att v\u00e4xa.<br \/>\n\u2764\ufe0fUtan folkbildning tystnar Sverige<\/p>\n<p class=\"noSpacingAbove spacingBelow\" data-text-type=\"withSpacing\">Vad h\u00e4nder n\u00e4r replokaler tystnar och samtalen upph\u00f6r?<br \/>\nFolkbildningen \u00e4r det som f\u00e5r m\u00e4nniskor att m\u00f6tas \u2013 p\u00e5 riktigt.<br \/>\n\u2764\ufe0fUtan folkbildning tystnar Sverige<\/p>\n<p class=\"noSpacingAbove spacingBelow\" data-text-type=\"withSpacing\">Folkbildning ger plats f\u00f6r ber\u00e4ttelser, id\u00e9er och m\u00e4nniskor som annars inte f\u00e5r utrymme.<br \/>\nDet \u00e4r motkraft, medm\u00e4nsklighet och mening.<br \/>\n\u2764\ufe0fUtan folkbildning tystnar Sverige<\/p>\n<p class=\"noSpacingAbove spacingBelow\" data-text-type=\"withSpacing\">I en studiecirkel f\u00e5r du b\u00e5de s\u00e4ga vad du tycker och h\u00f6ra hur andra t\u00e4nker.<br \/>\nDet \u00e4r d\u00e4r vi l\u00e4r oss \u2013 tillsammans.<br \/>\n\u2764\ufe0fUtan folkbildning tystnar Sverige<\/p>\n<div class=\"anchor-h3\">\n<h3><\/h3>\n<h3 id=\"5-starka-sk\u00e4l-f\u00f6r-folkbildning\" class=\"headingSpacingAbove headingSpacingBelow\">5 starka sk\u00e4l f\u00f6r folkbildning<\/h3>\n<\/div>\n<ol class=\"customListStyle\">\n<li><strong>F\u00d6R DEMOKRATIN<\/strong><br \/>\nFolkbildning st\u00f6djer verksamheter som verkar utifr\u00e5n demokratiska v\u00e4rderingar, vilket motverkar falska nyheter och propaganda.<\/li>\n<li><strong>F\u00d6R BILDNINGEN<\/strong><br \/>\nFolkbildning minskar utbildningsklyftor och st\u00e4rker r\u00e4tten till utbildning samtidigt som den h\u00f6jer samh\u00e4llets bildningsniv\u00e5.<\/li>\n<li><strong>F\u00d6R GEMENSKAPEN<\/strong><br \/>\nFolkbildning ger m\u00e4nniskor m\u00f6jlighet att p\u00e5verka sin livssituation, motverkar ensamhet och bidrar till samh\u00e4llsutvecklingen.<\/li>\n<li><strong>F\u00d6R KULTUREN<\/strong><br \/>\nFolkbildning \u00f6kar delaktigheten i kulturlivet, vilket st\u00e4rker kulturskottet och ger m\u00e5nga en meningsfull fritid.<\/li>\n<li><strong>F\u00d6R ALLA<\/strong><br \/>\nFolkbildning \u00e4r en samh\u00e4llskraft f\u00f6r alla, med verksamhet i hela landet och med s\u00e4rskild insats f\u00f6r t.ex. nyanl\u00e4nda, seniorer och personer med funktionsneds\u00e4ttning.<\/li>\n<\/ol>\n\n    <\/div>\n<\/div>\n","protected":false},"featured_media":0,"parent":0,"menu_order":0,"template":"","categories":[],"class_list":["post-1699","news-article","type-news-article","status-publish","hentry"],"acf":[],"yoast_head":"<!-- This site is optimized with the Yoast SEO plugin v27.0 - https:\/\/yoast.com\/product\/yoast-seo-wordpress\/ -->\n<title>Utan folkbildning tystnar Sverige - \u00d6rebro l\u00e4n<\/title>\n<meta name=\"description\" content=\"ABF:s kampanj \u201cUtan folkbildning tystnar Sverige\u201d visar vad som f\u00f6rsvinner n\u00e4r replokaler st\u00e4ngs, spr\u00e5kundervisning l\u00e4ggs ned och folkbildningen monteras ner.\u00a0\" \/>\n<meta name=\"robots\" content=\"index, follow, max-snippet:-1, max-image-preview:large, max-video-preview:-1\" \/>\n<link rel=\"canonical\" href=\"https:\/\/www.abf.se\/orebro-lan\/nyheter\/utan-folkbildning-tystnar-sverige\/\" \/>\n<meta property=\"og:locale\" content=\"sv_SE\" \/>\n<meta property=\"og:type\" content=\"article\" \/>\n<meta property=\"og:title\" content=\"Utan folkbildning tystnar Sverige\" \/>\n<meta property=\"og:description\" content=\"ABF lanserar nu kampanjen &quot;Utan folkbildning tystnar Sverige&quot;. Vi vill visa vad folkbildning faktiskt \u00e4r \u2013 hur studiecirklar, samtal, kultur och gemenskap formar ett starkare samh\u00e4lle. Det handlar om m\u00f6jligheter. Om r\u00f6ster som annars inte h\u00f6rs.\" \/>\n<meta property=\"og:url\" content=\"https:\/\/www.abf.se\/orebro-lan\/nyheter\/utan-folkbildning-tystnar-sverige\/\" \/>\n<meta property=\"og:site_name\" content=\"\u00d6rebro l\u00e4n\" \/>\n<meta property=\"article:modified_time\" content=\"2025-06-03T09:10:29+00:00\" \/>\n<meta property=\"og:image\" content=\"https:\/\/www.abf.se\/wp-content\/uploads\/sites\/63\/2025\/06\/Utan-folkbildning-tystnar-Sverige-facebook-header-scaled.png\" \/>\n\t<meta property=\"og:image:width\" content=\"2560\" \/>\n\t<meta property=\"og:image:height\" content=\"947\" \/>\n\t<meta property=\"og:image:type\" content=\"image\/png\" \/>\n<meta name=\"twitter:card\" content=\"summary_large_image\" \/>\n<script type=\"application\/ld+json\" class=\"yoast-schema-graph\">{\"@context\":\"https:\/\/schema.org\",\"@graph\":[{\"@type\":\"WebPage\",\"@id\":\"https:\/\/www.abf.se\/orebro-lan\/nyheter\/utan-folkbildning-tystnar-sverige\/\",\"url\":\"https:\/\/www.abf.se\/orebro-lan\/nyheter\/utan-folkbildning-tystnar-sverige\/\",\"name\":\"Utan folkbildning tystnar Sverige - \u00d6rebro l\u00e4n\",\"isPartOf\":{\"@id\":\"https:\/\/www.abf.se\/orebro-lan\/#website\"},\"datePublished\":\"2025-06-03T08:59:23+00:00\",\"dateModified\":\"2025-06-03T09:10:29+00:00\",\"description\":\"ABF:s kampanj \u201cUtan folkbildning tystnar Sverige\u201d visar vad som f\u00f6rsvinner n\u00e4r replokaler st\u00e4ngs, spr\u00e5kundervisning l\u00e4ggs ned och folkbildningen monteras ner.\u00a0\",\"breadcrumb\":{\"@id\":\"https:\/\/www.abf.se\/orebro-lan\/nyheter\/utan-folkbildning-tystnar-sverige\/#breadcrumb\"},\"inLanguage\":\"sv-SE\",\"potentialAction\":[{\"@type\":\"ReadAction\",\"target\":[\"https:\/\/www.abf.se\/orebro-lan\/nyheter\/utan-folkbildning-tystnar-sverige\/\"]}]},{\"@type\":\"BreadcrumbList\",\"@id\":\"https:\/\/www.abf.se\/orebro-lan\/nyheter\/utan-folkbildning-tystnar-sverige\/#breadcrumb\",\"itemListElement\":[{\"@type\":\"ListItem\",\"position\":1,\"name\":\"Home\",\"item\":\"https:\/\/www.abf.se\/orebro-lan\/\"},{\"@type\":\"ListItem\",\"position\":2,\"name\":\"Nyheter\",\"item\":\"https:\/\/www.abf.se\/orebro-lan\/nyheter\/\"},{\"@type\":\"ListItem\",\"position\":3,\"name\":\"Utan folkbildning tystnar Sverige\"}]},{\"@type\":\"WebSite\",\"@id\":\"https:\/\/www.abf.se\/orebro-lan\/#website\",\"url\":\"https:\/\/www.abf.se\/orebro-lan\/\",\"name\":\"\u00d6rebro l\u00e4n\",\"description\":\"\",\"potentialAction\":[{\"@type\":\"SearchAction\",\"target\":{\"@type\":\"EntryPoint\",\"urlTemplate\":\"https:\/\/www.abf.se\/orebro-lan\/?s={search_term_string}\"},\"query-input\":{\"@type\":\"PropertyValueSpecification\",\"valueRequired\":true,\"valueName\":\"search_term_string\"}}],\"inLanguage\":\"sv-SE\"}]}<\/script>\n<!-- \/ Yoast SEO plugin. -->","yoast_head_json":{"title":"Utan folkbildning tystnar Sverige - \u00d6rebro l\u00e4n","description":"ABF:s kampanj \u201cUtan folkbildning tystnar Sverige\u201d visar vad som f\u00f6rsvinner n\u00e4r replokaler st\u00e4ngs, spr\u00e5kundervisning l\u00e4ggs ned och folkbildningen monteras ner.\u00a0","robots":{"index":"index","follow":"follow","max-snippet":"max-snippet:-1","max-image-preview":"max-image-preview:large","max-video-preview":"max-video-preview:-1"},"canonical":"https:\/\/www.abf.se\/orebro-lan\/nyheter\/utan-folkbildning-tystnar-sverige\/","og_locale":"sv_SE","og_type":"article","og_title":"Utan folkbildning tystnar Sverige","og_description":"ABF lanserar nu kampanjen \"Utan folkbildning tystnar Sverige\". Vi vill visa vad folkbildning faktiskt \u00e4r \u2013 hur studiecirklar, samtal, kultur och gemenskap formar ett starkare samh\u00e4lle. Det handlar om m\u00f6jligheter. Om r\u00f6ster som annars inte h\u00f6rs.","og_url":"https:\/\/www.abf.se\/orebro-lan\/nyheter\/utan-folkbildning-tystnar-sverige\/","og_site_name":"\u00d6rebro l\u00e4n","article_modified_time":"2025-06-03T09:10:29+00:00","og_image":[{"width":2560,"height":947,"url":"https:\/\/www.abf.se\/wp-content\/uploads\/sites\/63\/2025\/06\/Utan-folkbildning-tystnar-Sverige-facebook-header-scaled.png","type":"image\/png"}],"twitter_card":"summary_large_image","schema":{"@context":"https:\/\/schema.org","@graph":[{"@type":"WebPage","@id":"https:\/\/www.abf.se\/orebro-lan\/nyheter\/utan-folkbildning-tystnar-sverige\/","url":"https:\/\/www.abf.se\/orebro-lan\/nyheter\/utan-folkbildning-tystnar-sverige\/","name":"Utan folkbildning tystnar Sverige - \u00d6rebro l\u00e4n","isPartOf":{"@id":"https:\/\/www.abf.se\/orebro-lan\/#website"},"datePublished":"2025-06-03T08:59:23+00:00","dateModified":"2025-06-03T09:10:29+00:00","description":"ABF:s kampanj \u201cUtan folkbildning tystnar Sverige\u201d visar vad som f\u00f6rsvinner n\u00e4r replokaler st\u00e4ngs, spr\u00e5kundervisning l\u00e4ggs ned och folkbildningen monteras ner.\u00a0","breadcrumb":{"@id":"https:\/\/www.abf.se\/orebro-lan\/nyheter\/utan-folkbildning-tystnar-sverige\/#breadcrumb"},"inLanguage":"sv-SE","potentialAction":[{"@type":"ReadAction","target":["https:\/\/www.abf.se\/orebro-lan\/nyheter\/utan-folkbildning-tystnar-sverige\/"]}]},{"@type":"BreadcrumbList","@id":"https:\/\/www.abf.se\/orebro-lan\/nyheter\/utan-folkbildning-tystnar-sverige\/#breadcrumb","itemListElement":[{"@type":"ListItem","position":1,"name":"Home","item":"https:\/\/www.abf.se\/orebro-lan\/"},{"@type":"ListItem","position":2,"name":"Nyheter","item":"https:\/\/www.abf.se\/orebro-lan\/nyheter\/"},{"@type":"ListItem","position":3,"name":"Utan folkbildning tystnar Sverige"}]},{"@type":"WebSite","@id":"https:\/\/www.abf.se\/orebro-lan\/#website","url":"https:\/\/www.abf.se\/orebro-lan\/","name":"\u00d6rebro l\u00e4n","description":"","potentialAction":[{"@type":"SearchAction","target":{"@type":"EntryPoint","urlTemplate":"https:\/\/www.abf.se\/orebro-lan\/?s={search_term_string}"},"query-input":{"@type":"PropertyValueSpecification","valueRequired":true,"valueName":"search_term_string"}}],"inLanguage":"sv-SE"}]}},"_links":{"self":[{"href":"https:\/\/www.abf.se\/orebro-lan\/wp-json\/wp\/v2\/news-article\/1699","targetHints":{"allow":["GET"]}}],"collection":[{"href":"https:\/\/www.abf.se\/orebro-lan\/wp-json\/wp\/v2\/news-article"}],"about":[{"href":"https:\/\/www.abf.se\/orebro-lan\/wp-json\/wp\/v2\/types\/news-article"}],"wp:attachment":[{"href":"https:\/\/www.abf.se\/orebro-lan\/wp-json\/wp\/v2\/media?parent=1699"}],"wp:term":[{"taxonomy":"category","embeddable":true,"href":"https:\/\/www.abf.se\/orebro-lan\/wp-json\/wp\/v2\/categories?post=1699"}],"curies":[{"name":"wp","href":"https:\/\/api.w.org\/{rel}","templated":true}]}}