{"id":1746,"date":"2025-08-06T13:25:14","date_gmt":"2025-08-06T11:25:14","guid":{"rendered":"https:\/\/www.abf.se\/orebro-lan\/?post_type=news-article&#038;p=1746"},"modified":"2025-08-06T13:40:21","modified_gmt":"2025-08-06T11:40:21","slug":"fackliga-utbildningar-pa-arabiska","status":"publish","type":"news-article","link":"https:\/\/www.abf.se\/orebro-lan\/nyheter\/fackliga-utbildningar-pa-arabiska\/","title":{"rendered":"Fackliga utbildningar p\u00e5 arabiska 2026"},"content":{"rendered":"<div\n    class=\"acf-article-text-block article-container my-12\"\n    data-block=\"article-text-block\"\n>\n    <div class=\"wysiwyg\">\n        <p>Utbildningarna h\u00e5lls under 2026 och de som erbjuds \u00e4r:<\/p>\n<ul>\n<li><a href=\"https:\/\/www.abf.se\/wp-content\/uploads\/sites\/63\/2025\/08\/Om-facket-pa-arabiska-2026.pdf\">Om facket<\/a><\/li>\n<li><a href=\"https:\/\/www.abf.se\/wp-content\/uploads\/sites\/63\/2025\/08\/Om-arbetsmiljo-pa-arabiska-2026.pdf\">Om arbetsmilj\u00f6<\/a><\/li>\n<li><a href=\"https:\/\/www.abf.se\/wp-content\/uploads\/sites\/63\/2025\/08\/Om-forsakringar-pa-arabiska-2026.pdf\">Om f\u00f6rs\u00e4kringar<\/a><\/li>\n<li><a href=\"https:\/\/www.abf.se\/wp-content\/uploads\/sites\/63\/2025\/08\/Om-samhallet-pa-arabiska-2026.pdf\">Om samh\u00e4llet<\/a><\/li>\n<\/ul>\n<p>Klicka p\u00e5 l\u00e4nkarna ovan f\u00f6r mer information och anm\u00e4lan eller mejla saleh.alali@abf.se.<\/p>\n\n    <\/div>\n<\/div>\n","protected":false},"featured_media":0,"parent":0,"menu_order":0,"template":"","categories":[],"class_list":["post-1746","news-article","type-news-article","status-publish","hentry"],"acf":[],"yoast_head":"<!-- This site is optimized with the Yoast SEO plugin v27.0 - https:\/\/yoast.com\/product\/yoast-seo-wordpress\/ -->\n<title>Fackliga utbildningar p\u00e5 arabiska 2026 - \u00d6rebro l\u00e4n<\/title>\n<meta name=\"description\" content=\"ABF Kalmar erbjuder nu fackliga distansutbildningar p\u00e5 arabiska!\" \/>\n<meta name=\"robots\" content=\"index, follow, max-snippet:-1, max-image-preview:large, max-video-preview:-1\" \/>\n<link rel=\"canonical\" href=\"https:\/\/www.abf.se\/orebro-lan\/nyheter\/fackliga-utbildningar-pa-arabiska\/\" \/>\n<meta property=\"og:locale\" content=\"sv_SE\" \/>\n<meta property=\"og:type\" content=\"article\" \/>\n<meta property=\"og:title\" content=\"Fackliga utbildningar p\u00e5 arabiska 2026 - \u00d6rebro l\u00e4n\" \/>\n<meta property=\"og:description\" content=\"ABF Kalmar erbjuder nu fackliga distansutbildningar p\u00e5 arabiska!\" \/>\n<meta property=\"og:url\" content=\"https:\/\/www.abf.se\/orebro-lan\/nyheter\/fackliga-utbildningar-pa-arabiska\/\" \/>\n<meta property=\"og:site_name\" content=\"\u00d6rebro l\u00e4n\" \/>\n<meta property=\"article:modified_time\" content=\"2025-08-06T11:40:21+00:00\" \/>\n<meta property=\"og:image\" content=\"https:\/\/www.abf.se\/wp-content\/uploads\/sites\/63\/2025\/08\/Fackliga-utbildningar-pa-arabiska-600-x-500-px.png\" \/>\n\t<meta property=\"og:image:width\" content=\"600\" \/>\n\t<meta property=\"og:image:height\" content=\"500\" \/>\n\t<meta property=\"og:image:type\" content=\"image\/png\" \/>\n<meta name=\"twitter:card\" content=\"summary_large_image\" \/>\n<script type=\"application\/ld+json\" class=\"yoast-schema-graph\">{\"@context\":\"https:\/\/schema.org\",\"@graph\":[{\"@type\":\"WebPage\",\"@id\":\"https:\/\/www.abf.se\/orebro-lan\/nyheter\/fackliga-utbildningar-pa-arabiska\/\",\"url\":\"https:\/\/www.abf.se\/orebro-lan\/nyheter\/fackliga-utbildningar-pa-arabiska\/\",\"name\":\"Fackliga utbildningar p\u00e5 arabiska 2026 - \u00d6rebro l\u00e4n\",\"isPartOf\":{\"@id\":\"https:\/\/www.abf.se\/orebro-lan\/#website\"},\"datePublished\":\"2025-08-06T11:25:14+00:00\",\"dateModified\":\"2025-08-06T11:40:21+00:00\",\"description\":\"ABF Kalmar erbjuder nu fackliga distansutbildningar p\u00e5 arabiska!\",\"breadcrumb\":{\"@id\":\"https:\/\/www.abf.se\/orebro-lan\/nyheter\/fackliga-utbildningar-pa-arabiska\/#breadcrumb\"},\"inLanguage\":\"sv-SE\",\"potentialAction\":[{\"@type\":\"ReadAction\",\"target\":[\"https:\/\/www.abf.se\/orebro-lan\/nyheter\/fackliga-utbildningar-pa-arabiska\/\"]}]},{\"@type\":\"BreadcrumbList\",\"@id\":\"https:\/\/www.abf.se\/orebro-lan\/nyheter\/fackliga-utbildningar-pa-arabiska\/#breadcrumb\",\"itemListElement\":[{\"@type\":\"ListItem\",\"position\":1,\"name\":\"Home\",\"item\":\"https:\/\/www.abf.se\/orebro-lan\/\"},{\"@type\":\"ListItem\",\"position\":2,\"name\":\"Nyheter\",\"item\":\"https:\/\/www.abf.se\/orebro-lan\/nyheter\/\"},{\"@type\":\"ListItem\",\"position\":3,\"name\":\"Fackliga utbildningar p\u00e5 arabiska 2026\"}]},{\"@type\":\"WebSite\",\"@id\":\"https:\/\/www.abf.se\/orebro-lan\/#website\",\"url\":\"https:\/\/www.abf.se\/orebro-lan\/\",\"name\":\"\u00d6rebro l\u00e4n\",\"description\":\"\",\"potentialAction\":[{\"@type\":\"SearchAction\",\"target\":{\"@type\":\"EntryPoint\",\"urlTemplate\":\"https:\/\/www.abf.se\/orebro-lan\/?s={search_term_string}\"},\"query-input\":{\"@type\":\"PropertyValueSpecification\",\"valueRequired\":true,\"valueName\":\"search_term_string\"}}],\"inLanguage\":\"sv-SE\"}]}<\/script>\n<!-- \/ Yoast SEO plugin. -->","yoast_head_json":{"title":"Fackliga utbildningar p\u00e5 arabiska 2026 - \u00d6rebro l\u00e4n","description":"ABF Kalmar erbjuder nu fackliga distansutbildningar p\u00e5 arabiska!","robots":{"index":"index","follow":"follow","max-snippet":"max-snippet:-1","max-image-preview":"max-image-preview:large","max-video-preview":"max-video-preview:-1"},"canonical":"https:\/\/www.abf.se\/orebro-lan\/nyheter\/fackliga-utbildningar-pa-arabiska\/","og_locale":"sv_SE","og_type":"article","og_title":"Fackliga utbildningar p\u00e5 arabiska 2026 - \u00d6rebro l\u00e4n","og_description":"ABF Kalmar erbjuder nu fackliga distansutbildningar p\u00e5 arabiska!","og_url":"https:\/\/www.abf.se\/orebro-lan\/nyheter\/fackliga-utbildningar-pa-arabiska\/","og_site_name":"\u00d6rebro l\u00e4n","article_modified_time":"2025-08-06T11:40:21+00:00","og_image":[{"width":600,"height":500,"url":"https:\/\/www.abf.se\/wp-content\/uploads\/sites\/63\/2025\/08\/Fackliga-utbildningar-pa-arabiska-600-x-500-px.png","type":"image\/png"}],"twitter_card":"summary_large_image","schema":{"@context":"https:\/\/schema.org","@graph":[{"@type":"WebPage","@id":"https:\/\/www.abf.se\/orebro-lan\/nyheter\/fackliga-utbildningar-pa-arabiska\/","url":"https:\/\/www.abf.se\/orebro-lan\/nyheter\/fackliga-utbildningar-pa-arabiska\/","name":"Fackliga utbildningar p\u00e5 arabiska 2026 - \u00d6rebro l\u00e4n","isPartOf":{"@id":"https:\/\/www.abf.se\/orebro-lan\/#website"},"datePublished":"2025-08-06T11:25:14+00:00","dateModified":"2025-08-06T11:40:21+00:00","description":"ABF Kalmar erbjuder nu fackliga distansutbildningar p\u00e5 arabiska!","breadcrumb":{"@id":"https:\/\/www.abf.se\/orebro-lan\/nyheter\/fackliga-utbildningar-pa-arabiska\/#breadcrumb"},"inLanguage":"sv-SE","potentialAction":[{"@type":"ReadAction","target":["https:\/\/www.abf.se\/orebro-lan\/nyheter\/fackliga-utbildningar-pa-arabiska\/"]}]},{"@type":"BreadcrumbList","@id":"https:\/\/www.abf.se\/orebro-lan\/nyheter\/fackliga-utbildningar-pa-arabiska\/#breadcrumb","itemListElement":[{"@type":"ListItem","position":1,"name":"Home","item":"https:\/\/www.abf.se\/orebro-lan\/"},{"@type":"ListItem","position":2,"name":"Nyheter","item":"https:\/\/www.abf.se\/orebro-lan\/nyheter\/"},{"@type":"ListItem","position":3,"name":"Fackliga utbildningar p\u00e5 arabiska 2026"}]},{"@type":"WebSite","@id":"https:\/\/www.abf.se\/orebro-lan\/#website","url":"https:\/\/www.abf.se\/orebro-lan\/","name":"\u00d6rebro l\u00e4n","description":"","potentialAction":[{"@type":"SearchAction","target":{"@type":"EntryPoint","urlTemplate":"https:\/\/www.abf.se\/orebro-lan\/?s={search_term_string}"},"query-input":{"@type":"PropertyValueSpecification","valueRequired":true,"valueName":"search_term_string"}}],"inLanguage":"sv-SE"}]}},"_links":{"self":[{"href":"https:\/\/www.abf.se\/orebro-lan\/wp-json\/wp\/v2\/news-article\/1746","targetHints":{"allow":["GET"]}}],"collection":[{"href":"https:\/\/www.abf.se\/orebro-lan\/wp-json\/wp\/v2\/news-article"}],"about":[{"href":"https:\/\/www.abf.se\/orebro-lan\/wp-json\/wp\/v2\/types\/news-article"}],"wp:attachment":[{"href":"https:\/\/www.abf.se\/orebro-lan\/wp-json\/wp\/v2\/media?parent=1746"}],"wp:term":[{"taxonomy":"category","embeddable":true,"href":"https:\/\/www.abf.se\/orebro-lan\/wp-json\/wp\/v2\/categories?post=1746"}],"curies":[{"name":"wp","href":"https:\/\/api.w.org\/{rel}","templated":true}]}}