{"id":1869,"date":"2025-08-26T15:56:46","date_gmt":"2025-08-26T13:56:46","guid":{"rendered":"https:\/\/www.abf.se\/orebro-lan\/?post_type=news-article&#038;p=1869"},"modified":"2025-08-26T16:05:34","modified_gmt":"2025-08-26T14:05:34","slug":"forelasningsserie-i-vivalla","status":"publish","type":"news-article","link":"https:\/\/www.abf.se\/orebro-lan\/nyheter\/forelasningsserie-i-vivalla\/","title":{"rendered":"Tillsammans f\u00f6r framtiden"},"content":{"rendered":"<div\n    class=\"acf-article-text-block article-container my-12\"\n    data-block=\"article-text-block\"\n>\n    <div class=\"wysiwyg\">\n        <p><strong>Varf\u00f6r ska man bli medlem i Socialdemokraterna?<\/strong><br \/>\n28 augusti 17.30\u201320.00, Vivalla Folkets Hus<\/p>\n<ul>\n<li>Vad st\u00e5r Socialdemokraterna f\u00f6r \u2013 i Sverige och lokalt?<\/li>\n<li>Hur kan du p\u00e5verka politiken som medlem?<\/li>\n<li>Hur fungerar en f\u00f6rening?<\/li>\n<li>M\u00f6jligheter till utbildning, n\u00e4tverk och engagemang<\/li>\n<\/ul>\n<p>Nisvet Okanovic socialdemokrat, m\u00f6jlighet att st\u00e4lla fr\u00e5gor och diskutera egna tankar om kring socialdemokrati.<\/p>\n<p>&nbsp;<\/p>\n<p><strong>Hur kan man integrera sig i Sverige \u2013 Min resa<\/strong><br \/>\n11 september 17.30\u201320.00, Vivalla Folkets Hus<\/p>\n<p>Nisvet Okanovic personliga ber\u00e4ttelse: fr\u00e5n ny i Sverige till engagerad medborgare.<\/p>\n<ul>\n<li>Vad betyder integration \u2013 och hur kan man hitta sin plats?<\/li>\n<li>Skola, arbete, spr\u00e5k, f\u00f6reningsliv<\/li>\n<li>Deltagande diskussion: Vilka hinder och m\u00f6jligheter m\u00f6ter vi i Vivalla?<\/li>\n<\/ul>\n<p>&nbsp;<\/p>\n<p><strong>Hur fungerar sjukv\u00e5rden \u2013 och vart f\u00e5r jag hj\u00e4lp?<\/strong><br \/>\n25 september 17.30\u201320.00, Vivalla Folkets Hus<\/p>\n<ul>\n<li>Vad \u00e4r skillnaden mellan v\u00e5rdcentral, akuten och 1177?<\/li>\n<li>Hur s\u00f6ker man v\u00e5rd \u2013 och vad har man r\u00e4tt till?<\/li>\n<li>Vad g\u00f6r regionen, vad g\u00f6r kommunen?<\/li>\n<\/ul>\n<p>Jenny Sten, regionstyrelsens ordf\u00f6rande.<\/p>\n<p>&nbsp;<\/p>\n<p><strong>Samh\u00e4llsbyggnad \u2013 vad betyder det f\u00f6r Vivallabor?<\/strong><br \/>\n9 oktober 17.30\u201320.00, Vivalla Folkets Hus<\/p>\n<ul>\n<li>Vad \u00e4r samh\u00e4llsbyggnadsn\u00e4mnden?<\/li>\n<li>Hur planeras bost\u00e4der, trafik, utemilj\u00f6?<\/li>\n<li>Hur kan inv\u00e5narna p\u00e5verka sin stadsdel?<\/li>\n<\/ul>\n<p>\u00d6ppet samtal Kemal Hoso kommunalr\u00e5d om trygghet, boende och framtidsid\u00e9er f\u00f6r Vivalla.<\/p>\n<p>&nbsp;<\/p>\n<p><strong>Kultur och fritid i \u00d6rebro \u2013 vad h\u00e4nder i Vivalla?<\/strong><br \/>\n6 november 17.30\u201320.00, Vivalla Folkets Hus<\/p>\n<ul>\n<li>Aktiviteter f\u00f6r unga och vuxna i n\u00e4romr\u00e5det<\/li>\n<li>Bibliotek, idrott, ungdomsg\u00e5rdar, f\u00f6reningsliv<\/li>\n<li>Hur kan du sj\u00e4lv starta en aktivitet eller f\u00e5 st\u00f6d?<\/li>\n<\/ul>\n<p>Madelene Spinord, kultur- och fritidsn\u00e4mnden ordf\u00f6rande.<\/p>\n<p>&nbsp;<\/p>\n<h3><strong>M\u00f6t riksdagsledamoten Denis Begic i Vivalla!<\/strong><\/h3>\n<p>Denis Begic, riksdagsledamot f\u00f6r Socialdemokraterna, kommer till Vivalla Folkets Hus f\u00f6r att samtala om samh\u00e4llets utveckling och svara p\u00e5 dina fr\u00e5gor om vad som h\u00e4nder i riksdagen.<\/p>\n<p>Det \u00e4r ocks\u00e5 ett tillf\u00e4lle f\u00f6r dig som bor i Vivalla att g\u00f6ra din r\u00f6st h\u00f6rd \u2013 vilka fr\u00e5gor tycker du \u00e4r viktigast? Vad vill du att vi ska driva i riksdagen? Kom och dela dina tankar!<\/p>\n<p>22\/9 kl. 17.30-20.00 och den 13\/10 kl. 17.30-20.00. Vivalla Folkets Hus.<\/p>\n<p>&nbsp;<\/p>\n<p><em>F\u00f6rel\u00e4sningsserien arrangeras i samarbete med Socialdemokraterna \u00d6rebro kommun.<\/em><\/p>\n\n    <\/div>\n<\/div>\n","protected":false},"featured_media":0,"parent":0,"menu_order":0,"template":"","categories":[],"class_list":["post-1869","news-article","type-news-article","status-publish","hentry"],"acf":[],"yoast_head":"<!-- This site is optimized with the Yoast SEO plugin v27.0 - https:\/\/yoast.com\/product\/yoast-seo-wordpress\/ -->\n<title>Tillsammans f\u00f6r framtiden - \u00d6rebro l\u00e4n<\/title>\n<meta name=\"description\" content=\"V\u00e4lkommen till en f\u00f6rel\u00e4sningsserie om samh\u00e4lle, delaktighet och m\u00f6jligheter i Vivalla! Tillsammans f\u00f6r framtiden!\" \/>\n<meta name=\"robots\" content=\"index, follow, max-snippet:-1, max-image-preview:large, max-video-preview:-1\" \/>\n<link rel=\"canonical\" href=\"https:\/\/www.abf.se\/orebro-lan\/nyheter\/forelasningsserie-i-vivalla\/\" \/>\n<meta property=\"og:locale\" content=\"sv_SE\" \/>\n<meta property=\"og:type\" content=\"article\" \/>\n<meta property=\"og:title\" content=\"Tillsammans f\u00f6r framtiden - \u00d6rebro l\u00e4n\" \/>\n<meta property=\"og:description\" content=\"V\u00e4lkommen till en f\u00f6rel\u00e4sningsserie om samh\u00e4lle, delaktighet och m\u00f6jligheter i Vivalla! Tillsammans f\u00f6r framtiden!\" \/>\n<meta property=\"og:url\" content=\"https:\/\/www.abf.se\/orebro-lan\/nyheter\/forelasningsserie-i-vivalla\/\" \/>\n<meta property=\"og:site_name\" content=\"\u00d6rebro l\u00e4n\" \/>\n<meta property=\"article:modified_time\" content=\"2025-08-26T14:05:34+00:00\" \/>\n<meta property=\"og:image\" content=\"https:\/\/www.abf.se\/wp-content\/uploads\/sites\/63\/2025\/08\/Tillsammans-for-framtiden-Hemsidan.png\" \/>\n\t<meta property=\"og:image:width\" content=\"1282\" \/>\n\t<meta property=\"og:image:height\" content=\"1058\" \/>\n\t<meta property=\"og:image:type\" content=\"image\/png\" \/>\n<meta name=\"twitter:card\" content=\"summary_large_image\" \/>\n<script type=\"application\/ld+json\" class=\"yoast-schema-graph\">{\"@context\":\"https:\/\/schema.org\",\"@graph\":[{\"@type\":\"WebPage\",\"@id\":\"https:\/\/www.abf.se\/orebro-lan\/nyheter\/forelasningsserie-i-vivalla\/\",\"url\":\"https:\/\/www.abf.se\/orebro-lan\/nyheter\/forelasningsserie-i-vivalla\/\",\"name\":\"Tillsammans f\u00f6r framtiden - \u00d6rebro l\u00e4n\",\"isPartOf\":{\"@id\":\"https:\/\/www.abf.se\/orebro-lan\/#website\"},\"datePublished\":\"2025-08-26T13:56:46+00:00\",\"dateModified\":\"2025-08-26T14:05:34+00:00\",\"description\":\"V\u00e4lkommen till en f\u00f6rel\u00e4sningsserie om samh\u00e4lle, delaktighet och m\u00f6jligheter i Vivalla! Tillsammans f\u00f6r framtiden!\",\"breadcrumb\":{\"@id\":\"https:\/\/www.abf.se\/orebro-lan\/nyheter\/forelasningsserie-i-vivalla\/#breadcrumb\"},\"inLanguage\":\"sv-SE\",\"potentialAction\":[{\"@type\":\"ReadAction\",\"target\":[\"https:\/\/www.abf.se\/orebro-lan\/nyheter\/forelasningsserie-i-vivalla\/\"]}]},{\"@type\":\"BreadcrumbList\",\"@id\":\"https:\/\/www.abf.se\/orebro-lan\/nyheter\/forelasningsserie-i-vivalla\/#breadcrumb\",\"itemListElement\":[{\"@type\":\"ListItem\",\"position\":1,\"name\":\"Home\",\"item\":\"https:\/\/www.abf.se\/orebro-lan\/\"},{\"@type\":\"ListItem\",\"position\":2,\"name\":\"Nyheter\",\"item\":\"https:\/\/www.abf.se\/orebro-lan\/nyheter\/\"},{\"@type\":\"ListItem\",\"position\":3,\"name\":\"Tillsammans f\u00f6r framtiden\"}]},{\"@type\":\"WebSite\",\"@id\":\"https:\/\/www.abf.se\/orebro-lan\/#website\",\"url\":\"https:\/\/www.abf.se\/orebro-lan\/\",\"name\":\"\u00d6rebro l\u00e4n\",\"description\":\"\",\"potentialAction\":[{\"@type\":\"SearchAction\",\"target\":{\"@type\":\"EntryPoint\",\"urlTemplate\":\"https:\/\/www.abf.se\/orebro-lan\/?s={search_term_string}\"},\"query-input\":{\"@type\":\"PropertyValueSpecification\",\"valueRequired\":true,\"valueName\":\"search_term_string\"}}],\"inLanguage\":\"sv-SE\"}]}<\/script>\n<!-- \/ Yoast SEO plugin. -->","yoast_head_json":{"title":"Tillsammans f\u00f6r framtiden - \u00d6rebro l\u00e4n","description":"V\u00e4lkommen till en f\u00f6rel\u00e4sningsserie om samh\u00e4lle, delaktighet och m\u00f6jligheter i Vivalla! Tillsammans f\u00f6r framtiden!","robots":{"index":"index","follow":"follow","max-snippet":"max-snippet:-1","max-image-preview":"max-image-preview:large","max-video-preview":"max-video-preview:-1"},"canonical":"https:\/\/www.abf.se\/orebro-lan\/nyheter\/forelasningsserie-i-vivalla\/","og_locale":"sv_SE","og_type":"article","og_title":"Tillsammans f\u00f6r framtiden - \u00d6rebro l\u00e4n","og_description":"V\u00e4lkommen till en f\u00f6rel\u00e4sningsserie om samh\u00e4lle, delaktighet och m\u00f6jligheter i Vivalla! Tillsammans f\u00f6r framtiden!","og_url":"https:\/\/www.abf.se\/orebro-lan\/nyheter\/forelasningsserie-i-vivalla\/","og_site_name":"\u00d6rebro l\u00e4n","article_modified_time":"2025-08-26T14:05:34+00:00","og_image":[{"width":1282,"height":1058,"url":"https:\/\/www.abf.se\/wp-content\/uploads\/sites\/63\/2025\/08\/Tillsammans-for-framtiden-Hemsidan.png","type":"image\/png"}],"twitter_card":"summary_large_image","schema":{"@context":"https:\/\/schema.org","@graph":[{"@type":"WebPage","@id":"https:\/\/www.abf.se\/orebro-lan\/nyheter\/forelasningsserie-i-vivalla\/","url":"https:\/\/www.abf.se\/orebro-lan\/nyheter\/forelasningsserie-i-vivalla\/","name":"Tillsammans f\u00f6r framtiden - \u00d6rebro l\u00e4n","isPartOf":{"@id":"https:\/\/www.abf.se\/orebro-lan\/#website"},"datePublished":"2025-08-26T13:56:46+00:00","dateModified":"2025-08-26T14:05:34+00:00","description":"V\u00e4lkommen till en f\u00f6rel\u00e4sningsserie om samh\u00e4lle, delaktighet och m\u00f6jligheter i Vivalla! Tillsammans f\u00f6r framtiden!","breadcrumb":{"@id":"https:\/\/www.abf.se\/orebro-lan\/nyheter\/forelasningsserie-i-vivalla\/#breadcrumb"},"inLanguage":"sv-SE","potentialAction":[{"@type":"ReadAction","target":["https:\/\/www.abf.se\/orebro-lan\/nyheter\/forelasningsserie-i-vivalla\/"]}]},{"@type":"BreadcrumbList","@id":"https:\/\/www.abf.se\/orebro-lan\/nyheter\/forelasningsserie-i-vivalla\/#breadcrumb","itemListElement":[{"@type":"ListItem","position":1,"name":"Home","item":"https:\/\/www.abf.se\/orebro-lan\/"},{"@type":"ListItem","position":2,"name":"Nyheter","item":"https:\/\/www.abf.se\/orebro-lan\/nyheter\/"},{"@type":"ListItem","position":3,"name":"Tillsammans f\u00f6r framtiden"}]},{"@type":"WebSite","@id":"https:\/\/www.abf.se\/orebro-lan\/#website","url":"https:\/\/www.abf.se\/orebro-lan\/","name":"\u00d6rebro l\u00e4n","description":"","potentialAction":[{"@type":"SearchAction","target":{"@type":"EntryPoint","urlTemplate":"https:\/\/www.abf.se\/orebro-lan\/?s={search_term_string}"},"query-input":{"@type":"PropertyValueSpecification","valueRequired":true,"valueName":"search_term_string"}}],"inLanguage":"sv-SE"}]}},"_links":{"self":[{"href":"https:\/\/www.abf.se\/orebro-lan\/wp-json\/wp\/v2\/news-article\/1869","targetHints":{"allow":["GET"]}}],"collection":[{"href":"https:\/\/www.abf.se\/orebro-lan\/wp-json\/wp\/v2\/news-article"}],"about":[{"href":"https:\/\/www.abf.se\/orebro-lan\/wp-json\/wp\/v2\/types\/news-article"}],"wp:attachment":[{"href":"https:\/\/www.abf.se\/orebro-lan\/wp-json\/wp\/v2\/media?parent=1869"}],"wp:term":[{"taxonomy":"category","embeddable":true,"href":"https:\/\/www.abf.se\/orebro-lan\/wp-json\/wp\/v2\/categories?post=1869"}],"curies":[{"name":"wp","href":"https:\/\/api.w.org\/{rel}","templated":true}]}}