{"id":2106,"date":"2025-10-07T09:52:56","date_gmt":"2025-10-07T07:52:56","guid":{"rendered":"https:\/\/www.abf.se\/orebro-lan\/?post_type=news-article&#038;p=2106"},"modified":"2025-10-07T09:58:15","modified_gmt":"2025-10-07T07:58:15","slug":"sa-kan-din-forening-na-ut-pa-facebook-utan-annonser","status":"publish","type":"news-article","link":"https:\/\/www.abf.se\/orebro-lan\/nyheter\/sa-kan-din-forening-na-ut-pa-facebook-utan-annonser\/","title":{"rendered":"S\u00e5 kan din f\u00f6rening n\u00e5 ut p\u00e5 Facebook \u2013 utan annonser"},"content":{"rendered":"<div\n    class=\"acf-article-text-block article-container my-12\"\n    data-block=\"article-text-block\"\n>\n    <div class=\"wysiwyg\">\n        <p>Det p\u00e5verkar m\u00e5nga av v\u00e5ra medlemsf\u00f6reningar och fria grupper som samarbetar med oss kring marknadsf\u00f6ring av sin verksamhet p\u00e5 sociala medier, exempelvis studiecirklar och f\u00f6rel\u00e4sningar. Men det finns alternativ.<\/p>\n<p>S\u00e5 kan ni \u00e4nd\u00e5 synas:<\/p>\n<ul>\n<li>F\u00f6lj ABF \u00d6rebro l\u00e4n p\u00e5 Facebook och Instagram<\/li>\n<li>Gilla och kommentera v\u00e5ra inl\u00e4gg<\/li>\n<li>Dela vidare i dina egna fl\u00f6den i sociala medier<\/li>\n<\/ul>\n<p>Det personliga n\u00e4tverket \u00e4r ofta lika starkt som en betald annons. Men det g\u00e4ller att visa engagemang i sociala medier. Att bara l\u00e4sa inl\u00e4gg som verkar intressanta, och sedan scrolla vidare, r\u00e4cker tyv\u00e4rr inte.<\/p>\n<p>Vi vet att digital synlighet \u00e4r en viktig del av v\u00e5rt arbete, men trots begr\u00e4nsningarna i Facebooks annonssystem finns det \u00e4nd\u00e5 fortfarande stora m\u00f6jligheter att n\u00e5 ut.<\/p>\n<p>Tillsammans forts\u00e4tter vi att synas \u2013 utan att vara beroende av betalda annonser.<\/p>\n\n    <\/div>\n<\/div>\n","protected":false},"featured_media":0,"parent":0,"menu_order":0,"template":"","categories":[],"class_list":["post-2106","news-article","type-news-article","status-publish","hentry"],"acf":[],"yoast_head":"<!-- This site is optimized with the Yoast SEO plugin v27.0 - https:\/\/yoast.com\/product\/yoast-seo-wordpress\/ -->\n<title>S\u00e5 kan din f\u00f6rening n\u00e5 ut p\u00e5 Facebook - ABF \u00d6rebro l\u00e4n<\/title>\n<meta name=\"description\" content=\"G\u00f6r s\u00e5 h\u00e4r f\u00f6r att n\u00e5 ut p\u00e5 Facebook: F\u00f6lj ABF \u00d6rebro l\u00e4n p\u00e5 sociala medier och gilla v\u00e5ra inl\u00e4gg! L\u00e4s mer i nyheten!\" \/>\n<meta name=\"robots\" content=\"index, follow, max-snippet:-1, max-image-preview:large, max-video-preview:-1\" \/>\n<link rel=\"canonical\" href=\"https:\/\/www.abf.se\/orebro-lan\/nyheter\/sa-kan-din-forening-na-ut-pa-facebook-utan-annonser\/\" \/>\n<meta property=\"og:locale\" content=\"sv_SE\" \/>\n<meta property=\"og:type\" content=\"article\" \/>\n<meta property=\"og:title\" content=\"S\u00e5 kan din f\u00f6rening n\u00e5 ut p\u00e5 Facebook - ABF \u00d6rebro l\u00e4n\" \/>\n<meta property=\"og:description\" content=\"G\u00f6r s\u00e5 h\u00e4r f\u00f6r att n\u00e5 ut p\u00e5 Facebook: F\u00f6lj ABF \u00d6rebro l\u00e4n p\u00e5 sociala medier och gilla v\u00e5ra inl\u00e4gg! L\u00e4s mer i nyheten!\" \/>\n<meta property=\"og:url\" content=\"https:\/\/www.abf.se\/orebro-lan\/nyheter\/sa-kan-din-forening-na-ut-pa-facebook-utan-annonser\/\" \/>\n<meta property=\"og:site_name\" content=\"\u00d6rebro l\u00e4n\" \/>\n<meta property=\"article:modified_time\" content=\"2025-10-07T07:58:15+00:00\" \/>\n<meta property=\"og:image\" content=\"https:\/\/www.abf.se\/wp-content\/uploads\/sites\/63\/2024\/04\/Nyckeln-liggande-scaled.jpg\" \/>\n\t<meta property=\"og:image:width\" content=\"2560\" \/>\n\t<meta property=\"og:image:height\" content=\"1440\" \/>\n\t<meta property=\"og:image:type\" content=\"image\/jpeg\" \/>\n<meta name=\"twitter:card\" content=\"summary_large_image\" \/>\n<script type=\"application\/ld+json\" class=\"yoast-schema-graph\">{\"@context\":\"https:\/\/schema.org\",\"@graph\":[{\"@type\":\"WebPage\",\"@id\":\"https:\/\/www.abf.se\/orebro-lan\/nyheter\/sa-kan-din-forening-na-ut-pa-facebook-utan-annonser\/\",\"url\":\"https:\/\/www.abf.se\/orebro-lan\/nyheter\/sa-kan-din-forening-na-ut-pa-facebook-utan-annonser\/\",\"name\":\"S\u00e5 kan din f\u00f6rening n\u00e5 ut p\u00e5 Facebook - ABF \u00d6rebro l\u00e4n\",\"isPartOf\":{\"@id\":\"https:\/\/www.abf.se\/orebro-lan\/#website\"},\"datePublished\":\"2025-10-07T07:52:56+00:00\",\"dateModified\":\"2025-10-07T07:58:15+00:00\",\"description\":\"G\u00f6r s\u00e5 h\u00e4r f\u00f6r att n\u00e5 ut p\u00e5 Facebook: F\u00f6lj ABF \u00d6rebro l\u00e4n p\u00e5 sociala medier och gilla v\u00e5ra inl\u00e4gg! L\u00e4s mer i nyheten!\",\"breadcrumb\":{\"@id\":\"https:\/\/www.abf.se\/orebro-lan\/nyheter\/sa-kan-din-forening-na-ut-pa-facebook-utan-annonser\/#breadcrumb\"},\"inLanguage\":\"sv-SE\",\"potentialAction\":[{\"@type\":\"ReadAction\",\"target\":[\"https:\/\/www.abf.se\/orebro-lan\/nyheter\/sa-kan-din-forening-na-ut-pa-facebook-utan-annonser\/\"]}]},{\"@type\":\"BreadcrumbList\",\"@id\":\"https:\/\/www.abf.se\/orebro-lan\/nyheter\/sa-kan-din-forening-na-ut-pa-facebook-utan-annonser\/#breadcrumb\",\"itemListElement\":[{\"@type\":\"ListItem\",\"position\":1,\"name\":\"Home\",\"item\":\"https:\/\/www.abf.se\/orebro-lan\/\"},{\"@type\":\"ListItem\",\"position\":2,\"name\":\"Nyheter\",\"item\":\"https:\/\/www.abf.se\/orebro-lan\/nyheter\/\"},{\"@type\":\"ListItem\",\"position\":3,\"name\":\"S\u00e5 kan din f\u00f6rening n\u00e5 ut p\u00e5 Facebook \u2013 utan annonser\"}]},{\"@type\":\"WebSite\",\"@id\":\"https:\/\/www.abf.se\/orebro-lan\/#website\",\"url\":\"https:\/\/www.abf.se\/orebro-lan\/\",\"name\":\"\u00d6rebro l\u00e4n\",\"description\":\"\",\"potentialAction\":[{\"@type\":\"SearchAction\",\"target\":{\"@type\":\"EntryPoint\",\"urlTemplate\":\"https:\/\/www.abf.se\/orebro-lan\/?s={search_term_string}\"},\"query-input\":{\"@type\":\"PropertyValueSpecification\",\"valueRequired\":true,\"valueName\":\"search_term_string\"}}],\"inLanguage\":\"sv-SE\"}]}<\/script>\n<!-- \/ Yoast SEO plugin. -->","yoast_head_json":{"title":"S\u00e5 kan din f\u00f6rening n\u00e5 ut p\u00e5 Facebook - ABF \u00d6rebro l\u00e4n","description":"G\u00f6r s\u00e5 h\u00e4r f\u00f6r att n\u00e5 ut p\u00e5 Facebook: F\u00f6lj ABF \u00d6rebro l\u00e4n p\u00e5 sociala medier och gilla v\u00e5ra inl\u00e4gg! L\u00e4s mer i nyheten!","robots":{"index":"index","follow":"follow","max-snippet":"max-snippet:-1","max-image-preview":"max-image-preview:large","max-video-preview":"max-video-preview:-1"},"canonical":"https:\/\/www.abf.se\/orebro-lan\/nyheter\/sa-kan-din-forening-na-ut-pa-facebook-utan-annonser\/","og_locale":"sv_SE","og_type":"article","og_title":"S\u00e5 kan din f\u00f6rening n\u00e5 ut p\u00e5 Facebook - ABF \u00d6rebro l\u00e4n","og_description":"G\u00f6r s\u00e5 h\u00e4r f\u00f6r att n\u00e5 ut p\u00e5 Facebook: F\u00f6lj ABF \u00d6rebro l\u00e4n p\u00e5 sociala medier och gilla v\u00e5ra inl\u00e4gg! L\u00e4s mer i nyheten!","og_url":"https:\/\/www.abf.se\/orebro-lan\/nyheter\/sa-kan-din-forening-na-ut-pa-facebook-utan-annonser\/","og_site_name":"\u00d6rebro l\u00e4n","article_modified_time":"2025-10-07T07:58:15+00:00","og_image":[{"width":2560,"height":1440,"url":"https:\/\/www.abf.se\/wp-content\/uploads\/sites\/63\/2024\/04\/Nyckeln-liggande-scaled.jpg","type":"image\/jpeg"}],"twitter_card":"summary_large_image","schema":{"@context":"https:\/\/schema.org","@graph":[{"@type":"WebPage","@id":"https:\/\/www.abf.se\/orebro-lan\/nyheter\/sa-kan-din-forening-na-ut-pa-facebook-utan-annonser\/","url":"https:\/\/www.abf.se\/orebro-lan\/nyheter\/sa-kan-din-forening-na-ut-pa-facebook-utan-annonser\/","name":"S\u00e5 kan din f\u00f6rening n\u00e5 ut p\u00e5 Facebook - ABF \u00d6rebro l\u00e4n","isPartOf":{"@id":"https:\/\/www.abf.se\/orebro-lan\/#website"},"datePublished":"2025-10-07T07:52:56+00:00","dateModified":"2025-10-07T07:58:15+00:00","description":"G\u00f6r s\u00e5 h\u00e4r f\u00f6r att n\u00e5 ut p\u00e5 Facebook: F\u00f6lj ABF \u00d6rebro l\u00e4n p\u00e5 sociala medier och gilla v\u00e5ra inl\u00e4gg! L\u00e4s mer i nyheten!","breadcrumb":{"@id":"https:\/\/www.abf.se\/orebro-lan\/nyheter\/sa-kan-din-forening-na-ut-pa-facebook-utan-annonser\/#breadcrumb"},"inLanguage":"sv-SE","potentialAction":[{"@type":"ReadAction","target":["https:\/\/www.abf.se\/orebro-lan\/nyheter\/sa-kan-din-forening-na-ut-pa-facebook-utan-annonser\/"]}]},{"@type":"BreadcrumbList","@id":"https:\/\/www.abf.se\/orebro-lan\/nyheter\/sa-kan-din-forening-na-ut-pa-facebook-utan-annonser\/#breadcrumb","itemListElement":[{"@type":"ListItem","position":1,"name":"Home","item":"https:\/\/www.abf.se\/orebro-lan\/"},{"@type":"ListItem","position":2,"name":"Nyheter","item":"https:\/\/www.abf.se\/orebro-lan\/nyheter\/"},{"@type":"ListItem","position":3,"name":"S\u00e5 kan din f\u00f6rening n\u00e5 ut p\u00e5 Facebook \u2013 utan annonser"}]},{"@type":"WebSite","@id":"https:\/\/www.abf.se\/orebro-lan\/#website","url":"https:\/\/www.abf.se\/orebro-lan\/","name":"\u00d6rebro l\u00e4n","description":"","potentialAction":[{"@type":"SearchAction","target":{"@type":"EntryPoint","urlTemplate":"https:\/\/www.abf.se\/orebro-lan\/?s={search_term_string}"},"query-input":{"@type":"PropertyValueSpecification","valueRequired":true,"valueName":"search_term_string"}}],"inLanguage":"sv-SE"}]}},"_links":{"self":[{"href":"https:\/\/www.abf.se\/orebro-lan\/wp-json\/wp\/v2\/news-article\/2106","targetHints":{"allow":["GET"]}}],"collection":[{"href":"https:\/\/www.abf.se\/orebro-lan\/wp-json\/wp\/v2\/news-article"}],"about":[{"href":"https:\/\/www.abf.se\/orebro-lan\/wp-json\/wp\/v2\/types\/news-article"}],"wp:attachment":[{"href":"https:\/\/www.abf.se\/orebro-lan\/wp-json\/wp\/v2\/media?parent=2106"}],"wp:term":[{"taxonomy":"category","embeddable":true,"href":"https:\/\/www.abf.se\/orebro-lan\/wp-json\/wp\/v2\/categories?post=2106"}],"curies":[{"name":"wp","href":"https:\/\/api.w.org\/{rel}","templated":true}]}}