{"id":2155,"date":"2025-11-05T14:19:39","date_gmt":"2025-11-05T13:19:39","guid":{"rendered":"https:\/\/www.abf.se\/orebro-lan\/?post_type=news-article&#038;p=2155"},"modified":"2025-11-05T14:41:10","modified_gmt":"2025-11-05T13:41:10","slug":"viktig-information-nya-priser-fran-1-januari-2026","status":"publish","type":"news-article","link":"https:\/\/www.abf.se\/orebro-lan\/nyheter\/viktig-information-nya-priser-fran-1-januari-2026\/","title":{"rendered":"Viktig information: Nya priser fr\u00e5n 1 januari 2026"},"content":{"rendered":"<div\n    class=\"acf-article-text-block article-container my-12\"\n    data-block=\"article-text-block\"\n>\n    <div class=\"wysiwyg\">\n        <p>Bakgrunden \u00e4r att regeringen har genomf\u00f6rt nedsk\u00e4rningar i statsbidragen till studief\u00f6rbunden, samtidigt som v\u00e5rt regionala st\u00f6d har minskat. F\u00f6r att kunna forts\u00e4tta bedriva verksamhet med kvalitet och l\u00e5ngsiktighet beh\u00f6ver vi d\u00e4rf\u00f6r anpassa v\u00e5ra avgifter \u2013 b\u00e5de f\u00f6r konferenslokaler och deltagaravgifter.<\/p>\n<p>Vi f\u00f6rst\u00e5r att detta p\u00e5verkar er, men vi vill f\u00f6rs\u00e4kra er om att vi g\u00f6r allt f\u00f6r att h\u00e5lla kostnaderna s\u00e5 l\u00e5ga som m\u00f6jligt och forts\u00e4tta vara en tillg\u00e4nglig och p\u00e5litlig samarbetspartner. V\u00e5r ambition \u00e4r att fortsatt erbjuda st\u00f6d, lokaler och folkbildning som g\u00f6r skillnad \u2013 i hela \u00d6rebro l\u00e4n.<\/p>\n<p>Observera att om ni bedriver rapporteringsbar folkbildningsverksamhet i v\u00e5ra lokaler \u00e4r det i de flesta fall gratis att vara hos oss.<\/p>\n<p>Har ni fr\u00e5gor eller funderingar redan nu, \u00e4r ni varmt v\u00e4lkomna att kontakta oss.<\/p>\n<p>Tack f\u00f6r att ni \u00e4r en del av ABF!<\/p>\n\n    <\/div>\n<\/div>\n","protected":false},"featured_media":0,"parent":0,"menu_order":0,"template":"","categories":[],"class_list":["post-2155","news-article","type-news-article","status-publish","hentry"],"acf":[],"yoast_head":"<!-- This site is optimized with the Yoast SEO plugin v27.0 - https:\/\/yoast.com\/product\/yoast-seo-wordpress\/ -->\n<title>Viktig information: Nya priser fr\u00e5n 1 januari 2026 - \u00d6rebro l\u00e4n<\/title>\n<meta name=\"description\" content=\"F\u00f6r att \u00e4ven i framtiden kunna erbjuda h\u00f6gkvalitativ folkbildning kommer ABF \u00d6rebro l\u00e4n att inf\u00f6ra nya priser fr\u00e5n 1 januari 2026.\" \/>\n<meta name=\"robots\" content=\"index, follow, max-snippet:-1, max-image-preview:large, max-video-preview:-1\" \/>\n<link rel=\"canonical\" href=\"https:\/\/www.abf.se\/orebro-lan\/nyheter\/viktig-information-nya-priser-fran-1-januari-2026\/\" \/>\n<meta property=\"og:locale\" content=\"sv_SE\" \/>\n<meta property=\"og:type\" content=\"article\" \/>\n<meta property=\"og:title\" content=\"Viktig information: Nya priser fr\u00e5n 1 januari 2026 - \u00d6rebro l\u00e4n\" \/>\n<meta property=\"og:description\" content=\"F\u00f6r att \u00e4ven i framtiden kunna erbjuda h\u00f6gkvalitativ folkbildning kommer ABF \u00d6rebro l\u00e4n att inf\u00f6ra nya priser fr\u00e5n 1 januari 2026.\" \/>\n<meta property=\"og:url\" content=\"https:\/\/www.abf.se\/orebro-lan\/nyheter\/viktig-information-nya-priser-fran-1-januari-2026\/\" \/>\n<meta property=\"og:site_name\" content=\"\u00d6rebro l\u00e4n\" \/>\n<meta property=\"article:modified_time\" content=\"2025-11-05T13:41:10+00:00\" \/>\n<meta property=\"og:image\" content=\"https:\/\/www.abf.se\/wp-content\/uploads\/sites\/63\/2024\/04\/Nyckeln-liggande-scaled.jpg\" \/>\n\t<meta property=\"og:image:width\" content=\"2560\" \/>\n\t<meta property=\"og:image:height\" content=\"1440\" \/>\n\t<meta property=\"og:image:type\" content=\"image\/jpeg\" \/>\n<meta name=\"twitter:card\" content=\"summary_large_image\" \/>\n<script type=\"application\/ld+json\" class=\"yoast-schema-graph\">{\"@context\":\"https:\/\/schema.org\",\"@graph\":[{\"@type\":\"WebPage\",\"@id\":\"https:\/\/www.abf.se\/orebro-lan\/nyheter\/viktig-information-nya-priser-fran-1-januari-2026\/\",\"url\":\"https:\/\/www.abf.se\/orebro-lan\/nyheter\/viktig-information-nya-priser-fran-1-januari-2026\/\",\"name\":\"Viktig information: Nya priser fr\u00e5n 1 januari 2026 - \u00d6rebro l\u00e4n\",\"isPartOf\":{\"@id\":\"https:\/\/www.abf.se\/orebro-lan\/#website\"},\"datePublished\":\"2025-11-05T13:19:39+00:00\",\"dateModified\":\"2025-11-05T13:41:10+00:00\",\"description\":\"F\u00f6r att \u00e4ven i framtiden kunna erbjuda h\u00f6gkvalitativ folkbildning kommer ABF \u00d6rebro l\u00e4n att inf\u00f6ra nya priser fr\u00e5n 1 januari 2026.\",\"breadcrumb\":{\"@id\":\"https:\/\/www.abf.se\/orebro-lan\/nyheter\/viktig-information-nya-priser-fran-1-januari-2026\/#breadcrumb\"},\"inLanguage\":\"sv-SE\",\"potentialAction\":[{\"@type\":\"ReadAction\",\"target\":[\"https:\/\/www.abf.se\/orebro-lan\/nyheter\/viktig-information-nya-priser-fran-1-januari-2026\/\"]}]},{\"@type\":\"BreadcrumbList\",\"@id\":\"https:\/\/www.abf.se\/orebro-lan\/nyheter\/viktig-information-nya-priser-fran-1-januari-2026\/#breadcrumb\",\"itemListElement\":[{\"@type\":\"ListItem\",\"position\":1,\"name\":\"Home\",\"item\":\"https:\/\/www.abf.se\/orebro-lan\/\"},{\"@type\":\"ListItem\",\"position\":2,\"name\":\"Nyheter\",\"item\":\"https:\/\/www.abf.se\/orebro-lan\/nyheter\/\"},{\"@type\":\"ListItem\",\"position\":3,\"name\":\"Viktig information: Nya priser fr\u00e5n 1 januari 2026\"}]},{\"@type\":\"WebSite\",\"@id\":\"https:\/\/www.abf.se\/orebro-lan\/#website\",\"url\":\"https:\/\/www.abf.se\/orebro-lan\/\",\"name\":\"\u00d6rebro l\u00e4n\",\"description\":\"\",\"potentialAction\":[{\"@type\":\"SearchAction\",\"target\":{\"@type\":\"EntryPoint\",\"urlTemplate\":\"https:\/\/www.abf.se\/orebro-lan\/?s={search_term_string}\"},\"query-input\":{\"@type\":\"PropertyValueSpecification\",\"valueRequired\":true,\"valueName\":\"search_term_string\"}}],\"inLanguage\":\"sv-SE\"}]}<\/script>\n<!-- \/ Yoast SEO plugin. -->","yoast_head_json":{"title":"Viktig information: Nya priser fr\u00e5n 1 januari 2026 - \u00d6rebro l\u00e4n","description":"F\u00f6r att \u00e4ven i framtiden kunna erbjuda h\u00f6gkvalitativ folkbildning kommer ABF \u00d6rebro l\u00e4n att inf\u00f6ra nya priser fr\u00e5n 1 januari 2026.","robots":{"index":"index","follow":"follow","max-snippet":"max-snippet:-1","max-image-preview":"max-image-preview:large","max-video-preview":"max-video-preview:-1"},"canonical":"https:\/\/www.abf.se\/orebro-lan\/nyheter\/viktig-information-nya-priser-fran-1-januari-2026\/","og_locale":"sv_SE","og_type":"article","og_title":"Viktig information: Nya priser fr\u00e5n 1 januari 2026 - \u00d6rebro l\u00e4n","og_description":"F\u00f6r att \u00e4ven i framtiden kunna erbjuda h\u00f6gkvalitativ folkbildning kommer ABF \u00d6rebro l\u00e4n att inf\u00f6ra nya priser fr\u00e5n 1 januari 2026.","og_url":"https:\/\/www.abf.se\/orebro-lan\/nyheter\/viktig-information-nya-priser-fran-1-januari-2026\/","og_site_name":"\u00d6rebro l\u00e4n","article_modified_time":"2025-11-05T13:41:10+00:00","og_image":[{"width":2560,"height":1440,"url":"https:\/\/www.abf.se\/wp-content\/uploads\/sites\/63\/2024\/04\/Nyckeln-liggande-scaled.jpg","type":"image\/jpeg"}],"twitter_card":"summary_large_image","schema":{"@context":"https:\/\/schema.org","@graph":[{"@type":"WebPage","@id":"https:\/\/www.abf.se\/orebro-lan\/nyheter\/viktig-information-nya-priser-fran-1-januari-2026\/","url":"https:\/\/www.abf.se\/orebro-lan\/nyheter\/viktig-information-nya-priser-fran-1-januari-2026\/","name":"Viktig information: Nya priser fr\u00e5n 1 januari 2026 - \u00d6rebro l\u00e4n","isPartOf":{"@id":"https:\/\/www.abf.se\/orebro-lan\/#website"},"datePublished":"2025-11-05T13:19:39+00:00","dateModified":"2025-11-05T13:41:10+00:00","description":"F\u00f6r att \u00e4ven i framtiden kunna erbjuda h\u00f6gkvalitativ folkbildning kommer ABF \u00d6rebro l\u00e4n att inf\u00f6ra nya priser fr\u00e5n 1 januari 2026.","breadcrumb":{"@id":"https:\/\/www.abf.se\/orebro-lan\/nyheter\/viktig-information-nya-priser-fran-1-januari-2026\/#breadcrumb"},"inLanguage":"sv-SE","potentialAction":[{"@type":"ReadAction","target":["https:\/\/www.abf.se\/orebro-lan\/nyheter\/viktig-information-nya-priser-fran-1-januari-2026\/"]}]},{"@type":"BreadcrumbList","@id":"https:\/\/www.abf.se\/orebro-lan\/nyheter\/viktig-information-nya-priser-fran-1-januari-2026\/#breadcrumb","itemListElement":[{"@type":"ListItem","position":1,"name":"Home","item":"https:\/\/www.abf.se\/orebro-lan\/"},{"@type":"ListItem","position":2,"name":"Nyheter","item":"https:\/\/www.abf.se\/orebro-lan\/nyheter\/"},{"@type":"ListItem","position":3,"name":"Viktig information: Nya priser fr\u00e5n 1 januari 2026"}]},{"@type":"WebSite","@id":"https:\/\/www.abf.se\/orebro-lan\/#website","url":"https:\/\/www.abf.se\/orebro-lan\/","name":"\u00d6rebro l\u00e4n","description":"","potentialAction":[{"@type":"SearchAction","target":{"@type":"EntryPoint","urlTemplate":"https:\/\/www.abf.se\/orebro-lan\/?s={search_term_string}"},"query-input":{"@type":"PropertyValueSpecification","valueRequired":true,"valueName":"search_term_string"}}],"inLanguage":"sv-SE"}]}},"_links":{"self":[{"href":"https:\/\/www.abf.se\/orebro-lan\/wp-json\/wp\/v2\/news-article\/2155","targetHints":{"allow":["GET"]}}],"collection":[{"href":"https:\/\/www.abf.se\/orebro-lan\/wp-json\/wp\/v2\/news-article"}],"about":[{"href":"https:\/\/www.abf.se\/orebro-lan\/wp-json\/wp\/v2\/types\/news-article"}],"wp:attachment":[{"href":"https:\/\/www.abf.se\/orebro-lan\/wp-json\/wp\/v2\/media?parent=2155"}],"wp:term":[{"taxonomy":"category","embeddable":true,"href":"https:\/\/www.abf.se\/orebro-lan\/wp-json\/wp\/v2\/categories?post=2155"}],"curies":[{"name":"wp","href":"https:\/\/api.w.org\/{rel}","templated":true}]}}