{"id":2179,"date":"2025-11-26T15:18:51","date_gmt":"2025-11-26T14:18:51","guid":{"rendered":"https:\/\/www.abf.se\/orebro-lan\/?post_type=news-article&#038;p=2179"},"modified":"2025-11-26T15:20:19","modified_gmt":"2025-11-26T14:20:19","slug":"stod-for-arbetsmiljoutbildning-forlangs","status":"publish","type":"news-article","link":"https:\/\/www.abf.se\/orebro-lan\/nyheter\/stod-for-arbetsmiljoutbildning-forlangs\/","title":{"rendered":"St\u00f6d f\u00f6r arbetsmilj\u00f6utbildning f\u00f6rl\u00e4ngs!"},"content":{"rendered":"<div\n    class=\"acf-article-text-block article-container my-12\"\n    data-block=\"article-text-block\"\n>\n    <div class=\"wysiwyg\">\n        <p data-olk-copy-source=\"MessageBody\">Ans\u00f6kan \u00f6ppnar\u00a0<strong>7 januari 2026<\/strong>. Utbildningarna kan starta tidigast 1 januari 2026.<\/p>\n<p>Vidareutbildningar d\u00e4r chefer och skydds- eller arbetsmilj\u00f6ombud g\u00e5r utbildning tillsammans, samt vidareutbildningar f\u00f6r skydds- eller arbetsmilj\u00f6ombud, \u00e4r s\u00e4rskilt prioriterade.<\/p>\n<p><a href=\"https:\/\/www.afaforsakring.se\/ohalsa-och-arbetsskador\/stod-for-arbetsmiljoutbildning\/till-godkanda-utbildningsanordnare\/forlangt-stod-for-arbetsmiljoutbildning-ny-period-2026-2027?utm_campaign=samu_utbildningsanordnare&amp;utm_content=november_2025&amp;utm_medium=email&amp;utm_source=apsis&amp;link_id=de74ef10-04ee-4ce2-bc97-974b385cd7a6\"> Se ers\u00e4ttningsbelopp f\u00f6r perioden 2026-01-01 \u2013 2027-06-30<\/a><\/p>\n<p>ABF \u00d6rebro l\u00e4n \u00e4r godk\u00e4nd utbildningsanordnare f\u00f6r arbetsmilj\u00f6utbildningar inom satsningen som LO, Svenskt N\u00e4ringsliv och PTK st\u00e5r bakom.<\/p>\n<p>Det har avsatts ytterligare 35 miljoner i st\u00f6d f\u00f6r utbildning av chefer och arbetsmilj\u00f6skyddsombud. St\u00f6det administreras av AFA F\u00f6rs\u00e4kring och b\u00f6rjade g\u00e4lla den 1 januari 2021.<\/p>\n<p>Satsningen omfattar alla f\u00f6retag och organisationer inom privat sektor med kollektivavtal inom LO, Svenskt N\u00e4ringsliv och PTK och som tecknat Trygghetsf\u00f6rs\u00e4kring vid arbetsskada.<\/p>\n<h3><strong>De utbildningar som ABF \u00d6rebro erbjuder \u00e4r f\u00f6ljande:<\/strong><\/h3>\n<ul>\n<li>B\u00e4ttre arbetsmilj\u00f6 (BAM 40 tim)<\/li>\n<li>Vidareutbildning f\u00f6r skyddsombud (24 tim)<\/li>\n<li>Systematiskt arbetsmilj\u00f6arbete (SAM 16 tim)<\/li>\n<li>Organisatiorisk och social arbetsmilj\u00f6 (OSA 16 tim)<\/li>\n<\/ul>\n<p>Dessa utbildningar kan erbjudas digitalt, fysiskt och\/eller f\u00f6retagsanpassat.<\/p>\n<p>&nbsp;<\/p>\n<p><strong>Har ni behov\/\u00f6nskem\u00e5l om fler utbildningar eller utbildningar p\u00e5 andra orter h\u00f6r av er till ABF \u00d6rebro l\u00e4n. Vi har mycket erfarna handledare som kan skr\u00e4ddarsy en utbildning efter era \u00f6nskem\u00e5l.<\/strong><\/p>\n<p>&nbsp;<\/p>\n<p><strong>Vid fr\u00e5gor kontakta g\u00e4rna:<\/strong><br \/>\nAnte M\u00e4kel\u00e4<br \/>\nVerksamhetsutvecklare ABF \u00d6rebro l\u00e4n<br \/>\nandreas.makela@abf.se<br \/>\n010-203 17 03<\/p>\n\n    <\/div>\n<\/div>\n","protected":false},"featured_media":0,"parent":0,"menu_order":0,"template":"","categories":[],"class_list":["post-2179","news-article","type-news-article","status-publish","hentry"],"acf":[],"yoast_head":"<!-- This site is optimized with the Yoast SEO plugin v27.0 - https:\/\/yoast.com\/product\/yoast-seo-wordpress\/ -->\n<title>St\u00f6d f\u00f6r arbetsmilj\u00f6utbildning f\u00f6rl\u00e4ngs! - \u00d6rebro l\u00e4n<\/title>\n<meta name=\"robots\" content=\"index, follow, max-snippet:-1, max-image-preview:large, max-video-preview:-1\" \/>\n<link rel=\"canonical\" href=\"https:\/\/www.abf.se\/orebro-lan\/nyheter\/stod-for-arbetsmiljoutbildning-forlangs\/\" \/>\n<meta property=\"og:locale\" content=\"sv_SE\" \/>\n<meta property=\"og:type\" content=\"article\" \/>\n<meta property=\"og:title\" content=\"St\u00f6d f\u00f6r arbetsmilj\u00f6utbildning f\u00f6rl\u00e4ngs! - \u00d6rebro l\u00e4n\" \/>\n<meta property=\"og:url\" content=\"https:\/\/www.abf.se\/orebro-lan\/nyheter\/stod-for-arbetsmiljoutbildning-forlangs\/\" \/>\n<meta property=\"og:site_name\" content=\"\u00d6rebro l\u00e4n\" \/>\n<meta property=\"article:modified_time\" content=\"2025-11-26T14:20:19+00:00\" \/>\n<meta property=\"og:image\" content=\"https:\/\/www.abf.se\/wp-content\/uploads\/sites\/63\/2024\/04\/Nyckeln-liggande-scaled.jpg\" \/>\n\t<meta property=\"og:image:width\" content=\"2560\" \/>\n\t<meta property=\"og:image:height\" content=\"1440\" \/>\n\t<meta property=\"og:image:type\" content=\"image\/jpeg\" \/>\n<meta name=\"twitter:card\" content=\"summary_large_image\" \/>\n<script type=\"application\/ld+json\" class=\"yoast-schema-graph\">{\"@context\":\"https:\/\/schema.org\",\"@graph\":[{\"@type\":\"WebPage\",\"@id\":\"https:\/\/www.abf.se\/orebro-lan\/nyheter\/stod-for-arbetsmiljoutbildning-forlangs\/\",\"url\":\"https:\/\/www.abf.se\/orebro-lan\/nyheter\/stod-for-arbetsmiljoutbildning-forlangs\/\",\"name\":\"St\u00f6d f\u00f6r arbetsmilj\u00f6utbildning f\u00f6rl\u00e4ngs! - \u00d6rebro l\u00e4n\",\"isPartOf\":{\"@id\":\"https:\/\/www.abf.se\/orebro-lan\/#website\"},\"datePublished\":\"2025-11-26T14:18:51+00:00\",\"dateModified\":\"2025-11-26T14:20:19+00:00\",\"breadcrumb\":{\"@id\":\"https:\/\/www.abf.se\/orebro-lan\/nyheter\/stod-for-arbetsmiljoutbildning-forlangs\/#breadcrumb\"},\"inLanguage\":\"sv-SE\",\"potentialAction\":[{\"@type\":\"ReadAction\",\"target\":[\"https:\/\/www.abf.se\/orebro-lan\/nyheter\/stod-for-arbetsmiljoutbildning-forlangs\/\"]}]},{\"@type\":\"BreadcrumbList\",\"@id\":\"https:\/\/www.abf.se\/orebro-lan\/nyheter\/stod-for-arbetsmiljoutbildning-forlangs\/#breadcrumb\",\"itemListElement\":[{\"@type\":\"ListItem\",\"position\":1,\"name\":\"Home\",\"item\":\"https:\/\/www.abf.se\/orebro-lan\/\"},{\"@type\":\"ListItem\",\"position\":2,\"name\":\"Nyheter\",\"item\":\"https:\/\/www.abf.se\/orebro-lan\/nyheter\/\"},{\"@type\":\"ListItem\",\"position\":3,\"name\":\"St\u00f6d f\u00f6r arbetsmilj\u00f6utbildning f\u00f6rl\u00e4ngs!\"}]},{\"@type\":\"WebSite\",\"@id\":\"https:\/\/www.abf.se\/orebro-lan\/#website\",\"url\":\"https:\/\/www.abf.se\/orebro-lan\/\",\"name\":\"\u00d6rebro l\u00e4n\",\"description\":\"\",\"potentialAction\":[{\"@type\":\"SearchAction\",\"target\":{\"@type\":\"EntryPoint\",\"urlTemplate\":\"https:\/\/www.abf.se\/orebro-lan\/?s={search_term_string}\"},\"query-input\":{\"@type\":\"PropertyValueSpecification\",\"valueRequired\":true,\"valueName\":\"search_term_string\"}}],\"inLanguage\":\"sv-SE\"}]}<\/script>\n<!-- \/ Yoast SEO plugin. -->","yoast_head_json":{"title":"St\u00f6d f\u00f6r arbetsmilj\u00f6utbildning f\u00f6rl\u00e4ngs! - \u00d6rebro l\u00e4n","robots":{"index":"index","follow":"follow","max-snippet":"max-snippet:-1","max-image-preview":"max-image-preview:large","max-video-preview":"max-video-preview:-1"},"canonical":"https:\/\/www.abf.se\/orebro-lan\/nyheter\/stod-for-arbetsmiljoutbildning-forlangs\/","og_locale":"sv_SE","og_type":"article","og_title":"St\u00f6d f\u00f6r arbetsmilj\u00f6utbildning f\u00f6rl\u00e4ngs! - \u00d6rebro l\u00e4n","og_url":"https:\/\/www.abf.se\/orebro-lan\/nyheter\/stod-for-arbetsmiljoutbildning-forlangs\/","og_site_name":"\u00d6rebro l\u00e4n","article_modified_time":"2025-11-26T14:20:19+00:00","og_image":[{"width":2560,"height":1440,"url":"https:\/\/www.abf.se\/wp-content\/uploads\/sites\/63\/2024\/04\/Nyckeln-liggande-scaled.jpg","type":"image\/jpeg"}],"twitter_card":"summary_large_image","schema":{"@context":"https:\/\/schema.org","@graph":[{"@type":"WebPage","@id":"https:\/\/www.abf.se\/orebro-lan\/nyheter\/stod-for-arbetsmiljoutbildning-forlangs\/","url":"https:\/\/www.abf.se\/orebro-lan\/nyheter\/stod-for-arbetsmiljoutbildning-forlangs\/","name":"St\u00f6d f\u00f6r arbetsmilj\u00f6utbildning f\u00f6rl\u00e4ngs! - \u00d6rebro l\u00e4n","isPartOf":{"@id":"https:\/\/www.abf.se\/orebro-lan\/#website"},"datePublished":"2025-11-26T14:18:51+00:00","dateModified":"2025-11-26T14:20:19+00:00","breadcrumb":{"@id":"https:\/\/www.abf.se\/orebro-lan\/nyheter\/stod-for-arbetsmiljoutbildning-forlangs\/#breadcrumb"},"inLanguage":"sv-SE","potentialAction":[{"@type":"ReadAction","target":["https:\/\/www.abf.se\/orebro-lan\/nyheter\/stod-for-arbetsmiljoutbildning-forlangs\/"]}]},{"@type":"BreadcrumbList","@id":"https:\/\/www.abf.se\/orebro-lan\/nyheter\/stod-for-arbetsmiljoutbildning-forlangs\/#breadcrumb","itemListElement":[{"@type":"ListItem","position":1,"name":"Home","item":"https:\/\/www.abf.se\/orebro-lan\/"},{"@type":"ListItem","position":2,"name":"Nyheter","item":"https:\/\/www.abf.se\/orebro-lan\/nyheter\/"},{"@type":"ListItem","position":3,"name":"St\u00f6d f\u00f6r arbetsmilj\u00f6utbildning f\u00f6rl\u00e4ngs!"}]},{"@type":"WebSite","@id":"https:\/\/www.abf.se\/orebro-lan\/#website","url":"https:\/\/www.abf.se\/orebro-lan\/","name":"\u00d6rebro l\u00e4n","description":"","potentialAction":[{"@type":"SearchAction","target":{"@type":"EntryPoint","urlTemplate":"https:\/\/www.abf.se\/orebro-lan\/?s={search_term_string}"},"query-input":{"@type":"PropertyValueSpecification","valueRequired":true,"valueName":"search_term_string"}}],"inLanguage":"sv-SE"}]}},"_links":{"self":[{"href":"https:\/\/www.abf.se\/orebro-lan\/wp-json\/wp\/v2\/news-article\/2179","targetHints":{"allow":["GET"]}}],"collection":[{"href":"https:\/\/www.abf.se\/orebro-lan\/wp-json\/wp\/v2\/news-article"}],"about":[{"href":"https:\/\/www.abf.se\/orebro-lan\/wp-json\/wp\/v2\/types\/news-article"}],"wp:attachment":[{"href":"https:\/\/www.abf.se\/orebro-lan\/wp-json\/wp\/v2\/media?parent=2179"}],"wp:term":[{"taxonomy":"category","embeddable":true,"href":"https:\/\/www.abf.se\/orebro-lan\/wp-json\/wp\/v2\/categories?post=2179"}],"curies":[{"name":"wp","href":"https:\/\/api.w.org\/{rel}","templated":true}]}}