{"id":2187,"date":"2025-12-04T10:03:51","date_gmt":"2025-12-04T09:03:51","guid":{"rendered":"https:\/\/www.abf.se\/orebro-lan\/?post_type=news-article&#038;p=2187"},"modified":"2025-12-04T10:05:27","modified_gmt":"2025-12-04T09:05:27","slug":"den-tvarfackliga-studiekatalogen-for-2026-ar-har","status":"publish","type":"news-article","link":"https:\/\/www.abf.se\/orebro-lan\/nyheter\/den-tvarfackliga-studiekatalogen-for-2026-ar-har\/","title":{"rendered":"Den tv\u00e4rfackliga studiekatalogen f\u00f6r 2026 \u00e4r h\u00e4r!"},"content":{"rendered":"<div\n    class=\"acf-article-text-block article-container my-12\"\n    data-block=\"article-text-block\"\n>\n    <div class=\"wysiwyg\">\n        <p>ABF \u00d6rebro l\u00e4n erbjuder flera utbildningar som l\u00e4r dig mer om dina fackliga r\u00e4ttigheter, oavsett om du bara \u00e4r nyfiken p\u00e5 facket, har valts till skyddsombud eller \u00e4r f\u00f6rtroendevald p\u00e5 din arbetsplats. Vi har kursen f\u00f6r dig! V\u00e5ra tv\u00e4rfackliga kurser anordnas i samverkan med LO-distriktet \u00d6rebro-V\u00e4rmland och riktar sig till dig som \u00e4r medlem i ett LO-anslutet fackf\u00f6rbund.<\/p>\n\n    <\/div>\n<\/div>\n<div\n    class=\"acf-article-cta-link-block article-container my-8\"\n    data-block=\"article-cta-link-block\"\n>\n<div>\n    <a class=\"inline-flex flex-row items-center gap-4 text-link underline text-red-dark\"\n        href=\"https:\/\/www.abf.se\/wp-content\/uploads\/sites\/63\/2025\/12\/Tvarfackliga-studier-Orebro-och-Varmland-2026.pdf\"\n            >\n        <span class=\"\">\n        H\u00e4r hittar du v\u00e5ra tv\u00e4rfackliga kurser!\n        <\/span>\n        <figure aria-hidden=\"true\" class=\"rounded-full bg-red-dark w-8 h-8 p-1 text-white\">\n            <svg width=\"20\" height=\"20\" viewBox=\"0 0 20 20\" fill=\"none\" class=\"SvgIconElement\">\n<path d=\"M4.16659 10L15.8333 10\" stroke=\"currentColor\"\/>\n<path d=\"M9.99992 4.1665L15.8333 9.99984L9.99992 15.8332\" stroke=\"currentColor\"\/>\n<\/svg>\n        <\/figure>\n    <\/a>\n<\/div>\n<\/div>\n<ul\n    class=\"acf-article-accordion-block accordion-group grid gap-4 my-12 article-container\"\n    data-block=\"article-accordion-block \"\n    data-ui-accordion-group\n>\n\n            <li class=\"accordion\" data-ui-accordion data-ui-accordion-open=\"false\">\n        <h3>\n        <button data-ui-accordion-button class=\"accordion-toggle font-bold\" aria-expanded=\"false\" aria-controls=\"row-kontakt-0\" id=\"kontakt-0\">\n            Kontakt\n            \n            <figure class=\"w-4.5 h-4.5\" aria-hidden=\"true\">\n            <svg width=\"20\" height=\"20\" viewBox=\"0 0 20 20\" fill=\"none\"\nclass=\"SvgIconElement\">\n<path d=\"M15.8333 7.16667L9.99992 13L4.16659 7.16667\" stroke=\"currentColor\"\/>\n<\/svg>\n            <\/figure>\n        <\/button>\n        \n                <\/h3>\n        <div class=\"accordion-content\">\n            <div id=\"row-kontakt-0\" role=\"region\" class=\"accordion-content-wrap\" aria-labelledby=\"kontakt-0\">\n                                                <div class=\"grid md:grid-cols-3 gap-y-10 mt-10\">\n                        \n                                                        <div class=\"contact flex flex-col gap-3\">\n                                <div class=\"md:max-w-[160px]\">\n                                    <picture><source media=\"(max-width:767px)\" srcset=\"https:\/\/www.abf.se\/orebro-lan\/resized\/?url=https%3A%2F%2Fwww.abf.se%2Fwp-content%2Fuploads%2Fsites%2F63%2F2024%2F03%2F20230130_104348-scaled.jpg&#038;fit=crop&#038;w=800&#038;h=800&#038;s=a89b82e2e59c65b3ee1d7268e21f3b74 1x, https:\/\/www.abf.se\/orebro-lan\/resized\/?url=https%3A%2F%2Fwww.abf.se%2Fwp-content%2Fuploads%2Fsites%2F63%2F2024%2F03%2F20230130_104348-scaled.jpg&#038;fit=crop&#038;w=1600&#038;h=1600&#038;s=51446c5dff6bca987b7cef2e2a11936d 2x\"><img decoding=\"async\" src=\"https:\/\/www.abf.se\/orebro-lan\/resized\/?url=https%3A%2F%2Fwww.abf.se%2Fwp-content%2Fuploads%2Fsites%2F63%2F2024%2F03%2F20230130_104348-scaled.jpg&#038;fit=crop&#038;w=160&#038;s=c869f480a89f0a892d66534ef16dfd85\" srcset=\"https:\/\/www.abf.se\/orebro-lan\/resized\/?url=https%3A%2F%2Fwww.abf.se%2Fwp-content%2Fuploads%2Fsites%2F63%2F2024%2F03%2F20230130_104348-scaled.jpg&#038;fit=crop&#038;w=320&#038;h=440&#038;s=557af80411dde9ea46ade128e587d269 1x, https:\/\/www.abf.se\/orebro-lan\/resized\/?url=https%3A%2F%2Fwww.abf.se%2Fwp-content%2Fuploads%2Fsites%2F63%2F2024%2F03%2F20230130_104348-scaled.jpg&#038;fit=crop&#038;w=320&#038;h=440&#038;s=557af80411dde9ea46ade128e587d269 2x\" alt=\"\" \/><\/picture>\n                                <\/div>\n                                <div class=\"\">\n                                    <h4 class=\"heading-lg\">Ante M\u00e4kel\u00e4<\/h4>\n                                    <p class=\"body-md\">Verksamhetsutvecklare<\/p>\n                                                                        <p class=\"body-md\">Fackliga studier<\/p>\n                                                                    <\/div>\n                                                                <div class=\"flex gap flex-col label-md gap-1\">\n                                                                        <div class=\"flex gap-3\">\n                                        <svg width=\"20\" height=\"20\" viewBox=\"0 0 20 20\" fill=\"none\" xmlns=\"http:\/\/www.w3.org\/2000\/svg\">\n<path d=\"M16.625 17.5C14.8333 17.5 13.0868 17.1007 11.3854 16.3021C9.68403 15.5035 8.17708 14.4479 6.86458 13.1354C5.55208 11.8229 4.49653 10.316 3.69792 8.61458C2.89931 6.91319 2.5 5.16667 2.5 3.375C2.5 3.125 2.58333 2.91667 2.75 2.75C2.91667 2.58333 3.125 2.5 3.375 2.5H6.75C6.94444 2.5 7.11806 2.5625 7.27083 2.6875C7.42361 2.8125 7.51389 2.97222 7.54167 3.16667L8.08333 6.08333C8.11111 6.27778 8.10764 6.45486 8.07292 6.61458C8.03819 6.77431 7.95833 6.91667 7.83333 7.04167L5.8125 9.08333C6.39583 10.0833 7.12847 11.0208 8.01042 11.8958C8.89236 12.7708 9.86111 13.5278 10.9167 14.1667L12.875 12.2083C13 12.0833 13.1632 11.9896 13.3646 11.9271C13.566 11.8646 13.7639 11.8472 13.9583 11.875L16.8333 12.4583C17.0278 12.5 17.1875 12.5938 17.3125 12.7396C17.4375 12.8854 17.5 13.0556 17.5 13.25V16.625C17.5 16.875 17.4167 17.0833 17.25 17.25C17.0833 17.4167 16.875 17.5 16.625 17.5ZM5.02083 7.5L6.39583 6.125L6.04167 4.16667H4.1875C4.25694 4.73611 4.35417 5.29861 4.47917 5.85417C4.60417 6.40972 4.78472 6.95833 5.02083 7.5ZM15.8333 15.7917V13.9583L13.875 13.5625L12.4792 14.9583C13.0208 15.1944 13.5729 15.3819 14.1354 15.5208C14.6979 15.6597 15.2639 15.75 15.8333 15.7917Z\" fill=\"black\"\/>\n<\/svg>\n                                        <p>\n                                                                                                                               <a href=\"callto:010-203 17 03\">010-203 17 03<\/a>\n                                                                                                                                     <\/p>\n                                    <\/div>\n                                                                                                            <div class=\"flex gap-3\">\n                                        <svg width=\"20\" height=\"20\" viewBox=\"0 0 20 20\" fill=\"none\" xmlns=\"http:\/\/www.w3.org\/2000\/svg\">\n<path d=\"M3.33366 16.6666C2.87533 16.6666 2.48296 16.5035 2.15658 16.1771C1.83019 15.8507 1.66699 15.4583 1.66699 15V4.99998C1.66699 4.54165 1.83019 4.14929 2.15658 3.8229C2.48296 3.49651 2.87533 3.33331 3.33366 3.33331H16.667C17.1253 3.33331 17.5177 3.49651 17.8441 3.8229C18.1705 4.14929 18.3337 4.54165 18.3337 4.99998V15C18.3337 15.4583 18.1705 15.8507 17.8441 16.1771C17.5177 16.5035 17.1253 16.6666 16.667 16.6666H3.33366ZM16.667 6.66665L10.4378 10.5625C10.3684 10.6041 10.2955 10.6354 10.2191 10.6562C10.1427 10.6771 10.0698 10.6875 10.0003 10.6875C9.93088 10.6875 9.85797 10.6771 9.78158 10.6562C9.70519 10.6354 9.63227 10.6041 9.56283 10.5625L3.33366 6.66665V15H16.667V6.66665ZM10.0003 9.16665L16.667 4.99998H3.33366L10.0003 9.16665ZM3.33366 6.87498V5.64581V5.66665V5.65623V6.87498Z\" fill=\"black\"\/>\n<\/svg>\n                                        <p><a href=\"mailto:andreas.makela@abf.se\">andreas.makela@abf.se<\/a><\/p>\n                                    <\/div>\n                                                                    <\/div>\n                                                            <\/div>\n                                            <\/div>\n                                        <\/div>\n        <\/div>\n    <\/li>\n    <\/ul>\n","protected":false},"featured_media":0,"parent":0,"menu_order":0,"template":"","categories":[],"class_list":["post-2187","news-article","type-news-article","status-publish","hentry"],"acf":[],"yoast_head":"<!-- This site is optimized with the Yoast SEO plugin v27.0 - https:\/\/yoast.com\/product\/yoast-seo-wordpress\/ -->\n<title>Den tv\u00e4rfackliga studiekatalogen f\u00f6r 2026 \u00e4r h\u00e4r! - \u00d6rebro l\u00e4n<\/title>\n<meta name=\"description\" content=\"Den tv\u00e4rfackliga studiekatalogen f\u00f6r 2026 \u00e4r h\u00e4r! Ta steget och utbilda dig fackligt, som medlem eller f\u00f6rtroendevald!\" \/>\n<meta name=\"robots\" content=\"index, follow, max-snippet:-1, max-image-preview:large, max-video-preview:-1\" \/>\n<link rel=\"canonical\" href=\"https:\/\/www.abf.se\/orebro-lan\/nyheter\/den-tvarfackliga-studiekatalogen-for-2026-ar-har\/\" \/>\n<meta property=\"og:locale\" content=\"sv_SE\" \/>\n<meta property=\"og:type\" content=\"article\" \/>\n<meta property=\"og:title\" content=\"Den tv\u00e4rfackliga studiekatalogen f\u00f6r 2026 \u00e4r h\u00e4r! - \u00d6rebro l\u00e4n\" \/>\n<meta property=\"og:description\" content=\"Den tv\u00e4rfackliga studiekatalogen f\u00f6r 2026 \u00e4r h\u00e4r! Ta steget och utbilda dig fackligt, som medlem eller f\u00f6rtroendevald!\" \/>\n<meta property=\"og:url\" content=\"https:\/\/www.abf.se\/orebro-lan\/nyheter\/den-tvarfackliga-studiekatalogen-for-2026-ar-har\/\" \/>\n<meta property=\"og:site_name\" content=\"\u00d6rebro l\u00e4n\" \/>\n<meta property=\"article:modified_time\" content=\"2025-12-04T09:05:27+00:00\" \/>\n<meta property=\"og:image\" content=\"https:\/\/www.abf.se\/wp-content\/uploads\/sites\/63\/2025\/12\/Skarmbild-2025-12-04-100158.png\" \/>\n\t<meta property=\"og:image:width\" content=\"562\" \/>\n\t<meta property=\"og:image:height\" content=\"388\" \/>\n\t<meta property=\"og:image:type\" content=\"image\/png\" \/>\n<meta name=\"twitter:card\" content=\"summary_large_image\" \/>\n<script type=\"application\/ld+json\" class=\"yoast-schema-graph\">{\"@context\":\"https:\/\/schema.org\",\"@graph\":[{\"@type\":\"WebPage\",\"@id\":\"https:\/\/www.abf.se\/orebro-lan\/nyheter\/den-tvarfackliga-studiekatalogen-for-2026-ar-har\/\",\"url\":\"https:\/\/www.abf.se\/orebro-lan\/nyheter\/den-tvarfackliga-studiekatalogen-for-2026-ar-har\/\",\"name\":\"Den tv\u00e4rfackliga studiekatalogen f\u00f6r 2026 \u00e4r h\u00e4r! - \u00d6rebro l\u00e4n\",\"isPartOf\":{\"@id\":\"https:\/\/www.abf.se\/orebro-lan\/#website\"},\"datePublished\":\"2025-12-04T09:03:51+00:00\",\"dateModified\":\"2025-12-04T09:05:27+00:00\",\"description\":\"Den tv\u00e4rfackliga studiekatalogen f\u00f6r 2026 \u00e4r h\u00e4r! Ta steget och utbilda dig fackligt, som medlem eller f\u00f6rtroendevald!\",\"breadcrumb\":{\"@id\":\"https:\/\/www.abf.se\/orebro-lan\/nyheter\/den-tvarfackliga-studiekatalogen-for-2026-ar-har\/#breadcrumb\"},\"inLanguage\":\"sv-SE\",\"potentialAction\":[{\"@type\":\"ReadAction\",\"target\":[\"https:\/\/www.abf.se\/orebro-lan\/nyheter\/den-tvarfackliga-studiekatalogen-for-2026-ar-har\/\"]}]},{\"@type\":\"BreadcrumbList\",\"@id\":\"https:\/\/www.abf.se\/orebro-lan\/nyheter\/den-tvarfackliga-studiekatalogen-for-2026-ar-har\/#breadcrumb\",\"itemListElement\":[{\"@type\":\"ListItem\",\"position\":1,\"name\":\"Home\",\"item\":\"https:\/\/www.abf.se\/orebro-lan\/\"},{\"@type\":\"ListItem\",\"position\":2,\"name\":\"Nyheter\",\"item\":\"https:\/\/www.abf.se\/orebro-lan\/nyheter\/\"},{\"@type\":\"ListItem\",\"position\":3,\"name\":\"Den tv\u00e4rfackliga studiekatalogen f\u00f6r 2026 \u00e4r h\u00e4r!\"}]},{\"@type\":\"WebSite\",\"@id\":\"https:\/\/www.abf.se\/orebro-lan\/#website\",\"url\":\"https:\/\/www.abf.se\/orebro-lan\/\",\"name\":\"\u00d6rebro l\u00e4n\",\"description\":\"\",\"potentialAction\":[{\"@type\":\"SearchAction\",\"target\":{\"@type\":\"EntryPoint\",\"urlTemplate\":\"https:\/\/www.abf.se\/orebro-lan\/?s={search_term_string}\"},\"query-input\":{\"@type\":\"PropertyValueSpecification\",\"valueRequired\":true,\"valueName\":\"search_term_string\"}}],\"inLanguage\":\"sv-SE\"}]}<\/script>\n<!-- \/ Yoast SEO plugin. -->","yoast_head_json":{"title":"Den tv\u00e4rfackliga studiekatalogen f\u00f6r 2026 \u00e4r h\u00e4r! - \u00d6rebro l\u00e4n","description":"Den tv\u00e4rfackliga studiekatalogen f\u00f6r 2026 \u00e4r h\u00e4r! Ta steget och utbilda dig fackligt, som medlem eller f\u00f6rtroendevald!","robots":{"index":"index","follow":"follow","max-snippet":"max-snippet:-1","max-image-preview":"max-image-preview:large","max-video-preview":"max-video-preview:-1"},"canonical":"https:\/\/www.abf.se\/orebro-lan\/nyheter\/den-tvarfackliga-studiekatalogen-for-2026-ar-har\/","og_locale":"sv_SE","og_type":"article","og_title":"Den tv\u00e4rfackliga studiekatalogen f\u00f6r 2026 \u00e4r h\u00e4r! - \u00d6rebro l\u00e4n","og_description":"Den tv\u00e4rfackliga studiekatalogen f\u00f6r 2026 \u00e4r h\u00e4r! Ta steget och utbilda dig fackligt, som medlem eller f\u00f6rtroendevald!","og_url":"https:\/\/www.abf.se\/orebro-lan\/nyheter\/den-tvarfackliga-studiekatalogen-for-2026-ar-har\/","og_site_name":"\u00d6rebro l\u00e4n","article_modified_time":"2025-12-04T09:05:27+00:00","og_image":[{"width":562,"height":388,"url":"https:\/\/www.abf.se\/wp-content\/uploads\/sites\/63\/2025\/12\/Skarmbild-2025-12-04-100158.png","type":"image\/png"}],"twitter_card":"summary_large_image","schema":{"@context":"https:\/\/schema.org","@graph":[{"@type":"WebPage","@id":"https:\/\/www.abf.se\/orebro-lan\/nyheter\/den-tvarfackliga-studiekatalogen-for-2026-ar-har\/","url":"https:\/\/www.abf.se\/orebro-lan\/nyheter\/den-tvarfackliga-studiekatalogen-for-2026-ar-har\/","name":"Den tv\u00e4rfackliga studiekatalogen f\u00f6r 2026 \u00e4r h\u00e4r! - \u00d6rebro l\u00e4n","isPartOf":{"@id":"https:\/\/www.abf.se\/orebro-lan\/#website"},"datePublished":"2025-12-04T09:03:51+00:00","dateModified":"2025-12-04T09:05:27+00:00","description":"Den tv\u00e4rfackliga studiekatalogen f\u00f6r 2026 \u00e4r h\u00e4r! Ta steget och utbilda dig fackligt, som medlem eller f\u00f6rtroendevald!","breadcrumb":{"@id":"https:\/\/www.abf.se\/orebro-lan\/nyheter\/den-tvarfackliga-studiekatalogen-for-2026-ar-har\/#breadcrumb"},"inLanguage":"sv-SE","potentialAction":[{"@type":"ReadAction","target":["https:\/\/www.abf.se\/orebro-lan\/nyheter\/den-tvarfackliga-studiekatalogen-for-2026-ar-har\/"]}]},{"@type":"BreadcrumbList","@id":"https:\/\/www.abf.se\/orebro-lan\/nyheter\/den-tvarfackliga-studiekatalogen-for-2026-ar-har\/#breadcrumb","itemListElement":[{"@type":"ListItem","position":1,"name":"Home","item":"https:\/\/www.abf.se\/orebro-lan\/"},{"@type":"ListItem","position":2,"name":"Nyheter","item":"https:\/\/www.abf.se\/orebro-lan\/nyheter\/"},{"@type":"ListItem","position":3,"name":"Den tv\u00e4rfackliga studiekatalogen f\u00f6r 2026 \u00e4r h\u00e4r!"}]},{"@type":"WebSite","@id":"https:\/\/www.abf.se\/orebro-lan\/#website","url":"https:\/\/www.abf.se\/orebro-lan\/","name":"\u00d6rebro l\u00e4n","description":"","potentialAction":[{"@type":"SearchAction","target":{"@type":"EntryPoint","urlTemplate":"https:\/\/www.abf.se\/orebro-lan\/?s={search_term_string}"},"query-input":{"@type":"PropertyValueSpecification","valueRequired":true,"valueName":"search_term_string"}}],"inLanguage":"sv-SE"}]}},"_links":{"self":[{"href":"https:\/\/www.abf.se\/orebro-lan\/wp-json\/wp\/v2\/news-article\/2187","targetHints":{"allow":["GET"]}}],"collection":[{"href":"https:\/\/www.abf.se\/orebro-lan\/wp-json\/wp\/v2\/news-article"}],"about":[{"href":"https:\/\/www.abf.se\/orebro-lan\/wp-json\/wp\/v2\/types\/news-article"}],"wp:attachment":[{"href":"https:\/\/www.abf.se\/orebro-lan\/wp-json\/wp\/v2\/media?parent=2187"}],"wp:term":[{"taxonomy":"category","embeddable":true,"href":"https:\/\/www.abf.se\/orebro-lan\/wp-json\/wp\/v2\/categories?post=2187"}],"curies":[{"name":"wp","href":"https:\/\/api.w.org\/{rel}","templated":true}]}}