{"id":2218,"date":"2026-01-12T14:20:59","date_gmt":"2026-01-12T13:20:59","guid":{"rendered":"https:\/\/www.abf.se\/orebro-lan\/?post_type=news-article&#038;p=2218"},"modified":"2026-01-12T14:21:34","modified_gmt":"2026-01-12T13:21:34","slug":"trappan2punkt0","status":"publish","type":"news-article","link":"https:\/\/www.abf.se\/orebro-lan\/nyheter\/trappan2punkt0\/","title":{"rendered":"Trappan 2.0"},"content":{"rendered":"<div\n    class=\"acf-article-text-block article-container my-12\"\n    data-block=\"article-text-block\"\n>\n    <div class=\"wysiwyg\">\n        <p class=\"x_MsoNormal\" data-olk-copy-source=\"MessageBody\">P\u00e5 Trappan Resurscenter tog ABF i \u00d6rebro emot kvinnor som ville l\u00e4ra sig mer om det svenska samh\u00e4llet och hur den svenska arbetsmarknaden fungerar.\u00a0 Nu tar vi stafettpinnen vidare men v\u00e4nder oss b\u00e5de till kvinnor och m\u00e4n. Verksamheten kommer delvis att vara densamma, men i studiecirkelform &#8211; utan de praktiska momenten, och utan samarbeten med andra akt\u00f6rer.<\/p>\n<p class=\"x_MsoNormal\">Trappan 2.0 riktar sig till vuxna personer med utl\u00e4ndsk bakgrund som k\u00e4nner att de saknar grundl\u00e4ggande kunskaper om det svenska samh\u00e4llet och i det svenska spr\u00e5ket.<\/p>\n<p class=\"x_MsoNormal\">Verksamheten som genomf\u00f6rs p\u00e5 ABF i \u00d6rebro, Fredsgatan 18, startar tisdagen den 24 februari och p\u00e5g\u00e5r sedan varje tisdag, onsdag och torsdag mellan klockan 15.00 och 17.15 fram till och med 28 maj. Man kan v\u00e4lja att delta vid varje tr\u00e4ff eller n\u00e4r det passar. Ingen f\u00f6ranm\u00e4lan kr\u00e4vs.<\/p>\n<p class=\"x_MsoNormal\">F\u00f6r mer information kontakta jorgen.danielsson@abf.se.<\/p>\n\n    <\/div>\n<\/div>\n","protected":false},"featured_media":0,"parent":0,"menu_order":0,"template":"","categories":[],"class_list":["post-2218","news-article","type-news-article","status-publish","hentry"],"acf":[],"yoast_head":"<!-- This site is optimized with the Yoast SEO plugin v27.0 - https:\/\/yoast.com\/product\/yoast-seo-wordpress\/ -->\n<title>Trappan 2.0 - \u00d6rebro l\u00e4n<\/title>\n<meta name=\"description\" content=\"TRAPPAN 2.0, NY SATSNING F\u00d6R PERSONER MED UTL\u00c4NDSK BAKGRUND. Nu startar ABF \u00d6rebro l\u00e4n upp verksamhet f\u00f6r utlandsf\u00f6dda igen!\" \/>\n<meta name=\"robots\" content=\"index, follow, max-snippet:-1, max-image-preview:large, max-video-preview:-1\" \/>\n<link rel=\"canonical\" href=\"https:\/\/www.abf.se\/orebro-lan\/nyheter\/trappan2punkt0\/\" \/>\n<meta property=\"og:locale\" content=\"sv_SE\" \/>\n<meta property=\"og:type\" content=\"article\" \/>\n<meta property=\"og:title\" content=\"Trappan 2.0 - \u00d6rebro l\u00e4n\" \/>\n<meta property=\"og:description\" content=\"TRAPPAN 2.0, NY SATSNING F\u00d6R PERSONER MED UTL\u00c4NDSK BAKGRUND. Nu startar ABF \u00d6rebro l\u00e4n upp verksamhet f\u00f6r utlandsf\u00f6dda igen!\" \/>\n<meta property=\"og:url\" content=\"https:\/\/www.abf.se\/orebro-lan\/nyheter\/trappan2punkt0\/\" \/>\n<meta property=\"og:site_name\" content=\"\u00d6rebro l\u00e4n\" \/>\n<meta property=\"article:modified_time\" content=\"2026-01-12T13:21:34+00:00\" \/>\n<meta property=\"og:image\" content=\"https:\/\/www.abf.se\/wp-content\/uploads\/sites\/63\/2024\/04\/Nyckeln-liggande-scaled.jpg\" \/>\n\t<meta property=\"og:image:width\" content=\"2560\" \/>\n\t<meta property=\"og:image:height\" content=\"1440\" \/>\n\t<meta property=\"og:image:type\" content=\"image\/jpeg\" \/>\n<meta name=\"twitter:card\" content=\"summary_large_image\" \/>\n<script type=\"application\/ld+json\" class=\"yoast-schema-graph\">{\"@context\":\"https:\/\/schema.org\",\"@graph\":[{\"@type\":\"WebPage\",\"@id\":\"https:\/\/www.abf.se\/orebro-lan\/nyheter\/trappan2punkt0\/\",\"url\":\"https:\/\/www.abf.se\/orebro-lan\/nyheter\/trappan2punkt0\/\",\"name\":\"Trappan 2.0 - \u00d6rebro l\u00e4n\",\"isPartOf\":{\"@id\":\"https:\/\/www.abf.se\/orebro-lan\/#website\"},\"datePublished\":\"2026-01-12T13:20:59+00:00\",\"dateModified\":\"2026-01-12T13:21:34+00:00\",\"description\":\"TRAPPAN 2.0, NY SATSNING F\u00d6R PERSONER MED UTL\u00c4NDSK BAKGRUND. Nu startar ABF \u00d6rebro l\u00e4n upp verksamhet f\u00f6r utlandsf\u00f6dda igen!\",\"breadcrumb\":{\"@id\":\"https:\/\/www.abf.se\/orebro-lan\/nyheter\/trappan2punkt0\/#breadcrumb\"},\"inLanguage\":\"sv-SE\",\"potentialAction\":[{\"@type\":\"ReadAction\",\"target\":[\"https:\/\/www.abf.se\/orebro-lan\/nyheter\/trappan2punkt0\/\"]}]},{\"@type\":\"BreadcrumbList\",\"@id\":\"https:\/\/www.abf.se\/orebro-lan\/nyheter\/trappan2punkt0\/#breadcrumb\",\"itemListElement\":[{\"@type\":\"ListItem\",\"position\":1,\"name\":\"Home\",\"item\":\"https:\/\/www.abf.se\/orebro-lan\/\"},{\"@type\":\"ListItem\",\"position\":2,\"name\":\"Nyheter\",\"item\":\"https:\/\/www.abf.se\/orebro-lan\/nyheter\/\"},{\"@type\":\"ListItem\",\"position\":3,\"name\":\"Trappan 2.0\"}]},{\"@type\":\"WebSite\",\"@id\":\"https:\/\/www.abf.se\/orebro-lan\/#website\",\"url\":\"https:\/\/www.abf.se\/orebro-lan\/\",\"name\":\"\u00d6rebro l\u00e4n\",\"description\":\"\",\"potentialAction\":[{\"@type\":\"SearchAction\",\"target\":{\"@type\":\"EntryPoint\",\"urlTemplate\":\"https:\/\/www.abf.se\/orebro-lan\/?s={search_term_string}\"},\"query-input\":{\"@type\":\"PropertyValueSpecification\",\"valueRequired\":true,\"valueName\":\"search_term_string\"}}],\"inLanguage\":\"sv-SE\"}]}<\/script>\n<!-- \/ Yoast SEO plugin. -->","yoast_head_json":{"title":"Trappan 2.0 - \u00d6rebro l\u00e4n","description":"TRAPPAN 2.0, NY SATSNING F\u00d6R PERSONER MED UTL\u00c4NDSK BAKGRUND. Nu startar ABF \u00d6rebro l\u00e4n upp verksamhet f\u00f6r utlandsf\u00f6dda igen!","robots":{"index":"index","follow":"follow","max-snippet":"max-snippet:-1","max-image-preview":"max-image-preview:large","max-video-preview":"max-video-preview:-1"},"canonical":"https:\/\/www.abf.se\/orebro-lan\/nyheter\/trappan2punkt0\/","og_locale":"sv_SE","og_type":"article","og_title":"Trappan 2.0 - \u00d6rebro l\u00e4n","og_description":"TRAPPAN 2.0, NY SATSNING F\u00d6R PERSONER MED UTL\u00c4NDSK BAKGRUND. Nu startar ABF \u00d6rebro l\u00e4n upp verksamhet f\u00f6r utlandsf\u00f6dda igen!","og_url":"https:\/\/www.abf.se\/orebro-lan\/nyheter\/trappan2punkt0\/","og_site_name":"\u00d6rebro l\u00e4n","article_modified_time":"2026-01-12T13:21:34+00:00","og_image":[{"width":2560,"height":1440,"url":"https:\/\/www.abf.se\/wp-content\/uploads\/sites\/63\/2024\/04\/Nyckeln-liggande-scaled.jpg","type":"image\/jpeg"}],"twitter_card":"summary_large_image","schema":{"@context":"https:\/\/schema.org","@graph":[{"@type":"WebPage","@id":"https:\/\/www.abf.se\/orebro-lan\/nyheter\/trappan2punkt0\/","url":"https:\/\/www.abf.se\/orebro-lan\/nyheter\/trappan2punkt0\/","name":"Trappan 2.0 - \u00d6rebro l\u00e4n","isPartOf":{"@id":"https:\/\/www.abf.se\/orebro-lan\/#website"},"datePublished":"2026-01-12T13:20:59+00:00","dateModified":"2026-01-12T13:21:34+00:00","description":"TRAPPAN 2.0, NY SATSNING F\u00d6R PERSONER MED UTL\u00c4NDSK BAKGRUND. Nu startar ABF \u00d6rebro l\u00e4n upp verksamhet f\u00f6r utlandsf\u00f6dda igen!","breadcrumb":{"@id":"https:\/\/www.abf.se\/orebro-lan\/nyheter\/trappan2punkt0\/#breadcrumb"},"inLanguage":"sv-SE","potentialAction":[{"@type":"ReadAction","target":["https:\/\/www.abf.se\/orebro-lan\/nyheter\/trappan2punkt0\/"]}]},{"@type":"BreadcrumbList","@id":"https:\/\/www.abf.se\/orebro-lan\/nyheter\/trappan2punkt0\/#breadcrumb","itemListElement":[{"@type":"ListItem","position":1,"name":"Home","item":"https:\/\/www.abf.se\/orebro-lan\/"},{"@type":"ListItem","position":2,"name":"Nyheter","item":"https:\/\/www.abf.se\/orebro-lan\/nyheter\/"},{"@type":"ListItem","position":3,"name":"Trappan 2.0"}]},{"@type":"WebSite","@id":"https:\/\/www.abf.se\/orebro-lan\/#website","url":"https:\/\/www.abf.se\/orebro-lan\/","name":"\u00d6rebro l\u00e4n","description":"","potentialAction":[{"@type":"SearchAction","target":{"@type":"EntryPoint","urlTemplate":"https:\/\/www.abf.se\/orebro-lan\/?s={search_term_string}"},"query-input":{"@type":"PropertyValueSpecification","valueRequired":true,"valueName":"search_term_string"}}],"inLanguage":"sv-SE"}]}},"_links":{"self":[{"href":"https:\/\/www.abf.se\/orebro-lan\/wp-json\/wp\/v2\/news-article\/2218","targetHints":{"allow":["GET"]}}],"collection":[{"href":"https:\/\/www.abf.se\/orebro-lan\/wp-json\/wp\/v2\/news-article"}],"about":[{"href":"https:\/\/www.abf.se\/orebro-lan\/wp-json\/wp\/v2\/types\/news-article"}],"wp:attachment":[{"href":"https:\/\/www.abf.se\/orebro-lan\/wp-json\/wp\/v2\/media?parent=2218"}],"wp:term":[{"taxonomy":"category","embeddable":true,"href":"https:\/\/www.abf.se\/orebro-lan\/wp-json\/wp\/v2\/categories?post=2218"}],"curies":[{"name":"wp","href":"https:\/\/api.w.org\/{rel}","templated":true}]}}