{"id":1095,"date":"2024-05-30T13:43:21","date_gmt":"2024-05-30T11:43:21","guid":{"rendered":"https:\/\/www.abf.se\/ostergotland\/?post_type=news-article&#038;p=1095"},"modified":"2024-05-30T13:43:21","modified_gmt":"2024-05-30T11:43:21","slug":"borkfest-2","status":"publish","type":"news-article","link":"https:\/\/www.abf.se\/ostergotland\/nyheter\/borkfest-2\/","title":{"rendered":"Borkfest"},"content":{"rendered":"<div\n    class=\"acf-article-text-block article-container my-12\"\n    data-block=\"article-text-block\"\n>\n    <div class=\"wysiwyg\">\n        <p class=\"mobile-undersized-upper\">Welcome to Borkfest 2024, a hantverksfestival in pure swinglish!<\/p>\n<p class=\"mobile-undersized-upper\">Tillsammans med hantverkarna Raleigh och Oliver Klotzek arrangerar vi den andra konst- och hantverksfestivalen i Borkhult, \u00d6sterg\u00f6tland!<\/p>\n<p class=\"mobile-undersized-upper\">Under fyra dagar kommer vi hantverka och n\u00e4tverka. Det hela avslutas med en marknad d\u00e4r de som vill kan delta med eget hantverk.<\/p>\n<p class=\"mobile-undersized-upper\">Festivalprogrammet best\u00e5r av workshops i olika\u00a0 tekniker, hantverksdemonstrationer och f\u00f6rel\u00e4sningar.\u00a0Fr\u00e5n morgon till kv\u00e4ll blir det fint h\u00e4ng med andra hantverksfreaks.<\/p>\n<p class=\"mobile-undersized-upper\">I samarbete med ABF, Hemsl\u00f6jden, \u00c5tvidabergs Kommun och Borkhults Natur-. och Kulturf\u00f6rening.<\/p>\n<p class=\"mobile-undersized-upper\">MEDVERKANDE HANTVERKARE<\/p>\n<p class=\"mobile-undersized-upper\"><strong>Elsie Wong<\/strong><br \/>\nLinoprint and ExLibris<\/p>\n<p class=\"mobile-undersized-upper\"><strong>Raleigh Klotzek<\/strong><br \/>\nBroom Binding and Brush Making<\/p>\n<p class=\"mobile-undersized-upper\"><strong>Oliver Klotzek<\/strong><br \/>\nShrink Pots and Bowl Turning<\/p>\n<p class=\"mobile-undersized-upper\"><strong>Daniel Berhe<\/strong><br \/>\nT\u00e4lja och trampsvarv<\/p>\n<p class=\"mobile-undersized-upper\"><strong>Johan Rydberg<\/strong><br \/>\nSmide<\/p>\n<p class=\"mobile-undersized-upper\"><strong>Florence Hamer<\/strong><br \/>\nHazel Basket and Bowl Turning<\/p>\n<p class=\"mobile-undersized-upper\"><strong>Adam Ellowitz<\/strong><br \/>\nT\u00e4lja<\/p>\n<p>Se hela programmet och k\u00f6p din biljett <a href=\"https:\/\/www.borkhult.se\/sv\/borkfest.html?fbclid=IwZXh0bgNhZW0CMTAAAR1eP2bNhgzxULZQAJokjw4FllGKsh6gfp80FmcqeFbKetFgkuxWki-O49Y_aem_ZmFrZWR1bW15MTZieXRlcw\">h\u00e4r.<\/a><\/p>\n\n    <\/div>\n<\/div>\n","protected":false},"featured_media":0,"parent":0,"menu_order":0,"template":"","categories":[],"class_list":["post-1095","news-article","type-news-article","status-publish","hentry"],"acf":[],"yoast_head":"<!-- This site is optimized with the Yoast SEO plugin v27.0 - https:\/\/yoast.com\/product\/yoast-seo-wordpress\/ -->\n<title>Borkfest - \u00d6sterg\u00f6tland<\/title>\n<meta name=\"description\" content=\"Hantverk, f\u00f6rel\u00e4sningar, festival, kultur, konst, \u00c5tvidaberg, I samarbete med ABF, Hemsl\u00f6jden, \u00c5tvidabergs Kommun och Borkhults Natur-. och Kulturf\u00f6rening.\" \/>\n<meta name=\"robots\" content=\"index, follow, max-snippet:-1, max-image-preview:large, max-video-preview:-1\" \/>\n<link rel=\"canonical\" href=\"https:\/\/www.abf.se\/ostergotland\/nyheter\/borkfest-2\/\" \/>\n<meta property=\"og:locale\" content=\"sv_SE\" \/>\n<meta property=\"og:type\" content=\"article\" \/>\n<meta property=\"og:title\" content=\"Borkfest - \u00d6sterg\u00f6tland\" \/>\n<meta property=\"og:description\" content=\"Hantverk, f\u00f6rel\u00e4sningar, festival, kultur, konst, \u00c5tvidaberg, I samarbete med ABF, Hemsl\u00f6jden, \u00c5tvidabergs Kommun och Borkhults Natur-. och Kulturf\u00f6rening.\" \/>\n<meta property=\"og:url\" content=\"https:\/\/www.abf.se\/ostergotland\/nyheter\/borkfest-2\/\" \/>\n<meta property=\"og:site_name\" content=\"\u00d6sterg\u00f6tland\" \/>\n<meta property=\"og:image\" content=\"https:\/\/www.abf.se\/wp-content\/uploads\/sites\/64\/2024\/04\/Nyckeln-liggande-scaled.jpg\" \/>\n\t<meta property=\"og:image:width\" content=\"2560\" \/>\n\t<meta property=\"og:image:height\" content=\"1440\" \/>\n\t<meta property=\"og:image:type\" content=\"image\/jpeg\" \/>\n<meta name=\"twitter:card\" content=\"summary_large_image\" \/>\n<script type=\"application\/ld+json\" class=\"yoast-schema-graph\">{\"@context\":\"https:\/\/schema.org\",\"@graph\":[{\"@type\":\"WebPage\",\"@id\":\"https:\/\/www.abf.se\/ostergotland\/nyheter\/borkfest-2\/\",\"url\":\"https:\/\/www.abf.se\/ostergotland\/nyheter\/borkfest-2\/\",\"name\":\"Borkfest - \u00d6sterg\u00f6tland\",\"isPartOf\":{\"@id\":\"https:\/\/www.abf.se\/ostergotland\/#website\"},\"datePublished\":\"2024-05-30T11:43:21+00:00\",\"description\":\"Hantverk, f\u00f6rel\u00e4sningar, festival, kultur, konst, \u00c5tvidaberg, I samarbete med ABF, Hemsl\u00f6jden, \u00c5tvidabergs Kommun och Borkhults Natur-. och Kulturf\u00f6rening.\",\"breadcrumb\":{\"@id\":\"https:\/\/www.abf.se\/ostergotland\/nyheter\/borkfest-2\/#breadcrumb\"},\"inLanguage\":\"sv-SE\",\"potentialAction\":[{\"@type\":\"ReadAction\",\"target\":[\"https:\/\/www.abf.se\/ostergotland\/nyheter\/borkfest-2\/\"]}]},{\"@type\":\"BreadcrumbList\",\"@id\":\"https:\/\/www.abf.se\/ostergotland\/nyheter\/borkfest-2\/#breadcrumb\",\"itemListElement\":[{\"@type\":\"ListItem\",\"position\":1,\"name\":\"Home\",\"item\":\"https:\/\/www.abf.se\/ostergotland\/\"},{\"@type\":\"ListItem\",\"position\":2,\"name\":\"Nyheter\",\"item\":\"https:\/\/www.abf.se\/ostergotland\/nyheter\/\"},{\"@type\":\"ListItem\",\"position\":3,\"name\":\"Borkfest\"}]},{\"@type\":\"WebSite\",\"@id\":\"https:\/\/www.abf.se\/ostergotland\/#website\",\"url\":\"https:\/\/www.abf.se\/ostergotland\/\",\"name\":\"\u00d6sterg\u00f6tland\",\"description\":\"\",\"potentialAction\":[{\"@type\":\"SearchAction\",\"target\":{\"@type\":\"EntryPoint\",\"urlTemplate\":\"https:\/\/www.abf.se\/ostergotland\/?s={search_term_string}\"},\"query-input\":{\"@type\":\"PropertyValueSpecification\",\"valueRequired\":true,\"valueName\":\"search_term_string\"}}],\"inLanguage\":\"sv-SE\"}]}<\/script>\n<!-- \/ Yoast SEO plugin. -->","yoast_head_json":{"title":"Borkfest - \u00d6sterg\u00f6tland","description":"Hantverk, f\u00f6rel\u00e4sningar, festival, kultur, konst, \u00c5tvidaberg, I samarbete med ABF, Hemsl\u00f6jden, \u00c5tvidabergs Kommun och Borkhults Natur-. och Kulturf\u00f6rening.","robots":{"index":"index","follow":"follow","max-snippet":"max-snippet:-1","max-image-preview":"max-image-preview:large","max-video-preview":"max-video-preview:-1"},"canonical":"https:\/\/www.abf.se\/ostergotland\/nyheter\/borkfest-2\/","og_locale":"sv_SE","og_type":"article","og_title":"Borkfest - \u00d6sterg\u00f6tland","og_description":"Hantverk, f\u00f6rel\u00e4sningar, festival, kultur, konst, \u00c5tvidaberg, I samarbete med ABF, Hemsl\u00f6jden, \u00c5tvidabergs Kommun och Borkhults Natur-. och Kulturf\u00f6rening.","og_url":"https:\/\/www.abf.se\/ostergotland\/nyheter\/borkfest-2\/","og_site_name":"\u00d6sterg\u00f6tland","og_image":[{"width":2560,"height":1440,"url":"https:\/\/www.abf.se\/wp-content\/uploads\/sites\/64\/2024\/04\/Nyckeln-liggande-scaled.jpg","type":"image\/jpeg"}],"twitter_card":"summary_large_image","schema":{"@context":"https:\/\/schema.org","@graph":[{"@type":"WebPage","@id":"https:\/\/www.abf.se\/ostergotland\/nyheter\/borkfest-2\/","url":"https:\/\/www.abf.se\/ostergotland\/nyheter\/borkfest-2\/","name":"Borkfest - \u00d6sterg\u00f6tland","isPartOf":{"@id":"https:\/\/www.abf.se\/ostergotland\/#website"},"datePublished":"2024-05-30T11:43:21+00:00","description":"Hantverk, f\u00f6rel\u00e4sningar, festival, kultur, konst, \u00c5tvidaberg, I samarbete med ABF, Hemsl\u00f6jden, \u00c5tvidabergs Kommun och Borkhults Natur-. och Kulturf\u00f6rening.","breadcrumb":{"@id":"https:\/\/www.abf.se\/ostergotland\/nyheter\/borkfest-2\/#breadcrumb"},"inLanguage":"sv-SE","potentialAction":[{"@type":"ReadAction","target":["https:\/\/www.abf.se\/ostergotland\/nyheter\/borkfest-2\/"]}]},{"@type":"BreadcrumbList","@id":"https:\/\/www.abf.se\/ostergotland\/nyheter\/borkfest-2\/#breadcrumb","itemListElement":[{"@type":"ListItem","position":1,"name":"Home","item":"https:\/\/www.abf.se\/ostergotland\/"},{"@type":"ListItem","position":2,"name":"Nyheter","item":"https:\/\/www.abf.se\/ostergotland\/nyheter\/"},{"@type":"ListItem","position":3,"name":"Borkfest"}]},{"@type":"WebSite","@id":"https:\/\/www.abf.se\/ostergotland\/#website","url":"https:\/\/www.abf.se\/ostergotland\/","name":"\u00d6sterg\u00f6tland","description":"","potentialAction":[{"@type":"SearchAction","target":{"@type":"EntryPoint","urlTemplate":"https:\/\/www.abf.se\/ostergotland\/?s={search_term_string}"},"query-input":{"@type":"PropertyValueSpecification","valueRequired":true,"valueName":"search_term_string"}}],"inLanguage":"sv-SE"}]}},"_links":{"self":[{"href":"https:\/\/www.abf.se\/ostergotland\/wp-json\/wp\/v2\/news-article\/1095","targetHints":{"allow":["GET"]}}],"collection":[{"href":"https:\/\/www.abf.se\/ostergotland\/wp-json\/wp\/v2\/news-article"}],"about":[{"href":"https:\/\/www.abf.se\/ostergotland\/wp-json\/wp\/v2\/types\/news-article"}],"wp:attachment":[{"href":"https:\/\/www.abf.se\/ostergotland\/wp-json\/wp\/v2\/media?parent=1095"}],"wp:term":[{"taxonomy":"category","embeddable":true,"href":"https:\/\/www.abf.se\/ostergotland\/wp-json\/wp\/v2\/categories?post=1095"}],"curies":[{"name":"wp","href":"https:\/\/api.w.org\/{rel}","templated":true}]}}