{"id":2067,"date":"2026-04-20T11:55:13","date_gmt":"2026-04-20T09:55:13","guid":{"rendered":"https:\/\/www.abf.se\/ostergotland\/?post_type=news-article&#038;p=2067"},"modified":"2026-04-20T12:12:31","modified_gmt":"2026-04-20T10:12:31","slug":"nu-har-filmen-debatten-fran-skaggetorp-gatt-vidare-till-tva-filmfestivaler","status":"publish","type":"news-article","link":"https:\/\/www.abf.se\/ostergotland\/nyheter\/nu-har-filmen-debatten-fran-skaggetorp-gatt-vidare-till-tva-filmfestivaler\/","title":{"rendered":"Nu har filmen Debatten fr\u00e5n Sk\u00e4ggetorp g\u00e5tt vidare till tre filmfestivaler"},"content":{"rendered":"<div\n    class=\"acf-article-text-block article-container my-12\"\n    data-block=\"article-text-block\"\n>\n    <div class=\"wysiwyg\">\n        <div data-olk-copy-source=\"MessageBody\">Med projektledaren Cecilia G\u00e4rding fick 10 unga deltagare l\u00e4ra sig hur man skriver filmmanus, synopsis och planerar en filmproduktion under den f\u00f6rsta veckan tillsammans. Sedan under vecka tv\u00e5 spelades filmen in med i majoritet Sk\u00e4ggetorpsbor och engagerade 60 personer. Av dessa hade endast 2 filmerfarenhet tidigare. Filmen har nu g\u00e5tt vidare till tre filmfestivaler, vilka \u00e4r: Lift-off Filmfestival ht 2025 som leds av Pinewood Studios (James Bond, Star Wars). Under april m\u00e5nad i \u00e5r fick vi besked om att filmen \u00e4ven har g\u00e5tt vidare till Alpine International Filmfestival och London Vision Filmfestival.<\/div>\n<div><\/div>\n<div>Filmens handling: Tv\u00e5 m\u00e4n med olika etniska bakgrunder ska h\u00e5lla en debatt om Sveriges framtid, men ov\u00e4ntade h\u00e4ndelser g\u00f6r att de f\u00f6rst\u00e5r varandra b\u00e4ttre. Kommer debatten bli av?<\/div>\n<div><\/div>\n<div>Att internationella filmfestivaler erk\u00e4nner &#8221;Debatten&#8221; \u00e4r vi s\u00e5klart v\u00e4ldigt glada f\u00f6r!<\/div>\n\n    <\/div>\n<\/div>\n","protected":false},"featured_media":0,"parent":0,"menu_order":0,"template":"","categories":[],"class_list":["post-2067","news-article","type-news-article","status-publish","hentry"],"acf":[],"yoast_head":"<!-- This site is optimized with the Yoast SEO plugin v27.0 - https:\/\/yoast.com\/product\/yoast-seo-wordpress\/ -->\n<title>Nu har filmen Debatten fr\u00e5n Sk\u00e4ggetorp g\u00e5tt vidare till tre filmfestivaler - \u00d6sterg\u00f6tland<\/title>\n<meta name=\"robots\" content=\"index, follow, max-snippet:-1, max-image-preview:large, max-video-preview:-1\" \/>\n<link rel=\"canonical\" href=\"https:\/\/www.abf.se\/ostergotland\/nyheter\/nu-har-filmen-debatten-fran-skaggetorp-gatt-vidare-till-tva-filmfestivaler\/\" \/>\n<meta property=\"og:locale\" content=\"sv_SE\" \/>\n<meta property=\"og:type\" content=\"article\" \/>\n<meta property=\"og:title\" content=\"Nu har filmen Debatten fr\u00e5n Sk\u00e4ggetorp g\u00e5tt vidare till tre filmfestivaler - \u00d6sterg\u00f6tland\" \/>\n<meta property=\"og:description\" content=\"Nu har filmen Debatten fr\u00e5n Sk\u00e4ggetorp g\u00e5tt vidare till tre festivaler!\" \/>\n<meta property=\"og:url\" content=\"https:\/\/www.abf.se\/ostergotland\/nyheter\/nu-har-filmen-debatten-fran-skaggetorp-gatt-vidare-till-tva-filmfestivaler\/\" \/>\n<meta property=\"og:site_name\" content=\"\u00d6sterg\u00f6tland\" \/>\n<meta property=\"article:modified_time\" content=\"2026-04-20T10:12:31+00:00\" \/>\n<meta property=\"og:image\" content=\"https:\/\/www.abf.se\/wp-content\/uploads\/sites\/64\/2026\/04\/Debatten-affisch-med-laurel.jpg\" \/>\n\t<meta property=\"og:image:width\" content=\"788\" \/>\n\t<meta property=\"og:image:height\" content=\"1105\" \/>\n\t<meta property=\"og:image:type\" content=\"image\/jpeg\" \/>\n<meta name=\"twitter:card\" content=\"summary_large_image\" \/>\n<script type=\"application\/ld+json\" class=\"yoast-schema-graph\">{\"@context\":\"https:\/\/schema.org\",\"@graph\":[{\"@type\":\"WebPage\",\"@id\":\"https:\/\/www.abf.se\/ostergotland\/nyheter\/nu-har-filmen-debatten-fran-skaggetorp-gatt-vidare-till-tva-filmfestivaler\/\",\"url\":\"https:\/\/www.abf.se\/ostergotland\/nyheter\/nu-har-filmen-debatten-fran-skaggetorp-gatt-vidare-till-tva-filmfestivaler\/\",\"name\":\"Nu har filmen Debatten fr\u00e5n Sk\u00e4ggetorp g\u00e5tt vidare till tre filmfestivaler - \u00d6sterg\u00f6tland\",\"isPartOf\":{\"@id\":\"https:\/\/www.abf.se\/ostergotland\/#website\"},\"datePublished\":\"2026-04-20T09:55:13+00:00\",\"dateModified\":\"2026-04-20T10:12:31+00:00\",\"breadcrumb\":{\"@id\":\"https:\/\/www.abf.se\/ostergotland\/nyheter\/nu-har-filmen-debatten-fran-skaggetorp-gatt-vidare-till-tva-filmfestivaler\/#breadcrumb\"},\"inLanguage\":\"sv-SE\",\"potentialAction\":[{\"@type\":\"ReadAction\",\"target\":[\"https:\/\/www.abf.se\/ostergotland\/nyheter\/nu-har-filmen-debatten-fran-skaggetorp-gatt-vidare-till-tva-filmfestivaler\/\"]}]},{\"@type\":\"BreadcrumbList\",\"@id\":\"https:\/\/www.abf.se\/ostergotland\/nyheter\/nu-har-filmen-debatten-fran-skaggetorp-gatt-vidare-till-tva-filmfestivaler\/#breadcrumb\",\"itemListElement\":[{\"@type\":\"ListItem\",\"position\":1,\"name\":\"Home\",\"item\":\"https:\/\/www.abf.se\/ostergotland\/\"},{\"@type\":\"ListItem\",\"position\":2,\"name\":\"Nyheter\",\"item\":\"https:\/\/www.abf.se\/ostergotland\/nyheter\/\"},{\"@type\":\"ListItem\",\"position\":3,\"name\":\"Nu har filmen Debatten fr\u00e5n Sk\u00e4ggetorp g\u00e5tt vidare till tre filmfestivaler\"}]},{\"@type\":\"WebSite\",\"@id\":\"https:\/\/www.abf.se\/ostergotland\/#website\",\"url\":\"https:\/\/www.abf.se\/ostergotland\/\",\"name\":\"\u00d6sterg\u00f6tland\",\"description\":\"\",\"potentialAction\":[{\"@type\":\"SearchAction\",\"target\":{\"@type\":\"EntryPoint\",\"urlTemplate\":\"https:\/\/www.abf.se\/ostergotland\/?s={search_term_string}\"},\"query-input\":{\"@type\":\"PropertyValueSpecification\",\"valueRequired\":true,\"valueName\":\"search_term_string\"}}],\"inLanguage\":\"sv-SE\"}]}<\/script>\n<!-- \/ Yoast SEO plugin. -->","yoast_head_json":{"title":"Nu har filmen Debatten fr\u00e5n Sk\u00e4ggetorp g\u00e5tt vidare till tre filmfestivaler - \u00d6sterg\u00f6tland","robots":{"index":"index","follow":"follow","max-snippet":"max-snippet:-1","max-image-preview":"max-image-preview:large","max-video-preview":"max-video-preview:-1"},"canonical":"https:\/\/www.abf.se\/ostergotland\/nyheter\/nu-har-filmen-debatten-fran-skaggetorp-gatt-vidare-till-tva-filmfestivaler\/","og_locale":"sv_SE","og_type":"article","og_title":"Nu har filmen Debatten fr\u00e5n Sk\u00e4ggetorp g\u00e5tt vidare till tre filmfestivaler - \u00d6sterg\u00f6tland","og_description":"Nu har filmen Debatten fr\u00e5n Sk\u00e4ggetorp g\u00e5tt vidare till tre festivaler!","og_url":"https:\/\/www.abf.se\/ostergotland\/nyheter\/nu-har-filmen-debatten-fran-skaggetorp-gatt-vidare-till-tva-filmfestivaler\/","og_site_name":"\u00d6sterg\u00f6tland","article_modified_time":"2026-04-20T10:12:31+00:00","og_image":[{"width":788,"height":1105,"url":"https:\/\/www.abf.se\/wp-content\/uploads\/sites\/64\/2026\/04\/Debatten-affisch-med-laurel.jpg","type":"image\/jpeg"}],"twitter_card":"summary_large_image","schema":{"@context":"https:\/\/schema.org","@graph":[{"@type":"WebPage","@id":"https:\/\/www.abf.se\/ostergotland\/nyheter\/nu-har-filmen-debatten-fran-skaggetorp-gatt-vidare-till-tva-filmfestivaler\/","url":"https:\/\/www.abf.se\/ostergotland\/nyheter\/nu-har-filmen-debatten-fran-skaggetorp-gatt-vidare-till-tva-filmfestivaler\/","name":"Nu har filmen Debatten fr\u00e5n Sk\u00e4ggetorp g\u00e5tt vidare till tre filmfestivaler - \u00d6sterg\u00f6tland","isPartOf":{"@id":"https:\/\/www.abf.se\/ostergotland\/#website"},"datePublished":"2026-04-20T09:55:13+00:00","dateModified":"2026-04-20T10:12:31+00:00","breadcrumb":{"@id":"https:\/\/www.abf.se\/ostergotland\/nyheter\/nu-har-filmen-debatten-fran-skaggetorp-gatt-vidare-till-tva-filmfestivaler\/#breadcrumb"},"inLanguage":"sv-SE","potentialAction":[{"@type":"ReadAction","target":["https:\/\/www.abf.se\/ostergotland\/nyheter\/nu-har-filmen-debatten-fran-skaggetorp-gatt-vidare-till-tva-filmfestivaler\/"]}]},{"@type":"BreadcrumbList","@id":"https:\/\/www.abf.se\/ostergotland\/nyheter\/nu-har-filmen-debatten-fran-skaggetorp-gatt-vidare-till-tva-filmfestivaler\/#breadcrumb","itemListElement":[{"@type":"ListItem","position":1,"name":"Home","item":"https:\/\/www.abf.se\/ostergotland\/"},{"@type":"ListItem","position":2,"name":"Nyheter","item":"https:\/\/www.abf.se\/ostergotland\/nyheter\/"},{"@type":"ListItem","position":3,"name":"Nu har filmen Debatten fr\u00e5n Sk\u00e4ggetorp g\u00e5tt vidare till tre filmfestivaler"}]},{"@type":"WebSite","@id":"https:\/\/www.abf.se\/ostergotland\/#website","url":"https:\/\/www.abf.se\/ostergotland\/","name":"\u00d6sterg\u00f6tland","description":"","potentialAction":[{"@type":"SearchAction","target":{"@type":"EntryPoint","urlTemplate":"https:\/\/www.abf.se\/ostergotland\/?s={search_term_string}"},"query-input":{"@type":"PropertyValueSpecification","valueRequired":true,"valueName":"search_term_string"}}],"inLanguage":"sv-SE"}]}},"_links":{"self":[{"href":"https:\/\/www.abf.se\/ostergotland\/wp-json\/wp\/v2\/news-article\/2067","targetHints":{"allow":["GET"]}}],"collection":[{"href":"https:\/\/www.abf.se\/ostergotland\/wp-json\/wp\/v2\/news-article"}],"about":[{"href":"https:\/\/www.abf.se\/ostergotland\/wp-json\/wp\/v2\/types\/news-article"}],"wp:attachment":[{"href":"https:\/\/www.abf.se\/ostergotland\/wp-json\/wp\/v2\/media?parent=2067"}],"wp:term":[{"taxonomy":"category","embeddable":true,"href":"https:\/\/www.abf.se\/ostergotland\/wp-json\/wp\/v2\/categories?post=2067"}],"curies":[{"name":"wp","href":"https:\/\/api.w.org\/{rel}","templated":true}]}}