{"id":547,"date":"2021-04-16T18:46:00","date_gmt":"2021-04-16T16:46:00","guid":{"rendered":"https:\/\/www.abf.se\/ostergotland\/?post_type=news-article&#038;p=547"},"modified":"2024-04-22T13:20:12","modified_gmt":"2024-04-22T11:20:12","slug":"de-vill-motivera-andra-unga","status":"publish","type":"news-article","link":"https:\/\/www.abf.se\/ostergotland\/nyheter\/de-vill-motivera-andra-unga\/","title":{"rendered":"De vill motivera andra unga\u00a0"},"content":{"rendered":"<div\n    class=\"acf-article-text-block article-container my-12\"\n    data-block=\"article-text-block\"\n>\n    <div class=\"wysiwyg\">\n        <h3><span data-contrast=\"none\">P\u00e5 bara tre veckor ordnade Sumeya Osman och Lili D. Zelleke en stor modeshow i Sk\u00e4ggetorp.<\/span><span data-ccp-props=\"{&quot;134233117&quot;:false,&quot;134233118&quot;:false,&quot;335551550&quot;:0,&quot;335551620&quot;:0,&quot;335557856&quot;:16777215,&quot;335559738&quot;:0,&quot;335559739&quot;:300}\">\u00a0<\/span><\/h3>\n<p><span data-contrast=\"none\">Sumeya Osman och Lili D. Zelleke \u00e4r fulla av id\u00e9er och n\u00e5gra av dem hoppas de p\u00e5 att kunna f\u00f6rverkliga inom ramarna f\u00f6r ABF. Foto: Nina Broman<\/span><span data-ccp-props=\"{&quot;134233117&quot;:false,&quot;134233118&quot;:false,&quot;335551550&quot;:0,&quot;335551620&quot;:0,&quot;335559738&quot;:0,&quot;335559739&quot;:0}\">\u00a0<\/span><\/p>\n<p><span data-contrast=\"none\">Det var i juni som tre typer av mode visades upp i Agorahuset i Sk\u00e4ggetorp: afrikanska kl\u00e4der som ett g\u00e4ng tjejer i omr\u00e5det gjort, hoodies skapade av n\u00e5gra killar i \u00d6rebro och s\u00e5 festlig fashion. Till den sistn\u00e4mnda kategorin hade Lili sytt fem kl\u00e4nningar.<\/span><span data-ccp-props=\"{&quot;134233117&quot;:false,&quot;134233118&quot;:false,&quot;335551550&quot;:0,&quot;335551620&quot;:0,&quot;335557856&quot;:16777215,&quot;335559738&quot;:0,&quot;335559739&quot;:203}\">\u00a0<\/span><\/p>\n<p><span data-contrast=\"none\">S\u00e5 h\u00e4r i efterhand inser de att det hade varit bra med mer tid. Att g\u00e5 fr\u00e5n id\u00e9 till f\u00e4rdig show p\u00e5 tre veckor var v\u00e4ldigt stressigt, men de fick bra hj\u00e4lp av Kristina Ramsten p\u00e5 ABF och av Agorahuset.<\/span><br \/>\n<span data-contrast=\"none\">\u2013 P\u00e5 grund av corona kunde vi inte ha en stor publik, men n\u00e4ra och k\u00e4ra till modellerna fick komma och titta. Och s\u00e5 filmade vi och la ut p\u00e5 sociala medier, ber\u00e4ttar Sumeya.<\/span><\/p>\n<p><span data-contrast=\"none\">De \u00e4r inte helt n\u00f6jda med resultatet, det levde inte upp till deras vision.<\/span><br \/>\n<span data-contrast=\"none\">\u2013 Om vi g\u00f6r en ny modeshow s\u00e5 kommer den s\u00e4kert att bli b\u00e4ttre. D\u00e5 vill vi ha det ganska stort, med publik, s\u00e5 vi f\u00e5r v\u00e4nta tills coronan g\u00e5tt \u00f6ver, s\u00e4ger Sumeya.<\/span><br \/>\n<span data-contrast=\"none\">Lili h\u00e5ller med. Hon har gjort tv\u00e5 modevisningar tidigare \u2013 p\u00e5 Skylten i Link\u00f6ping \u2013 s\u00e5 hon vet hur hon vill ha det.<\/span><span data-ccp-props=\"{&quot;134233117&quot;:false,&quot;134233118&quot;:false,&quot;335551550&quot;:0,&quot;335551620&quot;:0,&quot;335557856&quot;:16777215,&quot;335559738&quot;:0,&quot;335559739&quot;:203}\">\u00a0<\/span><\/p>\n<p><span data-contrast=\"none\">Tjejerna har m\u00e5nga id\u00e9er men alldeles f\u00f6r lite tid. Lili g\u00e5r i gymnasiet, p\u00e5 Thoren Business school. I framtiden vill hon bygga upp sitt eget kl\u00e4dm\u00e4rke \u201dYenn\u00e9\u201d (\u201dMitt\u201d p\u00e5 amhariska) som hon haft sedan 2016.<\/span><br \/>\n<span data-contrast=\"none\">\u2013 Jag har sytt sedan jag var liten och jag l\u00e4r mig mer f\u00f6r varje plagg jag g\u00f6r, s\u00e4ger hon.<\/span><br \/>\n<span data-contrast=\"none\">Sumeya kan inte sy.<\/span><br \/>\n<span data-contrast=\"none\">\u2013 Jag \u00e4r Lilis provdocka i st\u00e4llet, s\u00e4ger hon och ler.<\/span><\/p>\n<p><span data-contrast=\"none\">Efter studenten b\u00f6rjade Sumeya jobba inom hemtj\u00e4nsten men den senaste tiden har hon \u2013 bara 20 \u00e5r gammal \u2013 varit sjukskriven p\u00e5 grund av en arbetsskadad axel.<\/span><br \/>\n<span data-contrast=\"none\">\u2013 Jag \u00e4lskade mina gamlingar, men snart ska jag b\u00f6rja som extral\u00e4rare p\u00e5 en skola i st\u00e4llet.<\/span><br \/>\n<span data-contrast=\"none\">Hon fick jobbet trots att hon inte har n\u00e5gon utbildning, eftersom hon har erfarenhet av att jobba med ungdomar. N\u00e4r hon var yngre var hon fotbollstr\u00e4nare och i somras var hon och Lili med och ordnade en fotbollscup i Sk\u00e4ggetorp.<\/span><\/p>\n<p><span data-contrast=\"none\">I framtiden vill Sumeya bli egen f\u00f6retagare, s\u00e5 just nu sparar hon pengar f\u00f6r att kunna starta n\u00e5got litet.<\/span><br \/>\n<span data-contrast=\"none\">\u2013 Jag tror att man m\u00e5ste ha n\u00e5got eget f\u00f6r att v\u00e4xa, s\u00e4ger hon.<\/span><br \/>\n<span data-contrast=\"none\">N\u00e4r hon gick i skolan brukade hon g\u00e5 till ABF f\u00f6r att f\u00e5 hj\u00e4lp med l\u00e4xor och senare blev hon sj\u00e4lv l\u00e4xhj\u00e4lpare. Sedan dess \u00e4r hon fast.<\/span><span data-ccp-props=\"{&quot;134233117&quot;:false,&quot;134233118&quot;:false,&quot;335551550&quot;:0,&quot;335551620&quot;:0,&quot;335557856&quot;:16777215,&quot;335559738&quot;:0,&quot;335559739&quot;:203}\">\u00a0<\/span><\/p>\n<p><span data-contrast=\"none\">Tjejerna ber\u00e4ttar om n\u00e5gra av id\u00e9erna de hoppas p\u00e5 att kunna f\u00f6rverkliga fram\u00f6ver: en studiecirkel f\u00f6r bara tjejer, en Youtubekanal och en podcast.<\/span><br \/>\n<span data-contrast=\"none\">\u2013 Syftet \u00e4r att motivera och lyfta andra. Vi vill visa att det g\u00e5r att g\u00f6ra saker om man k\u00e4mpar tillsammans, s\u00e4ger Lili.<\/span><span data-ccp-props=\"{&quot;134233117&quot;:false,&quot;134233118&quot;:false,&quot;335551550&quot;:0,&quot;335551620&quot;:0,&quot;335557856&quot;:16777215,&quot;335559738&quot;:0,&quot;335559739&quot;:203}\">\u00a0<\/span><\/p>\n<p><b><span data-contrast=\"none\">Vad betyder samarbetet med ABF?<\/span><\/b><br \/>\n<span data-contrast=\"none\">\u2013 Om man har visioner och dr\u00f6mmar s\u00e5 g\u00f6r Kristina allt f\u00f6r att de ska bli verklighet och om n\u00e5got g\u00e5r snett s\u00e5 f\u00f6rs\u00f6ker hon hj\u00e4lpa till att l\u00f6sa det. Det \u00e4r inte s\u00e5 ofta m\u00e4nniskor bryr sig p\u00e5 det s\u00e4ttet. Per (Wretman) \u00e4r ocks\u00e5 v\u00e4ldigt st\u00f6ttande, s\u00e4ger Sumeya.<\/span><span data-ccp-props=\"{&quot;134233117&quot;:false,&quot;134233118&quot;:false,&quot;335551550&quot;:0,&quot;335551620&quot;:0,&quot;335557856&quot;:16777215,&quot;335559738&quot;:0,&quot;335559739&quot;:203}\">\u00a0<\/span><\/p>\n<p><b><span data-contrast=\"none\">Nina Broman<\/span><\/b><span data-ccp-props=\"{&quot;134233117&quot;:false,&quot;134233118&quot;:false,&quot;335551550&quot;:0,&quot;335551620&quot;:0,&quot;335557856&quot;:16777215,&quot;335559738&quot;:0,&quot;335559739&quot;:203}\">\u00a0<\/span><\/p>\n<p><span data-contrast=\"none\">Publicerad\u00a02021-04-16<\/span><span data-ccp-props=\"{&quot;134233117&quot;:false,&quot;134233118&quot;:false,&quot;335551550&quot;:0,&quot;335551620&quot;:0,&quot;335557856&quot;:16777215,&quot;335559738&quot;:0,&quot;335559739&quot;:150}\">\u00a0<\/span><\/p>\n<p><span data-ccp-props=\"{&quot;134233117&quot;:false,&quot;134233118&quot;:false,&quot;335551550&quot;:0,&quot;335551620&quot;:0,&quot;335557856&quot;:16777215,&quot;335559738&quot;:810,&quot;335559739&quot;:0}\">\u00a0<\/span><\/p>\n<p><span data-ccp-props=\"{&quot;134233117&quot;:false,&quot;134233118&quot;:false,&quot;335551550&quot;:0,&quot;335551620&quot;:0,&quot;335557856&quot;:16777215,&quot;335559738&quot;:0,&quot;335559739&quot;:203}\">\u00a0<\/span><\/p>\n<p><span data-ccp-props=\"{&quot;134233117&quot;:false,&quot;134233118&quot;:false,&quot;335551550&quot;:0,&quot;335551620&quot;:0,&quot;335557856&quot;:16777215,&quot;335559738&quot;:810,&quot;335559739&quot;:0}\">\u00a0<\/span><\/p>\n<p><span data-ccp-props=\"{}\">\u00a0<\/span><\/p>\n\n    <\/div>\n<\/div>\n","protected":false},"featured_media":0,"parent":0,"menu_order":0,"template":"","categories":[],"class_list":["post-547","news-article","type-news-article","status-publish","hentry"],"acf":[],"yoast_head":"<!-- This site is optimized with the Yoast SEO plugin v27.0 - https:\/\/yoast.com\/product\/yoast-seo-wordpress\/ -->\n<title>De vill motivera andra unga\u00a0 - \u00d6sterg\u00f6tland<\/title>\n<meta name=\"description\" content=\"Link\u00f6ping ungdomar mode bostadsomr\u00e5e kvinnor skapande\" \/>\n<meta name=\"robots\" content=\"index, follow, max-snippet:-1, max-image-preview:large, max-video-preview:-1\" \/>\n<link rel=\"canonical\" href=\"https:\/\/www.abf.se\/ostergotland\/nyheter\/de-vill-motivera-andra-unga\/\" \/>\n<meta property=\"og:locale\" content=\"sv_SE\" \/>\n<meta property=\"og:type\" content=\"article\" \/>\n<meta property=\"og:title\" content=\"De vill motivera andra unga\u00a0 - \u00d6sterg\u00f6tland\" \/>\n<meta property=\"og:description\" content=\"Link\u00f6ping ungdomar mode bostadsomr\u00e5e kvinnor skapande\" \/>\n<meta property=\"og:url\" content=\"https:\/\/www.abf.se\/ostergotland\/nyheter\/de-vill-motivera-andra-unga\/\" \/>\n<meta property=\"og:site_name\" content=\"\u00d6sterg\u00f6tland\" \/>\n<meta property=\"article:modified_time\" content=\"2024-04-22T11:20:12+00:00\" \/>\n<meta property=\"og:image\" content=\"https:\/\/www.abf.se\/wp-content\/uploads\/sites\/64\/2024\/04\/Nyckeln-liggande-scaled.jpg\" \/>\n\t<meta property=\"og:image:width\" content=\"2560\" \/>\n\t<meta property=\"og:image:height\" content=\"1440\" \/>\n\t<meta property=\"og:image:type\" content=\"image\/jpeg\" \/>\n<meta name=\"twitter:card\" content=\"summary_large_image\" \/>\n<script type=\"application\/ld+json\" class=\"yoast-schema-graph\">{\"@context\":\"https:\/\/schema.org\",\"@graph\":[{\"@type\":\"WebPage\",\"@id\":\"https:\/\/www.abf.se\/ostergotland\/nyheter\/de-vill-motivera-andra-unga\/\",\"url\":\"https:\/\/www.abf.se\/ostergotland\/nyheter\/de-vill-motivera-andra-unga\/\",\"name\":\"De vill motivera andra unga\u00a0 - \u00d6sterg\u00f6tland\",\"isPartOf\":{\"@id\":\"https:\/\/www.abf.se\/ostergotland\/#website\"},\"datePublished\":\"2021-04-16T16:46:00+00:00\",\"dateModified\":\"2024-04-22T11:20:12+00:00\",\"description\":\"Link\u00f6ping ungdomar mode bostadsomr\u00e5e kvinnor skapande\",\"breadcrumb\":{\"@id\":\"https:\/\/www.abf.se\/ostergotland\/nyheter\/de-vill-motivera-andra-unga\/#breadcrumb\"},\"inLanguage\":\"sv-SE\",\"potentialAction\":[{\"@type\":\"ReadAction\",\"target\":[\"https:\/\/www.abf.se\/ostergotland\/nyheter\/de-vill-motivera-andra-unga\/\"]}]},{\"@type\":\"BreadcrumbList\",\"@id\":\"https:\/\/www.abf.se\/ostergotland\/nyheter\/de-vill-motivera-andra-unga\/#breadcrumb\",\"itemListElement\":[{\"@type\":\"ListItem\",\"position\":1,\"name\":\"Home\",\"item\":\"https:\/\/www.abf.se\/ostergotland\/\"},{\"@type\":\"ListItem\",\"position\":2,\"name\":\"Nyheter\",\"item\":\"https:\/\/www.abf.se\/ostergotland\/nyheter\/\"},{\"@type\":\"ListItem\",\"position\":3,\"name\":\"De vill motivera andra unga\u00a0\"}]},{\"@type\":\"WebSite\",\"@id\":\"https:\/\/www.abf.se\/ostergotland\/#website\",\"url\":\"https:\/\/www.abf.se\/ostergotland\/\",\"name\":\"\u00d6sterg\u00f6tland\",\"description\":\"\",\"potentialAction\":[{\"@type\":\"SearchAction\",\"target\":{\"@type\":\"EntryPoint\",\"urlTemplate\":\"https:\/\/www.abf.se\/ostergotland\/?s={search_term_string}\"},\"query-input\":{\"@type\":\"PropertyValueSpecification\",\"valueRequired\":true,\"valueName\":\"search_term_string\"}}],\"inLanguage\":\"sv-SE\"}]}<\/script>\n<!-- \/ Yoast SEO plugin. -->","yoast_head_json":{"title":"De vill motivera andra unga\u00a0 - \u00d6sterg\u00f6tland","description":"Link\u00f6ping ungdomar mode bostadsomr\u00e5e kvinnor skapande","robots":{"index":"index","follow":"follow","max-snippet":"max-snippet:-1","max-image-preview":"max-image-preview:large","max-video-preview":"max-video-preview:-1"},"canonical":"https:\/\/www.abf.se\/ostergotland\/nyheter\/de-vill-motivera-andra-unga\/","og_locale":"sv_SE","og_type":"article","og_title":"De vill motivera andra unga\u00a0 - \u00d6sterg\u00f6tland","og_description":"Link\u00f6ping ungdomar mode bostadsomr\u00e5e kvinnor skapande","og_url":"https:\/\/www.abf.se\/ostergotland\/nyheter\/de-vill-motivera-andra-unga\/","og_site_name":"\u00d6sterg\u00f6tland","article_modified_time":"2024-04-22T11:20:12+00:00","og_image":[{"width":2560,"height":1440,"url":"https:\/\/www.abf.se\/wp-content\/uploads\/sites\/64\/2024\/04\/Nyckeln-liggande-scaled.jpg","type":"image\/jpeg"}],"twitter_card":"summary_large_image","schema":{"@context":"https:\/\/schema.org","@graph":[{"@type":"WebPage","@id":"https:\/\/www.abf.se\/ostergotland\/nyheter\/de-vill-motivera-andra-unga\/","url":"https:\/\/www.abf.se\/ostergotland\/nyheter\/de-vill-motivera-andra-unga\/","name":"De vill motivera andra unga\u00a0 - \u00d6sterg\u00f6tland","isPartOf":{"@id":"https:\/\/www.abf.se\/ostergotland\/#website"},"datePublished":"2021-04-16T16:46:00+00:00","dateModified":"2024-04-22T11:20:12+00:00","description":"Link\u00f6ping ungdomar mode bostadsomr\u00e5e kvinnor skapande","breadcrumb":{"@id":"https:\/\/www.abf.se\/ostergotland\/nyheter\/de-vill-motivera-andra-unga\/#breadcrumb"},"inLanguage":"sv-SE","potentialAction":[{"@type":"ReadAction","target":["https:\/\/www.abf.se\/ostergotland\/nyheter\/de-vill-motivera-andra-unga\/"]}]},{"@type":"BreadcrumbList","@id":"https:\/\/www.abf.se\/ostergotland\/nyheter\/de-vill-motivera-andra-unga\/#breadcrumb","itemListElement":[{"@type":"ListItem","position":1,"name":"Home","item":"https:\/\/www.abf.se\/ostergotland\/"},{"@type":"ListItem","position":2,"name":"Nyheter","item":"https:\/\/www.abf.se\/ostergotland\/nyheter\/"},{"@type":"ListItem","position":3,"name":"De vill motivera andra unga\u00a0"}]},{"@type":"WebSite","@id":"https:\/\/www.abf.se\/ostergotland\/#website","url":"https:\/\/www.abf.se\/ostergotland\/","name":"\u00d6sterg\u00f6tland","description":"","potentialAction":[{"@type":"SearchAction","target":{"@type":"EntryPoint","urlTemplate":"https:\/\/www.abf.se\/ostergotland\/?s={search_term_string}"},"query-input":{"@type":"PropertyValueSpecification","valueRequired":true,"valueName":"search_term_string"}}],"inLanguage":"sv-SE"}]}},"_links":{"self":[{"href":"https:\/\/www.abf.se\/ostergotland\/wp-json\/wp\/v2\/news-article\/547","targetHints":{"allow":["GET"]}}],"collection":[{"href":"https:\/\/www.abf.se\/ostergotland\/wp-json\/wp\/v2\/news-article"}],"about":[{"href":"https:\/\/www.abf.se\/ostergotland\/wp-json\/wp\/v2\/types\/news-article"}],"wp:attachment":[{"href":"https:\/\/www.abf.se\/ostergotland\/wp-json\/wp\/v2\/media?parent=547"}],"wp:term":[{"taxonomy":"category","embeddable":true,"href":"https:\/\/www.abf.se\/ostergotland\/wp-json\/wp\/v2\/categories?post=547"}],"curies":[{"name":"wp","href":"https:\/\/api.w.org\/{rel}","templated":true}]}}