{"id":853,"date":"2019-09-16T14:36:00","date_gmt":"2019-09-16T12:36:00","guid":{"rendered":"https:\/\/www.abf.se\/ostergotland\/?post_type=news-article&#038;p=853"},"modified":"2024-04-23T14:37:38","modified_gmt":"2024-04-23T12:37:38","slug":"kulturnatten-2019","status":"publish","type":"news-article","link":"https:\/\/www.abf.se\/ostergotland\/nyheter\/kulturnatten-2019\/","title":{"rendered":"Kulturnatten 2019"},"content":{"rendered":"<div\n    class=\"acf-article-text-block article-container my-12\"\n    data-block=\"article-text-block\"\n>\n    <div class=\"wysiwyg\">\n        <p>Varmt v\u00e4lkomna att bes\u00f6ka ABF Bergslagsg\u00e5rden p\u00e5 Kulturnatten l\u00f6rdag 28 september 2019. Vi b\u00f6rjar kl. 11 och h\u00e5ller p\u00e5 till kl. 22. H\u00e4r finns allt fr\u00e5n konstutst\u00e4llningar, f\u00f6rel\u00e4sningar, exotiska danser, sl\u00e4ktforskning, barnaktiviteter till musik och poesi. Fri entr\u00e9.<\/p>\n<p>Kl. 15-20 Konstutst\u00e4llning Non Solum med Jenny Klindt\u2014Tema psykisk oh\u00e4lsa &#8211; p\u00e5 nedre plan.<br \/>\nFinissage 15-16.<\/p>\n<p>Kl. 16\u201322 Fotoutst\u00e4llning Life in West Sahara om och fr\u00e5n V\u00e4stsahara &#8211; p\u00e5 \u00f6vre plan. Vernissage 16-17. *<\/p>\n<p>Kl. 11-15 Hur b\u00f6rjar man sl\u00e4ktforska? Nedre plan. \u00d6stg\u00f6ta Genealogiska F\u00f6rening.<\/p>\n<p>Kl. 13 F\u00f6rel\u00e4sning med Yeghia Nersesian om milj\u00f6aktivism i Armenien. P\u00e5 \u00f6vre plan . *<\/p>\n<p>Kl 15 Dansshow fr\u00e5n Gambia med Sulayman\u2014p\u00e5 Skvallertorget utanf\u00f6r ABF.*<\/p>\n<p>Kl. 15:30 Boliviakommitt\u00e9n\u2014Bolivianska folkdanser &#8211; p\u00e5 Skvallertorget utanf\u00f6r ABF.<\/p>\n<p>Kl. 16-18 Hennam\u00e5lning med Naila &#8211; p\u00e5 nedre plan. *<\/p>\n<p>Kl. 17 Pantomimf\u00f6rest\u00e4llning Ful &amp; vacker med Ali Sahimpor &#8211; p\u00e5 \u00f6vre plan . *<\/p>\n<p>Kl. 15-20 Graffitim\u00e5lning utanf\u00f6r ABF med Maria Loca, vernissage 17-18. Prova p\u00e5 graffiti 15-17 och 18-20. OBS, ta med o\u00f6mma kl\u00e4der ifall du vill spraya.<\/p>\n<p>Kl 15-16.30 Barnaktiviteter med Spiderman och trollkarlen Mohammad som spexar och trollar.<br \/>\nKl 16.30-17.30 Clownen Dufse. *<\/p>\n<p>P\u00e5 v\u00e5r inomhusscen p\u00e5 nedre plan<\/p>\n<p>Kl. 14 Astrid Joelsson och Adam B\u00e4ck\u2014Spoken word. Joakim Egerskog piano.<\/p>\n<p>Kl. 16 Tilda &amp; Zorba\u2014En unik kombination av rap och poesi.<\/p>\n<p>Kl. 17 R\u00f6nn &amp; Kalk\u2014Personliga och politiska texter ackompanjerande av gitarr och str\u00e5k. En hel del st\u00e4ms\u00e5ng utlovas.<\/p>\n<p>Kl 18 T\u00f6rnvall &amp; F\u00e4rnl\u00f6f\u2014Gitarrduo med egenkomponerad musik.<\/p>\n<p>Kl. 19 Red Town Ramblers\u2014Country &amp; bluegrassband. *<\/p>\n<p>Kl. 20 Sam Dale\u2014Music on demand. *<\/p>\n<p>Kl. 21 MaRa-ton\u2014Toner fr\u00e5n \u00f6st &amp; v\u00e4st med Malin &amp; Ramin. *<br \/>\nABF:s danslokal. OBS! Generalsgatan 43<\/p>\n<p>Kl. 12-14 Boliviakommitt\u00e9n\u2014Kom och se och prova p\u00e5 boliviansk dans. ABF:s danslokal. OBS! Generalsgatan 43<\/p>\n<p>15-17 Salsa Con Moreno\u2014Kom och se och prova p\u00e5 Salsa.<br \/>\nABF:s danslokal. OBS! Generalsgatan 43<\/p>\n<p>* I samarbete med Flimmer\/Kultursp\u00e5ret<\/p>\n\n    <\/div>\n<\/div>\n","protected":false},"featured_media":0,"parent":0,"menu_order":0,"template":"","categories":[],"class_list":["post-853","news-article","type-news-article","status-publish","hentry"],"acf":[],"yoast_head":"<!-- This site is optimized with the Yoast SEO plugin v27.0 - https:\/\/yoast.com\/product\/yoast-seo-wordpress\/ -->\n<title>Kulturnatten 2019 - \u00d6sterg\u00f6tland<\/title>\n<meta name=\"description\" content=\"kultur norrk\u00f6ping dans musik 2019\" \/>\n<meta name=\"robots\" content=\"index, follow, max-snippet:-1, max-image-preview:large, max-video-preview:-1\" \/>\n<link rel=\"canonical\" href=\"https:\/\/www.abf.se\/ostergotland\/nyheter\/kulturnatten-2019\/\" \/>\n<meta property=\"og:locale\" content=\"sv_SE\" \/>\n<meta property=\"og:type\" content=\"article\" \/>\n<meta property=\"og:title\" content=\"Kulturnatten 2019 - \u00d6sterg\u00f6tland\" \/>\n<meta property=\"og:description\" content=\"kultur norrk\u00f6ping dans musik 2019\" \/>\n<meta property=\"og:url\" content=\"https:\/\/www.abf.se\/ostergotland\/nyheter\/kulturnatten-2019\/\" \/>\n<meta property=\"og:site_name\" content=\"\u00d6sterg\u00f6tland\" \/>\n<meta property=\"article:modified_time\" content=\"2024-04-23T12:37:38+00:00\" \/>\n<meta property=\"og:image\" content=\"https:\/\/www.abf.se\/wp-content\/uploads\/sites\/64\/2024\/04\/Nyckeln-liggande-scaled.jpg\" \/>\n\t<meta property=\"og:image:width\" content=\"2560\" \/>\n\t<meta property=\"og:image:height\" content=\"1440\" \/>\n\t<meta property=\"og:image:type\" content=\"image\/jpeg\" \/>\n<meta name=\"twitter:card\" content=\"summary_large_image\" \/>\n<script type=\"application\/ld+json\" class=\"yoast-schema-graph\">{\"@context\":\"https:\/\/schema.org\",\"@graph\":[{\"@type\":\"WebPage\",\"@id\":\"https:\/\/www.abf.se\/ostergotland\/nyheter\/kulturnatten-2019\/\",\"url\":\"https:\/\/www.abf.se\/ostergotland\/nyheter\/kulturnatten-2019\/\",\"name\":\"Kulturnatten 2019 - \u00d6sterg\u00f6tland\",\"isPartOf\":{\"@id\":\"https:\/\/www.abf.se\/ostergotland\/#website\"},\"datePublished\":\"2019-09-16T12:36:00+00:00\",\"dateModified\":\"2024-04-23T12:37:38+00:00\",\"description\":\"kultur norrk\u00f6ping dans musik 2019\",\"breadcrumb\":{\"@id\":\"https:\/\/www.abf.se\/ostergotland\/nyheter\/kulturnatten-2019\/#breadcrumb\"},\"inLanguage\":\"sv-SE\",\"potentialAction\":[{\"@type\":\"ReadAction\",\"target\":[\"https:\/\/www.abf.se\/ostergotland\/nyheter\/kulturnatten-2019\/\"]}]},{\"@type\":\"BreadcrumbList\",\"@id\":\"https:\/\/www.abf.se\/ostergotland\/nyheter\/kulturnatten-2019\/#breadcrumb\",\"itemListElement\":[{\"@type\":\"ListItem\",\"position\":1,\"name\":\"Home\",\"item\":\"https:\/\/www.abf.se\/ostergotland\/\"},{\"@type\":\"ListItem\",\"position\":2,\"name\":\"Nyheter\",\"item\":\"https:\/\/www.abf.se\/ostergotland\/nyheter\/\"},{\"@type\":\"ListItem\",\"position\":3,\"name\":\"Kulturnatten 2019\"}]},{\"@type\":\"WebSite\",\"@id\":\"https:\/\/www.abf.se\/ostergotland\/#website\",\"url\":\"https:\/\/www.abf.se\/ostergotland\/\",\"name\":\"\u00d6sterg\u00f6tland\",\"description\":\"\",\"potentialAction\":[{\"@type\":\"SearchAction\",\"target\":{\"@type\":\"EntryPoint\",\"urlTemplate\":\"https:\/\/www.abf.se\/ostergotland\/?s={search_term_string}\"},\"query-input\":{\"@type\":\"PropertyValueSpecification\",\"valueRequired\":true,\"valueName\":\"search_term_string\"}}],\"inLanguage\":\"sv-SE\"}]}<\/script>\n<!-- \/ Yoast SEO plugin. -->","yoast_head_json":{"title":"Kulturnatten 2019 - \u00d6sterg\u00f6tland","description":"kultur norrk\u00f6ping dans musik 2019","robots":{"index":"index","follow":"follow","max-snippet":"max-snippet:-1","max-image-preview":"max-image-preview:large","max-video-preview":"max-video-preview:-1"},"canonical":"https:\/\/www.abf.se\/ostergotland\/nyheter\/kulturnatten-2019\/","og_locale":"sv_SE","og_type":"article","og_title":"Kulturnatten 2019 - \u00d6sterg\u00f6tland","og_description":"kultur norrk\u00f6ping dans musik 2019","og_url":"https:\/\/www.abf.se\/ostergotland\/nyheter\/kulturnatten-2019\/","og_site_name":"\u00d6sterg\u00f6tland","article_modified_time":"2024-04-23T12:37:38+00:00","og_image":[{"width":2560,"height":1440,"url":"https:\/\/www.abf.se\/wp-content\/uploads\/sites\/64\/2024\/04\/Nyckeln-liggande-scaled.jpg","type":"image\/jpeg"}],"twitter_card":"summary_large_image","schema":{"@context":"https:\/\/schema.org","@graph":[{"@type":"WebPage","@id":"https:\/\/www.abf.se\/ostergotland\/nyheter\/kulturnatten-2019\/","url":"https:\/\/www.abf.se\/ostergotland\/nyheter\/kulturnatten-2019\/","name":"Kulturnatten 2019 - \u00d6sterg\u00f6tland","isPartOf":{"@id":"https:\/\/www.abf.se\/ostergotland\/#website"},"datePublished":"2019-09-16T12:36:00+00:00","dateModified":"2024-04-23T12:37:38+00:00","description":"kultur norrk\u00f6ping dans musik 2019","breadcrumb":{"@id":"https:\/\/www.abf.se\/ostergotland\/nyheter\/kulturnatten-2019\/#breadcrumb"},"inLanguage":"sv-SE","potentialAction":[{"@type":"ReadAction","target":["https:\/\/www.abf.se\/ostergotland\/nyheter\/kulturnatten-2019\/"]}]},{"@type":"BreadcrumbList","@id":"https:\/\/www.abf.se\/ostergotland\/nyheter\/kulturnatten-2019\/#breadcrumb","itemListElement":[{"@type":"ListItem","position":1,"name":"Home","item":"https:\/\/www.abf.se\/ostergotland\/"},{"@type":"ListItem","position":2,"name":"Nyheter","item":"https:\/\/www.abf.se\/ostergotland\/nyheter\/"},{"@type":"ListItem","position":3,"name":"Kulturnatten 2019"}]},{"@type":"WebSite","@id":"https:\/\/www.abf.se\/ostergotland\/#website","url":"https:\/\/www.abf.se\/ostergotland\/","name":"\u00d6sterg\u00f6tland","description":"","potentialAction":[{"@type":"SearchAction","target":{"@type":"EntryPoint","urlTemplate":"https:\/\/www.abf.se\/ostergotland\/?s={search_term_string}"},"query-input":{"@type":"PropertyValueSpecification","valueRequired":true,"valueName":"search_term_string"}}],"inLanguage":"sv-SE"}]}},"_links":{"self":[{"href":"https:\/\/www.abf.se\/ostergotland\/wp-json\/wp\/v2\/news-article\/853","targetHints":{"allow":["GET"]}}],"collection":[{"href":"https:\/\/www.abf.se\/ostergotland\/wp-json\/wp\/v2\/news-article"}],"about":[{"href":"https:\/\/www.abf.se\/ostergotland\/wp-json\/wp\/v2\/types\/news-article"}],"wp:attachment":[{"href":"https:\/\/www.abf.se\/ostergotland\/wp-json\/wp\/v2\/media?parent=853"}],"wp:term":[{"taxonomy":"category","embeddable":true,"href":"https:\/\/www.abf.se\/ostergotland\/wp-json\/wp\/v2\/categories?post=853"}],"curies":[{"name":"wp","href":"https:\/\/api.w.org\/{rel}","templated":true}]}}