{"id":856,"date":"2020-09-09T14:42:00","date_gmt":"2020-09-09T12:42:00","guid":{"rendered":"https:\/\/www.abf.se\/ostergotland\/?post_type=news-article&#038;p=856"},"modified":"2024-04-23T14:43:17","modified_gmt":"2024-04-23T12:43:17","slug":"kulturnatten-2020","status":"publish","type":"news-article","link":"https:\/\/www.abf.se\/ostergotland\/nyheter\/kulturnatten-2020\/","title":{"rendered":"Kulturnatten 2020"},"content":{"rendered":"<div\n    class=\"acf-article-text-block article-container my-12\"\n    data-block=\"article-text-block\"\n>\n    <div class=\"wysiwyg\">\n        <p><b>Kulturnatten+ 2020 p\u00e5 ABF\u00a0<\/b><\/p>\n<p><b>M\u00e5ndag 21 september kl. 18<br \/>\n<\/b><b>Cecilia L\u00f6vefors <\/b>\u2013 Konstutst\u00e4llning: Abstrakta akvareller.<br \/>\nStreamas p\u00e5 ABF Bergslagsg\u00e5rdens Facebook.<\/p>\n<p><b>Tisdag 22 september kl. 18<br \/>\n<\/b><b>K\u00f6ren Matrojska <\/b>&#8211; Bjuder p\u00e5 rysk folks\u00e5ng. Streamas p\u00e5 ABF Bergslagsg\u00e5rdens Facebook.<\/p>\n<p><b>Onsdag 23 september kl. 19<br \/>\n<\/b><b>Briones och Sconsie <\/b>\u2013 Akustisk duo. Sensommarspelning under \u00f6ppen himmel. Egenskriven musik som varsamt\u00a0omarbetats f\u00f6r ett st\u00e4mningsfullt samspel mellan tv\u00e5 musiker och en liten publik.<br \/>\nInbjuden publik och livestream p\u00e5 ABF Bergslagsg\u00e5rdens Facebook.<\/p>\n<p><b>Torsdag 24 september kl. 18<br \/>\n<\/b><b>Bolivia Kommitt\u00e9n Norrk\u00f6ping <\/b>\u2013 Dansar tinku och tobas. Bolivia Kommitt\u00e9n Norrk\u00f6ping \u00e4r en ideell och demokratisk\u00a0organisation som bedriver kulturverksamhet i Norrk\u00f6pings kommun i samarbete med ABF \u00d6sterg\u00f6tland.<br \/>\nStreamas p\u00e5 ABF Bergslagsg\u00e5rdens Facebook.<\/p>\n<p><b>Torsdag 24 september kl. 19<br \/>\n<\/b><b>Salsa Con Moreno <\/b>\u2013 Kubansk salsa fr\u00e5n grund till avancerad niv\u00e5. Kom och dansa med oss.\u00a0Salsaskolan mitt i Norrk\u00f6pings city. Streamas p\u00e5 ABF Bergslagsg\u00e5rdens Facebook.<\/p>\n<p><b>Fredag 25 september kl. 19<br \/>\n<\/b><b>Fredrik T\u00f6rnvall <\/b>\u2013 Fredrik och en gitarr. Tr\u00e4det och himlen. Streamas p\u00e5 ABF Bergslagsg\u00e5rdens Facebook.<\/p>\n<p><b>L\u00f6rdag 26 september kl. 15<br \/>\n<\/b><b>Living Hema <\/b>\u2013 S\u00e4llskapet Living HEMA Norrk\u00f6ping, \u00e4r en f\u00f6rening som ut\u00f6var Historisk Stridskonst med utg\u00e5ngspunkt\u00a0fr\u00e5n det medeltida Europa. De historiska tekniker vi kommer att visa f\u00f6r er \u00e4r h\u00e4mtade ur ett Italienskt manuskript fr\u00e5n\u00a0b\u00f6rjan av 1400-talet. Streamas p\u00e5 ABF Bergslagsg\u00e5rdens Facebook.<\/p>\n<p><b>L\u00f6rdag 26 september kl. 16<br \/>\n<\/b><b>Bolivia Kommitt\u00e9n Norrk\u00f6ping <\/b>\u2013 Dansar caporales. Bolivia Kommitt\u00e9n Norrk\u00f6ping \u00e4r en ideell och demokratisk\u00a0organisation som bedriver kulturverksamhet i Norrk\u00f6pings kommun i samarbete med ABF \u00d6sterg\u00f6tland.<br \/>\nStreamas p\u00e5 ABF Bergslagsg\u00e5rdens Facebook.<\/p>\n<p><b>L\u00f6rdag 26 september kl. 19<br \/>\n<\/b><b>Patrik Lundstr\u00f6m <\/b>\u2013 Spelar avkopplande musik fr\u00e5n medeltida toner till irl\u00e4ndska klanger.<br \/>\nInbjuden publik och streamas p\u00e5 ABF Bergslagsg\u00e5rdens Facebook.<\/p>\n<p><b>L\u00f6rdag 26 september kl. 19-21<br \/>\n<\/b><b>Anders Keily <\/b>\u2013 Konstutst\u00e4llning \u201dSvalka mig hel\u201d och diktl\u00e4sning.\u00a0Akrylm\u00e5lningar av konstn\u00e4ren och poeten Anders Keily.<br \/>\nFinissage l\u00f6rdag 26 september kl. 19-21 med diktl\u00e4sning, tal p\u00e5 ABF Bergslagsg\u00e5rden, V\u00e4stg\u00f6tegatan 25, Norrk\u00f6ping.<br \/>\nBegr\u00e4nsat antal platser pga covid 19. Streamas kl. 20:30 p\u00e5 ABF Bergslagsg\u00e5rdens Facebook.<\/p>\n<p>Hela programmet f\u00f6r Kulturnatten+ hittar du p\u00e5 <a title=\"Kulturnatten+\" href=\"https:\/\/visit.norrkoping.se\/se-och-gora\/storre-evenemang\/kulturnatten\/program-kulturnatten?query=&amp;page=1\">visit.norrkoping.se<\/a><\/p>\n\n    <\/div>\n<\/div>\n","protected":false},"featured_media":0,"parent":0,"menu_order":0,"template":"","categories":[],"class_list":["post-856","news-article","type-news-article","status-publish","hentry"],"acf":[],"yoast_head":"<!-- This site is optimized with the Yoast SEO plugin v27.0 - https:\/\/yoast.com\/product\/yoast-seo-wordpress\/ -->\n<title>Kulturnatten 2020 - \u00d6sterg\u00f6tland<\/title>\n<meta name=\"robots\" content=\"index, follow, max-snippet:-1, max-image-preview:large, max-video-preview:-1\" \/>\n<link rel=\"canonical\" href=\"https:\/\/www.abf.se\/ostergotland\/nyheter\/kulturnatten-2020\/\" \/>\n<meta property=\"og:locale\" content=\"sv_SE\" \/>\n<meta property=\"og:type\" content=\"article\" \/>\n<meta property=\"og:title\" content=\"Kulturnatten 2020 - \u00d6sterg\u00f6tland\" \/>\n<meta property=\"og:url\" content=\"https:\/\/www.abf.se\/ostergotland\/nyheter\/kulturnatten-2020\/\" \/>\n<meta property=\"og:site_name\" content=\"\u00d6sterg\u00f6tland\" \/>\n<meta property=\"article:modified_time\" content=\"2024-04-23T12:43:17+00:00\" \/>\n<meta property=\"og:image\" content=\"https:\/\/www.abf.se\/wp-content\/uploads\/sites\/64\/2024\/04\/Nyckeln-liggande-scaled.jpg\" \/>\n\t<meta property=\"og:image:width\" content=\"2560\" \/>\n\t<meta property=\"og:image:height\" content=\"1440\" \/>\n\t<meta property=\"og:image:type\" content=\"image\/jpeg\" \/>\n<meta name=\"twitter:card\" content=\"summary_large_image\" \/>\n<script type=\"application\/ld+json\" class=\"yoast-schema-graph\">{\"@context\":\"https:\/\/schema.org\",\"@graph\":[{\"@type\":\"WebPage\",\"@id\":\"https:\/\/www.abf.se\/ostergotland\/nyheter\/kulturnatten-2020\/\",\"url\":\"https:\/\/www.abf.se\/ostergotland\/nyheter\/kulturnatten-2020\/\",\"name\":\"Kulturnatten 2020 - \u00d6sterg\u00f6tland\",\"isPartOf\":{\"@id\":\"https:\/\/www.abf.se\/ostergotland\/#website\"},\"datePublished\":\"2020-09-09T12:42:00+00:00\",\"dateModified\":\"2024-04-23T12:43:17+00:00\",\"breadcrumb\":{\"@id\":\"https:\/\/www.abf.se\/ostergotland\/nyheter\/kulturnatten-2020\/#breadcrumb\"},\"inLanguage\":\"sv-SE\",\"potentialAction\":[{\"@type\":\"ReadAction\",\"target\":[\"https:\/\/www.abf.se\/ostergotland\/nyheter\/kulturnatten-2020\/\"]}]},{\"@type\":\"BreadcrumbList\",\"@id\":\"https:\/\/www.abf.se\/ostergotland\/nyheter\/kulturnatten-2020\/#breadcrumb\",\"itemListElement\":[{\"@type\":\"ListItem\",\"position\":1,\"name\":\"Home\",\"item\":\"https:\/\/www.abf.se\/ostergotland\/\"},{\"@type\":\"ListItem\",\"position\":2,\"name\":\"Nyheter\",\"item\":\"https:\/\/www.abf.se\/ostergotland\/nyheter\/\"},{\"@type\":\"ListItem\",\"position\":3,\"name\":\"Kulturnatten 2020\"}]},{\"@type\":\"WebSite\",\"@id\":\"https:\/\/www.abf.se\/ostergotland\/#website\",\"url\":\"https:\/\/www.abf.se\/ostergotland\/\",\"name\":\"\u00d6sterg\u00f6tland\",\"description\":\"\",\"potentialAction\":[{\"@type\":\"SearchAction\",\"target\":{\"@type\":\"EntryPoint\",\"urlTemplate\":\"https:\/\/www.abf.se\/ostergotland\/?s={search_term_string}\"},\"query-input\":{\"@type\":\"PropertyValueSpecification\",\"valueRequired\":true,\"valueName\":\"search_term_string\"}}],\"inLanguage\":\"sv-SE\"}]}<\/script>\n<!-- \/ Yoast SEO plugin. -->","yoast_head_json":{"title":"Kulturnatten 2020 - \u00d6sterg\u00f6tland","robots":{"index":"index","follow":"follow","max-snippet":"max-snippet:-1","max-image-preview":"max-image-preview:large","max-video-preview":"max-video-preview:-1"},"canonical":"https:\/\/www.abf.se\/ostergotland\/nyheter\/kulturnatten-2020\/","og_locale":"sv_SE","og_type":"article","og_title":"Kulturnatten 2020 - \u00d6sterg\u00f6tland","og_url":"https:\/\/www.abf.se\/ostergotland\/nyheter\/kulturnatten-2020\/","og_site_name":"\u00d6sterg\u00f6tland","article_modified_time":"2024-04-23T12:43:17+00:00","og_image":[{"width":2560,"height":1440,"url":"https:\/\/www.abf.se\/wp-content\/uploads\/sites\/64\/2024\/04\/Nyckeln-liggande-scaled.jpg","type":"image\/jpeg"}],"twitter_card":"summary_large_image","schema":{"@context":"https:\/\/schema.org","@graph":[{"@type":"WebPage","@id":"https:\/\/www.abf.se\/ostergotland\/nyheter\/kulturnatten-2020\/","url":"https:\/\/www.abf.se\/ostergotland\/nyheter\/kulturnatten-2020\/","name":"Kulturnatten 2020 - \u00d6sterg\u00f6tland","isPartOf":{"@id":"https:\/\/www.abf.se\/ostergotland\/#website"},"datePublished":"2020-09-09T12:42:00+00:00","dateModified":"2024-04-23T12:43:17+00:00","breadcrumb":{"@id":"https:\/\/www.abf.se\/ostergotland\/nyheter\/kulturnatten-2020\/#breadcrumb"},"inLanguage":"sv-SE","potentialAction":[{"@type":"ReadAction","target":["https:\/\/www.abf.se\/ostergotland\/nyheter\/kulturnatten-2020\/"]}]},{"@type":"BreadcrumbList","@id":"https:\/\/www.abf.se\/ostergotland\/nyheter\/kulturnatten-2020\/#breadcrumb","itemListElement":[{"@type":"ListItem","position":1,"name":"Home","item":"https:\/\/www.abf.se\/ostergotland\/"},{"@type":"ListItem","position":2,"name":"Nyheter","item":"https:\/\/www.abf.se\/ostergotland\/nyheter\/"},{"@type":"ListItem","position":3,"name":"Kulturnatten 2020"}]},{"@type":"WebSite","@id":"https:\/\/www.abf.se\/ostergotland\/#website","url":"https:\/\/www.abf.se\/ostergotland\/","name":"\u00d6sterg\u00f6tland","description":"","potentialAction":[{"@type":"SearchAction","target":{"@type":"EntryPoint","urlTemplate":"https:\/\/www.abf.se\/ostergotland\/?s={search_term_string}"},"query-input":{"@type":"PropertyValueSpecification","valueRequired":true,"valueName":"search_term_string"}}],"inLanguage":"sv-SE"}]}},"_links":{"self":[{"href":"https:\/\/www.abf.se\/ostergotland\/wp-json\/wp\/v2\/news-article\/856","targetHints":{"allow":["GET"]}}],"collection":[{"href":"https:\/\/www.abf.se\/ostergotland\/wp-json\/wp\/v2\/news-article"}],"about":[{"href":"https:\/\/www.abf.se\/ostergotland\/wp-json\/wp\/v2\/types\/news-article"}],"wp:attachment":[{"href":"https:\/\/www.abf.se\/ostergotland\/wp-json\/wp\/v2\/media?parent=856"}],"wp:term":[{"taxonomy":"category","embeddable":true,"href":"https:\/\/www.abf.se\/ostergotland\/wp-json\/wp\/v2\/categories?post=856"}],"curies":[{"name":"wp","href":"https:\/\/api.w.org\/{rel}","templated":true}]}}