{"id":862,"date":"2021-04-16T14:47:00","date_gmt":"2021-04-16T12:47:00","guid":{"rendered":"https:\/\/www.abf.se\/ostergotland\/?post_type=news-article&#038;p=862"},"modified":"2024-04-23T14:49:59","modified_gmt":"2024-04-23T12:49:59","slug":"karbeet-fick-hjalp-pa-portalen","status":"publish","type":"news-article","link":"https:\/\/www.abf.se\/ostergotland\/nyheter\/karbeet-fick-hjalp-pa-portalen\/","title":{"rendered":"Karbeet fick hj\u00e4lp p\u00e5 Portalen"},"content":{"rendered":"<div\n    class=\"acf-article-text-block article-container my-12\"\n    data-block=\"article-text-block\"\n>\n    <div class=\"wysiwyg\">\n        <p>Karbeet kom till Sverige f\u00f6r knappt fem \u00e5r sedan. Tillsammans med sin lillasyster flydde han fr\u00e5n kriget i Syrien, medan deras f\u00f6r\u00e4ldrar stannade kvar.<br \/>\n\u2013 Det kostar mycket pengar att fly s\u00e5 vi hade inte r\u00e5d att \u00e5ka allihop, s\u00e4ger han.<\/p>\n<p>F\u00f6rsta \u00e5ret i Sverige v\u00e4ntade han p\u00e5 uppeh\u00e5llstillst\u00e5nd och under tiden fick han varken jobba eller g\u00e5 i skolan. Att sitta och bara v\u00e4nta \u00e4r inte Karbeets grej, s\u00e5 i st\u00e4llet gick han olika kurser i svenska p\u00e5 Portalen och ABF, d\u00e4r han l\u00e4rde sig grunderna i spr\u00e5ket.<br \/>\n\u2013 De som jobbar h\u00e4r p\u00e5 Portalen \u00e4r j\u00e4ttehj\u00e4lpsamma. P\u00e5 ABF ocks\u00e5, s\u00e4ger han.<\/p>\n<p>N\u00e4r han f\u00e5tt sitt uppeh\u00e5llstillst\u00e5nd gick han \u00e4ven p\u00e5 Komvux i n\u00e5gra m\u00e5nader.<br \/>\n\u2013 Man m\u00e4rker skillnad p\u00e5 dem som l\u00e4rt sig svenska p\u00e5 Komvux j\u00e4mf\u00f6rt med p\u00e5 Portalen\/ABF. P\u00e5 Komvux ligger allt fokus p\u00e5 grammatiken men p\u00e5 ABF och Portalen v\u00e4xlar man grammatik med mingel och andra aktiviteter och det g\u00f6r att man l\u00e4r sig snabbare, s\u00e4ger han.<br \/>\nVia Portalen fick han jobb som fastighetssk\u00f6tare p\u00e5 Vildmarkshotellet under en s\u00e4song. Det blev stor skillnad p\u00e5 spr\u00e5ket n\u00e4r han fick prata svenska hela dagarna.<\/p>\n<p>Karbeet \u00e4r civilingenj\u00f6r och i Syrien jobbade han som arbetsledare. I Sverige har han verifierat sin utbildning genom en kortare praktik, d\u00e4r han fick visa vad han kan.<br \/>\nD\u00e4refter fick han jobb p\u00e5 ett konsultbolag d\u00e4r han blev kvar i tre \u00e5r.<br \/>\n\u2013 I juni blev jag uppsagd. Det hade blivit arbetsbrist p\u00e5 grund av corona.<\/p>\n<p>N\u00e4r han fick tid \u00f6ver b\u00f6rjade han l\u00e4sa svenska som andraspr\u00e5k och engelska p\u00e5 Komvux. Samtidigt engagerade han sig \u00e5terigen hos Portalen.<br \/>\n\u2013 Jag ville l\u00e4ra mig Revit (ett 3D-modellprogram) men jag har ingen dator hemma s\u00e5 jag fick l\u00e5na en av ABF.<br \/>\nSedan t\u00e4nkte han \u201dvarf\u00f6r l\u00e4r vi inte andra det h\u00e4r programmet?\u201d och i samarbete med en bekant som \u00e4r arkitekt och Mikael Nielsen b\u00f6rjade han planera f\u00f6r att h\u00e5lla en s\u00e5dan kurs p\u00e5 Portalen.<br \/>\n\u2013 Det finns m\u00e5nga nyanl\u00e4nda ingenj\u00f6rer h\u00e4r och de har inte f\u00e5tt en chans att jobba p\u00e5 grund av corona. Det kanske kan hj\u00e4lpa dem om de kan f\u00e5 ett till program p\u00e5 sitt cv, s\u00e4ger Karbeet.<br \/>\nHan \u00f6nskar egentligen att han fick l\u00e4ra ut Tekla i st\u00e4llet. Det \u00e4r ett program som han \u00e4r van att arbeta i, men det \u00e4r alldeles f\u00f6r dyrt med licenser f\u00f6r att det ska g\u00e5 att genomf\u00f6ra.<\/p>\n<p>Intresset f\u00f6r Revit blev stort och de valde ut nio deltagare. Kursen skulle ha startat i december, men i och med de nya restriktionerna fick det skjutas upp.<\/p>\n<p>Under december b\u00f6rjade Karbeet jobba p\u00e5 en fabrik.<br \/>\n\u2013 Det \u00e4r bra arbetsmilj\u00f6 d\u00e4r och jag har f\u00e5tt nya kompisar, men jag hoppas p\u00e5 att kunna jobba som civilingenj\u00f6r snart igen.<\/p>\n<p><b>Nina Broman<\/b><\/p>\n\n    <\/div>\n<\/div>\n","protected":false},"featured_media":0,"parent":0,"menu_order":0,"template":"","categories":[],"class_list":["post-862","news-article","type-news-article","status-publish","hentry"],"acf":[],"yoast_head":"<!-- This site is optimized with the Yoast SEO plugin v27.0 - https:\/\/yoast.com\/product\/yoast-seo-wordpress\/ -->\n<title>Karbeet fick hj\u00e4lp p\u00e5 Portalen - \u00d6sterg\u00f6tland<\/title>\n<meta name=\"robots\" content=\"index, follow, max-snippet:-1, max-image-preview:large, max-video-preview:-1\" \/>\n<link rel=\"canonical\" href=\"https:\/\/www.abf.se\/ostergotland\/nyheter\/karbeet-fick-hjalp-pa-portalen\/\" \/>\n<meta property=\"og:locale\" content=\"sv_SE\" \/>\n<meta property=\"og:type\" content=\"article\" \/>\n<meta property=\"og:title\" content=\"Karbeet fick hj\u00e4lp p\u00e5 Portalen - \u00d6sterg\u00f6tland\" \/>\n<meta property=\"og:url\" content=\"https:\/\/www.abf.se\/ostergotland\/nyheter\/karbeet-fick-hjalp-pa-portalen\/\" \/>\n<meta property=\"og:site_name\" content=\"\u00d6sterg\u00f6tland\" \/>\n<meta property=\"article:modified_time\" content=\"2024-04-23T12:49:59+00:00\" \/>\n<meta property=\"og:image\" content=\"https:\/\/www.abf.se\/wp-content\/uploads\/sites\/64\/2024\/04\/Nyckeln-liggande-scaled.jpg\" \/>\n\t<meta property=\"og:image:width\" content=\"2560\" \/>\n\t<meta property=\"og:image:height\" content=\"1440\" \/>\n\t<meta property=\"og:image:type\" content=\"image\/jpeg\" \/>\n<meta name=\"twitter:card\" content=\"summary_large_image\" \/>\n<script type=\"application\/ld+json\" class=\"yoast-schema-graph\">{\"@context\":\"https:\/\/schema.org\",\"@graph\":[{\"@type\":\"WebPage\",\"@id\":\"https:\/\/www.abf.se\/ostergotland\/nyheter\/karbeet-fick-hjalp-pa-portalen\/\",\"url\":\"https:\/\/www.abf.se\/ostergotland\/nyheter\/karbeet-fick-hjalp-pa-portalen\/\",\"name\":\"Karbeet fick hj\u00e4lp p\u00e5 Portalen - \u00d6sterg\u00f6tland\",\"isPartOf\":{\"@id\":\"https:\/\/www.abf.se\/ostergotland\/#website\"},\"datePublished\":\"2021-04-16T12:47:00+00:00\",\"dateModified\":\"2024-04-23T12:49:59+00:00\",\"breadcrumb\":{\"@id\":\"https:\/\/www.abf.se\/ostergotland\/nyheter\/karbeet-fick-hjalp-pa-portalen\/#breadcrumb\"},\"inLanguage\":\"sv-SE\",\"potentialAction\":[{\"@type\":\"ReadAction\",\"target\":[\"https:\/\/www.abf.se\/ostergotland\/nyheter\/karbeet-fick-hjalp-pa-portalen\/\"]}]},{\"@type\":\"BreadcrumbList\",\"@id\":\"https:\/\/www.abf.se\/ostergotland\/nyheter\/karbeet-fick-hjalp-pa-portalen\/#breadcrumb\",\"itemListElement\":[{\"@type\":\"ListItem\",\"position\":1,\"name\":\"Home\",\"item\":\"https:\/\/www.abf.se\/ostergotland\/\"},{\"@type\":\"ListItem\",\"position\":2,\"name\":\"Nyheter\",\"item\":\"https:\/\/www.abf.se\/ostergotland\/nyheter\/\"},{\"@type\":\"ListItem\",\"position\":3,\"name\":\"Karbeet fick hj\u00e4lp p\u00e5 Portalen\"}]},{\"@type\":\"WebSite\",\"@id\":\"https:\/\/www.abf.se\/ostergotland\/#website\",\"url\":\"https:\/\/www.abf.se\/ostergotland\/\",\"name\":\"\u00d6sterg\u00f6tland\",\"description\":\"\",\"potentialAction\":[{\"@type\":\"SearchAction\",\"target\":{\"@type\":\"EntryPoint\",\"urlTemplate\":\"https:\/\/www.abf.se\/ostergotland\/?s={search_term_string}\"},\"query-input\":{\"@type\":\"PropertyValueSpecification\",\"valueRequired\":true,\"valueName\":\"search_term_string\"}}],\"inLanguage\":\"sv-SE\"}]}<\/script>\n<!-- \/ Yoast SEO plugin. -->","yoast_head_json":{"title":"Karbeet fick hj\u00e4lp p\u00e5 Portalen - \u00d6sterg\u00f6tland","robots":{"index":"index","follow":"follow","max-snippet":"max-snippet:-1","max-image-preview":"max-image-preview:large","max-video-preview":"max-video-preview:-1"},"canonical":"https:\/\/www.abf.se\/ostergotland\/nyheter\/karbeet-fick-hjalp-pa-portalen\/","og_locale":"sv_SE","og_type":"article","og_title":"Karbeet fick hj\u00e4lp p\u00e5 Portalen - \u00d6sterg\u00f6tland","og_url":"https:\/\/www.abf.se\/ostergotland\/nyheter\/karbeet-fick-hjalp-pa-portalen\/","og_site_name":"\u00d6sterg\u00f6tland","article_modified_time":"2024-04-23T12:49:59+00:00","og_image":[{"width":2560,"height":1440,"url":"https:\/\/www.abf.se\/wp-content\/uploads\/sites\/64\/2024\/04\/Nyckeln-liggande-scaled.jpg","type":"image\/jpeg"}],"twitter_card":"summary_large_image","schema":{"@context":"https:\/\/schema.org","@graph":[{"@type":"WebPage","@id":"https:\/\/www.abf.se\/ostergotland\/nyheter\/karbeet-fick-hjalp-pa-portalen\/","url":"https:\/\/www.abf.se\/ostergotland\/nyheter\/karbeet-fick-hjalp-pa-portalen\/","name":"Karbeet fick hj\u00e4lp p\u00e5 Portalen - \u00d6sterg\u00f6tland","isPartOf":{"@id":"https:\/\/www.abf.se\/ostergotland\/#website"},"datePublished":"2021-04-16T12:47:00+00:00","dateModified":"2024-04-23T12:49:59+00:00","breadcrumb":{"@id":"https:\/\/www.abf.se\/ostergotland\/nyheter\/karbeet-fick-hjalp-pa-portalen\/#breadcrumb"},"inLanguage":"sv-SE","potentialAction":[{"@type":"ReadAction","target":["https:\/\/www.abf.se\/ostergotland\/nyheter\/karbeet-fick-hjalp-pa-portalen\/"]}]},{"@type":"BreadcrumbList","@id":"https:\/\/www.abf.se\/ostergotland\/nyheter\/karbeet-fick-hjalp-pa-portalen\/#breadcrumb","itemListElement":[{"@type":"ListItem","position":1,"name":"Home","item":"https:\/\/www.abf.se\/ostergotland\/"},{"@type":"ListItem","position":2,"name":"Nyheter","item":"https:\/\/www.abf.se\/ostergotland\/nyheter\/"},{"@type":"ListItem","position":3,"name":"Karbeet fick hj\u00e4lp p\u00e5 Portalen"}]},{"@type":"WebSite","@id":"https:\/\/www.abf.se\/ostergotland\/#website","url":"https:\/\/www.abf.se\/ostergotland\/","name":"\u00d6sterg\u00f6tland","description":"","potentialAction":[{"@type":"SearchAction","target":{"@type":"EntryPoint","urlTemplate":"https:\/\/www.abf.se\/ostergotland\/?s={search_term_string}"},"query-input":{"@type":"PropertyValueSpecification","valueRequired":true,"valueName":"search_term_string"}}],"inLanguage":"sv-SE"}]}},"_links":{"self":[{"href":"https:\/\/www.abf.se\/ostergotland\/wp-json\/wp\/v2\/news-article\/862","targetHints":{"allow":["GET"]}}],"collection":[{"href":"https:\/\/www.abf.se\/ostergotland\/wp-json\/wp\/v2\/news-article"}],"about":[{"href":"https:\/\/www.abf.se\/ostergotland\/wp-json\/wp\/v2\/types\/news-article"}],"wp:attachment":[{"href":"https:\/\/www.abf.se\/ostergotland\/wp-json\/wp\/v2\/media?parent=862"}],"wp:term":[{"taxonomy":"category","embeddable":true,"href":"https:\/\/www.abf.se\/ostergotland\/wp-json\/wp\/v2\/categories?post=862"}],"curies":[{"name":"wp","href":"https:\/\/api.w.org\/{rel}","templated":true}]}}