{"id":868,"date":"2021-06-23T14:57:00","date_gmt":"2021-06-23T12:57:00","guid":{"rendered":"https:\/\/www.abf.se\/ostergotland\/?post_type=news-article&#038;p=868"},"modified":"2024-04-23T14:59:49","modified_gmt":"2024-04-23T12:59:49","slug":"marie-far-arets-kulturstipendium","status":"publish","type":"news-article","link":"https:\/\/www.abf.se\/ostergotland\/nyheter\/marie-far-arets-kulturstipendium\/","title":{"rendered":"Marie f\u00e5r \u00e5rets kulturstipendium"},"content":{"rendered":"<div\n    class=\"acf-article-text-block article-container my-12\"\n    data-block=\"article-text-block\"\n>\n    <div class=\"wysiwyg\">\n        <p>\u2013 Jag \u00e4r otroligt glad och \u00f6verraskad. Jag uppskattar v\u00e5rt samarbete och k\u00e4nner stort f\u00f6rtroende f\u00f6r ABF. Tillsammans har vi gjort skillnad f\u00f6r m\u00e5nga pension\u00e4rer i \u00d6sterg\u00f6tland, s\u00e4ger hon.<\/p>\n<p>I sin roll som ombudsman f\u00f6r PRO \u00d6sterg\u00f6tland har Marie Reifelton valt att satsa p\u00e5 gemenskapen. Intressefr\u00e5gorna l\u00e4mnar hon till de f\u00f6rtroendevalda. S\u00e5 n\u00e4r pandemin br\u00f6t ut p\u00e5 allvar i mars 2020 var PRO snabba med att starta telefonkedjor. De ringde runt till sina medlemmar f\u00f6r att uppmana dem att lyssna p\u00e5 Folkh\u00e4lsomyndigheten och f\u00f6r att h\u00f6ra hur de m\u00e5dde.<br \/>\n\u2013 M\u00e5nga var v\u00e4ldigt r\u00e4dda f\u00f6r ensamheten, s\u00e4ger Marie.<\/p>\n<p>Hon gick \u00e4ven ut i media och uppmanade folk att arrangera g\u00e5rdsfika i sina hyreshus, att knacka p\u00e5 hos grannar de misst\u00e4nkte var ensamma och att s\u00e4ga hej till \u00e4ldre m\u00e4nniskor de m\u00f6tte p\u00e5 gatan. Hon bad ocks\u00e5 de yngre att f\u00f6rs\u00f6ka l\u00e4ra sina anh\u00f6riga att anv\u00e4nda sociala medier.<\/p>\n<p>Till sommaren ordnade PRO, i samarbete med ABF, SKPF och Funktionsr\u00e4tt \u00d6sterg\u00f6tland, ett coronaanpassat pension\u00e4rskollo p\u00e5 kursg\u00e5rden Missmyra utanf\u00f6r \u00c5tvidaberg. Intresset var stort och antalet deltagare blev mer \u00e4n dubbelt s\u00e5 stort som \u00e5ret innan.<\/p>\n<p>Marie handlade och planerade och tillsammans med en kompis lagade hon ocks\u00e5 all mat \u2013 som f\u00f6rst\u00e5s serverades utomhus. Deltagarna fick inte sitta fler \u00e4n tv\u00e5 vid varje bord, och f\u00f6r att de skulle l\u00e4ra k\u00e4nna s\u00e5 m\u00e5nga som m\u00f6jligt fick ingen \u00e4ta med samma person tv\u00e5 g\u00e5nger.<\/p>\n<p>Mellan m\u00e5ltiderna var det fullt upp med utomhusaktiviteter som sittgympa, stavg\u00e5ng, f\u00f6rel\u00e4sningar och f\u00f6rfattarbes\u00f6k. Mikael Leonardsson fr\u00e5n ABF l\u00e4rde deltagarna anv\u00e4nda n\u00f6dv\u00e4ndiga mobilappar som \u00d6stg\u00f6tatrafiken, 1177, Region \u00d6sterg\u00f6tlands digitala v\u00e5rdcentral och 112. Samme Leonardsson kom ocks\u00e5 dit och spelade vid tv\u00e5 tillf\u00e4llen under de sex dagar kollot p\u00e5gick.<br \/>\n\u2013 S\u00e5 ABF gjorde en j\u00e4tteinsats, s\u00e4ger Marie.<\/p>\n<p>M\u00e5nga av deltagarna fick nya kompisar och hela g\u00e4nget h\u00e5ller kontakten genom en sms-grupp. Marie har aktivt f\u00f6rs\u00f6kt hitta s\u00e4tt att underh\u00e5lla pension\u00e4rer och samtidigt st\u00f6tta det lokala kulturlivet.<br \/>\n\u2013 Jag brinner f\u00f6r att kulturen ska f\u00e5 finnas kvar. Den betyder s\u00e5 mycket, s\u00e4rskilt i sv\u00e5ra tider.<\/p>\n<p>Till p\u00e5sk s\u00e4nde PRO och ABF en digital konsert med Daniel Yngve fr\u00e5n Fantastic Four. Under sommaren ordnade Marie \u2013 tillsammans med ABF och SKPF \u2013 en miniturn\u00e9 med artisten Lotta K\u00e4llstr\u00f6m, som fick \u00e5ka runt och sjunga p\u00e5 sex mindre orter i l\u00e4net. PRO, SPF Seniorerna och SKPF gick ihop och uppmanade sina representanter p\u00e5 respektive ort att samarbeta kring konserterna \u2013 f\u00f6r pension\u00e4rernas skull.<br \/>\n\u2013 Vi sa \u201dskit i var dom \u00e4r medlemmar, bara k\u00f6r\u201d. Och dom bara k\u00f6rde. Alla var svinduktiga, inget tjafs. Det betydde s\u00e5 himla mycket f\u00f6r s\u00e5 m\u00e5nga.<\/p>\n<p>Marie har ett imponerande kontaktn\u00e4t. Det anv\u00e4nde hon f\u00f6r att f\u00e5 k\u00e4ndisar som Lasse \u00c5berg och Ola Salo att spela in videoh\u00e4lsningar till PRO:s medlemmar, och tacka dem f\u00f6r att de h\u00e5llit sig hemma och p\u00e5 det s\u00e4ttet underl\u00e4ttat f\u00f6r v\u00e5rden. Hon fick ihop 28 h\u00e4lsningar och la ut en varje vardag p\u00e5 Facebook.<br \/>\n\u2013 Det var v\u00e4ldigt uppskattat och folk var nyfikna p\u00e5 vilken k\u00e4ndis det skulle vara n\u00e4sta g\u00e5ng.<\/p>\n<p>I motiveringen till varf\u00f6r Marie Reifelton f\u00e5r ABF:s kulturpris st\u00e5r det bland annat att hon \u00e4r ett f\u00f6red\u00f6me med stor handlingskraft \u2013 engagerad, nyt\u00e4nkande och envis.<\/p>\n<p><strong>Nina Broman<\/strong><\/p>\n\n    <\/div>\n<\/div>\n","protected":false},"featured_media":0,"parent":0,"menu_order":0,"template":"","categories":[],"class_list":["post-868","news-article","type-news-article","status-publish","hentry"],"acf":[],"yoast_head":"<!-- This site is optimized with the Yoast SEO plugin v27.0 - https:\/\/yoast.com\/product\/yoast-seo-wordpress\/ -->\n<title>Marie f\u00e5r \u00e5rets kulturstipendium - \u00d6sterg\u00f6tland<\/title>\n<meta name=\"robots\" content=\"index, follow, max-snippet:-1, max-image-preview:large, max-video-preview:-1\" \/>\n<link rel=\"canonical\" href=\"https:\/\/www.abf.se\/ostergotland\/nyheter\/marie-far-arets-kulturstipendium\/\" \/>\n<meta property=\"og:locale\" content=\"sv_SE\" \/>\n<meta property=\"og:type\" content=\"article\" \/>\n<meta property=\"og:title\" content=\"Marie f\u00e5r \u00e5rets kulturstipendium - \u00d6sterg\u00f6tland\" \/>\n<meta property=\"og:url\" content=\"https:\/\/www.abf.se\/ostergotland\/nyheter\/marie-far-arets-kulturstipendium\/\" \/>\n<meta property=\"og:site_name\" content=\"\u00d6sterg\u00f6tland\" \/>\n<meta property=\"article:modified_time\" content=\"2024-04-23T12:59:49+00:00\" \/>\n<meta property=\"og:image\" content=\"https:\/\/www.abf.se\/wp-content\/uploads\/sites\/64\/2024\/04\/Nyckeln-liggande-scaled.jpg\" \/>\n\t<meta property=\"og:image:width\" content=\"2560\" \/>\n\t<meta property=\"og:image:height\" content=\"1440\" \/>\n\t<meta property=\"og:image:type\" content=\"image\/jpeg\" \/>\n<meta name=\"twitter:card\" content=\"summary_large_image\" \/>\n<script type=\"application\/ld+json\" class=\"yoast-schema-graph\">{\"@context\":\"https:\/\/schema.org\",\"@graph\":[{\"@type\":\"WebPage\",\"@id\":\"https:\/\/www.abf.se\/ostergotland\/nyheter\/marie-far-arets-kulturstipendium\/\",\"url\":\"https:\/\/www.abf.se\/ostergotland\/nyheter\/marie-far-arets-kulturstipendium\/\",\"name\":\"Marie f\u00e5r \u00e5rets kulturstipendium - \u00d6sterg\u00f6tland\",\"isPartOf\":{\"@id\":\"https:\/\/www.abf.se\/ostergotland\/#website\"},\"datePublished\":\"2021-06-23T12:57:00+00:00\",\"dateModified\":\"2024-04-23T12:59:49+00:00\",\"breadcrumb\":{\"@id\":\"https:\/\/www.abf.se\/ostergotland\/nyheter\/marie-far-arets-kulturstipendium\/#breadcrumb\"},\"inLanguage\":\"sv-SE\",\"potentialAction\":[{\"@type\":\"ReadAction\",\"target\":[\"https:\/\/www.abf.se\/ostergotland\/nyheter\/marie-far-arets-kulturstipendium\/\"]}]},{\"@type\":\"BreadcrumbList\",\"@id\":\"https:\/\/www.abf.se\/ostergotland\/nyheter\/marie-far-arets-kulturstipendium\/#breadcrumb\",\"itemListElement\":[{\"@type\":\"ListItem\",\"position\":1,\"name\":\"Home\",\"item\":\"https:\/\/www.abf.se\/ostergotland\/\"},{\"@type\":\"ListItem\",\"position\":2,\"name\":\"Nyheter\",\"item\":\"https:\/\/www.abf.se\/ostergotland\/nyheter\/\"},{\"@type\":\"ListItem\",\"position\":3,\"name\":\"Marie f\u00e5r \u00e5rets kulturstipendium\"}]},{\"@type\":\"WebSite\",\"@id\":\"https:\/\/www.abf.se\/ostergotland\/#website\",\"url\":\"https:\/\/www.abf.se\/ostergotland\/\",\"name\":\"\u00d6sterg\u00f6tland\",\"description\":\"\",\"potentialAction\":[{\"@type\":\"SearchAction\",\"target\":{\"@type\":\"EntryPoint\",\"urlTemplate\":\"https:\/\/www.abf.se\/ostergotland\/?s={search_term_string}\"},\"query-input\":{\"@type\":\"PropertyValueSpecification\",\"valueRequired\":true,\"valueName\":\"search_term_string\"}}],\"inLanguage\":\"sv-SE\"}]}<\/script>\n<!-- \/ Yoast SEO plugin. -->","yoast_head_json":{"title":"Marie f\u00e5r \u00e5rets kulturstipendium - \u00d6sterg\u00f6tland","robots":{"index":"index","follow":"follow","max-snippet":"max-snippet:-1","max-image-preview":"max-image-preview:large","max-video-preview":"max-video-preview:-1"},"canonical":"https:\/\/www.abf.se\/ostergotland\/nyheter\/marie-far-arets-kulturstipendium\/","og_locale":"sv_SE","og_type":"article","og_title":"Marie f\u00e5r \u00e5rets kulturstipendium - \u00d6sterg\u00f6tland","og_url":"https:\/\/www.abf.se\/ostergotland\/nyheter\/marie-far-arets-kulturstipendium\/","og_site_name":"\u00d6sterg\u00f6tland","article_modified_time":"2024-04-23T12:59:49+00:00","og_image":[{"width":2560,"height":1440,"url":"https:\/\/www.abf.se\/wp-content\/uploads\/sites\/64\/2024\/04\/Nyckeln-liggande-scaled.jpg","type":"image\/jpeg"}],"twitter_card":"summary_large_image","schema":{"@context":"https:\/\/schema.org","@graph":[{"@type":"WebPage","@id":"https:\/\/www.abf.se\/ostergotland\/nyheter\/marie-far-arets-kulturstipendium\/","url":"https:\/\/www.abf.se\/ostergotland\/nyheter\/marie-far-arets-kulturstipendium\/","name":"Marie f\u00e5r \u00e5rets kulturstipendium - \u00d6sterg\u00f6tland","isPartOf":{"@id":"https:\/\/www.abf.se\/ostergotland\/#website"},"datePublished":"2021-06-23T12:57:00+00:00","dateModified":"2024-04-23T12:59:49+00:00","breadcrumb":{"@id":"https:\/\/www.abf.se\/ostergotland\/nyheter\/marie-far-arets-kulturstipendium\/#breadcrumb"},"inLanguage":"sv-SE","potentialAction":[{"@type":"ReadAction","target":["https:\/\/www.abf.se\/ostergotland\/nyheter\/marie-far-arets-kulturstipendium\/"]}]},{"@type":"BreadcrumbList","@id":"https:\/\/www.abf.se\/ostergotland\/nyheter\/marie-far-arets-kulturstipendium\/#breadcrumb","itemListElement":[{"@type":"ListItem","position":1,"name":"Home","item":"https:\/\/www.abf.se\/ostergotland\/"},{"@type":"ListItem","position":2,"name":"Nyheter","item":"https:\/\/www.abf.se\/ostergotland\/nyheter\/"},{"@type":"ListItem","position":3,"name":"Marie f\u00e5r \u00e5rets kulturstipendium"}]},{"@type":"WebSite","@id":"https:\/\/www.abf.se\/ostergotland\/#website","url":"https:\/\/www.abf.se\/ostergotland\/","name":"\u00d6sterg\u00f6tland","description":"","potentialAction":[{"@type":"SearchAction","target":{"@type":"EntryPoint","urlTemplate":"https:\/\/www.abf.se\/ostergotland\/?s={search_term_string}"},"query-input":{"@type":"PropertyValueSpecification","valueRequired":true,"valueName":"search_term_string"}}],"inLanguage":"sv-SE"}]}},"_links":{"self":[{"href":"https:\/\/www.abf.se\/ostergotland\/wp-json\/wp\/v2\/news-article\/868","targetHints":{"allow":["GET"]}}],"collection":[{"href":"https:\/\/www.abf.se\/ostergotland\/wp-json\/wp\/v2\/news-article"}],"about":[{"href":"https:\/\/www.abf.se\/ostergotland\/wp-json\/wp\/v2\/types\/news-article"}],"wp:attachment":[{"href":"https:\/\/www.abf.se\/ostergotland\/wp-json\/wp\/v2\/media?parent=868"}],"wp:term":[{"taxonomy":"category","embeddable":true,"href":"https:\/\/www.abf.se\/ostergotland\/wp-json\/wp\/v2\/categories?post=868"}],"curies":[{"name":"wp","href":"https:\/\/api.w.org\/{rel}","templated":true}]}}