{"id":871,"date":"2021-08-26T15:03:00","date_gmt":"2021-08-26T13:03:00","guid":{"rendered":"https:\/\/www.abf.se\/ostergotland\/?post_type=news-article&#038;p=871"},"modified":"2024-04-23T15:05:07","modified_gmt":"2024-04-23T13:05:07","slug":"hogt-lagt-och-allt-daremellan","status":"publish","type":"news-article","link":"https:\/\/www.abf.se\/ostergotland\/nyheter\/hogt-lagt-och-allt-daremellan\/","title":{"rendered":"H\u00f6gt, l\u00e5gt och allt d\u00e4remellan"},"content":{"rendered":"<div\n    class=\"acf-article-text-block article-container my-12\"\n    data-block=\"article-text-block\"\n>\n    <div class=\"wysiwyg\">\n        <p>Mia Karlsv\u00e4rd har arbetat som fotograf i \u00f6ver 30 \u00e5r. 2018 slutade hon p\u00e5 Corren d\u00e4r hon varit anst\u00e4lld sedan slutet av 1980-talet och numera driver hon eget f\u00f6retag som f\u00f6rel\u00e4sare, fotograf och skribent.<\/p>\n<p>Nyligen gav hon, tillsammans med illustrat\u00f6ren Bettina Johansson, ut boken \u201dFokus fotograferar\u201d, som i f\u00f6rsta hand riktar sig till barn och ungdomar. Den handlar mycket om fotoetik, vilket \u00e4r ett \u00e4mne Mia verkligen brinner f\u00f6r.<br \/>\n\u2013 Vi lever i ett \u00f6ppet samh\u00e4lle och om vi ska kunna forts\u00e4tta g\u00f6ra det \u00e4r det viktigt att vi behandlar varandra med respekt s\u00e4ger hon.<\/p>\n<p>Etik (f\u00f6renklat, vad som g\u00e4ller vid fotografering p\u00e5 offentlig plats) \u00e4r en viktig del i heldagskursen hon kommer att h\u00e5lla p\u00e5 ABF i Link\u00f6ping den 10 oktober. Teori inomhus kommer att varvas med fotografering i stadsmilj\u00f6.<br \/>\n\u2013 Det blir h\u00f6gt, l\u00e5gt och allt d\u00e4remellan. S\u00e5 det \u00e4r ingen som kommer att hinna somna i skolb\u00e4nken, f\u00f6rs\u00e4krar Mia.<\/p>\n<p>Hon kommer \u00e4ven att prata mycket om komposition och ljus \u2013 de kanske viktigaste faktorerna n\u00e4r man fotograferar. Man m\u00e5ste inte \u00e4ga en systemkamera f\u00f6r att delta i kursen, det duger bra med mobilen.<br \/>\n\u2013 Tekniken \u00e4r bara ett redskap, det \u00e4r personen bakom som \u00e4r grejen.<\/p>\n<p>Mia hoppas p\u00e5 fina h\u00f6stf\u00e4rger och att l\u00f6ven sitter kvar. Det op\u00e5litliga h\u00f6stv\u00e4dret \u00e4r hon inte orolig f\u00f6r.<br \/>\n\u2013 Om det regnar kan man f\u00e5 fantastiska bilder just tack vare det. Finns det n\u00e5got vackrare \u00e4n regndroppar p\u00e5 ett h\u00f6stl\u00f6v?<\/p>\n<p><b>Nina Broman<\/b><\/p>\n<p><a href=\"~\/link\/017f00aedc9a4fcbb03956910483ad4e.aspx\">Fota i staden- Teori och praktik med exkursioner &#8211; ABF<\/a><\/p>\n\n    <\/div>\n<\/div>\n","protected":false},"featured_media":0,"parent":0,"menu_order":0,"template":"","categories":[],"class_list":["post-871","news-article","type-news-article","status-publish","hentry"],"acf":[],"yoast_head":"<!-- This site is optimized with the Yoast SEO plugin v27.0 - https:\/\/yoast.com\/product\/yoast-seo-wordpress\/ -->\n<title>H\u00f6gt, l\u00e5gt och allt d\u00e4remellan - \u00d6sterg\u00f6tland<\/title>\n<meta name=\"robots\" content=\"index, follow, max-snippet:-1, max-image-preview:large, max-video-preview:-1\" \/>\n<link rel=\"canonical\" href=\"https:\/\/www.abf.se\/ostergotland\/nyheter\/hogt-lagt-och-allt-daremellan\/\" \/>\n<meta property=\"og:locale\" content=\"sv_SE\" \/>\n<meta property=\"og:type\" content=\"article\" \/>\n<meta property=\"og:title\" content=\"H\u00f6gt, l\u00e5gt och allt d\u00e4remellan - \u00d6sterg\u00f6tland\" \/>\n<meta property=\"og:url\" content=\"https:\/\/www.abf.se\/ostergotland\/nyheter\/hogt-lagt-och-allt-daremellan\/\" \/>\n<meta property=\"og:site_name\" content=\"\u00d6sterg\u00f6tland\" \/>\n<meta property=\"article:modified_time\" content=\"2024-04-23T13:05:07+00:00\" \/>\n<meta property=\"og:image\" content=\"https:\/\/www.abf.se\/wp-content\/uploads\/sites\/64\/2024\/04\/Nyckeln-liggande-scaled.jpg\" \/>\n\t<meta property=\"og:image:width\" content=\"2560\" \/>\n\t<meta property=\"og:image:height\" content=\"1440\" \/>\n\t<meta property=\"og:image:type\" content=\"image\/jpeg\" \/>\n<meta name=\"twitter:card\" content=\"summary_large_image\" \/>\n<script type=\"application\/ld+json\" class=\"yoast-schema-graph\">{\"@context\":\"https:\/\/schema.org\",\"@graph\":[{\"@type\":\"WebPage\",\"@id\":\"https:\/\/www.abf.se\/ostergotland\/nyheter\/hogt-lagt-och-allt-daremellan\/\",\"url\":\"https:\/\/www.abf.se\/ostergotland\/nyheter\/hogt-lagt-och-allt-daremellan\/\",\"name\":\"H\u00f6gt, l\u00e5gt och allt d\u00e4remellan - \u00d6sterg\u00f6tland\",\"isPartOf\":{\"@id\":\"https:\/\/www.abf.se\/ostergotland\/#website\"},\"datePublished\":\"2021-08-26T13:03:00+00:00\",\"dateModified\":\"2024-04-23T13:05:07+00:00\",\"breadcrumb\":{\"@id\":\"https:\/\/www.abf.se\/ostergotland\/nyheter\/hogt-lagt-och-allt-daremellan\/#breadcrumb\"},\"inLanguage\":\"sv-SE\",\"potentialAction\":[{\"@type\":\"ReadAction\",\"target\":[\"https:\/\/www.abf.se\/ostergotland\/nyheter\/hogt-lagt-och-allt-daremellan\/\"]}]},{\"@type\":\"BreadcrumbList\",\"@id\":\"https:\/\/www.abf.se\/ostergotland\/nyheter\/hogt-lagt-och-allt-daremellan\/#breadcrumb\",\"itemListElement\":[{\"@type\":\"ListItem\",\"position\":1,\"name\":\"Home\",\"item\":\"https:\/\/www.abf.se\/ostergotland\/\"},{\"@type\":\"ListItem\",\"position\":2,\"name\":\"Nyheter\",\"item\":\"https:\/\/www.abf.se\/ostergotland\/nyheter\/\"},{\"@type\":\"ListItem\",\"position\":3,\"name\":\"H\u00f6gt, l\u00e5gt och allt d\u00e4remellan\"}]},{\"@type\":\"WebSite\",\"@id\":\"https:\/\/www.abf.se\/ostergotland\/#website\",\"url\":\"https:\/\/www.abf.se\/ostergotland\/\",\"name\":\"\u00d6sterg\u00f6tland\",\"description\":\"\",\"potentialAction\":[{\"@type\":\"SearchAction\",\"target\":{\"@type\":\"EntryPoint\",\"urlTemplate\":\"https:\/\/www.abf.se\/ostergotland\/?s={search_term_string}\"},\"query-input\":{\"@type\":\"PropertyValueSpecification\",\"valueRequired\":true,\"valueName\":\"search_term_string\"}}],\"inLanguage\":\"sv-SE\"}]}<\/script>\n<!-- \/ Yoast SEO plugin. -->","yoast_head_json":{"title":"H\u00f6gt, l\u00e5gt och allt d\u00e4remellan - \u00d6sterg\u00f6tland","robots":{"index":"index","follow":"follow","max-snippet":"max-snippet:-1","max-image-preview":"max-image-preview:large","max-video-preview":"max-video-preview:-1"},"canonical":"https:\/\/www.abf.se\/ostergotland\/nyheter\/hogt-lagt-och-allt-daremellan\/","og_locale":"sv_SE","og_type":"article","og_title":"H\u00f6gt, l\u00e5gt och allt d\u00e4remellan - \u00d6sterg\u00f6tland","og_url":"https:\/\/www.abf.se\/ostergotland\/nyheter\/hogt-lagt-och-allt-daremellan\/","og_site_name":"\u00d6sterg\u00f6tland","article_modified_time":"2024-04-23T13:05:07+00:00","og_image":[{"width":2560,"height":1440,"url":"https:\/\/www.abf.se\/wp-content\/uploads\/sites\/64\/2024\/04\/Nyckeln-liggande-scaled.jpg","type":"image\/jpeg"}],"twitter_card":"summary_large_image","schema":{"@context":"https:\/\/schema.org","@graph":[{"@type":"WebPage","@id":"https:\/\/www.abf.se\/ostergotland\/nyheter\/hogt-lagt-och-allt-daremellan\/","url":"https:\/\/www.abf.se\/ostergotland\/nyheter\/hogt-lagt-och-allt-daremellan\/","name":"H\u00f6gt, l\u00e5gt och allt d\u00e4remellan - \u00d6sterg\u00f6tland","isPartOf":{"@id":"https:\/\/www.abf.se\/ostergotland\/#website"},"datePublished":"2021-08-26T13:03:00+00:00","dateModified":"2024-04-23T13:05:07+00:00","breadcrumb":{"@id":"https:\/\/www.abf.se\/ostergotland\/nyheter\/hogt-lagt-och-allt-daremellan\/#breadcrumb"},"inLanguage":"sv-SE","potentialAction":[{"@type":"ReadAction","target":["https:\/\/www.abf.se\/ostergotland\/nyheter\/hogt-lagt-och-allt-daremellan\/"]}]},{"@type":"BreadcrumbList","@id":"https:\/\/www.abf.se\/ostergotland\/nyheter\/hogt-lagt-och-allt-daremellan\/#breadcrumb","itemListElement":[{"@type":"ListItem","position":1,"name":"Home","item":"https:\/\/www.abf.se\/ostergotland\/"},{"@type":"ListItem","position":2,"name":"Nyheter","item":"https:\/\/www.abf.se\/ostergotland\/nyheter\/"},{"@type":"ListItem","position":3,"name":"H\u00f6gt, l\u00e5gt och allt d\u00e4remellan"}]},{"@type":"WebSite","@id":"https:\/\/www.abf.se\/ostergotland\/#website","url":"https:\/\/www.abf.se\/ostergotland\/","name":"\u00d6sterg\u00f6tland","description":"","potentialAction":[{"@type":"SearchAction","target":{"@type":"EntryPoint","urlTemplate":"https:\/\/www.abf.se\/ostergotland\/?s={search_term_string}"},"query-input":{"@type":"PropertyValueSpecification","valueRequired":true,"valueName":"search_term_string"}}],"inLanguage":"sv-SE"}]}},"_links":{"self":[{"href":"https:\/\/www.abf.se\/ostergotland\/wp-json\/wp\/v2\/news-article\/871","targetHints":{"allow":["GET"]}}],"collection":[{"href":"https:\/\/www.abf.se\/ostergotland\/wp-json\/wp\/v2\/news-article"}],"about":[{"href":"https:\/\/www.abf.se\/ostergotland\/wp-json\/wp\/v2\/types\/news-article"}],"wp:attachment":[{"href":"https:\/\/www.abf.se\/ostergotland\/wp-json\/wp\/v2\/media?parent=871"}],"wp:term":[{"taxonomy":"category","embeddable":true,"href":"https:\/\/www.abf.se\/ostergotland\/wp-json\/wp\/v2\/categories?post=871"}],"curies":[{"name":"wp","href":"https:\/\/api.w.org\/{rel}","templated":true}]}}