{"id":874,"date":"2021-08-12T15:05:00","date_gmt":"2021-08-12T13:05:00","guid":{"rendered":"https:\/\/www.abf.se\/ostergotland\/?post_type=news-article&#038;p=874"},"modified":"2024-04-23T15:08:13","modified_gmt":"2024-04-23T13:08:13","slug":"att-brodera-ska-vara-skoj","status":"publish","type":"news-article","link":"https:\/\/www.abf.se\/ostergotland\/nyheter\/att-brodera-ska-vara-skoj\/","title":{"rendered":"\u201dAtt brodera ska vara skoj\u201d"},"content":{"rendered":"<div\n    class=\"acf-article-text-block article-container my-12\"\n    data-block=\"article-text-block\"\n>\n    <div class=\"wysiwyg\">\n        <p>I h\u00f6st h\u00e5ller hon i en studiecirkel i citatbroderi p\u00e5 ABF Bergslagsg\u00e5rden i Norrk\u00f6ping. Hon ser broderandet som ett internationellt spr\u00e5k med m\u00e5nga olika dialekter \u2013 stil och budskap kan variera kraftigt trots att sj\u00e4lva hantverket i grunden \u00e4r det samma.<\/p>\n<p>Ywonne arbetade tidigare som redakt\u00f6r p\u00e5 Norrk\u00f6pings Tidningar, d\u00e4r hon ocks\u00e5 h\u00e5llit kurser i kreativt skrivande. Sedan hon slutade arbeta f\u00f6r fem \u00e5r sedan har hon bland annat engagerat sig i Frivilligcentralen, d\u00e4r hon varit med och startat Sy p\u00e5 svenska \u2013 ett integrationsprojekt d\u00e4r man broderar, testar att sy p\u00e5 symaskin, pratar svenska och fikar. Hon har ocks\u00e5 hj\u00e4lpt nyanl\u00e4nda med l\u00e4xor p\u00e5 biblioteket och varit volont\u00e4r f\u00f6r filmf\u00f6reningen Flimmer.<\/p>\n<p>Vid sidan av alla uppdrag broderar hon g\u00e4rna. F\u00f6r henne \u00e4r det ett s\u00e4tt att koppla av.<br \/>\n\u2013 Man rensar hj\u00e4rnan medan h\u00e4nderna arbetar.<\/p>\n<p>D\u00e4remot \u00e4r det f\u00f6rsta g\u00e5ngen hon h\u00e5ller en studiecirkel i broderi och hur det ska g\u00f6ras har hon en klar uppfattning om.<br \/>\n\u2013 Det ska vara skoj, inte som gamla tidens sysl\u00f6jd, s\u00e4ger hon.<\/p>\n<p><strong>Nina Broman<\/strong><\/p>\n<p>H\u00e4r anm\u00e4ler du dig:\u00a0<a href=\"~\/link\/9865fe6ca4c5478bb1183d7185d8c17b.aspx\">Citatbroderi &#8211; ABF<\/a><\/p>\n\n    <\/div>\n<\/div>\n","protected":false},"featured_media":0,"parent":0,"menu_order":0,"template":"","categories":[],"class_list":["post-874","news-article","type-news-article","status-publish","hentry"],"acf":[],"yoast_head":"<!-- This site is optimized with the Yoast SEO plugin v27.0 - https:\/\/yoast.com\/product\/yoast-seo-wordpress\/ -->\n<title>\u201dAtt brodera ska vara skoj\u201d - \u00d6sterg\u00f6tland<\/title>\n<meta name=\"robots\" content=\"index, follow, max-snippet:-1, max-image-preview:large, max-video-preview:-1\" \/>\n<link rel=\"canonical\" href=\"https:\/\/www.abf.se\/ostergotland\/nyheter\/att-brodera-ska-vara-skoj\/\" \/>\n<meta property=\"og:locale\" content=\"sv_SE\" \/>\n<meta property=\"og:type\" content=\"article\" \/>\n<meta property=\"og:title\" content=\"\u201dAtt brodera ska vara skoj\u201d - \u00d6sterg\u00f6tland\" \/>\n<meta property=\"og:url\" content=\"https:\/\/www.abf.se\/ostergotland\/nyheter\/att-brodera-ska-vara-skoj\/\" \/>\n<meta property=\"og:site_name\" content=\"\u00d6sterg\u00f6tland\" \/>\n<meta property=\"article:modified_time\" content=\"2024-04-23T13:08:13+00:00\" \/>\n<meta property=\"og:image\" content=\"https:\/\/www.abf.se\/wp-content\/uploads\/sites\/64\/2024\/04\/Nyckeln-liggande-scaled.jpg\" \/>\n\t<meta property=\"og:image:width\" content=\"2560\" \/>\n\t<meta property=\"og:image:height\" content=\"1440\" \/>\n\t<meta property=\"og:image:type\" content=\"image\/jpeg\" \/>\n<meta name=\"twitter:card\" content=\"summary_large_image\" \/>\n<script type=\"application\/ld+json\" class=\"yoast-schema-graph\">{\"@context\":\"https:\/\/schema.org\",\"@graph\":[{\"@type\":\"WebPage\",\"@id\":\"https:\/\/www.abf.se\/ostergotland\/nyheter\/att-brodera-ska-vara-skoj\/\",\"url\":\"https:\/\/www.abf.se\/ostergotland\/nyheter\/att-brodera-ska-vara-skoj\/\",\"name\":\"\u201dAtt brodera ska vara skoj\u201d - \u00d6sterg\u00f6tland\",\"isPartOf\":{\"@id\":\"https:\/\/www.abf.se\/ostergotland\/#website\"},\"datePublished\":\"2021-08-12T13:05:00+00:00\",\"dateModified\":\"2024-04-23T13:08:13+00:00\",\"breadcrumb\":{\"@id\":\"https:\/\/www.abf.se\/ostergotland\/nyheter\/att-brodera-ska-vara-skoj\/#breadcrumb\"},\"inLanguage\":\"sv-SE\",\"potentialAction\":[{\"@type\":\"ReadAction\",\"target\":[\"https:\/\/www.abf.se\/ostergotland\/nyheter\/att-brodera-ska-vara-skoj\/\"]}]},{\"@type\":\"BreadcrumbList\",\"@id\":\"https:\/\/www.abf.se\/ostergotland\/nyheter\/att-brodera-ska-vara-skoj\/#breadcrumb\",\"itemListElement\":[{\"@type\":\"ListItem\",\"position\":1,\"name\":\"Home\",\"item\":\"https:\/\/www.abf.se\/ostergotland\/\"},{\"@type\":\"ListItem\",\"position\":2,\"name\":\"Nyheter\",\"item\":\"https:\/\/www.abf.se\/ostergotland\/nyheter\/\"},{\"@type\":\"ListItem\",\"position\":3,\"name\":\"\u201dAtt brodera ska vara skoj\u201d\"}]},{\"@type\":\"WebSite\",\"@id\":\"https:\/\/www.abf.se\/ostergotland\/#website\",\"url\":\"https:\/\/www.abf.se\/ostergotland\/\",\"name\":\"\u00d6sterg\u00f6tland\",\"description\":\"\",\"potentialAction\":[{\"@type\":\"SearchAction\",\"target\":{\"@type\":\"EntryPoint\",\"urlTemplate\":\"https:\/\/www.abf.se\/ostergotland\/?s={search_term_string}\"},\"query-input\":{\"@type\":\"PropertyValueSpecification\",\"valueRequired\":true,\"valueName\":\"search_term_string\"}}],\"inLanguage\":\"sv-SE\"}]}<\/script>\n<!-- \/ Yoast SEO plugin. -->","yoast_head_json":{"title":"\u201dAtt brodera ska vara skoj\u201d - \u00d6sterg\u00f6tland","robots":{"index":"index","follow":"follow","max-snippet":"max-snippet:-1","max-image-preview":"max-image-preview:large","max-video-preview":"max-video-preview:-1"},"canonical":"https:\/\/www.abf.se\/ostergotland\/nyheter\/att-brodera-ska-vara-skoj\/","og_locale":"sv_SE","og_type":"article","og_title":"\u201dAtt brodera ska vara skoj\u201d - \u00d6sterg\u00f6tland","og_url":"https:\/\/www.abf.se\/ostergotland\/nyheter\/att-brodera-ska-vara-skoj\/","og_site_name":"\u00d6sterg\u00f6tland","article_modified_time":"2024-04-23T13:08:13+00:00","og_image":[{"width":2560,"height":1440,"url":"https:\/\/www.abf.se\/wp-content\/uploads\/sites\/64\/2024\/04\/Nyckeln-liggande-scaled.jpg","type":"image\/jpeg"}],"twitter_card":"summary_large_image","schema":{"@context":"https:\/\/schema.org","@graph":[{"@type":"WebPage","@id":"https:\/\/www.abf.se\/ostergotland\/nyheter\/att-brodera-ska-vara-skoj\/","url":"https:\/\/www.abf.se\/ostergotland\/nyheter\/att-brodera-ska-vara-skoj\/","name":"\u201dAtt brodera ska vara skoj\u201d - \u00d6sterg\u00f6tland","isPartOf":{"@id":"https:\/\/www.abf.se\/ostergotland\/#website"},"datePublished":"2021-08-12T13:05:00+00:00","dateModified":"2024-04-23T13:08:13+00:00","breadcrumb":{"@id":"https:\/\/www.abf.se\/ostergotland\/nyheter\/att-brodera-ska-vara-skoj\/#breadcrumb"},"inLanguage":"sv-SE","potentialAction":[{"@type":"ReadAction","target":["https:\/\/www.abf.se\/ostergotland\/nyheter\/att-brodera-ska-vara-skoj\/"]}]},{"@type":"BreadcrumbList","@id":"https:\/\/www.abf.se\/ostergotland\/nyheter\/att-brodera-ska-vara-skoj\/#breadcrumb","itemListElement":[{"@type":"ListItem","position":1,"name":"Home","item":"https:\/\/www.abf.se\/ostergotland\/"},{"@type":"ListItem","position":2,"name":"Nyheter","item":"https:\/\/www.abf.se\/ostergotland\/nyheter\/"},{"@type":"ListItem","position":3,"name":"\u201dAtt brodera ska vara skoj\u201d"}]},{"@type":"WebSite","@id":"https:\/\/www.abf.se\/ostergotland\/#website","url":"https:\/\/www.abf.se\/ostergotland\/","name":"\u00d6sterg\u00f6tland","description":"","potentialAction":[{"@type":"SearchAction","target":{"@type":"EntryPoint","urlTemplate":"https:\/\/www.abf.se\/ostergotland\/?s={search_term_string}"},"query-input":{"@type":"PropertyValueSpecification","valueRequired":true,"valueName":"search_term_string"}}],"inLanguage":"sv-SE"}]}},"_links":{"self":[{"href":"https:\/\/www.abf.se\/ostergotland\/wp-json\/wp\/v2\/news-article\/874","targetHints":{"allow":["GET"]}}],"collection":[{"href":"https:\/\/www.abf.se\/ostergotland\/wp-json\/wp\/v2\/news-article"}],"about":[{"href":"https:\/\/www.abf.se\/ostergotland\/wp-json\/wp\/v2\/types\/news-article"}],"wp:attachment":[{"href":"https:\/\/www.abf.se\/ostergotland\/wp-json\/wp\/v2\/media?parent=874"}],"wp:term":[{"taxonomy":"category","embeddable":true,"href":"https:\/\/www.abf.se\/ostergotland\/wp-json\/wp\/v2\/categories?post=874"}],"curies":[{"name":"wp","href":"https:\/\/api.w.org\/{rel}","templated":true}]}}