{"id":877,"date":"2021-08-12T15:08:00","date_gmt":"2021-08-12T13:08:00","guid":{"rendered":"https:\/\/www.abf.se\/ostergotland\/?post_type=news-article&#038;p=877"},"modified":"2024-04-23T15:12:29","modified_gmt":"2024-04-23T13:12:29","slug":"konstcirkeln-sluts-for-stina","status":"publish","type":"news-article","link":"https:\/\/www.abf.se\/ostergotland\/nyheter\/konstcirkeln-sluts-for-stina\/","title":{"rendered":"Konstcirkeln sluts f\u00f6r Stina"},"content":{"rendered":"<div\n    class=\"acf-article-text-block article-container my-12\"\n    data-block=\"article-text-block\"\n>\n    <div class=\"wysiwyg\">\n        <p>Konstn\u00e4ren Stina Hallgren tyckte att det var v\u00e4ldigt roligt att v\u00e4xa upp i Norrk\u00f6ping. Enda nackdelen var egentligen att det inte fanns n\u00e5gra konstutbildningar. S\u00e5 1972 l\u00e4mnade hon stan f\u00f6r en estetisk folkh\u00f6gskola i V\u00e4rmland.<\/p>\n<p>Direkt efter kom hon in p\u00e5 Konstfack \u2013 keramik och glas \u2013 och sedan gick hon ett p\u00e5byggnads\u00e5r inriktat p\u00e5 skulptur.<br \/>\n\u2013 Men jag m\u00e5lade mycket ocks\u00e5, s\u00e4ger hon.<\/p>\n<p>N\u00e4r hon kom tillbaka till Norrk\u00f6ping i b\u00f6rjan av 1980-talet arbetade hon som cirkelledare p\u00e5 ABF under m\u00e5nga \u00e5r, och sedan 1992 undervisar hon i keramik och skulptur p\u00e5 Lunnevads folkh\u00f6gskola. N\u00e4r hon g\u00e5r i pension nu i november sluts cirkeln och hon blir \u00e5terigen cirkelledare p\u00e5 ABF.<\/p>\n<p>Till att b\u00f6rja med blir det en prova p\u00e5-konstcirkel p\u00e5 Bergslagsg\u00e5rden, d\u00e4r Stina kommer att g\u00e5 igenom teknikerna i m\u00e5leri, teckning och keramik.<br \/>\n\u2013 Jag hoppas att vi ska kunna g\u00e5 ut n\u00e5gon kv\u00e4ll och m\u00e5la str\u00f6mmen och kanske Strykj\u00e4rnet, bara v\u00e4dret till\u00e5ter, s\u00e4ger hon.<\/p>\n<p>Vid sidan av undervisningen \u00e4gnar sig Stina \u00e5t sitt eget skapande. Hon har haft en rad utst\u00e4llningar och f\u00e5tt b\u00e5de Svensk Forms stipendium och Norrk\u00f6pings kommuns kulturstipendium. Sin atelj\u00e9 har hon sedan m\u00e5nga \u00e5r p\u00e5 Galleri Kronan i Norrk\u00f6ping och d\u00e4r t\u00e4nker hon ocks\u00e5 att konstcirkeln ska h\u00e5lla till under keramiktr\u00e4ffarna.<br \/>\n\u2013 Vi kommer prova p\u00e5 att dreja, tumma och m\u00e5la med lerf\u00e4rg.<\/p>\n<p><strong>Nina Broman<\/strong><\/p>\n\n    <\/div>\n<\/div>\n","protected":false},"featured_media":0,"parent":0,"menu_order":0,"template":"","categories":[],"class_list":["post-877","news-article","type-news-article","status-publish","hentry"],"acf":[],"yoast_head":"<!-- This site is optimized with the Yoast SEO plugin v27.0 - https:\/\/yoast.com\/product\/yoast-seo-wordpress\/ -->\n<title>Konstcirkeln sluts f\u00f6r Stina - \u00d6sterg\u00f6tland<\/title>\n<meta name=\"robots\" content=\"index, follow, max-snippet:-1, max-image-preview:large, max-video-preview:-1\" \/>\n<link rel=\"canonical\" href=\"https:\/\/www.abf.se\/ostergotland\/nyheter\/konstcirkeln-sluts-for-stina\/\" \/>\n<meta property=\"og:locale\" content=\"sv_SE\" \/>\n<meta property=\"og:type\" content=\"article\" \/>\n<meta property=\"og:title\" content=\"Konstcirkeln sluts f\u00f6r Stina - \u00d6sterg\u00f6tland\" \/>\n<meta property=\"og:url\" content=\"https:\/\/www.abf.se\/ostergotland\/nyheter\/konstcirkeln-sluts-for-stina\/\" \/>\n<meta property=\"og:site_name\" content=\"\u00d6sterg\u00f6tland\" \/>\n<meta property=\"article:modified_time\" content=\"2024-04-23T13:12:29+00:00\" \/>\n<meta property=\"og:image\" content=\"https:\/\/www.abf.se\/wp-content\/uploads\/sites\/64\/2024\/04\/Nyckeln-liggande-scaled.jpg\" \/>\n\t<meta property=\"og:image:width\" content=\"2560\" \/>\n\t<meta property=\"og:image:height\" content=\"1440\" \/>\n\t<meta property=\"og:image:type\" content=\"image\/jpeg\" \/>\n<meta name=\"twitter:card\" content=\"summary_large_image\" \/>\n<script type=\"application\/ld+json\" class=\"yoast-schema-graph\">{\"@context\":\"https:\/\/schema.org\",\"@graph\":[{\"@type\":\"WebPage\",\"@id\":\"https:\/\/www.abf.se\/ostergotland\/nyheter\/konstcirkeln-sluts-for-stina\/\",\"url\":\"https:\/\/www.abf.se\/ostergotland\/nyheter\/konstcirkeln-sluts-for-stina\/\",\"name\":\"Konstcirkeln sluts f\u00f6r Stina - \u00d6sterg\u00f6tland\",\"isPartOf\":{\"@id\":\"https:\/\/www.abf.se\/ostergotland\/#website\"},\"datePublished\":\"2021-08-12T13:08:00+00:00\",\"dateModified\":\"2024-04-23T13:12:29+00:00\",\"breadcrumb\":{\"@id\":\"https:\/\/www.abf.se\/ostergotland\/nyheter\/konstcirkeln-sluts-for-stina\/#breadcrumb\"},\"inLanguage\":\"sv-SE\",\"potentialAction\":[{\"@type\":\"ReadAction\",\"target\":[\"https:\/\/www.abf.se\/ostergotland\/nyheter\/konstcirkeln-sluts-for-stina\/\"]}]},{\"@type\":\"BreadcrumbList\",\"@id\":\"https:\/\/www.abf.se\/ostergotland\/nyheter\/konstcirkeln-sluts-for-stina\/#breadcrumb\",\"itemListElement\":[{\"@type\":\"ListItem\",\"position\":1,\"name\":\"Home\",\"item\":\"https:\/\/www.abf.se\/ostergotland\/\"},{\"@type\":\"ListItem\",\"position\":2,\"name\":\"Nyheter\",\"item\":\"https:\/\/www.abf.se\/ostergotland\/nyheter\/\"},{\"@type\":\"ListItem\",\"position\":3,\"name\":\"Konstcirkeln sluts f\u00f6r Stina\"}]},{\"@type\":\"WebSite\",\"@id\":\"https:\/\/www.abf.se\/ostergotland\/#website\",\"url\":\"https:\/\/www.abf.se\/ostergotland\/\",\"name\":\"\u00d6sterg\u00f6tland\",\"description\":\"\",\"potentialAction\":[{\"@type\":\"SearchAction\",\"target\":{\"@type\":\"EntryPoint\",\"urlTemplate\":\"https:\/\/www.abf.se\/ostergotland\/?s={search_term_string}\"},\"query-input\":{\"@type\":\"PropertyValueSpecification\",\"valueRequired\":true,\"valueName\":\"search_term_string\"}}],\"inLanguage\":\"sv-SE\"}]}<\/script>\n<!-- \/ Yoast SEO plugin. -->","yoast_head_json":{"title":"Konstcirkeln sluts f\u00f6r Stina - \u00d6sterg\u00f6tland","robots":{"index":"index","follow":"follow","max-snippet":"max-snippet:-1","max-image-preview":"max-image-preview:large","max-video-preview":"max-video-preview:-1"},"canonical":"https:\/\/www.abf.se\/ostergotland\/nyheter\/konstcirkeln-sluts-for-stina\/","og_locale":"sv_SE","og_type":"article","og_title":"Konstcirkeln sluts f\u00f6r Stina - \u00d6sterg\u00f6tland","og_url":"https:\/\/www.abf.se\/ostergotland\/nyheter\/konstcirkeln-sluts-for-stina\/","og_site_name":"\u00d6sterg\u00f6tland","article_modified_time":"2024-04-23T13:12:29+00:00","og_image":[{"width":2560,"height":1440,"url":"https:\/\/www.abf.se\/wp-content\/uploads\/sites\/64\/2024\/04\/Nyckeln-liggande-scaled.jpg","type":"image\/jpeg"}],"twitter_card":"summary_large_image","schema":{"@context":"https:\/\/schema.org","@graph":[{"@type":"WebPage","@id":"https:\/\/www.abf.se\/ostergotland\/nyheter\/konstcirkeln-sluts-for-stina\/","url":"https:\/\/www.abf.se\/ostergotland\/nyheter\/konstcirkeln-sluts-for-stina\/","name":"Konstcirkeln sluts f\u00f6r Stina - \u00d6sterg\u00f6tland","isPartOf":{"@id":"https:\/\/www.abf.se\/ostergotland\/#website"},"datePublished":"2021-08-12T13:08:00+00:00","dateModified":"2024-04-23T13:12:29+00:00","breadcrumb":{"@id":"https:\/\/www.abf.se\/ostergotland\/nyheter\/konstcirkeln-sluts-for-stina\/#breadcrumb"},"inLanguage":"sv-SE","potentialAction":[{"@type":"ReadAction","target":["https:\/\/www.abf.se\/ostergotland\/nyheter\/konstcirkeln-sluts-for-stina\/"]}]},{"@type":"BreadcrumbList","@id":"https:\/\/www.abf.se\/ostergotland\/nyheter\/konstcirkeln-sluts-for-stina\/#breadcrumb","itemListElement":[{"@type":"ListItem","position":1,"name":"Home","item":"https:\/\/www.abf.se\/ostergotland\/"},{"@type":"ListItem","position":2,"name":"Nyheter","item":"https:\/\/www.abf.se\/ostergotland\/nyheter\/"},{"@type":"ListItem","position":3,"name":"Konstcirkeln sluts f\u00f6r Stina"}]},{"@type":"WebSite","@id":"https:\/\/www.abf.se\/ostergotland\/#website","url":"https:\/\/www.abf.se\/ostergotland\/","name":"\u00d6sterg\u00f6tland","description":"","potentialAction":[{"@type":"SearchAction","target":{"@type":"EntryPoint","urlTemplate":"https:\/\/www.abf.se\/ostergotland\/?s={search_term_string}"},"query-input":{"@type":"PropertyValueSpecification","valueRequired":true,"valueName":"search_term_string"}}],"inLanguage":"sv-SE"}]}},"_links":{"self":[{"href":"https:\/\/www.abf.se\/ostergotland\/wp-json\/wp\/v2\/news-article\/877","targetHints":{"allow":["GET"]}}],"collection":[{"href":"https:\/\/www.abf.se\/ostergotland\/wp-json\/wp\/v2\/news-article"}],"about":[{"href":"https:\/\/www.abf.se\/ostergotland\/wp-json\/wp\/v2\/types\/news-article"}],"wp:attachment":[{"href":"https:\/\/www.abf.se\/ostergotland\/wp-json\/wp\/v2\/media?parent=877"}],"wp:term":[{"taxonomy":"category","embeddable":true,"href":"https:\/\/www.abf.se\/ostergotland\/wp-json\/wp\/v2\/categories?post=877"}],"curies":[{"name":"wp","href":"https:\/\/api.w.org\/{rel}","templated":true}]}}